{"id":536602,"date":"2025-09-30T09:28:13","date_gmt":"2025-09-30T13:28:13","guid":{"rendered":"https:\/\/diarioelpopular.com\/?p=536602"},"modified":"2025-09-30T09:28:13","modified_gmt":"2025-09-30T13:28:13","slug":"los-crimenes-de-matias-jurado-el-asesino-serial-argentino-que-mataba-los-viernes","status":"publish","type":"post","link":"https:\/\/diarioelpopular.com\/index.php\/2025\/09\/30\/los-crimenes-de-matias-jurado-el-asesino-serial-argentino-que-mataba-los-viernes\/","title":{"rendered":"Los cr\u00edmenes de Mat\u00edas Jurado, el asesino serial argentino que mataba los viernes"},"content":{"rendered":"<div id=\"attachment_536603\" style=\"width: 646px\" class=\"wp-caption alignnone\"><img loading=\"lazy\" decoding=\"async\" aria-describedby=\"caption-attachment-536603\" class=\"wp-image-536603 size-custom-full-size\" src=\"https:\/\/diarioelpopular.com\/wp-content\/uploads\/2025\/09\/Screen-Shot-2025-09-30-at-9.27.37-AM-636x364.png\" alt=\"\" width=\"636\" height=\"364\" srcset=\"https:\/\/diarioelpopular.com\/wp-content\/uploads\/2025\/09\/Screen-Shot-2025-09-30-at-9.27.37-AM-636x364.png 636w, https:\/\/diarioelpopular.com\/wp-content\/uploads\/2025\/09\/Screen-Shot-2025-09-30-at-9.27.37-AM-300x172.png 300w, https:\/\/diarioelpopular.com\/wp-content\/uploads\/2025\/09\/Screen-Shot-2025-09-30-at-9.27.37-AM-768x440.png 768w, https:\/\/diarioelpopular.com\/wp-content\/uploads\/2025\/09\/Screen-Shot-2025-09-30-at-9.27.37-AM-127x73.png 127w, https:\/\/diarioelpopular.com\/wp-content\/uploads\/2025\/09\/Screen-Shot-2025-09-30-at-9.27.37-AM.png 1006w\" sizes=\"auto, (max-width: 636px) 100vw, 636px\" \/><p id=\"caption-attachment-536603\" class=\"wp-caption-text\">Mat\u00edas Jurado, en una foto sin datar.<\/p><\/div>\n<p>&nbsp;<\/p>\n<h4><em>&#8211; La Fiscal\u00eda lo acusa de haber asesinado al menos a cinco personas en su casa despu\u00e9s de haberlas llevado hasta all\u00ed con promesas falsas<\/em><\/h4>\n<p>&nbsp;<\/p>\n<p class=\"\">Jujuy es una de las provincias m\u00e1s tranquilas de Argentina. Situada en el extremo noreste del pa\u00eds, tiene una tasa de homicidios que es casi la mitad del promedio nacional.<\/p>\n<p class=\"\">Cuando el pasado 31 de julio, la Polic\u00eda ingres\u00f3 a la casa de Mat\u00edas Jurado en uno de los barrios m\u00e1s grandes de San Salvador de Jujuy, capital de la provincia, no imaginaba que se encontrar\u00eda ante el caso de un presunto asesino serial. Las fuerzas de seguridad llegaron hasta all\u00ed en busca de Jorge Omar Anachuri, un hombre de 68 a\u00f1os con discapacidad motora desaparecido una semana atr\u00e1s. Su familia hab\u00eda puesto una denuncia en la comisar\u00eda y lo buscaba tambi\u00e9n a trav\u00e9s de las redes sociales. Los polic\u00edas encontraron restos de sangre, huesos y piel. A punto de cumplirse dos meses de investigaci\u00f3n, Jurado est\u00e1 detenido, acusado de haber asesinado y descuartizado a al menos cinco personas y la Fiscal\u00eda no descarta que pueda haber m\u00e1s v\u00edctimas.<\/p>\n<p class=\"\">Jurado, de 37 a\u00f1os, ten\u00eda antecedentes penales por robo agravado y amenazas con armas durante robo. Sus vecinos del barrio Alto Comedero, uno de los m\u00e1s grandes de la capital juje\u00f1a, lo conoc\u00edan como\u00a0<i>El Gringo<\/i>\u00a0y aseguraron que le gustaba pasearse con un machete en la mano y abusaba del alcohol. \u201cTodos lo definen como una persona muy violenta, pero nadie cre\u00eda que podr\u00eda llegar a esto\u201d,\u00a0<a title=\"https:\/\/www.instagram.com\/p\/DPCdbcckhn1\/\" href=\"https:\/\/www.instagram.com\/p\/DPCdbcckhn1\/\" target=\"_self\" rel=\"\" data-link-track-dtm=\"\" data-mrf-link=\"https:\/\/www.instagram.com\/p\/DPCdbcckhn1\/\">dijo el fiscal Guillermo Beller en su \u00faltima rueda de prensa sobre el caso<\/a>.<\/p>\n<div id=\"elpais_gpt-INTEXT\" data-google-query-id=\"CPXcqLDKgJADFZCXAAAdbUIHFw\">\n<div id=\"google_ads_iframe_7811748\/elpais_argentina_web_5__container__\" class=\"primisslate\">\n<div id=\"primis_container_div_68dbd9aa56aa5\">\n<p class=\"\">Beller anunci\u00f3 que las muestras gen\u00e9ticas recogidas en la casa de Jurado permitieron confirmar la identidad de una quinta v\u00edctima, Juan Carlos Gonz\u00e1lez, de 60 a\u00f1os, que estaba desaparecido desde el 11 de junio, tres d\u00edas despu\u00e9s de su cumplea\u00f1os. \u201cHay todav\u00eda dos perfiles inconclusos de otras dos personas que pudieron tambi\u00e9n ser v\u00edctimas\u201d, a\u00f1adi\u00f3 el fiscal en su comparecencia.<\/p>\n<p class=\"\">Seg\u00fan la reconstrucci\u00f3n de los investigadores, el presunto asesino serial sal\u00eda de caza los viernes. Se dirig\u00eda hacia la antigua estaci\u00f3n terminal y sus alrededores y eleg\u00eda a alguien que estuviese en una situaci\u00f3n de vulnerabilidad. Les ofrec\u00eda alcohol, algo de dinero y la promesa de alg\u00fan trabajo temporal para que se fuesen con \u00e9l. Nadie los volvi\u00f3 a ver con vida.<\/p>\n<p class=\"\">El sobrino de Jurado, de 16 a\u00f1os, viv\u00eda con \u00e9l y su testimonio ha sido clave para la imputaci\u00f3n. Cont\u00f3 a la Justicia que los viernes se iba de la casa porque sab\u00eda que tra\u00eda invitados y pasaban \u201ccosas malas\u201d. En su declaraci\u00f3n en c\u00e1mara Gessel, asegur\u00f3 que hab\u00eda advertido a su familia de lo que pasaba, pero nadie quiso creerle. Dijo que solo un primo accedi\u00f3 a acompa\u00f1arlo una vez, pero se alej\u00f3 corriendo cuando vio manchas de sangre.<\/p>\n<p class=\"\">Las im\u00e1genes de las c\u00e1maras de seguridad de la capital juje\u00f1a mostraron a Jurado en compa\u00f1\u00eda de dos de las v\u00edctimas: Anachuri y Sergio Sosa, de 25 a\u00f1os. La Fiscal\u00eda lo imput\u00f3 por ambos homicidios despu\u00e9s de que el an\u00e1lisis gen\u00e9tico de los restos encontrados en la casa de Jurado confirm\u00f3 que ambos estuvieron all\u00ed. Con el correr de las semanas, la Fiscal\u00eda pudo corroborar tambi\u00e9n gracias a pruebas de ADN que entre los restos encontrados en la casa estaban los de otras tres personas desaparecidas: Miguel \u00c1ngel Quispe, de 60 a\u00f1os; Juan Ponce, de 51; y el ya citado Gonz\u00e1lez, el \u00faltimo en confirmarse, hace solo tres d\u00edas.<\/p>\n<p class=\"\">Los investigadores creen que est\u00e1n ante un asesino met\u00f3dico, del que sospechan que mataba por placer. Han encontrado restos \u00f3seos, de sangre y de piel, pero no los cuerpos. Destacan que Jurado ocultaba numerosos cuchillos y machetes debajo del colch\u00f3n, pero todos ellos hab\u00edan sido limpiados a conciencia.<\/p>\n<p class=\"\">Jurado est\u00e1 en prisi\u00f3n preventiva. Las primeras pericias determinaron que es imputable y \u201centiende perfectamente la criminalidad de los hechos\u201d.<\/p>\n<\/div>\n<\/div>\n<\/div>\n","protected":false},"excerpt":{"rendered":"<p>&nbsp; &#8211; La Fiscal\u00eda lo acusa de haber asesinado al menos a cinco personas en su casa despu\u00e9s de haberlas llevado hasta all\u00ed con promesas&hellip;<\/p>\n","protected":false},"author":99,"featured_media":536603,"comment_status":"open","ping_status":"open","sticky":false,"template":"","format":"standard","meta":{"footnotes":""},"categories":[23],"tags":[],"class_list":["post-536602","post","type-post","status-publish","format-standard","has-post-thumbnail","hentry","category-latinoamerica"],"_links":{"self":[{"href":"https:\/\/diarioelpopular.com\/index.php\/wp-json\/wp\/v2\/posts\/536602","targetHints":{"allow":["GET"]}}],"collection":[{"href":"https:\/\/diarioelpopular.com\/index.php\/wp-json\/wp\/v2\/posts"}],"about":[{"href":"https:\/\/diarioelpopular.com\/index.php\/wp-json\/wp\/v2\/types\/post"}],"author":[{"embeddable":true,"href":"https:\/\/diarioelpopular.com\/index.php\/wp-json\/wp\/v2\/users\/99"}],"replies":[{"embeddable":true,"href":"https:\/\/diarioelpopular.com\/index.php\/wp-json\/wp\/v2\/comments?post=536602"}],"version-history":[{"count":1,"href":"https:\/\/diarioelpopular.com\/index.php\/wp-json\/wp\/v2\/posts\/536602\/revisions"}],"predecessor-version":[{"id":536604,"href":"https:\/\/diarioelpopular.com\/index.php\/wp-json\/wp\/v2\/posts\/536602\/revisions\/536604"}],"wp:featuredmedia":[{"embeddable":true,"href":"https:\/\/diarioelpopular.com\/index.php\/wp-json\/wp\/v2\/media\/536603"}],"wp:attachment":[{"href":"https:\/\/diarioelpopular.com\/index.php\/wp-json\/wp\/v2\/media?parent=536602"}],"wp:term":[{"taxonomy":"category","embeddable":true,"href":"https:\/\/diarioelpopular.com\/index.php\/wp-json\/wp\/v2\/categories?post=536602"},{"taxonomy":"post_tag","embeddable":true,"href":"https:\/\/diarioelpopular.com\/index.php\/wp-json\/wp\/v2\/tags?post=536602"}],"curies":[{"name":"wp","href":"https:\/\/api.w.org\/{rel}","templated":true}]}}