{"id":536605,"date":"2025-09-30T09:36:49","date_gmt":"2025-09-30T13:36:49","guid":{"rendered":"https:\/\/diarioelpopular.com\/?p=536605"},"modified":"2025-09-30T09:36:49","modified_gmt":"2025-09-30T13:36:49","slug":"heridos-y-vigilados-en-la-cama-del-hospital-el-doble-castigo-de-los-migrantes-baleados-en-la-oficina-del-ice-en-dallas","status":"publish","type":"post","link":"https:\/\/diarioelpopular.com\/index.php\/2025\/09\/30\/heridos-y-vigilados-en-la-cama-del-hospital-el-doble-castigo-de-los-migrantes-baleados-en-la-oficina-del-ice-en-dallas\/","title":{"rendered":"Heridos y vigilados en la cama del hospital, el doble castigo de los migrantes baleados en la oficina del ICE en Dallas"},"content":{"rendered":"<div id=\"attachment_536607\" style=\"width: 1210px\" class=\"wp-caption alignnone\"><img loading=\"lazy\" decoding=\"async\" aria-describedby=\"caption-attachment-536607\" class=\"wp-image-536607 size-custom-big-size\" src=\"https:\/\/diarioelpopular.com\/wp-content\/uploads\/2025\/09\/Screen-Shot-2025-09-30-at-9.35.51-AM-1200x797.png\" alt=\"\" width=\"1200\" height=\"797\" srcset=\"https:\/\/diarioelpopular.com\/wp-content\/uploads\/2025\/09\/Screen-Shot-2025-09-30-at-9.35.51-AM-1200x797.png 1200w, https:\/\/diarioelpopular.com\/wp-content\/uploads\/2025\/09\/Screen-Shot-2025-09-30-at-9.35.51-AM-300x199.png 300w, https:\/\/diarioelpopular.com\/wp-content\/uploads\/2025\/09\/Screen-Shot-2025-09-30-at-9.35.51-AM-768x510.png 768w, https:\/\/diarioelpopular.com\/wp-content\/uploads\/2025\/09\/Screen-Shot-2025-09-30-at-9.35.51-AM-85x55.png 85w, https:\/\/diarioelpopular.com\/wp-content\/uploads\/2025\/09\/Screen-Shot-2025-09-30-at-9.35.51-AM-1536x1021.png 1536w, https:\/\/diarioelpopular.com\/wp-content\/uploads\/2025\/09\/Screen-Shot-2025-09-30-at-9.35.51-AM-636x423.png 636w, https:\/\/diarioelpopular.com\/wp-content\/uploads\/2025\/09\/Screen-Shot-2025-09-30-at-9.35.51-AM-110x73.png 110w, https:\/\/diarioelpopular.com\/wp-content\/uploads\/2025\/09\/Screen-Shot-2025-09-30-at-9.35.51-AM.png 1024w\" sizes=\"auto, (max-width: 1200px) 100vw, 1200px\" \/><p id=\"caption-attachment-536607\" class=\"wp-caption-text\">Vigilia para las v\u00edctimas del tiroteo, frente al Hospital Parkland de Dallas, el 25 de septiembre.\u00a0 Foto Shelby Tauber (REUTERS)<\/p><\/div>\n<p>&nbsp;<\/p>\n<p>&nbsp;<\/p>\n<h4><em>&#8211; Las familias de los dos hospitalizados y el fallecido se enfrentan al silencio del Gobierno de Trump, que est\u00e1 utilizando el ataque para justificar su despliegue militar interno<\/em><\/h4>\n<p>&nbsp;<\/p>\n<p class=\"\">Antes de las siete de la ma\u00f1ana del pasado mi\u00e9rcoles, Joshua Jahn, un estadounidense de 29 a\u00f1os,\u00a0<a title=\"https:\/\/elpais.com\/us\/migracion\/2025-09-24\/un-inmigrante-muerto-y-dos-heridos-en-un-tiroteo-en-una-oficina-del-ice-en-dallas.html\" href=\"https:\/\/elpais.com\/us\/migracion\/2025-09-24\/un-inmigrante-muerto-y-dos-heridos-en-un-tiroteo-en-una-oficina-del-ice-en-dallas.html\" target=\"_self\" rel=\"\" data-link-track-dtm=\"\" data-mrf-link=\"https:\/\/elpais.com\/us\/migracion\/2025-09-24\/un-inmigrante-muerto-y-dos-heridos-en-un-tiroteo-en-una-oficina-del-ice-en-dallas.html\">dispar\u00f3 contra las oficinas del Servicio de Inmigraci\u00f3n y Control de Aduanas<\/a>\u00a0(ICE, por sus siglas en ingl\u00e9s) en Dallas, Texas. Poco despu\u00e9s, Norlan Guzm\u00e1n Fuentes, salvadore\u00f1o de 37 a\u00f1os detenido en las instalaciones, muri\u00f3. Miguel \u00c1ngel Garc\u00eda Hern\u00e1ndez, mexicano de 31 a\u00f1os, fue llevado al Hospital Parkland con m\u00faltiples balazos que le destrozaron el cuerpo y lo dejaron en condici\u00f3n cr\u00edtica. Jos\u00e9 Andr\u00e9s Bordones Molina, venezolano, tambi\u00e9n result\u00f3 herido y est\u00e1 en el hospital. Por<a title=\"https:\/\/elpais.com\/us\/migracion\/2025-09-25\/ojala-esto-les-cause-verdadero-terror-la-amenaza-escrita-contra-agentes-del-ice-que-dejo-el-tirador-de-dallas.html\" href=\"https:\/\/elpais.com\/us\/migracion\/2025-09-25\/ojala-esto-les-cause-verdadero-terror-la-amenaza-escrita-contra-agentes-del-ice-que-dejo-el-tirador-de-dallas.html\" target=\"_self\" rel=\"\" data-link-track-dtm=\"\" data-mrf-link=\"https:\/\/elpais.com\/us\/migracion\/2025-09-25\/ojala-esto-les-cause-verdadero-terror-la-amenaza-escrita-contra-agentes-del-ice-que-dejo-el-tirador-de-dallas.html\">\u00a0una nota de Jahn<\/a>, las autoridades supieron que el pistolero pretend\u00eda \u201ccausar verdadero terror\u201d a los agentes de inmigraci\u00f3n, aunque ninguno de ellos result\u00f3 baleado aquella ma\u00f1ana.<\/p>\n<p class=\"\">Casi una semana despu\u00e9s, la informaci\u00f3n que el Gobierno de Donald Trump ha proporcionado acerca del migrante fallecido o los dos heridos ha sido m\u00ednima y ha llegado a cuentagotas. La Administraci\u00f3n del republicano se ha enfocado, en cambio, en\u00a0<a title=\"https:\/\/elpais.com\/us\/migracion\/2025-09-25\/la-victimizacion-de-los-agentes-del-ice-la-nueva-bandera-de-trump-para-promover-el-terror-migratorio.html\" href=\"https:\/\/elpais.com\/us\/migracion\/2025-09-25\/la-victimizacion-de-los-agentes-del-ice-la-nueva-bandera-de-trump-para-promover-el-terror-migratorio.html\" target=\"_self\" rel=\"\" data-link-track-dtm=\"\" data-mrf-link=\"https:\/\/elpais.com\/us\/migracion\/2025-09-25\/la-victimizacion-de-los-agentes-del-ice-la-nueva-bandera-de-trump-para-promover-el-terror-migratorio.html\">victimizar a los agentes de inmigraci\u00f3n<\/a> y en enmarcar el suceso en una campa\u00f1a de ataques contra la agencia a cargo de llevar a cabo \u201cla deportaci\u00f3n m\u00e1s grande de la historia\u201d prometida por el presidente. Poco o nada se ha hablado de los migrantes impactados y sus familiares, quienes en los \u00faltimos d\u00edas han relatado el dolor y la incertidumbre que viven tras el ataque.<\/p>\n<p class=\"\">El s\u00e1bado, Trump inform\u00f3 de su orden de enviar tropas y usar \u201cla fuerza total\u201d para proteger la ciudad de Portland (Oreg\u00f3n) y, en particular, las instalaciones del ICE, supuestamente asediadas por \u201c<a title=\"https:\/\/elpais.com\/internacional\/2025-09-18\/trump-dice-que-designara-a-antifa-como-organizacion-terrorista-sin-dar-mas-detalles.html\" href=\"https:\/\/elpais.com\/internacional\/2025-09-18\/trump-dice-que-designara-a-antifa-como-organizacion-terrorista-sin-dar-mas-detalles.html\" target=\"_self\" rel=\"\" data-link-track-dtm=\"\" data-mrf-link=\"https:\/\/elpais.com\/internacional\/2025-09-18\/trump-dice-que-designara-a-antifa-como-organizacion-terrorista-sin-dar-mas-detalles.html\">Antifa<\/a>\u00a0y otros terroristas dom\u00e9sticos\u201d. A falta de evidencia de ataques o disturbios en la ciudad del noroeste estadounidense, muy conocida por ser un basti\u00f3n progresista, el ataque letal de Dallas sirvi\u00f3 como la prueba de la necesidad de desplegar a los militares. Es\u00a0<a title=\"https:\/\/elpais.com\/internacional\/2025-09-02\/un-tribunal-federal-declara-ilegal-el-despliegue-de-la-guardia-nacional-en-los-angeles.html\" href=\"https:\/\/elpais.com\/internacional\/2025-09-02\/un-tribunal-federal-declara-ilegal-el-despliegue-de-la-guardia-nacional-en-los-angeles.html\" target=\"_self\" rel=\"\" data-link-track-dtm=\"\" data-mrf-link=\"https:\/\/elpais.com\/internacional\/2025-09-02\/un-tribunal-federal-declara-ilegal-el-despliegue-de-la-guardia-nacional-en-los-angeles.html\">la cuarta ciudad que recibir\u00e1 soldados nacionales<\/a>\u00a0en lo que va de este segundo mandato del republicano, despu\u00e9s de Los \u00c1ngeles, Washington y Memphis.<\/p>\n<p class=\"\">El Departamento de Seguridad Nacional todav\u00eda no ha confirmado p\u00fablicamente las identidades de los dos detenidos que resultaron heridos. Este lunes, s\u00ed\u00a0<a title=\"https:\/\/www.ice.gov\/news\/releases\/victim-active-shooter-attack-dallas-ice-field-office-identified\" href=\"https:\/\/www.ice.gov\/news\/releases\/victim-active-shooter-attack-dallas-ice-field-office-identified\" target=\"_blank\" rel=\"noopener\" data-link-track-dtm=\"\" data-mrf-link=\"https:\/\/www.ice.gov\/news\/releases\/victim-active-shooter-attack-dallas-ice-field-office-identified\">public\u00f3 un comunicado<\/a> confirmando la muerte del salvadore\u00f1o, por ahora el \u00fanico fallecido por el ataque: \u201cNorlan Guzm\u00e1n Fuentes, de 37 a\u00f1os, mientras se encontraba bajo la custodia del ICE, sufri\u00f3 una herida de bala mortal, sin sentido y tr\u00e1gica durante un ataque sin sentido de un francotirador contra la oficina local del ICE en Dallas\u201d. Guzm\u00e1n era un inmigrante ilegal procedente de El Salvador que fue detenido por el ICE a partir de una denuncia de las fuerzas del orden locales\u201d. Sobre el suplicio de los familiares de las v\u00edctimas, incluida una ciudadana estadounidense, el Gobierno no se ha pronunciado.<\/p>\n<p class=\"\">La demora de casi una semana para publicar los nombres y las condiciones de los detenidos que resultaron heridos en el ataque ha generado indignaci\u00f3n entre los familiares y el p\u00fablico en general. Las autoridades tampoco han respondido a las preguntas de la prensa. Durante el fin de semana se celebraron vigilias por Garc\u00eda Hern\u00e1ndez a ambos lados de la frontera, as\u00ed como en apoyo a las otras v\u00edctimas y sus familias.<\/p>\n<p class=\"\">Los familiares de Guzm\u00e1n, en El Salvador, han rellenado algunos vac\u00edos que han dejado las autoridades. De acuerdo con sus testimonios, antes de su detenci\u00f3n por las autoridades migratorias, este trabajaba como jardinero, hab\u00eda vivido en Florida y se mud\u00f3 a Dallas tras haberse visto involucrado en delitos menores, como pelear en un bar. Enfrentaba una <a title=\"https:\/\/elpais.com\/us\/migracion\/2025-09-25\/el-reportero-salvadoreno-mario-guevara-cumple-100-dias-detenido-y-se-enfrenta-a-una-deportacion-inminente.html\" href=\"https:\/\/elpais.com\/us\/migracion\/2025-09-25\/el-reportero-salvadoreno-mario-guevara-cumple-100-dias-detenido-y-se-enfrenta-a-una-deportacion-inminente.html\" target=\"_self\" rel=\"\" data-link-track-dtm=\"\" data-mrf-link=\"https:\/\/elpais.com\/us\/migracion\/2025-09-25\/el-reportero-salvadoreno-mario-guevara-cumple-100-dias-detenido-y-se-enfrenta-a-una-deportacion-inminente.html\">deportaci\u00f3n inminente<\/a>\u00a0y ya hab\u00eda decidido regresar de manera voluntaria a Jiquilisco, su pueblo natal. En declaraciones a Univision<i>,<\/i>\u00a0sus hermanas contaron que planeaban recibirlo con sopa de gallina, como \u00e9l quer\u00eda, pero ahora deben preparar su entierro.<\/p>\n<p class=\"\">De los dos heridos tambi\u00e9n se han comenzado a conocer detalles gracias a sus seres queridos. Garc\u00eda Hern\u00e1ndez, el ciudadano mexicano que ahora est\u00e1 en el hospital, lleg\u00f3 a Estados Unidos con 13 a\u00f1os. Ya adulto, se cas\u00f3 con Stephany Gauffeny, tuvo hijos y trabajaba como pintor. Tambi\u00e9n estaba en medio de tr\u00e1mites para conseguir la ciudadan\u00eda a trav\u00e9s de su esposa. Sin embargo, el 8 de agosto fue arrestado por conducir bajo efectos del alcohol y al d\u00eda siguiente pas\u00f3 a custodia de las autoridades migratorias. Estaba en el pa\u00eds ilegalmente y hab\u00eda sido condenado por dar informaci\u00f3n falsa, evadir un arresto, manejar ebrio y huir de la polic\u00eda.<\/p>\n<p class=\"\">Cuando Gauffeny vio a su esposo por \u00faltima vez, \u00e9l le sonre\u00eda desde la sala de una audiencia migratoria. La vez siguiente fue en el Hospital Parkland de Dallas, inconsciente. \u201cEst\u00e1 todo hinchado, con grapas en la cabeza, un mont\u00f3n de tubos bajando por su garganta\u201d, cont\u00f3 a CNN.<\/p>\n<p class=\"\">Garc\u00eda Hern\u00e1ndez recibi\u00f3 varios disparos. Las balas atravesaron su uretra, coxis y hombro. La m\u00e1s peligrosa le alcanz\u00f3 una arteria en el cuello que conecta con el cerebro. Su estado era tan grave que los m\u00e9dicos no estaban seguros de que sobreviviera la primera noche. Cuando por fin pudo verlo, Gauffeny encontr\u00f3 a su esposo con los brazos atados a la cama del hospital y los pies esposados. Protest\u00f3. Un funcionario del ICE dijo que pod\u00edan quitarle las esposas temporalmente, pero solo para ser reemplazadas con bridas pl\u00e1sticas.<\/p>\n<p class=\"\">Seg\u00fan Gauffeny, el\u00a0<a title=\"https:\/\/elpais.com\/us\/migracion\/2025-09-17\/un-informe-del-ice-revela-la-violacion-de-60-normas-tras-la-apertura-del-mayor-centro-de-detencion-del-pais-en-texas.html\" href=\"https:\/\/elpais.com\/us\/migracion\/2025-09-17\/un-informe-del-ice-revela-la-violacion-de-60-normas-tras-la-apertura-del-mayor-centro-de-detencion-del-pais-en-texas.html\" target=\"_self\" rel=\"\" data-link-track-dtm=\"\" data-mrf-link=\"https:\/\/elpais.com\/us\/migracion\/2025-09-17\/un-informe-del-ice-revela-la-violacion-de-60-normas-tras-la-apertura-del-mayor-centro-de-detencion-del-pais-en-texas.html\">ICE<\/a> le permite cuatro horas diarias de visita. Dos horas en la ma\u00f1ana, y dos en la tarde. Los agentes permanecen en la habitaci\u00f3n durante cada encuentro. \u201cEs una situaci\u00f3n que pienso que deber\u00eda, como su esposa, poder estar m\u00e1s tiempo con \u00e9l\u201d, declar\u00f3 ella, que est\u00e1 a d\u00edas de dar a luz y ya hab\u00eda elegido un nombre con su esposo para el beb\u00e9. \u201cSolo quiero que todos sepan que es un buen hombre, un buen pap\u00e1, buen esposo, buen amigo, buena persona, trabajador\u201d, agreg\u00f3 Gauffeny. \u201cNo solamente es una v\u00edctima, es una persona con una vida, con hijos, familia\u201d.<\/p>\n<p class=\"\">Gabriela Gauffeny, hermana de Stephany, ha organizado una campa\u00f1a en GoFundMe para cubrir gastos m\u00e9dicos y familiares. \u201cEs el \u00fanico sost\u00e9n de su familia, incluyendo a sus hijos y a su esposa, y a su beb\u00e9 que est\u00e1 por nacer\u201d, escribi\u00f3 sobre el herido.<\/p>\n<p class=\"\">Mientras tanto, en San Luis Potos\u00ed, M\u00e9xico, Mar\u00eda Hilaria Garc\u00eda, que fue deportada desde Estados Unidos dos meses antes del\u00a0<a title=\"https:\/\/elpais.com\/internacional\/2025-09-28\/un-tiroteo-en-una-iglesia-mormona-en-michigan-causa-varias-victimas.html\" href=\"https:\/\/elpais.com\/internacional\/2025-09-28\/un-tiroteo-en-una-iglesia-mormona-en-michigan-causa-varias-victimas.html\" target=\"_self\" rel=\"\" data-link-track-dtm=\"\" data-mrf-link=\"https:\/\/elpais.com\/internacional\/2025-09-28\/un-tiroteo-en-una-iglesia-mormona-en-michigan-causa-varias-victimas.html\">tiroteo<\/a>, cuenta la situaci\u00f3n de su hijo herido. \u201cUn balazo le entr\u00f3 aqu\u00ed por el cuello y le sali\u00f3 por la cabeza y toc\u00f3 partes del cerebro\u201d, ha explicado a medios mexicanos. \u201cFueron cuatro balazos: del cuello, del est\u00f3mago, otro en la pierna y otro en la espalda\u201d. Ahora, Hilaria est\u00e1 pidiendo una visa humanitaria para regresar a Texas y acompa\u00f1ar a su hijo.<\/p>\n<p class=\"\">Sobre la tercera v\u00edctima, Jos\u00e9 Andr\u00e9s Bordones Molina, no hay muchos detalles disponibles. Tiene antecedentes por robo de propiedad y una infracci\u00f3n de tr\u00e1nsito. Las autoridades confirmaron que el venezolano result\u00f3 herido en el ataque y permanece hospitalizado, pero su familia no ha hecho declaraciones p\u00fablicas.<\/p>\n","protected":false},"excerpt":{"rendered":"<p>&nbsp; &nbsp; &#8211; Las familias de los dos hospitalizados y el fallecido se enfrentan al silencio del Gobierno de Trump, que est\u00e1 utilizando el ataque&hellip;<\/p>\n","protected":false},"author":99,"featured_media":536607,"comment_status":"open","ping_status":"open","sticky":false,"template":"","format":"standard","meta":{"footnotes":""},"categories":[24],"tags":[],"class_list":["post-536605","post","type-post","status-publish","format-standard","has-post-thumbnail","hentry","category-mundo"],"_links":{"self":[{"href":"https:\/\/diarioelpopular.com\/index.php\/wp-json\/wp\/v2\/posts\/536605","targetHints":{"allow":["GET"]}}],"collection":[{"href":"https:\/\/diarioelpopular.com\/index.php\/wp-json\/wp\/v2\/posts"}],"about":[{"href":"https:\/\/diarioelpopular.com\/index.php\/wp-json\/wp\/v2\/types\/post"}],"author":[{"embeddable":true,"href":"https:\/\/diarioelpopular.com\/index.php\/wp-json\/wp\/v2\/users\/99"}],"replies":[{"embeddable":true,"href":"https:\/\/diarioelpopular.com\/index.php\/wp-json\/wp\/v2\/comments?post=536605"}],"version-history":[{"count":1,"href":"https:\/\/diarioelpopular.com\/index.php\/wp-json\/wp\/v2\/posts\/536605\/revisions"}],"predecessor-version":[{"id":536608,"href":"https:\/\/diarioelpopular.com\/index.php\/wp-json\/wp\/v2\/posts\/536605\/revisions\/536608"}],"wp:featuredmedia":[{"embeddable":true,"href":"https:\/\/diarioelpopular.com\/index.php\/wp-json\/wp\/v2\/media\/536607"}],"wp:attachment":[{"href":"https:\/\/diarioelpopular.com\/index.php\/wp-json\/wp\/v2\/media?parent=536605"}],"wp:term":[{"taxonomy":"category","embeddable":true,"href":"https:\/\/diarioelpopular.com\/index.php\/wp-json\/wp\/v2\/categories?post=536605"},{"taxonomy":"post_tag","embeddable":true,"href":"https:\/\/diarioelpopular.com\/index.php\/wp-json\/wp\/v2\/tags?post=536605"}],"curies":[{"name":"wp","href":"https:\/\/api.w.org\/{rel}","templated":true}]}}