{"id":536610,"date":"2025-09-30T09:43:41","date_gmt":"2025-09-30T13:43:41","guid":{"rendered":"https:\/\/diarioelpopular.com\/?p=536610"},"modified":"2025-09-30T09:43:41","modified_gmt":"2025-09-30T13:43:41","slug":"boluarte-traza-un-plan-para-sacar-a-peru-del-sistema-interamericano-de-derechos-humanos","status":"publish","type":"post","link":"https:\/\/diarioelpopular.com\/index.php\/2025\/09\/30\/boluarte-traza-un-plan-para-sacar-a-peru-del-sistema-interamericano-de-derechos-humanos\/","title":{"rendered":"Boluarte traza un plan para sacar a Per\u00fa del Sistema Interamericano de Derechos Humanos"},"content":{"rendered":"<div id=\"attachment_536611\" style=\"width: 1210px\" class=\"wp-caption alignnone\"><img loading=\"lazy\" decoding=\"async\" aria-describedby=\"caption-attachment-536611\" class=\"wp-image-536611 size-custom-big-size\" src=\"https:\/\/diarioelpopular.com\/wp-content\/uploads\/2025\/09\/Screen-Shot-2025-09-30-at-9.42.57-AM-1200x898.png\" alt=\"\" width=\"1200\" height=\"898\" srcset=\"https:\/\/diarioelpopular.com\/wp-content\/uploads\/2025\/09\/Screen-Shot-2025-09-30-at-9.42.57-AM-1200x898.png 1200w, https:\/\/diarioelpopular.com\/wp-content\/uploads\/2025\/09\/Screen-Shot-2025-09-30-at-9.42.57-AM-300x225.png 300w, https:\/\/diarioelpopular.com\/wp-content\/uploads\/2025\/09\/Screen-Shot-2025-09-30-at-9.42.57-AM-768x575.png 768w, https:\/\/diarioelpopular.com\/wp-content\/uploads\/2025\/09\/Screen-Shot-2025-09-30-at-9.42.57-AM-636x476.png 636w, https:\/\/diarioelpopular.com\/wp-content\/uploads\/2025\/09\/Screen-Shot-2025-09-30-at-9.42.57-AM-98x73.png 98w, https:\/\/diarioelpopular.com\/wp-content\/uploads\/2025\/09\/Screen-Shot-2025-09-30-at-9.42.57-AM.png 1024w\" sizes=\"auto, (max-width: 1200px) 100vw, 1200px\" \/><p id=\"caption-attachment-536611\" class=\"wp-caption-text\">Dina Boluarte en Lima (Per\u00fa), el 3 de septiembre. Foto Presidencia de Per\u00fa (EFE)<\/p><\/div>\n<p>&nbsp;<\/p>\n<p>&nbsp;<\/p>\n<h4><em>&#8211; La mandataria evitar\u00eda de este modo las investigaciones a las muertes ocurridas durante las protestas en su contra en 2022<\/em><\/h4>\n<p>&nbsp;<\/p>\n<p class=\"\">Desde que Per\u00fa recuper\u00f3 la vida en democracia en el 2001, ning\u00fan Gobierno hab\u00eda tensado tanto las cuerdas con el Sistema Interamericano de Derechos Humanos como el de Dina Boluarte. Su mandato, que inici\u00f3 con medio centenar de ciudadanos muertos durante las protestas que estallaron tras\u00a0<a title=\"https:\/\/elpais.com\/internacional\/2022-12-08\/los-180-minutos-que-hicieron-temblar-peru.html\" href=\"https:\/\/elpais.com\/internacional\/2022-12-08\/los-180-minutos-que-hicieron-temblar-peru.html\" target=\"_self\" rel=\"\" data-link-track-dtm=\"\" data-mrf-link=\"https:\/\/elpais.com\/internacional\/2022-12-08\/los-180-minutos-que-hicieron-temblar-peru.html\">el intento de autogolpe de Estado de Pedro Castillo<\/a>, est\u00e1 marcado por declaraciones y actitudes desafiantes.<\/p>\n<p class=\"\">Boluarte alega que la intromisi\u00f3n de la corte amenaza la soberan\u00eda del pa\u00eds. A dos meses de cumplir tres a\u00f1os en el poder, la mandataria con menor respaldo popular de la que hay registro \u2014atascada en un 3% de aprobaci\u00f3n\u2014 ha anunciado la medida radical de su periodo: la gestaci\u00f3n de una ley que acelerar\u00e1 el retiro de Per\u00fa del Pacto de San Jos\u00e9.<\/p>\n<p class=\"\">El aviso lo dio desde Palacio, acompa\u00f1ada de sus ministros, apenas una semana despu\u00e9s de que el Tribunal Constitucional ordenara la suspensi\u00f3n de todas las investigaciones en su contra hasta que concluya su mandato en julio de 2026. \u201cNo vamos a permitir que organismos internacionales o intereses ajenos a nuestra voluntad nacional interfieran en nuestras decisiones [&#8230;] Es hora de que el Per\u00fa afirme, sin ambig\u00fcedades ni concesiones, su derecho a decidir su propio destino\u201d, dijo la mandataria sobre la que pesan nueve denuncias constitucionales.<\/p>\n<div id=\"elpais_gpt-INTEXT\" data-google-query-id=\"CJurz_DNgJADFS-NpgQdY1Enpg\">\n<div id=\"google_ads_iframe_7811748\/elpais_america_web_5__container__\" class=\"primisslate\">\n<div id=\"primis_container_div_68dbdd568d32d\">\n<p class=\"\">Aquel discurso del pasado 27 de agosto, durante la ceremonia del D\u00eda de la Defensa Nacional, no pudo darse en un contexto m\u00e1s favorable para la jefa de Estado: el mismo d\u00eda, la Fiscal\u00eda\u00a0<a title=\"https:\/\/www.youtube.com\/watch?v=5JMDWegxNHE\" href=\"https:\/\/www.youtube.com\/watch?v=5JMDWegxNHE\" target=\"_blank\" rel=\"noopener\" data-link-track-dtm=\"\" data-mrf-link=\"https:\/\/www.youtube.com\/watch?v=5JMDWegxNHE\">allan\u00f3 la casa de su hermano<\/a>, Nicanor Boluarte, por presuntos v\u00ednculos con una organizaci\u00f3n criminal que ser\u00eda liderada por el actual ministro de Justicia, Juan Jos\u00e9 Santiv\u00e1\u00f1ez, acusado de tr\u00e1fico de influencias, censurado por el Congreso e impedido de salir del pa\u00eds hasta el pr\u00f3ximo a\u00f1o.<\/p>\n<p class=\"\">Poco despu\u00e9s de las declaraciones de la presidente, el Gobierno formaliz\u00f3 la creaci\u00f3n de un grupo de trabajo que tendr\u00e1 como prop\u00f3sito elaborar una propuesta de Ley de Soberan\u00eda Nacional. La discusi\u00f3n no estar\u00e1 abierta a la sociedad civil y m\u00e1s bien ser\u00e1 liderada por el sector Defensa, es decir, por las fuerzas armadas, adem\u00e1s de miembros de la Presidencia del Consejo de Ministros, la Canciller\u00eda y la cartera del Interior. El grupo tendr\u00e1 un par de meses para emitir el proyecto.<\/p>\n<p class=\"\">La medida del Ejecutivo se da en medio de un clima de tensi\u00f3n por la promulgaci\u00f3n de una ley de amnist\u00eda que beneficia a militares y polic\u00edas acusados, procesados o sentenciados por violaciones a los derechos humanos durante el periodo de violencia entre 1980 y 2000. Boluarte defendi\u00f3 la ley y dijo que solo busca la justicia para aquellos que \u201carriesgaron su vida contra la insania del terrorismo\u201d. Pero adem\u00e1s apel\u00f3 al populismo: \u201cno somos colonia de nadie y no permitiremos la intervenci\u00f3n de la Corte Interamericana\u201d.<\/p>\n<p class=\"\">Es una cadena de hechos los que reflejan los pactos y las maniobras del Ejecutivo para mantenerse en el poder. El portal de investigaci\u00f3n Ojo P\u00fablico ha contabilizado que el Estado peruano ha incumplido o desacatado los fallos de la Corte IDH en 14 oportunidades. Los casos m\u00e1s graves son la restituci\u00f3n del <a title=\"https:\/\/elpais.com\/america\/2023-12-06\/alberto-fujimori-a-un-paso-de-la-libertad-despues-de-18-anos.html\" href=\"https:\/\/elpais.com\/america\/2023-12-06\/alberto-fujimori-a-un-paso-de-la-libertad-despues-de-18-anos.html\" target=\"_self\" rel=\"\" data-link-track-dtm=\"\" data-mrf-link=\"https:\/\/elpais.com\/america\/2023-12-06\/alberto-fujimori-a-un-paso-de-la-libertad-despues-de-18-anos.html\">indulto del aut\u00f3crata Alberto Fujimori<\/a> a fines de 2023 que vulner\u00f3 las sentencias de los casos Barrios Altos y La Cantuta, y la ley, avalada por el Ejecutivo, que permite la prescripci\u00f3n de los cr\u00edmenes de guerra y lesa humanidad cometidos antes de 2002.<\/p>\n<p class=\"\">Hace unas semanas, Boluarte sell\u00f3 su alianza con una postal que despert\u00f3 la indignaci\u00f3n de la ciudadan\u00eda. Se dio un caluroso saludo con Juan Rivero Lazo, exjefe del servicio de inteligencia del Ej\u00e9rcito que en 2001 fue condenado a 25 a\u00f1os de c\u00e1rcel por la masacre de Barrios Altos \u2014 en 1991,\u00a0<a title=\"https:\/\/elpais.com\/internacional\/2023-11-20\/vladimiro-montesinos-y-el-grupo-paramilitar-colina-absueltos-por-el-asesinato-de-un-lider-sindical-en-1992.html\" href=\"https:\/\/elpais.com\/internacional\/2023-11-20\/vladimiro-montesinos-y-el-grupo-paramilitar-colina-absueltos-por-el-asesinato-de-un-lider-sindical-en-1992.html\" target=\"_self\" rel=\"\" data-link-track-dtm=\"\" data-mrf-link=\"https:\/\/elpais.com\/internacional\/2023-11-20\/vladimiro-montesinos-y-el-grupo-paramilitar-colina-absueltos-por-el-asesinato-de-un-lider-sindical-en-1992.html\">el grupo paramilitar Colina\u00a0<\/a>asesin\u00f3 a quince personas, entre ellas un ni\u00f1o, por supuestamente ser terroristas\u2014 y que sali\u00f3 en libertad el a\u00f1o pasado. Fue uno de los invitados especiales en la ceremonia de promulgaci\u00f3n de la ley de amnist\u00eda, celebrada en Palacio.<\/p>\n<p class=\"\">El proyecto de un marco normativo para salvaguardar la soberan\u00eda nacional se produce, adem\u00e1s, en el marco de otra discusi\u00f3n que polariza: las intenciones del Ejecutivo de instaurar la pena de muerte para los casos de violaci\u00f3n de menores, feminicidio y sicariato. En ese sentido, el Ministro de Justicia ha llevado a cabo 23 mesas de trabajo descentralizadas para sumar adeptos. De concretarse, se desconocer\u00eda nuevamente el Pacto de San Jos\u00e9 que proh\u00edbe ampliar el alcance de la pena capital, solo admitida para casos de traici\u00f3n a la patria.<\/p>\n<p class=\"\">El ministro de Relaciones Exteriores, Elmer Schialer, ha respaldado a Boluarte al sostener que \u201cel Per\u00fa estar\u00eda mejor si la Corte IDH y la Comisi\u00f3n Interamericana de Derechos Humanos tuvieran una visi\u00f3n m\u00e1s objetiva no solo con el Per\u00fa, sino con todo el sistema\u201d. Su cartera cre\u00f3 un grupo de trabajo en la primera mitad de agosto para evaluar la vinculaci\u00f3n de Per\u00fa al Sistema Interamericano de Derechos Humanos. Pero no solo se trata del Ejecutivo, sino tambi\u00e9n del Legislativo. Partidos de ideolog\u00edas opuestas como Alianza para el Progreso y Per\u00fa Libre han presentado diversos proyectos de ley para promover la salida de Per\u00fa del sistema.<\/p>\n<p class=\"\">Para distintos analistas, la decisi\u00f3n de Boluarte se debe a una raz\u00f3n principal: blindarse cuando le toque rendir cuentas con la justicia. Cuando deje el trono deber\u00e1 responder por las muertes durante las protestas ciudadanas en su contra, abandono del cargo para realizarse cirug\u00edas est\u00e9ticas, encubrir a pr\u00f3fugos y favorecer al gobernador regional de Ayacucho con partidas presupuestales a cambio de relojes de alta gama.<\/p>\n<p class=\"\">Seg\u00fan el medio Enfoque Derecho, el debate de la permanencia de Per\u00fa en la Corte Interamericana de Derechos Humanos significar\u00eda un \u201cgrave retroceso democr\u00e1tico\u201d debido a que \u201clejos de constituir una amenaza a la autonom\u00eda nacional, representa un l\u00edmite leg\u00edtimo y necesario al poder estatal, cuyo fundamento se encuentra en la propia Constituci\u00f3n y en los compromisos internacionales asumidos voluntariamente por el pa\u00eds\u201d. El eventual retiro de Per\u00fa traer\u00eda consigo impunidad y p\u00e9rdida de credibilidad internacional, sostienen. En el continente, solo dos pa\u00edses concretaron su salida: Trinidad y Tobago y Venezuela.<\/p>\n<\/div>\n<\/div>\n<\/div>\n","protected":false},"excerpt":{"rendered":"<p>&nbsp; &nbsp; &#8211; La mandataria evitar\u00eda de este modo las investigaciones a las muertes ocurridas durante las protestas en su contra en 2022 &nbsp; Desde&hellip;<\/p>\n","protected":false},"author":99,"featured_media":536611,"comment_status":"open","ping_status":"open","sticky":false,"template":"","format":"standard","meta":{"footnotes":""},"categories":[23],"tags":[],"class_list":["post-536610","post","type-post","status-publish","format-standard","has-post-thumbnail","hentry","category-latinoamerica"],"_links":{"self":[{"href":"https:\/\/diarioelpopular.com\/index.php\/wp-json\/wp\/v2\/posts\/536610","targetHints":{"allow":["GET"]}}],"collection":[{"href":"https:\/\/diarioelpopular.com\/index.php\/wp-json\/wp\/v2\/posts"}],"about":[{"href":"https:\/\/diarioelpopular.com\/index.php\/wp-json\/wp\/v2\/types\/post"}],"author":[{"embeddable":true,"href":"https:\/\/diarioelpopular.com\/index.php\/wp-json\/wp\/v2\/users\/99"}],"replies":[{"embeddable":true,"href":"https:\/\/diarioelpopular.com\/index.php\/wp-json\/wp\/v2\/comments?post=536610"}],"version-history":[{"count":1,"href":"https:\/\/diarioelpopular.com\/index.php\/wp-json\/wp\/v2\/posts\/536610\/revisions"}],"predecessor-version":[{"id":536612,"href":"https:\/\/diarioelpopular.com\/index.php\/wp-json\/wp\/v2\/posts\/536610\/revisions\/536612"}],"wp:featuredmedia":[{"embeddable":true,"href":"https:\/\/diarioelpopular.com\/index.php\/wp-json\/wp\/v2\/media\/536611"}],"wp:attachment":[{"href":"https:\/\/diarioelpopular.com\/index.php\/wp-json\/wp\/v2\/media?parent=536610"}],"wp:term":[{"taxonomy":"category","embeddable":true,"href":"https:\/\/diarioelpopular.com\/index.php\/wp-json\/wp\/v2\/categories?post=536610"},{"taxonomy":"post_tag","embeddable":true,"href":"https:\/\/diarioelpopular.com\/index.php\/wp-json\/wp\/v2\/tags?post=536610"}],"curies":[{"name":"wp","href":"https:\/\/api.w.org\/{rel}","templated":true}]}}