{"id":536783,"date":"2025-10-05T10:48:17","date_gmt":"2025-10-05T14:48:17","guid":{"rendered":"https:\/\/diarioelpopular.com\/?p=536783"},"modified":"2025-10-05T10:48:17","modified_gmt":"2025-10-05T14:48:17","slug":"sheinbaum-y-morena-un-ano-de-remolcar-a-un-partido-golpeado-por-la-corrupcion-y-los-excesos","status":"publish","type":"post","link":"https:\/\/diarioelpopular.com\/index.php\/2025\/10\/05\/sheinbaum-y-morena-un-ano-de-remolcar-a-un-partido-golpeado-por-la-corrupcion-y-los-excesos\/","title":{"rendered":"Sheinbaum y Morena: un a\u00f1o de remolcar a un partido golpeado por la corrupci\u00f3n y los excesos"},"content":{"rendered":"<div id=\"attachment_536784\" style=\"width: 1210px\" class=\"wp-caption alignnone\"><img loading=\"lazy\" decoding=\"async\" aria-describedby=\"caption-attachment-536784\" class=\"wp-image-536784 size-custom-big-size\" src=\"https:\/\/diarioelpopular.com\/wp-content\/uploads\/2025\/10\/Screen-Shot-2025-10-05-at-10.47.17-AM-1200x799.png\" alt=\"\" width=\"1200\" height=\"799\" srcset=\"https:\/\/diarioelpopular.com\/wp-content\/uploads\/2025\/10\/Screen-Shot-2025-10-05-at-10.47.17-AM-1200x799.png 1200w, https:\/\/diarioelpopular.com\/wp-content\/uploads\/2025\/10\/Screen-Shot-2025-10-05-at-10.47.17-AM-300x200.png 300w, https:\/\/diarioelpopular.com\/wp-content\/uploads\/2025\/10\/Screen-Shot-2025-10-05-at-10.47.17-AM-768x511.png 768w, https:\/\/diarioelpopular.com\/wp-content\/uploads\/2025\/10\/Screen-Shot-2025-10-05-at-10.47.17-AM-636x423.png 636w, https:\/\/diarioelpopular.com\/wp-content\/uploads\/2025\/10\/Screen-Shot-2025-10-05-at-10.47.17-AM-110x73.png 110w, https:\/\/diarioelpopular.com\/wp-content\/uploads\/2025\/10\/Screen-Shot-2025-10-05-at-10.47.17-AM.png 1024w\" sizes=\"auto, (max-width: 1200px) 100vw, 1200px\" \/><p id=\"caption-attachment-536784\" class=\"wp-caption-text\">Claudia Sheinbaum y Andr\u00e9s Manuel L\u00f3pez Obrador en Ciudad de M\u00e9xico, en septiembre de 2024.\u00a0 Foto Raquel Cunha (REUTERS)<\/p><\/div>\n<p>&nbsp;<\/p>\n<h4><em>&#8211; Los esc\u00e1ndalos que envuelven a las principales figuras de Morena dejan a la mandataria como la mayor representante de la austeridad, honestidad y devoci\u00f3n por el trabajo que promovi\u00f3 el fundador del partido<\/em><\/h4>\n<p>&nbsp;<\/p>\n<p class=\"\">Claudia Sheinbaum caminaba hacia el Z\u00f3calo para dirigirse a las multitudes. Era marzo, en plena crisis por la guerra arancelaria de Donald Trump. Sheinbaum pas\u00f3 detr\u00e1s de los dirigentes de Morena, que no la vieron porque <a title=\"https:\/\/elpais.com\/mexico\/opinion\/2025-03-10\/retrato-de-familia-sin-sheinbaum.html\" href=\"https:\/\/elpais.com\/mexico\/opinion\/2025-03-10\/retrato-de-familia-sin-sheinbaum.html\" target=\"_self\" rel=\"\" data-link-track-dtm=\"\" data-mrf-link=\"https:\/\/elpais.com\/mexico\/opinion\/2025-03-10\/retrato-de-familia-sin-sheinbaum.html\">estaban ocupados tom\u00e1ndose una foto<\/a>. A decir de los analistas, el episodio mostraba el ensimismamiento de Morena y sus principales figuras.<\/p>\n<p class=\"\">A un a\u00f1o de ese retrato familiar \u2015sin Sheinbaum\u2015, la realidad confirma que ella y el partido caminan por direcciones distintas. Una <a title=\"https:\/\/www.enkoll.com\/wp-content\/uploads\/2025\/09\/INFORME-PRIMER-INFORME-DE-GOBIERNO-CSP-010925.pdf\" href=\"https:\/\/www.enkoll.com\/wp-content\/uploads\/2025\/09\/INFORME-PRIMER-INFORME-DE-GOBIERNO-CSP-010925.pdf\" target=\"_blank\" rel=\"noopener\" data-link-track-dtm=\"\" data-mrf-link=\"https:\/\/www.enkoll.com\/wp-content\/uploads\/2025\/09\/INFORME-PRIMER-INFORME-DE-GOBIERNO-CSP-010925.pdf\">encuesta reciente de Enkoll<\/a>\u00a0muestra que, mientras la simpat\u00eda de los ciudadanos por la formaci\u00f3n guinda ha ca\u00eddo, en gran parte por los esc\u00e1ndalos de corrupci\u00f3n y frivolidad de sus dirigentes, el respaldo a Sheinbaum, la primera mujer en gobernar el pa\u00eds latinoamericano, se mantiene casi intacto.<\/p>\n<p class=\"\">Fundado por\u00a0<a title=\"https:\/\/elpais.com\/mexico\/2024-10-01\/lopez-obrador-el-ultimo-de-su-especie.html\" href=\"https:\/\/elpais.com\/mexico\/2024-10-01\/lopez-obrador-el-ultimo-de-su-especie.html\" target=\"_self\" rel=\"\" data-link-track-dtm=\"\" data-mrf-link=\"https:\/\/elpais.com\/mexico\/2024-10-01\/lopez-obrador-el-ultimo-de-su-especie.html\">Andr\u00e9s Manuel L\u00f3pez Obrador<\/a>\u00a0hace una d\u00e9cada con la bandera de la lucha contra la corrupci\u00f3n y la pobreza, Morena \u2014acr\u00f3nimo de Movimiento de Regeneraci\u00f3n Nacional\u2014\u00a0<a title=\"https:\/\/elpais.com\/mexico\/elecciones-mexicanas\/2024-06-05\/morena-el-joven-partido-que-en-10-anos-conquisto-la-gran-mayoria.html\" href=\"https:\/\/elpais.com\/mexico\/elecciones-mexicanas\/2024-06-05\/morena-el-joven-partido-que-en-10-anos-conquisto-la-gran-mayoria.html\" target=\"_self\" rel=\"\" data-link-track-dtm=\"\" data-mrf-link=\"https:\/\/elpais.com\/mexico\/elecciones-mexicanas\/2024-06-05\/morena-el-joven-partido-que-en-10-anos-conquisto-la-gran-mayoria.html\">ha tenido un crecimiento imparable<\/a>\u00a0y hoy controla casi todas las palancas del poder. Con gobernadores en 23 de los 32 Estados, incluida la capital; mayor\u00eda calificada en las dos C\u00e1maras del Congreso para aprobar reformas y leyes sin oposici\u00f3n; y\u00a0<a title=\"https:\/\/elpais.com\/mexico\/2025-06-03\/morena-toma-la-suprema-corte.html\" href=\"https:\/\/elpais.com\/mexico\/2025-06-03\/morena-toma-la-suprema-corte.html\" target=\"_self\" rel=\"\" data-link-track-dtm=\"\" data-mrf-link=\"https:\/\/elpais.com\/mexico\/2025-06-03\/morena-toma-la-suprema-corte.html\">dominio en la Suprema Corte de Justicia<\/a>\u00a0y otros tribunales federales y estatales \u2014como parte de la reforma judicial\u2014, pocas cosas podr\u00edan, en teor\u00eda, frenar el avance del proyecto pol\u00edtico al que Sheinbaum ha prometido dar \u201ccontinuidad con cambio\u201d.<\/p>\n<div id=\"elpais_gpt-INTEXT\" data-google-query-id=\"CIOE7eSkjZADFd1VCQkdnFASRQ\">\n<div id=\"google_ads_iframe_7811748\/elpais_mexico_web_5__container__\" class=\"primisslate\">\n<div id=\"primis_container_div_68e283149d6c9\">\n<p class=\"\">Uno de sus primeros gestos de poder al convertirse en presidente fue marcar cierta distancia de la formaci\u00f3n guinda. Al poner en pausa su militancia, en septiembre de 2024, dijo que no quer\u00eda que <a title=\"https:\/\/elpais.com\/mexico\/2024-09-22\/sheinbaum-inaugura-una-nueva-etapa-para-morena-y-marca-la-ruta-para-la-proxima-dirigencia-no-seremos-un-partido-de-estado.html\" href=\"https:\/\/elpais.com\/mexico\/2024-09-22\/sheinbaum-inaugura-una-nueva-etapa-para-morena-y-marca-la-ruta-para-la-proxima-dirigencia-no-seremos-un-partido-de-estado.html\" target=\"_self\" rel=\"\" data-link-track-dtm=\"\" data-mrf-link=\"https:\/\/elpais.com\/mexico\/2024-09-22\/sheinbaum-inaugura-una-nueva-etapa-para-morena-y-marca-la-ruta-para-la-proxima-dirigencia-no-seremos-un-partido-de-estado.html\">Morena se convirtiese en un \u201cpartido de Estado\u201d<\/a>, una declaraci\u00f3n llamativa en un pa\u00eds acostumbrado por el PRI a la simbiosis entre las instituciones y la formaci\u00f3n pol\u00edtica del presidente. Ese gesto entra\u00f1aba un segundo significado, m\u00e1s sutil: que no hab\u00eda que instalarse en el poder como si fuera un patrimonio permanente. Para despejar ambig\u00fcedades, la presidenta pidi\u00f3 expl\u00edcitamente a sus correligionarios que preservaran el legado de L\u00f3pez Obrador: la austeridad, la honestidad, la entrega al trabajo.<\/p>\n<p>&nbsp;<\/p>\n<figure class=\"a_m a_m-h \">\n<p><div style=\"width: 424px\" class=\"wp-caption alignnone\"><img loading=\"lazy\" decoding=\"async\" class=\"_re lazyload a_m-h\" src=\"https:\/\/imagenes.elpais.com\/resizer\/v2\/4TLD2LRQHBBMFMNGQAEV3HIL7Q.jpg?auth=706bee81c447276e206372690dd7a94fe994598f10a262cfdfc53e16061e3ddf&amp;width=414\" sizes=\"auto, (min-width:1199px) 1155px,(min-width:1001px) calc(100vw - 44px),(min-width:768px) 767px, 100vw\" srcset=\"https:\/\/imagenes.elpais.com\/resizer\/v2\/4TLD2LRQHBBMFMNGQAEV3HIL7Q.jpg?auth=706bee81c447276e206372690dd7a94fe994598f10a262cfdfc53e16061e3ddf&amp;width=414 414w,https:\/\/imagenes.elpais.com\/resizer\/v2\/4TLD2LRQHBBMFMNGQAEV3HIL7Q.jpg?auth=706bee81c447276e206372690dd7a94fe994598f10a262cfdfc53e16061e3ddf&amp;width=828 640w,https:\/\/imagenes.elpais.com\/resizer\/v2\/4TLD2LRQHBBMFMNGQAEV3HIL7Q.jpg?auth=706bee81c447276e206372690dd7a94fe994598f10a262cfdfc53e16061e3ddf&amp;width=980 1000w,https:\/\/imagenes.elpais.com\/resizer\/v2\/4TLD2LRQHBBMFMNGQAEV3HIL7Q.jpg?auth=706bee81c447276e206372690dd7a94fe994598f10a262cfdfc53e16061e3ddf&amp;width=1960 1960w\" alt=\"\" width=\"414\" height=\"276\" \/><p class=\"wp-caption-text\">Reuni\u00f3n de Claudia Sheinbaum y Andr\u00e9s Manuel L\u00f3pez Obrador en Palacio Nacional, en junio de 2024. Foto Ulises Mart\u00ednez (Getty Images)<\/p><\/div><figcaption class=\"a_m_p\" aria-hidden=\"true\"><\/figcaption><\/figure>\n<p>&nbsp;<\/p>\n<p class=\"\">Sin embargo, los l\u00edderes morenistas han fallado en el compromiso y han forzado a Sheinbaum a <a title=\"https:\/\/elpais.com\/mexico\/2025-04-28\/asunto-llamado-de-atencion-a-morena-remitente-claudia-sheinbaum-presidenta-de-mexico.html\" href=\"https:\/\/elpais.com\/mexico\/2025-04-28\/asunto-llamado-de-atencion-a-morena-remitente-claudia-sheinbaum-presidenta-de-mexico.html\" target=\"_self\" rel=\"\" data-link-track-dtm=\"\" data-mrf-link=\"https:\/\/elpais.com\/mexico\/2025-04-28\/asunto-llamado-de-atencion-a-morena-remitente-claudia-sheinbaum-presidenta-de-mexico.html\">intervenir directamente en la vida interna del partido<\/a>\u00a0cuando este se ha vuelto un problema. H\u00e9ctor Quintanar, un estudioso del origen y evoluci\u00f3n de Morena, afirma que el partido \u201cse ha dedicado desde 2018 a administrar el \u00e9xito\u201d de L\u00f3pez Obrador y que solo parece movilizarse para las campa\u00f1as previas a cada votaci\u00f3n, con lo que \u201creduce su papel al de una agencia electoral\u201d. La dirigencia del partido se ha impuesto la meta de afiliar a 10 millones de personas con miras a las intermedias de 2027, el primer refer\u00e9ndum de Sheinbaum como presidenta y de Morena como partido con una influencia no vista desde la \u00e9poca de mayor poder del PRI.<\/p>\n<h3 class=\"\">Sheinbaum, m\u00e1s obradorista que Morena<\/h3>\n<p class=\"\">Los especialistas se\u00f1alan que la presidenta, y no Morena, ha resultado la mayor guardiana de los valores del obradorismo. Ya desde la contienda interna en la que se disputaba la candidatura presidencial, ella contrastaba con los otros aspirantes porque\u00a0<a title=\"https:\/\/elpais.com\/mexico\/elecciones-mexicanas\/2024-10-01\/claudia-sheinbaum-el-poder-tranquilo.html\" href=\"https:\/\/elpais.com\/mexico\/elecciones-mexicanas\/2024-10-01\/claudia-sheinbaum-el-poder-tranquilo.html\" target=\"_self\" rel=\"\" data-link-track-dtm=\"\" data-mrf-link=\"https:\/\/elpais.com\/mexico\/elecciones-mexicanas\/2024-10-01\/claudia-sheinbaum-el-poder-tranquilo.html\">nunca milit\u00f3 en el PRI<\/a>, hizo pol\u00edtica desde los movimientos universitarios y no arrastraba cuestionamientos sobre su trayectoria y patrimonio. \u201cA Sheinbaum se le percibe como un ente independiente del partido y como su baluarte moral, como la verdadera heredera del prestigio obradorista\u201d, sostiene la analista Viri R\u00edos. \u201cElla representa esos valores: la austeridad, el profesionalismo, la \u00e9tica del trabajo. Si ves su agenda, ella dedica su vida a gobernar\u201d, agrega. R\u00edos se\u00f1ala que, al mismo tiempo, Morena \u201ces cada vez m\u00e1s percibido por el votante como un partido pol\u00edtico como todos, con sus impresentables, sus esc\u00e1ndalos de corrupci\u00f3n, de nepotismo\u201d, indica.<\/p>\n<p class=\"\">El\u00a0<a title=\"https:\/\/elpais.com\/mexico\/2025-08-25\/el-peor-verano-de-morena.html\" href=\"https:\/\/elpais.com\/mexico\/2025-08-25\/el-peor-verano-de-morena.html\" target=\"_self\" rel=\"\" data-link-track-dtm=\"\" data-mrf-link=\"https:\/\/elpais.com\/mexico\/2025-08-25\/el-peor-verano-de-morena.html\">verano pasado fue demoledor para la imagen del partido<\/a>. Varios dirigentes, incluido el secretario de Organizaci\u00f3n de Morena, Andr\u00e9s L\u00f3pez Beltr\u00e1n, nada menos que el hijo del expresidente, se fueron a vacacionar a Europa y Asia exhibiendo derroche, ostentaci\u00f3n y frivolidad. La actual dirigente de la formaci\u00f3n, Luisa Alcalde, pidi\u00f3 mesura a sus correligionarios, aunque, en su descargo, dijo que ahora los funcionarios veranean con sus propios recursos, cuando antes, en los gobiernos del PRI y el PAN, lo hac\u00edan con dinero del erario.<\/p>\n<p class=\"\">Varios esc\u00e1ndalos por la fortuna de algunos morenistas ocuparon los titulares. El senador Gerardo Fern\u00e1ndez Noro\u00f1a reconoci\u00f3 una propiedad de 12 millones de pesos, a la que dijo tener derecho. \u201cYo no tengo la obligaci\u00f3n personal de ser austero\u201d, se\u00f1al\u00f3. El senador sostuvo que la austeridad que mandata el obradorismo es en el gasto p\u00fablico, no privado, obviando que el expresidente tambi\u00e9n exhortaba a los funcionarios a vivir \u201cen la justa median\u00eda\u201d, por consideraci\u00f3n a los millones de pobres del pa\u00eds. Hace apenas unos d\u00edas, se descubri\u00f3 que el senador\u00a0<a title=\"https:\/\/elpais.com\/mexico\/2025-09-26\/una-investigacion-revela-una-red-empresarial-que-dio-pagos-millonarios-a-adan-augusto-lopez.html\" href=\"https:\/\/elpais.com\/mexico\/2025-09-26\/una-investigacion-revela-una-red-empresarial-que-dio-pagos-millonarios-a-adan-augusto-lopez.html\" target=\"_self\" rel=\"\" data-link-track-dtm=\"\" data-mrf-link=\"https:\/\/elpais.com\/mexico\/2025-09-26\/una-investigacion-revela-una-red-empresarial-que-dio-pagos-millonarios-a-adan-augusto-lopez.html\">Ad\u00e1n Augusto L\u00f3pez amas\u00f3 una fortuna de 79 millones de pesos\u00a0<\/a>en dos a\u00f1os y que no declar\u00f3 a la Funci\u00f3n P\u00fablica.<\/p>\n<p>&nbsp;<\/p>\n<figure class=\"a_m a_m-h \">\n<p><div style=\"width: 424px\" class=\"wp-caption alignnone\"><img loading=\"lazy\" decoding=\"async\" class=\"_re lazyload a_m-h\" src=\"https:\/\/imagenes.elpais.com\/resizer\/v2\/IBBOHKCMUFG5FIN3SO4POUIRBY.jpg?auth=0f74e6fcb4940bc383d423e95a325681510256fc3d254c741b7dce8dbfc2bdf7&amp;width=414\" sizes=\"auto, (min-width:1199px) 1155px,(min-width:1001px) calc(100vw - 44px),(min-width:768px) 767px, 100vw\" srcset=\"https:\/\/imagenes.elpais.com\/resizer\/v2\/IBBOHKCMUFG5FIN3SO4POUIRBY.jpg?auth=0f74e6fcb4940bc383d423e95a325681510256fc3d254c741b7dce8dbfc2bdf7&amp;width=414 414w,https:\/\/imagenes.elpais.com\/resizer\/v2\/IBBOHKCMUFG5FIN3SO4POUIRBY.jpg?auth=0f74e6fcb4940bc383d423e95a325681510256fc3d254c741b7dce8dbfc2bdf7&amp;width=828 640w,https:\/\/imagenes.elpais.com\/resizer\/v2\/IBBOHKCMUFG5FIN3SO4POUIRBY.jpg?auth=0f74e6fcb4940bc383d423e95a325681510256fc3d254c741b7dce8dbfc2bdf7&amp;width=980 1000w,https:\/\/imagenes.elpais.com\/resizer\/v2\/IBBOHKCMUFG5FIN3SO4POUIRBY.jpg?auth=0f74e6fcb4940bc383d423e95a325681510256fc3d254c741b7dce8dbfc2bdf7&amp;width=1960 1960w\" alt=\"\" width=\"414\" height=\"276\" \/><p class=\"wp-caption-text\">Ad\u00e1n Augusto L\u00f3pez, en el Senado, el 1 de septiembre.\u00a0 \u00a0 \u00a0 \u00a0 \u00a0 \u00a0 \u00a0 \u00a0 Foto Emiliano Molina<\/p><\/div><figcaption class=\"a_m_p\" aria-hidden=\"true\"><\/figcaption><\/figure>\n<p>&nbsp;<\/p>\n<p class=\"\">La revelaci\u00f3n de la riqueza de L\u00f3pez apuntaba en un inicio a\u00a0<a title=\"https:\/\/elpais.com\/mexico\/2025-09-27\/adan-augusto-lopez-se-atrinchera-con-amenazas-de-revancha-ante-los-senalamientos-de-corrupcion-a-todo-santo-le-llega-su-capillita.html\" href=\"https:\/\/elpais.com\/mexico\/2025-09-27\/adan-augusto-lopez-se-atrinchera-con-amenazas-de-revancha-ante-los-senalamientos-de-corrupcion-a-todo-santo-le-llega-su-capillita.html\" target=\"_self\" rel=\"\" data-link-track-dtm=\"\" data-mrf-link=\"https:\/\/elpais.com\/mexico\/2025-09-27\/adan-augusto-lopez-se-atrinchera-con-amenazas-de-revancha-ante-los-senalamientos-de-corrupcion-a-todo-santo-le-llega-su-capillita.html\">una filtraci\u00f3n desde el propio Gobierno<\/a>, una posibilidad negada por la presidenta, que en cambio apremi\u00f3 al senador a dar explicaciones por s\u00ed mismo. \u201cElla est\u00e1 siendo muy astuta en permitir que las figuras m\u00e1s oscuras dentro del partido se hundan en su propio lodo y, con ello, ella gana espacios de poder\u201d, observa R\u00edos. \u201cYo la veo mucho m\u00e1s empoderada a un a\u00f1o del inicio de la presidencia, y eso no suele suceder as\u00ed, pues normalmente los presidentes van perdiendo poder conforme avanza el sexenio\u201d, agrega.<\/p>\n<p class=\"\">Los logros de Sheinbaum por remolcar a Morena no son, sin embargo, permanentes. Todav\u00eda desde el bloque gobernante en el Congreso, formado en alianza con el PT y el PVEM, se han frenado algunas de sus iniciativas, como la reforma para impedir la reelecci\u00f3n\u00a0<a title=\"https:\/\/elpais.com\/mexico\/2025-03-03\/la-frustrada-ley-contra-el-nepotismo-deja-al-descubierto-las-luchas-de-poder-en-morena-y-la-debilidad-de-la-presidenta-en-el-partido.html\" href=\"https:\/\/elpais.com\/mexico\/2025-03-03\/la-frustrada-ley-contra-el-nepotismo-deja-al-descubierto-las-luchas-de-poder-en-morena-y-la-debilidad-de-la-presidenta-en-el-partido.html\" target=\"_self\" rel=\"\" data-link-track-dtm=\"\" data-mrf-link=\"https:\/\/elpais.com\/mexico\/2025-03-03\/la-frustrada-ley-contra-el-nepotismo-deja-al-descubierto-las-luchas-de-poder-en-morena-y-la-debilidad-de-la-presidenta-en-el-partido.html\">o para romper con la pr\u00e1ctica del nepotismo<\/a>, muy recurrida por los pol\u00edticos de todos los partidos.<\/p>\n<p class=\"\">Los gobernadores morenistas son otro foco de combate, que han impulsado en sus estados agendas contra la libertad de expresi\u00f3n, sin contar que han hecho poco por reducir las cifras de inseguridad, adem\u00e1s de que algunos arrastran tambi\u00e9n se\u00f1alamientos de corrupci\u00f3n y nexos con el crimen organizado. Quintanar apunta que estos antecedentes contribuyen al menoscabo de la percepci\u00f3n del partido. \u201cUn liderazgo democr\u00e1tico se forja no solo con haza\u00f1as de su l\u00edder, sino tambi\u00e9n con buen gobierno y una biograf\u00eda confiable, y hay que articular ambas cosas\u201d, explica.<\/p>\n<h3 class=\"\">Hacia el \u2018claudismo\u2019<\/h3>\n<p class=\"\">Sheinbaum ha hecho una declaraci\u00f3n de principios al desarticular desde el Ejecutivo\u00a0<a title=\"https:\/\/elpais.com\/mexico\/2025-09-09\/la-trama-del-huachicol-golpea-la-reputacion-de-incorruptible-de-la-marina-en-mexico.html\" href=\"https:\/\/elpais.com\/mexico\/2025-09-09\/la-trama-del-huachicol-golpea-la-reputacion-de-incorruptible-de-la-marina-en-mexico.html\" target=\"_self\" rel=\"\" data-link-track-dtm=\"\" data-mrf-link=\"https:\/\/elpais.com\/mexico\/2025-09-09\/la-trama-del-huachicol-golpea-la-reputacion-de-incorruptible-de-la-marina-en-mexico.html\">una red de huachicol fiscal que involucraba a altos mandos de la Secretar\u00eda de Marina<\/a>. Tambi\u00e9n al apresurar el traslado desde Paraguay de\u00a0<a title=\"https:\/\/elpais.com\/mexico\/2025-07-19\/el-comandante-h-de-jefe-de-policia-corrupto-a-lider-de-la-barredora-el-historial-criminal-de-hernan-bermudez.html\" href=\"https:\/\/elpais.com\/mexico\/2025-07-19\/el-comandante-h-de-jefe-de-policia-corrupto-a-lider-de-la-barredora-el-historial-criminal-de-hernan-bermudez.html\" target=\"_self\" rel=\"\" data-link-track-dtm=\"\" data-mrf-link=\"https:\/\/elpais.com\/mexico\/2025-07-19\/el-comandante-h-de-jefe-de-policia-corrupto-a-lider-de-la-barredora-el-historial-criminal-de-hernan-bermudez.html\">Hern\u00e1n Berm\u00fadez<\/a>, el exsecretario de Seguridad de Tabasco en el tiempo en que Ad\u00e1n Augusto L\u00f3pez fue gobernador, y que es acusado de dirigir La Barredora, un grupo criminal vinculado al Cartel Jalisco Nueva Generaci\u00f3n (CJNG). Con ello, explican los especialistas, Sheinbaum aborda de manera distinta el problema de la corrupci\u00f3n, asumiendo el coste pol\u00edtico del desprestigio en torno a figuras importantes de su propio partido, algo raro en otros sexenios.<\/p>\n<p class=\"\">Eso tambi\u00e9n le ha ayudado a asumir el liderazgo del movimiento y restar influencia a L\u00f3pez, Monreal y Noro\u00f1a,\u00a0<a title=\"https:\/\/elpais.com\/mexico\/2023-07-15\/presidente-y-director-de-campana-las-reglas-de-la-sucesion-en-morena-fueron-redactadas-por-lopez-obrador-en-palacio-nacional.html\" href=\"https:\/\/elpais.com\/mexico\/2023-07-15\/presidente-y-director-de-campana-las-reglas-de-la-sucesion-en-morena-fueron-redactadas-por-lopez-obrador-en-palacio-nacional.html\" target=\"_self\" rel=\"\" data-link-track-dtm=\"\" data-mrf-link=\"https:\/\/elpais.com\/mexico\/2023-07-15\/presidente-y-director-de-campana-las-reglas-de-la-sucesion-en-morena-fueron-redactadas-por-lopez-obrador-en-palacio-nacional.html\">colocados en lugares clave por L\u00f3pez Obrador<\/a>, desde donde disputaban espacios de poder a Sheinbaum. \u201cCreo que el mayor logro no visible de su primer a\u00f1o [de Gobierno] es la instalaci\u00f3n de su liderazgo, que no estaba dado de suyo por todo este arreglo tan rivalizado que hab\u00eda dejado L\u00f3pez Obrador. En este momento no hay nadie que pueda disputarle a ella ser la gu\u00eda ideol\u00f3gica de qu\u00e9 es y a d\u00f3nde va la Cuarta Transformaci\u00f3n [el nombre que el expresidente le dio a los gobiernos de Morena]\u201d, explica el analista Jorge Zepeda.<\/p>\n<p>&nbsp;<\/p>\n<figure class=\"a_m a_m-h \">\n<p><div style=\"width: 424px\" class=\"wp-caption alignnone\"><img loading=\"lazy\" decoding=\"async\" class=\"_re lazyload a_m-h\" src=\"https:\/\/imagenes.elpais.com\/resizer\/v2\/7KA2CMMFYRCXNL2RJTGS56JF6Y.jpg?auth=9d643ef39b01005937f465c52fd1b39ad2b63f71d7a36503ccd72eabe3f61fad&amp;width=414\" sizes=\"auto, (min-width:1199px) 1155px,(min-width:1001px) calc(100vw - 44px),(min-width:768px) 767px, 100vw\" srcset=\"https:\/\/imagenes.elpais.com\/resizer\/v2\/7KA2CMMFYRCXNL2RJTGS56JF6Y.jpg?auth=9d643ef39b01005937f465c52fd1b39ad2b63f71d7a36503ccd72eabe3f61fad&amp;width=414 414w,https:\/\/imagenes.elpais.com\/resizer\/v2\/7KA2CMMFYRCXNL2RJTGS56JF6Y.jpg?auth=9d643ef39b01005937f465c52fd1b39ad2b63f71d7a36503ccd72eabe3f61fad&amp;width=828 640w,https:\/\/imagenes.elpais.com\/resizer\/v2\/7KA2CMMFYRCXNL2RJTGS56JF6Y.jpg?auth=9d643ef39b01005937f465c52fd1b39ad2b63f71d7a36503ccd72eabe3f61fad&amp;width=980 1000w,https:\/\/imagenes.elpais.com\/resizer\/v2\/7KA2CMMFYRCXNL2RJTGS56JF6Y.jpg?auth=9d643ef39b01005937f465c52fd1b39ad2b63f71d7a36503ccd72eabe3f61fad&amp;width=1960 1960w\" alt=\"\" width=\"414\" height=\"233\" \/><p class=\"wp-caption-text\">Un elemento de la Marina, durante un operativo en Tampico, en marzo. Foto Secretaria de Marina (SEMAR) (Via REUTERS)<\/p><\/div><figcaption class=\"a_m_p\" aria-hidden=\"true\"><\/figcaption><\/figure>\n<p>&nbsp;<\/p>\n<p class=\"\">La lucha contra la corrupci\u00f3n, sostiene Zepeda, responde a un razonamiento econ\u00f3mico \u2014el boquete en las finanzas p\u00fablicas por el huachicol fiscal es enorme\u2014, pero tambi\u00e9n pol\u00edtico, pues la mandataria advirti\u00f3 que su proyecto de construir \u201cel segundo piso de la Cuarta Transformaci\u00f3n\u201d pod\u00eda verse frenado desde el interior de su partido. \u201cEn cierta manera, estos esc\u00e1ndalos le facilitan la tarea, le dan la posibilidad de una negociaci\u00f3n favorable en todos los reacomodos pol\u00edticos\u201d, se\u00f1ala el especialista. Sheinbaum no solo ha podido acotar los obst\u00e1culos puestos desde Morena, sino tambi\u00e9n a poderes f\u00e1cticos como el Ej\u00e9rcito o la iniciativa privada. El empoderamiento de Sheinbaum no se podr\u00eda explicar sin otro factor, a\u00f1ade Zepeda: la\u00a0<a title=\"https:\/\/elpais.com\/mexico\/2024-06-18\/el-presidente-feliz-lopez-obrador-se-despide-con-un-bano-de-multitudes-y-apurando-sus-politicas-hasta-el-final.html\" href=\"https:\/\/elpais.com\/mexico\/2024-06-18\/el-presidente-feliz-lopez-obrador-se-despide-con-un-bano-de-multitudes-y-apurando-sus-politicas-hasta-el-final.html\" target=\"_self\" rel=\"\" data-link-track-dtm=\"\" data-mrf-link=\"https:\/\/elpais.com\/mexico\/2024-06-18\/el-presidente-feliz-lopez-obrador-se-despide-con-un-bano-de-multitudes-y-apurando-sus-politicas-hasta-el-final.html\">disciplina de L\u00f3pez Obrador de mantenerse al margen del Gobierno<\/a>, desde su exilio autoimpuesto en Palenque, Chiapas.<\/p>\n<p class=\"\">Para sacar adelante su agenda, Sheinbaum ha formado un grupo compacto de colaboradores m\u00e1s identificados con la naciente corriente\u00a0<i>claudista<\/i>, aunque se inscriben en Morena y el obradorismo. Se trata de funcionarios que han incorporado el estilo de gobernar de Sheinbaum, incansable, honesto y austero, conteniendo las presiones externas sin dar lugar a la imposici\u00f3n autoritaria. All\u00ed se incluyen\u00a0<a title=\"https:\/\/elpais.com\/mexico\/2025-08-24\/todo-pasa-por-harfuch-en-mexico.html\" href=\"https:\/\/elpais.com\/mexico\/2025-08-24\/todo-pasa-por-harfuch-en-mexico.html\" target=\"_self\" rel=\"\" data-link-track-dtm=\"\" data-mrf-link=\"https:\/\/elpais.com\/mexico\/2025-08-24\/todo-pasa-por-harfuch-en-mexico.html\">Omar Garc\u00eda Harfuch<\/a>, secretario de Seguridad y el hombre fuerte de la presidente en el combate al crimen; <a title=\"https:\/\/elpais.com\/mexico\/2024-11-16\/pepe-merino-director-de-la-agencia-digital-cuando-los-tramites-son-excesivos-trabamos-el-ejercicio-de-derechos.html\" href=\"https:\/\/elpais.com\/mexico\/2024-11-16\/pepe-merino-director-de-la-agencia-digital-cuando-los-tramites-son-excesivos-trabamos-el-ejercicio-de-derechos.html\" target=\"_self\" rel=\"\" data-link-track-dtm=\"\" data-mrf-link=\"https:\/\/elpais.com\/mexico\/2024-11-16\/pepe-merino-director-de-la-agencia-digital-cuando-los-tramites-son-excesivos-trabamos-el-ejercicio-de-derechos.html\">Pepe Merino<\/a>, jefe de la Agencia Digital, una instituci\u00f3n con ojos y manos en casi todos los registros del Gobierno; Rosa Icela Rodr\u00edguez, secretaria de Gobernaci\u00f3n, encargada de la gesti\u00f3n de los conflictos internos, y el diputado Alfonso Ram\u00edrez Cu\u00e9llar, un eficaz operador pol\u00edtico que comanda decenas de legisladores por fuera del reba\u00f1o de Monreal.<\/p>\n<p class=\"\">Hablar de corrientes o facciones dentro de Morena est\u00e1 penado por los propios Estatutos del partido, un formalismo que sin embargo no se adecua a la realidad. El movimiento\u00a0<i>claudista<\/i>\u00a0es, de momento, espectral, est\u00e1 naciendo. \u201cEs una base de poder pol\u00edtico enorme, pero lo \u00faltimo que le interesa a ella es introducir fisuras que puedan ser vistas como facciones rivales. \u00bfPara qu\u00e9 lo har\u00eda, si ella es la heredera del obradorismo?\u201d, observa Zepeda. Sheinbaum hizo campa\u00f1a con la bandera de \u201cContinuidad con cambio\u201d, un eslogan concebido, de hecho, por L\u00f3pez Obrador. En la pr\u00e1ctica, la f\u00f3rmula terminar\u00e1 por invertirse, dice Zepeda. \u201cElla va a acentuar la noci\u00f3n de continuidad, aunque en la operaci\u00f3n haya mucho de cambio\u201d, afirma.<\/p>\n<\/div>\n<\/div>\n<\/div>\n","protected":false},"excerpt":{"rendered":"<p>&nbsp; &#8211; Los esc\u00e1ndalos que envuelven a las principales figuras de Morena dejan a la mandataria como la mayor representante de la austeridad, honestidad y&hellip;<\/p>\n","protected":false},"author":99,"featured_media":536784,"comment_status":"open","ping_status":"open","sticky":false,"template":"","format":"standard","meta":{"footnotes":""},"categories":[23],"tags":[],"class_list":["post-536783","post","type-post","status-publish","format-standard","has-post-thumbnail","hentry","category-latinoamerica"],"_links":{"self":[{"href":"https:\/\/diarioelpopular.com\/index.php\/wp-json\/wp\/v2\/posts\/536783","targetHints":{"allow":["GET"]}}],"collection":[{"href":"https:\/\/diarioelpopular.com\/index.php\/wp-json\/wp\/v2\/posts"}],"about":[{"href":"https:\/\/diarioelpopular.com\/index.php\/wp-json\/wp\/v2\/types\/post"}],"author":[{"embeddable":true,"href":"https:\/\/diarioelpopular.com\/index.php\/wp-json\/wp\/v2\/users\/99"}],"replies":[{"embeddable":true,"href":"https:\/\/diarioelpopular.com\/index.php\/wp-json\/wp\/v2\/comments?post=536783"}],"version-history":[{"count":1,"href":"https:\/\/diarioelpopular.com\/index.php\/wp-json\/wp\/v2\/posts\/536783\/revisions"}],"predecessor-version":[{"id":536785,"href":"https:\/\/diarioelpopular.com\/index.php\/wp-json\/wp\/v2\/posts\/536783\/revisions\/536785"}],"wp:featuredmedia":[{"embeddable":true,"href":"https:\/\/diarioelpopular.com\/index.php\/wp-json\/wp\/v2\/media\/536784"}],"wp:attachment":[{"href":"https:\/\/diarioelpopular.com\/index.php\/wp-json\/wp\/v2\/media?parent=536783"}],"wp:term":[{"taxonomy":"category","embeddable":true,"href":"https:\/\/diarioelpopular.com\/index.php\/wp-json\/wp\/v2\/categories?post=536783"},{"taxonomy":"post_tag","embeddable":true,"href":"https:\/\/diarioelpopular.com\/index.php\/wp-json\/wp\/v2\/tags?post=536783"}],"curies":[{"name":"wp","href":"https:\/\/api.w.org\/{rel}","templated":true}]}}