{"id":536807,"date":"2025-10-06T09:03:27","date_gmt":"2025-10-06T13:03:27","guid":{"rendered":"https:\/\/diarioelpopular.com\/?p=536807"},"modified":"2025-10-06T09:03:27","modified_gmt":"2025-10-06T13:03:27","slug":"trump-intensifica-su-pulso-vengativo-contra-ciudades-democratas-al-enviar-a-la-guardia-nacional-de-california-a-portland","status":"publish","type":"post","link":"https:\/\/diarioelpopular.com\/index.php\/2025\/10\/06\/trump-intensifica-su-pulso-vengativo-contra-ciudades-democratas-al-enviar-a-la-guardia-nacional-de-california-a-portland\/","title":{"rendered":"Trump intensifica su pulso vengativo contra ciudades dem\u00f3cratas al enviar a la Guardia Nacional de California a Portland"},"content":{"rendered":"<div id=\"attachment_536808\" style=\"width: 1210px\" class=\"wp-caption alignnone\"><img loading=\"lazy\" decoding=\"async\" aria-describedby=\"caption-attachment-536808\" class=\"wp-image-536808 size-custom-big-size\" src=\"https:\/\/diarioelpopular.com\/wp-content\/uploads\/2025\/10\/Screen-Shot-2025-10-06-at-9.02.31-AM-1200x808.png\" alt=\"\" width=\"1200\" height=\"808\" srcset=\"https:\/\/diarioelpopular.com\/wp-content\/uploads\/2025\/10\/Screen-Shot-2025-10-06-at-9.02.31-AM-1200x808.png 1200w, https:\/\/diarioelpopular.com\/wp-content\/uploads\/2025\/10\/Screen-Shot-2025-10-06-at-9.02.31-AM-300x202.png 300w, https:\/\/diarioelpopular.com\/wp-content\/uploads\/2025\/10\/Screen-Shot-2025-10-06-at-9.02.31-AM-768x517.png 768w, https:\/\/diarioelpopular.com\/wp-content\/uploads\/2025\/10\/Screen-Shot-2025-10-06-at-9.02.31-AM-636x428.png 636w, https:\/\/diarioelpopular.com\/wp-content\/uploads\/2025\/10\/Screen-Shot-2025-10-06-at-9.02.31-AM-80x55.png 80w, https:\/\/diarioelpopular.com\/wp-content\/uploads\/2025\/10\/Screen-Shot-2025-10-06-at-9.02.31-AM-108x73.png 108w, https:\/\/diarioelpopular.com\/wp-content\/uploads\/2025\/10\/Screen-Shot-2025-10-06-at-9.02.31-AM.png 1024w\" sizes=\"auto, (max-width: 1200px) 100vw, 1200px\" \/><p id=\"caption-attachment-536808\" class=\"wp-caption-text\">Agentes federales resguardan una instalaci\u00f3n del ICE el s\u00e1bado 4 de octubre en Portland, Oregon. Foto Jenny Kane (AP)<\/p><\/div>\n<p>&nbsp;<\/p>\n<ul>\n<li><em><strong>La jueza Karin Immergut vuelve a bloquear la medida vengativa de Trump y le proh\u00edbe cualquier despliegue de ese cuerpo militar en la ciudad<\/strong><\/em><\/li>\n<\/ul>\n<p>&nbsp;<\/p>\n<p class=\"\">A Donald Trump, le gustan las met\u00e1foras relacionadas con el mundo del juego, y suele pavonearse en las negociaciones de que \u00e9l y su gobierno tienen las cartas ganadoras.<\/p>\n<p class=\"\">Este domingo, en la partida a cara de perro que disputa desde hace meses con las ciudades y Estados bajo gobierno dem\u00f3crata por el control de las calles, se ha sacado un as de la manga. Para esquivar la orden de una jueza que menos de 24 horas antes le hab\u00eda <a title=\"https:\/\/elpais.com\/internacional\/2025-10-05\/trump-persiste-en-desplegar-tropas-en-las-ciudades-democratas-pese-a-que-los-jueces-se-lo-bloquean.html\" href=\"https:\/\/elpais.com\/internacional\/2025-10-05\/trump-persiste-en-desplegar-tropas-en-las-ciudades-democratas-pese-a-que-los-jueces-se-lo-bloquean.html\" target=\"_self\" rel=\"\" data-link-track-dtm=\"\" data-mrf-link=\"https:\/\/elpais.com\/internacional\/2025-10-05\/trump-persiste-en-desplegar-tropas-en-las-ciudades-democratas-pese-a-que-los-jueces-se-lo-bloquean.html\">prohibido movilizar efectivos militares en Portland<\/a>, la capital de Oreg\u00f3n, como \u00e9l deseaba, ha optado por enviar 200 soldados de la Guardia Nacional del estado vecino de California. Pero apenas hab\u00edan llegado los primeros efectivos cuando la misma jueza volvi\u00f3 a bloquear la medida: en una nueva decisi\u00f3n de urgencia, proh\u00edbe el despliegue de todo contingente de Guardia Nacional en la ciudad.<\/p>\n<p class=\"\">\u201c\u00bfDe qu\u00e9 modo traer a la Guardia Nacional de California no contraviene directamente la (decisi\u00f3n) que emit\u00ed ayer?&#8221; preguntaba la jueza Karin Immergut al abogado del Estado en una vista de urgencia celebrada este domingo por la noche.<\/p>\n<p class=\"\">Mientras tanto, Trump tambi\u00e9n planea desplegar a 400 militares de la Guardia Nacional de Texas en Chicago, Portland y otras urbes dem\u00f3cratas, seg\u00fan denuncia el gobernador de Illinois J.B. Pritzker.<\/p>\n<p class=\"\">La nueva orden de despliegue se sumaba a la que Trump hab\u00eda aprobado ya el s\u00e1bado para Chicago y sus afueras, donde va a movilizar a 300 soldados de la Guardia Nacional durante sesenta d\u00edas despu\u00e9s de haber amenazado durante semanas con hacerlo. La Guardia Nacional es un cuerpo de reserva, gestionado habitualmente por cada Estado, excepto cuando queda bajo mando federal en casos de emergencia.<\/p>\n<p class=\"\">En total son ya\u00a0<a title=\"https:\/\/elpais.com\/internacional\/2025-09-27\/trump-ordena-el-despliegue-del-ejercito-y-el-uso-de-la-fuerza-total-contra-el-movimiento-antifa-en-portland.html\" href=\"https:\/\/elpais.com\/internacional\/2025-09-27\/trump-ordena-el-despliegue-del-ejercito-y-el-uso-de-la-fuerza-total-contra-el-movimiento-antifa-en-portland.html\" target=\"_self\" rel=\"\" data-link-track-dtm=\"\" data-mrf-link=\"https:\/\/elpais.com\/internacional\/2025-09-27\/trump-ordena-el-despliegue-del-ejercito-y-el-uso-de-la-fuerza-total-contra-el-movimiento-antifa-en-portland.html\">cinco las ciudades dem\u00f3cratas a las que Trump ha impuesto, o ha intentado imponer, un tr\u00e1gala militar<\/a>, en un contexto de\u00a0<a title=\"https:\/\/elpais.com\/us\/2025-09-03\/trump-y-los-democratas-abren-un-frente-por-la-lucha-contra-el-crimen-en-las-ciudades.html\" href=\"https:\/\/elpais.com\/us\/2025-09-03\/trump-y-los-democratas-abren-un-frente-por-la-lucha-contra-el-crimen-en-las-ciudades.html\" target=\"_self\" rel=\"\" data-link-track-dtm=\"\" data-mrf-link=\"https:\/\/elpais.com\/us\/2025-09-03\/trump-y-los-democratas-abren-un-frente-por-la-lucha-contra-el-crimen-en-las-ciudades.html\">creciente militarizaci\u00f3n de la pol\u00edtica migratoria y de seguridad<\/a>\u00a0dentro del pa\u00eds: adem\u00e1s de Chicago y Portland, el presidente tambi\u00e9n ha federalizado a las tropas en\u00a0<a title=\"https:\/\/elpais.com\/us\/2025-06-09\/el-despliegue-de-la-guardia-nacional-enfrenta-a-donald-trump-contra-las-autoridades-de-california.html\" href=\"https:\/\/elpais.com\/us\/2025-06-09\/el-despliegue-de-la-guardia-nacional-enfrenta-a-donald-trump-contra-las-autoridades-de-california.html\" target=\"_self\" rel=\"\" data-link-track-dtm=\"\" data-mrf-link=\"https:\/\/elpais.com\/us\/2025-06-09\/el-despliegue-de-la-guardia-nacional-enfrenta-a-donald-trump-contra-las-autoridades-de-california.html\">Los \u00c1ngeles<\/a>\u00a0-la primera y donde el despliegue lleg\u00f3 a ser de 4.800 soldados de la Guardia Nacional y la Infanter\u00eda de Marina, el m\u00e1s numeroso hasta el momento-,\u00a0<a title=\"https:\/\/elpais.com\/internacional\/2025-08-11\/trump-explica-sus-medidas-para-reducir-el-crimen-en-washington-d-c.html\" href=\"https:\/\/elpais.com\/internacional\/2025-08-11\/trump-explica-sus-medidas-para-reducir-el-crimen-en-washington-d-c.html\" target=\"_self\" rel=\"\" data-link-track-dtm=\"\" data-mrf-link=\"https:\/\/elpais.com\/internacional\/2025-08-11\/trump-explica-sus-medidas-para-reducir-el-crimen-en-washington-d-c.html\">Washington<\/a>\u00a0y\u00a0<a title=\"https:\/\/elpais.com\/internacional\/2025-09-12\/trump-anuncia-que-desplegara-tropas-en-memphis-para-combatir-el-crimen.html\" href=\"https:\/\/elpais.com\/internacional\/2025-09-12\/trump-anuncia-que-desplegara-tropas-en-memphis-para-combatir-el-crimen.html\" target=\"_self\" rel=\"\" data-link-track-dtm=\"\" data-mrf-link=\"https:\/\/elpais.com\/internacional\/2025-09-12\/trump-anuncia-que-desplegara-tropas-en-memphis-para-combatir-el-crimen.html\">Memphis<\/a>.<\/p>\n<p class=\"\">En todas ellas, el argumento del presidente \u2014que esta semana se quejaba, sin evidencia alguna, del \u201cenemigo interior\u201d y llamaba a <a title=\"https:\/\/elpais.com\/internacional\/2025-09-30\/trump-advierte-a-los-altos-mandos-militares-sobre-una-invasion-interior-en-estados-unidos.html\" href=\"https:\/\/elpais.com\/internacional\/2025-09-30\/trump-advierte-a-los-altos-mandos-militares-sobre-una-invasion-interior-en-estados-unidos.html\" target=\"_self\" rel=\"\" data-link-track-dtm=\"\" data-mrf-link=\"https:\/\/elpais.com\/internacional\/2025-09-30\/trump-advierte-a-los-altos-mandos-militares-sobre-una-invasion-interior-en-estados-unidos.html\">convertir las ciudades en \u201ccampos de entrenamiento\u201d para los militares<\/a>\u2014 es que la violencia, en una forma u otra, se ha apoderado de las calles de tal modo que solo un paso tan extremo puede solucionarla. Trump solo ve ventajas en esta estrategia: si se impone, como de costumbre humilla a sus oponentes dem\u00f3cratas y puede alardear de ser duro contra el crimen; si las autoridades rivales le hacen frente, puede describirlas como d\u00e9biles frente a la delincuencia, un argumento de gran peso en cada ciclo electoral.<\/p>\n<p>&nbsp;<\/p>\n<figure class=\"a_m a_m-h \">\n<p><div style=\"width: 424px\" class=\"wp-caption alignnone\"><img loading=\"lazy\" decoding=\"async\" class=\"_re lazyload a_m-h\" src=\"https:\/\/imagenes.elpais.com\/resizer\/v2\/QGAM7EPNJBJDJAR6W6OKFBZCWE.jpg?auth=af04e51d68c975f68d9a7f56a592b13d71c06819e9aad1d9ae7e84463eb07a38&amp;width=414\" sizes=\"auto, (min-width:1199px) 1155px,(min-width:1001px) calc(100vw - 44px),(min-width:768px) 767px, 100vw\" srcset=\"https:\/\/imagenes.elpais.com\/resizer\/v2\/QGAM7EPNJBJDJAR6W6OKFBZCWE.jpg?auth=af04e51d68c975f68d9a7f56a592b13d71c06819e9aad1d9ae7e84463eb07a38&amp;width=414 414w,https:\/\/imagenes.elpais.com\/resizer\/v2\/QGAM7EPNJBJDJAR6W6OKFBZCWE.jpg?auth=af04e51d68c975f68d9a7f56a592b13d71c06819e9aad1d9ae7e84463eb07a38&amp;width=828 640w,https:\/\/imagenes.elpais.com\/resizer\/v2\/QGAM7EPNJBJDJAR6W6OKFBZCWE.jpg?auth=af04e51d68c975f68d9a7f56a592b13d71c06819e9aad1d9ae7e84463eb07a38&amp;width=980 1000w,https:\/\/imagenes.elpais.com\/resizer\/v2\/QGAM7EPNJBJDJAR6W6OKFBZCWE.jpg?auth=af04e51d68c975f68d9a7f56a592b13d71c06819e9aad1d9ae7e84463eb07a38&amp;width=1960 1960w\" alt=\"\" width=\"414\" height=\"277\" \/><p class=\"wp-caption-text\">Elementos de la Guardia Nacional patrullan en el Monumento a Lincoln, en septiembre pasado en Washington DC.\u00a0 \u00a0 \u00a0 \u00a0 \u00a0 \u00a0 \u00a0 \u00a0 \u00a0 \u00a0 \u00a0 Foto Daniel Becerril (REUTERS)<\/p><\/div><figcaption class=\"a_m_p\" aria-hidden=\"true\"><\/figcaption><\/figure>\n<p>&nbsp;<\/p>\n<p class=\"\">Sus oponentes rechazan la caracterizaci\u00f3n de Trump de sus ciudades y le acusan, a su vez, de hacer lo posible por ampliar su poder del modo que sea. Tambi\u00e9n, de expandir su uso de las fuerzas armadas para tareas que no les corresponden. \u201cTenemos que empezar a llamarlo por lo que es: la Invasi\u00f3n de Trump. Empez\u00f3 con agentes federales, pronto incluir\u00e1 el despliegue de miembros de la Guardia Nacional de Illinois contra nuestros deseos, y ahora tambi\u00e9n implicar\u00e1 enviar las tropas de otro Estado\u201d, escrib\u00eda Pritzker en redes sociales al denunciar el recurso a soldados de Texas.<\/p>\n<p class=\"\">El anuncio de la movilizaci\u00f3n de las tropas de California este domingo llegaba de manos de un incr\u00e9dulo Gavin Newsom, el gobernador de ese Estado, que en las redes sociales dejaba clara su furia por la medida. \u201cEsto es un abuso de poder y de la ley tal que deja sin respiraci\u00f3n\u201d, apuntaba el dem\u00f3crata. \u201cLa Administraci\u00f3n Trump ataca sin ambages el propio Estado de Derecho y pone en pr\u00e1ctica sus peligrosas palabras al desde\u00f1ar las \u00f3rdenes de los tribunales y tratar a los jueces, incluso los nombrados por el propio presidente, como oponentes pol\u00edticos\u201d.<\/p>\n<p class=\"\">El gesto de Trump representaba toda una peineta pol\u00edtica no solo para la jueza federal Karin Immergut, nombrada para ese puesto por el propio presidente y que hab\u00eda prohibido temporalmente el despliegue \u2014en un dictamen de t\u00e9rminos dur\u00edsimos contra la decisi\u00f3n del republicano\u2014 a \u00faltima hora del s\u00e1bado. Tambi\u00e9n para las autoridades dem\u00f3cratas de Oreg\u00f3n, que hab\u00edan\u00a0<a title=\"https:\/\/elpais.com\/us\/2025-09-29\/oregon-y-portland-emiten-una-demanda-contra-el-gobierno-de-trump-para-impedir-el-despliegue-de-la-guardia-nacional.html\" href=\"https:\/\/elpais.com\/us\/2025-09-29\/oregon-y-portland-emiten-una-demanda-contra-el-gobierno-de-trump-para-impedir-el-despliegue-de-la-guardia-nacional.html\" target=\"_self\" rel=\"\" data-link-track-dtm=\"\" data-mrf-link=\"https:\/\/elpais.com\/us\/2025-09-29\/oregon-y-portland-emiten-una-demanda-contra-el-gobierno-de-trump-para-impedir-el-despliegue-de-la-guardia-nacional.html\">recurrido a los tribunales para invalidar la orden original<\/a>\u00a0de movilizaci\u00f3n de tropas.<\/p>\n<p class=\"\">El abusivo inquilino de la Casa Blanca hab\u00eda anunciado hace una semana el <a title=\"https:\/\/elpais.com\/us\/2025-09-29\/oregon-y-portland-emiten-una-demanda-contra-el-gobierno-de-trump-para-impedir-el-despliegue-de-la-guardia-nacional.html\" href=\"https:\/\/elpais.com\/us\/2025-09-29\/oregon-y-portland-emiten-una-demanda-contra-el-gobierno-de-trump-para-impedir-el-despliegue-de-la-guardia-nacional.html\" target=\"_self\" rel=\"\" data-link-track-dtm=\"\" data-mrf-link=\"https:\/\/elpais.com\/us\/2025-09-29\/oregon-y-portland-emiten-una-demanda-contra-el-gobierno-de-trump-para-impedir-el-despliegue-de-la-guardia-nacional.html\">despliegue de tropas de la Guardia Nacional de ese Estado en Portland<\/a>\u00a0pese a la oposici\u00f3n de los l\u00edderes locales, con el argumento de erradicar lo que solo \u00e9l y sus partidarios consideran una violencia fuera de control desatada por el movimiento antifascista, que Trump ha declarado una organizaci\u00f3n terrorista. Portland es el lugar de origen de uno de los principales grupos\u00a0<i>antifa<\/i>\u00a0en Estados Unidos (<i>Rose City Antifa<\/i>) y es centro de protestas, mayoritariamente pac\u00edficas, contra instalaciones de la Agencia de Control de Inmigraci\u00f3n (ICE), la encargada de poner en pr\u00e1ctica la pol\u00edtica de deportaciones masivas de Trump.<\/p>\n<p class=\"\">En su suspensi\u00f3n cautelar de al menos dos semanas, Immergut considera probable que el tribunal que ve el caso acabe dando la raz\u00f3n a los dem\u00f3cratas y decidiendo que Trump se ha excedido en sus competencias al ordenar el despliegue de tropas federales para acometer tareas locales. Tambi\u00e9n ve plausible que haya violado la d\u00e9cima enmienda de la Constituci\u00f3n, que limita los poderes del Gobierno federal en favor de los Estados. Y puntualiza que \u201clas protestas en las instalaciones del ICE no fueron significativamente violentas o disruptivas en los d\u00edas, o incluso semanas, previas a la directriz del presidente\u201d.<\/p>\n<p>&nbsp;<\/p>\n<figure class=\"a_m a_m-h \">\n<p><div style=\"width: 424px\" class=\"wp-caption alignnone\"><img loading=\"lazy\" decoding=\"async\" class=\"_re lazyload a_m-h\" src=\"https:\/\/imagenes.elpais.com\/resizer\/v2\/N2WEWCDBEVKXBM2NOYBEJ222TQ.jpg?auth=34ab00fbfa3f59b2aef3400bb297380142d7a5c4a19442f76f40859f5268e9f5&amp;width=414\" sizes=\"auto, (min-width:1199px) 1155px,(min-width:1001px) calc(100vw - 44px),(min-width:768px) 767px, 100vw\" srcset=\"https:\/\/imagenes.elpais.com\/resizer\/v2\/N2WEWCDBEVKXBM2NOYBEJ222TQ.jpg?auth=34ab00fbfa3f59b2aef3400bb297380142d7a5c4a19442f76f40859f5268e9f5&amp;width=414 414w,https:\/\/imagenes.elpais.com\/resizer\/v2\/N2WEWCDBEVKXBM2NOYBEJ222TQ.jpg?auth=34ab00fbfa3f59b2aef3400bb297380142d7a5c4a19442f76f40859f5268e9f5&amp;width=828 640w,https:\/\/imagenes.elpais.com\/resizer\/v2\/N2WEWCDBEVKXBM2NOYBEJ222TQ.jpg?auth=34ab00fbfa3f59b2aef3400bb297380142d7a5c4a19442f76f40859f5268e9f5&amp;width=980 1000w,https:\/\/imagenes.elpais.com\/resizer\/v2\/N2WEWCDBEVKXBM2NOYBEJ222TQ.jpg?auth=34ab00fbfa3f59b2aef3400bb297380142d7a5c4a19442f76f40859f5268e9f5&amp;width=1960 1960w\" alt=\"\" width=\"414\" height=\"277\" \/><p class=\"wp-caption-text\">Agentes del Servicio Federal de Protecci\u00f3n montan guardia en una protesta frente a la sede del ICE en el sur de Portland.\u00a0 \u00a0 \u00a0 \u00a0 \u00a0 \u00a0 \u00a0 \u00a0 \u00a0Foto John Rudoff (REUTERS)<\/p><\/div><figcaption class=\"a_m_p\" aria-hidden=\"true\"><\/figcaption><\/figure>\n<h3 class=\"\">Una bofetada para Newsom<\/h3>\n<p class=\"\">La movilizaci\u00f3n tambi\u00e9n representa una sonora bofetada para Newsom -una de las grandes n\u00e9mesis dem\u00f3cratas de Trump y uno de los nombres que m\u00e1s suenan como candidato dem\u00f3crata en las presidenciales de 2028-, que ya mantuvo una fuerte agarrada con el presidente en junio, cuando Trump abri\u00f3 la veda contra las ciudades gobernadas por la oposici\u00f3n y decidi\u00f3 enviar tropas de la Guardia Nacional y la Infanter\u00eda de Marina a Los \u00c1ngeles con el argumento de controlar las protestas contra su dur\u00edsima pol\u00edtica migratoria.<\/p>\n<p class=\"\">Tanto Newsom como las autoridades de Oreg\u00f3n han anunciado que volver\u00e1n a los tribunales para cancelar el despliegue de las tropas californianas. En una rueda de prensa en Portland, el fiscal general de ese estado, Dan Rayfield, denunciaba que \u201cla presencia de tropas federales en Portland solo servir\u00e1 para inflamar la situaci\u00f3n\u201d. El presidente, opinaba, trata de actuar de esta manera para interferir en las elecciones de medio mandato del a\u00f1o pr\u00f3ximo, que decidir\u00e1n qu\u00e9 partido tiene la mayor\u00eda en las dos c\u00e1maras del Congreso.<\/p>\n<p class=\"\">La Administraci\u00f3n Trump, por su parte, ha anunciado que recurrir\u00e1 la decisi\u00f3n de la jueza Immergut. El jefe adjunto de Gabinete en la Casa Blanca y principal asesor pol\u00edtico de Trump, Stephen Miller, ha acusado a la togada de \u201cinsurrecci\u00f3n legal\u201d.<\/p>\n<p class=\"\">En esta disputa, la Administraci\u00f3n recurre cada vez m\u00e1s abiertamente a la mentirosa ret\u00f3rica b\u00e9lica. Trump describ\u00eda este domingo a los periodistas la situaci\u00f3n en Portland casi como si fuera Ucrania: \u201cest\u00e1 ardiendo hasta los cimientos. Tienes agitadores, insurrectos. Enciendan la televisi\u00f3n. La gobernadora, el alcalde, los pol\u00edticos, est\u00e1n petrificados y temen por sus vidas\u201d. Miller, por su parte, escrib\u00eda en redes sociales que \u201cel despliegue de las tropas es una necesidad absoluta para defender a nuestro personal, nuestras leyes, nuestro gobierno, nuestro orden p\u00fablico y la propia Rep\u00fablica\u201d.<\/p>\n<p class=\"\">La secretaria de Seguridad Nacional, Kristi Noem, declaraba a la cadena de televisi\u00f3n favorita de Trump, Fox News, que Chicago es una \u201czona de guerra\u201d, donde los \u201ccriminales\u201d van a \u201cdestruir las vidas de la gente\u201d. \u201cNuestros datos de inteligencia nos indican que esta gente est\u00e1 organizada. Cada vez cuentan con m\u00e1s gente en su equipo para atacar a los agentes de polic\u00eda, y est\u00e1n haciendo planes para emboscarlos y matarlos\u201d, ha sostenido la antigua gobernadora de Dakota del Sur, sin aportar pruebas.<\/p>\n<p class=\"\">Es algo que el gobernador de Illinois, J.B. Pritzker, rechaza tajantemente. En declaraciones a su vez a la cadena CNN, el dem\u00f3crata replicaba que son los republicanos quienes quieren esparcir el caos en las ciudades. \u201cEllos son los que quieren crear una zona de guerra, para poder desplegar a\u00fan m\u00e1s soldados\u201d, denunciaba.<\/p>\n<p class=\"\">As\u00ed las cosas, las tensiones se encuentran por todo lo alto en Portland, donde contin\u00faan las protestas frente a las oficinas de ICE, pero tambi\u00e9n en Chicago y sus afueras. All\u00ed, este domingo segu\u00edan las manifestaciones que se vienen sucediendo desde hace semanas frente a instalaciones de ICE en la localidad de Broadway, en los alrededores de la metr\u00f3polis. El s\u00e1bado, agentes del Departamento de Seguridad Nacional abrieron fuego en Chicago contra una conductora a la que acusaron de ir armada y haber intentado chocar a prop\u00f3sito contra uno de sus veh\u00edculos. Varios activistas denuncian que ocurri\u00f3 al rev\u00e9s y fueron los autom\u00f3viles federales los que forzaron la colisi\u00f3n.<\/p>\n","protected":false},"excerpt":{"rendered":"<p>&nbsp; La jueza Karin Immergut vuelve a bloquear la medida vengativa de Trump y le proh\u00edbe cualquier despliegue de ese cuerpo militar en la ciudad&hellip;<\/p>\n","protected":false},"author":99,"featured_media":536808,"comment_status":"open","ping_status":"open","sticky":false,"template":"","format":"standard","meta":{"footnotes":""},"categories":[24],"tags":[],"class_list":["post-536807","post","type-post","status-publish","format-standard","has-post-thumbnail","hentry","category-mundo"],"_links":{"self":[{"href":"https:\/\/diarioelpopular.com\/index.php\/wp-json\/wp\/v2\/posts\/536807","targetHints":{"allow":["GET"]}}],"collection":[{"href":"https:\/\/diarioelpopular.com\/index.php\/wp-json\/wp\/v2\/posts"}],"about":[{"href":"https:\/\/diarioelpopular.com\/index.php\/wp-json\/wp\/v2\/types\/post"}],"author":[{"embeddable":true,"href":"https:\/\/diarioelpopular.com\/index.php\/wp-json\/wp\/v2\/users\/99"}],"replies":[{"embeddable":true,"href":"https:\/\/diarioelpopular.com\/index.php\/wp-json\/wp\/v2\/comments?post=536807"}],"version-history":[{"count":1,"href":"https:\/\/diarioelpopular.com\/index.php\/wp-json\/wp\/v2\/posts\/536807\/revisions"}],"predecessor-version":[{"id":536809,"href":"https:\/\/diarioelpopular.com\/index.php\/wp-json\/wp\/v2\/posts\/536807\/revisions\/536809"}],"wp:featuredmedia":[{"embeddable":true,"href":"https:\/\/diarioelpopular.com\/index.php\/wp-json\/wp\/v2\/media\/536808"}],"wp:attachment":[{"href":"https:\/\/diarioelpopular.com\/index.php\/wp-json\/wp\/v2\/media?parent=536807"}],"wp:term":[{"taxonomy":"category","embeddable":true,"href":"https:\/\/diarioelpopular.com\/index.php\/wp-json\/wp\/v2\/categories?post=536807"},{"taxonomy":"post_tag","embeddable":true,"href":"https:\/\/diarioelpopular.com\/index.php\/wp-json\/wp\/v2\/tags?post=536807"}],"curies":[{"name":"wp","href":"https:\/\/api.w.org\/{rel}","templated":true}]}}