{"id":536811,"date":"2025-10-06T09:07:09","date_gmt":"2025-10-06T13:07:09","guid":{"rendered":"https:\/\/diarioelpopular.com\/?p=536811"},"modified":"2025-10-06T09:07:09","modified_gmt":"2025-10-06T13:07:09","slug":"la-corrupcion-ya-es-la-principal-preocupacion-de-los-argentinos-segun-las-encuestas","status":"publish","type":"post","link":"https:\/\/diarioelpopular.com\/index.php\/2025\/10\/06\/la-corrupcion-ya-es-la-principal-preocupacion-de-los-argentinos-segun-las-encuestas\/","title":{"rendered":"La corrupci\u00f3n ya es la principal preocupaci\u00f3n de los argentinos, seg\u00fan las encuestas"},"content":{"rendered":"<div id=\"attachment_536812\" style=\"width: 1210px\" class=\"wp-caption alignnone\"><img loading=\"lazy\" decoding=\"async\" aria-describedby=\"caption-attachment-536812\" class=\"wp-image-536812 size-custom-big-size\" src=\"https:\/\/diarioelpopular.com\/wp-content\/uploads\/2025\/10\/Screen-Shot-2025-10-06-at-9.06.15-AM-1200x804.png\" alt=\"\" width=\"1200\" height=\"804\" srcset=\"https:\/\/diarioelpopular.com\/wp-content\/uploads\/2025\/10\/Screen-Shot-2025-10-06-at-9.06.15-AM-1200x804.png 1200w, https:\/\/diarioelpopular.com\/wp-content\/uploads\/2025\/10\/Screen-Shot-2025-10-06-at-9.06.15-AM-300x201.png 300w, https:\/\/diarioelpopular.com\/wp-content\/uploads\/2025\/10\/Screen-Shot-2025-10-06-at-9.06.15-AM-768x515.png 768w, https:\/\/diarioelpopular.com\/wp-content\/uploads\/2025\/10\/Screen-Shot-2025-10-06-at-9.06.15-AM-636x426.png 636w, https:\/\/diarioelpopular.com\/wp-content\/uploads\/2025\/10\/Screen-Shot-2025-10-06-at-9.06.15-AM-80x55.png 80w, https:\/\/diarioelpopular.com\/wp-content\/uploads\/2025\/10\/Screen-Shot-2025-10-06-at-9.06.15-AM-109x73.png 109w, https:\/\/diarioelpopular.com\/wp-content\/uploads\/2025\/10\/Screen-Shot-2025-10-06-at-9.06.15-AM.png 1024w\" sizes=\"auto, (max-width: 1200px) 100vw, 1200px\" \/><p id=\"caption-attachment-536812\" class=\"wp-caption-text\">Propaganda en contra de Javier Milei y Donald Trump en Buenos Aires, el 2 de octubre. Foto Natacha Pisarenko (AP)<\/p><\/div>\n<p>&nbsp;<\/p>\n<p>&nbsp;<\/p>\n<ul>\n<li><em><strong>Diferentes estudios de opini\u00f3n se\u00f1alan el declive de la inflaci\u00f3n como problema, junto con una mayor percepci\u00f3n negativa de la imagen presidencial<\/strong><\/em><\/li>\n<\/ul>\n<p>&nbsp;<\/p>\n<p class=\"\">Tres grandes esc\u00e1ndalos de corrupci\u00f3n han marcado al <a title=\"https:\/\/elpais.com\/argentina\/2025-09-30\/el-principal-candidato-de-milei-en-buenos-aires-denunciado-por-vinculos-con-el-narcotrafico.html\" href=\"https:\/\/elpais.com\/argentina\/2025-09-30\/el-principal-candidato-de-milei-en-buenos-aires-denunciado-por-vinculos-con-el-narcotrafico.html\" target=\"_self\" rel=\"\" data-link-track-dtm=\"\" data-mrf-link=\"https:\/\/elpais.com\/argentina\/2025-09-30\/el-principal-candidato-de-milei-en-buenos-aires-denunciado-por-vinculos-con-el-narcotrafico.html\">Gobierno de Javier Milei<\/a>\u00a0en lo que va de este a\u00f1o y el tema ha escalado en la preocupaci\u00f3n de la sociedad.<\/p>\n<p class=\"\">Diferentes encuestas y sondeos de opini\u00f3n p\u00fablica recientes destacan una creciente presencia de la corrupci\u00f3n como el principal problema del pa\u00eds, seg\u00fan los consultados, desplazando a las cuestiones asociadas a una econom\u00eda inestable (inflaci\u00f3n, pobreza y desempleo) y a la inseguridad. A 20 d\u00edas de\u00a0<a title=\"https:\/\/elpais.com\/argentina\/2025-10-01\/milei-retoma-la-relacion-con-macri-tras-la-derrota-electoral-en-buenos-aires.html\" href=\"https:\/\/elpais.com\/argentina\/2025-10-01\/milei-retoma-la-relacion-con-macri-tras-la-derrota-electoral-en-buenos-aires.html\" target=\"_self\" rel=\"\" data-link-track-dtm=\"\" data-mrf-link=\"https:\/\/elpais.com\/argentina\/2025-10-01\/milei-retoma-la-relacion-con-macri-tras-la-derrota-electoral-en-buenos-aires.html\">las cruciales elecciones legislativas de Argentina<\/a>, esa percepci\u00f3n social es un dolor de cabeza para el presidente ultraderechista porque, adem\u00e1s, aparece asociada a una valoraci\u00f3n cada vez m\u00e1s negativa de su figura.<\/p>\n<p class=\"\">Los grandes esc\u00e1ndalos de corrupci\u00f3n del a\u00f1o fueron inaugurados por el propio Milei, en febrero. Fue cuando promocion\u00f3\u00a0<a title=\"https:\/\/elpais.com\/argentina\/2025-02-18\/las-claves-del-criptogate-el-escandalo-que-golpea-a-javier-milei.html\" href=\"https:\/\/elpais.com\/argentina\/2025-02-18\/las-claves-del-criptogate-el-escandalo-que-golpea-a-javier-milei.html\" target=\"_self\" rel=\"\" data-link-track-dtm=\"\" data-mrf-link=\"https:\/\/elpais.com\/argentina\/2025-02-18\/las-claves-del-criptogate-el-escandalo-que-golpea-a-javier-milei.html\">la criptomoneda $Libra<\/a>, una aparente estafa que dej\u00f3 miles de damnificados a nivel internacional y que es investigada por la justicia de Estados Unidos y de Argentina. El segundo caso se bas\u00f3 en la filtraci\u00f3n de audios del exdirector de Discapacidad Diego Spagnuolo, en los que describ\u00eda el pago de sobornos a Karina Milei, hermana del mandatario y secretaria general de la Presidencia, entre otros funcionarios. El tercer caso estall\u00f3 en la \u00faltima semana e involucra al principal\u00a0<a title=\"https:\/\/elpais.com\/argentina\/2025-10-04\/el-candidato-de-milei-en-buenos-aires-admite-que-recibio-200000-dolares-de-un-empresario-preso-por-narcotrafico.html\" href=\"https:\/\/elpais.com\/argentina\/2025-10-04\/el-candidato-de-milei-en-buenos-aires-admite-que-recibio-200000-dolares-de-un-empresario-preso-por-narcotrafico.html\" target=\"_self\" rel=\"\" data-link-track-dtm=\"\" data-mrf-link=\"https:\/\/elpais.com\/argentina\/2025-10-04\/el-candidato-de-milei-en-buenos-aires-admite-que-recibio-200000-dolares-de-un-empresario-preso-por-narcotrafico.html\">candidato a diputado de Milei en Buenos Aires: Jos\u00e9 Luis Espert<\/a>\u00a0es acusado de haber sido financiado por un empresario detenido e investigado en EE UU por narcotr\u00e1fico.<\/p>\n<p class=\"\">Todo indica que la sucesi\u00f3n de hechos hizo mella en la percepci\u00f3n social. Una encuesta realizada en septiembre, en todo el pa\u00eds, por la consultora Management &amp; Fit se\u00f1ala que la corrupci\u00f3n lleg\u00f3 al primer lugar de las preocupaciones ciudadanas, con el 24% de las menciones. Supera a la inseguridad (16,8%), los aumentos de precios y tarifas (15,9%), la pobreza (14,8%) y la desocupaci\u00f3n (12,5%). Un estudio similar de la consultora Opina Argentina les pregunt\u00f3 a m\u00e1s de 2.000 personas: \u00bfcu\u00e1l es el principal problema que el Gobierno deber\u00eda solucionar? El 38% respondi\u00f3 \u201cla corrupci\u00f3n\u201d. Luego siguieron el desempleo (24%), la inseguridad y el narcotr\u00e1fico (16%) y la inflaci\u00f3n (9%).<\/p>\n<p class=\"\">Otras consultoras obtuvieron resultados similares y, en todos los casos, se observa una atenci\u00f3n cada vez mayor de los argentinos en\u00a0<a title=\"https:\/\/elpais.com\/argentina\/2025-08-25\/los-casos-de-corrupcion-que-acechan-al-gobierno-de-milei.html\" href=\"https:\/\/elpais.com\/argentina\/2025-08-25\/los-casos-de-corrupcion-que-acechan-al-gobierno-de-milei.html\" target=\"_self\" rel=\"\" data-link-track-dtm=\"\" data-mrf-link=\"https:\/\/elpais.com\/argentina\/2025-08-25\/los-casos-de-corrupcion-que-acechan-al-gobierno-de-milei.html\">los casos de corrupci\u00f3n que salpican al Gobierno<\/a>. Para Opina Argentina, el asunto convocaba un 13% de menciones en diciembre de 2023, cuando asumi\u00f3 Milei: hoy aument\u00f3 25 puntos. Para Management &amp; Fit, se increment\u00f3 en casi seis puntos en los \u00faltimos tres meses.<\/p>\n<p class=\"\">\u201cDesde febrero de este a\u00f1o, a partir del esc\u00e1ndalo $Libra, la corrupci\u00f3n escal\u00f3 como una de las principales preocupaciones de la ciudadan\u00eda argentina\u201d, confirma Marina Acosta, doctora en ciencias sociales y directora de la consultora Analog\u00edas. \u201cLa preocupaci\u00f3n se agrav\u00f3 tras los audios que involucraron a la hermana del presidente. Tan es as\u00ed que, en nuestra \u00faltima encuesta, no solo los encuestados dicen que en este Gobierno hay corrupci\u00f3n, sino que una mayor\u00eda contundente, cercana al 60%, cree que Karina Milei debe renunciar a su cargo\u201d.<\/p>\n<p class=\"\">El impacto negativo es a\u00fan mayor para un l\u00edder como Milei, que irrumpi\u00f3 en el sistema pol\u00edtico con un discurso que lo presentaba como un dirigente enfrentado con \u201cla casta\u201d, corrupta e ineficiente, y poseedor de un saber econ\u00f3mico capaz de sacar a Argentina de su laberinto. Con la econom\u00eda estancada y necesitada de\u00a0<a title=\"https:\/\/elpais.com\/argentina\/2025-09-28\/el-abrazo-de-trump-a-milei-un-rescate-al-borde-del-abismo.html\" href=\"https:\/\/elpais.com\/argentina\/2025-09-28\/el-abrazo-de-trump-a-milei-un-rescate-al-borde-del-abismo.html\" target=\"_self\" rel=\"\" data-link-track-dtm=\"\" data-mrf-link=\"https:\/\/elpais.com\/argentina\/2025-09-28\/el-abrazo-de-trump-a-milei-un-rescate-al-borde-del-abismo.html\">un salvataje de Estados Unidos<\/a>\u00a0\u2014tras haber recibido un rescate del FMI seis meses atr\u00e1s\u2014, las denuncias por irregularidades protagonizadas por \u00e9l mismo y su entorno son heridas punzantes.<\/p>\n<p class=\"\">\u201cEn el contexto electoral, la corrupci\u00f3n se vuelve un gran problema para el Gobierno, porque se ha quedado pr\u00e1cticamente sin narrativas\u201d, agrega Acosta. \u201cYa no puede defender el programa de ajuste porque la poblaci\u00f3n entiende que no ha valido la pena el sacrificio que se le pidi\u00f3, porque no ha habido mejoras en la vida cotidiana y porque quienes fueron ajustados han sido los jubilados y trabajadores. Tampoco puede defender la transparencia institucional y la lucha contra la corrupci\u00f3n porque sus propios funcionarios son los protagonistas de estafas y esc\u00e1ndalos\u201d.<\/p>\n<p class=\"\">De acuerdo con diversos estudios, la aprobaci\u00f3n social de Milei est\u00e1 en los valores m\u00e1s bajos desde su ingreso en la Casa Rosada. El Laboratorio de Observaci\u00f3n de la Opini\u00f3n P\u00fablica (LOOP), de la Universidad de San Andr\u00e9s, advierte que\u00a0<a title=\"https:\/\/images.udesa.edu.ar\/sites\/default\/files\/2025-09\/47.%20UdeSA%20ESPOP%20Septiembre%202025_0.pdf\" href=\"https:\/\/images.udesa.edu.ar\/sites\/default\/files\/2025-09\/47.%20UdeSA%20ESPOP%20Septiembre%202025_0.pdf\" target=\"_blank\" rel=\"noopener\" data-link-track-dtm=\"\" data-mrf-link=\"https:\/\/images.udesa.edu.ar\/sites\/default\/files\/2025-09\/47.%20UdeSA%20ESPOP%20Septiembre%202025_0.pdf\">un 58% de los consultados desaprueba al Gobierno de Milei<\/a>\u00a0y un 39% lo aprueba. En la comparaci\u00f3n con el pasado reciente, el deterioro es evidente: en marzo, el LOOP hab\u00eda se\u00f1alado una desaprobaci\u00f3n del 52% y una aprobaci\u00f3n del 45%.<\/p>\n<p class=\"\">El reconocido \u00cdndice de Confianza en el Gobierno que elabora mensualmente la Universidad Torcuato Di Tella tambi\u00e9n exhibe una ca\u00edda en la valoraci\u00f3n de la gesti\u00f3n de la ultraderecha. En una escala de 0 a 5, el mes de septiembre le asigna a Milei 1,94 puntos, por lejos\u00a0<a title=\"https:\/\/www.utdt.edu\/download.php?fname=_175915642724797500.pdf\" href=\"https:\/\/www.utdt.edu\/download.php?fname=_175915642724797500.pdf\" target=\"_blank\" rel=\"noopener\" data-link-track-dtm=\"\" data-mrf-link=\"https:\/\/www.utdt.edu\/download.php?fname=_175915642724797500.pdf\">su peor marca en los 22 meses que lleva como presidente<\/a>. Respecto del mes anterior, implica una merma del 8,2% y respecto de enero, un desplome del 25%.<\/p>\n<p class=\"\">Con ese bagaje a cuestas, Milei se encamina a enfrentar la primera evaluaci\u00f3n popular de su administraci\u00f3n. El domingo 26 de octubre, cuando se realicen los comicios legislativos nacionales, las urnas dar\u00e1n su veredicto.<\/p>\n","protected":false},"excerpt":{"rendered":"<p>&nbsp; &nbsp; Diferentes estudios de opini\u00f3n se\u00f1alan el declive de la inflaci\u00f3n como problema, junto con una mayor percepci\u00f3n negativa de la imagen presidencial &nbsp;&hellip;<\/p>\n","protected":false},"author":99,"featured_media":536812,"comment_status":"open","ping_status":"open","sticky":false,"template":"","format":"standard","meta":{"footnotes":""},"categories":[23],"tags":[],"class_list":["post-536811","post","type-post","status-publish","format-standard","has-post-thumbnail","hentry","category-latinoamerica"],"_links":{"self":[{"href":"https:\/\/diarioelpopular.com\/index.php\/wp-json\/wp\/v2\/posts\/536811","targetHints":{"allow":["GET"]}}],"collection":[{"href":"https:\/\/diarioelpopular.com\/index.php\/wp-json\/wp\/v2\/posts"}],"about":[{"href":"https:\/\/diarioelpopular.com\/index.php\/wp-json\/wp\/v2\/types\/post"}],"author":[{"embeddable":true,"href":"https:\/\/diarioelpopular.com\/index.php\/wp-json\/wp\/v2\/users\/99"}],"replies":[{"embeddable":true,"href":"https:\/\/diarioelpopular.com\/index.php\/wp-json\/wp\/v2\/comments?post=536811"}],"version-history":[{"count":1,"href":"https:\/\/diarioelpopular.com\/index.php\/wp-json\/wp\/v2\/posts\/536811\/revisions"}],"predecessor-version":[{"id":536813,"href":"https:\/\/diarioelpopular.com\/index.php\/wp-json\/wp\/v2\/posts\/536811\/revisions\/536813"}],"wp:featuredmedia":[{"embeddable":true,"href":"https:\/\/diarioelpopular.com\/index.php\/wp-json\/wp\/v2\/media\/536812"}],"wp:attachment":[{"href":"https:\/\/diarioelpopular.com\/index.php\/wp-json\/wp\/v2\/media?parent=536811"}],"wp:term":[{"taxonomy":"category","embeddable":true,"href":"https:\/\/diarioelpopular.com\/index.php\/wp-json\/wp\/v2\/categories?post=536811"},{"taxonomy":"post_tag","embeddable":true,"href":"https:\/\/diarioelpopular.com\/index.php\/wp-json\/wp\/v2\/tags?post=536811"}],"curies":[{"name":"wp","href":"https:\/\/api.w.org\/{rel}","templated":true}]}}