{"id":536853,"date":"2025-10-07T09:44:07","date_gmt":"2025-10-07T13:44:07","guid":{"rendered":"https:\/\/diarioelpopular.com\/?p=536853"},"modified":"2025-10-07T09:44:07","modified_gmt":"2025-10-07T13:44:07","slug":"chicago-convertida-en-zona-de-guerra-por-el-terror-migratorio-implantado-por-trump","status":"publish","type":"post","link":"https:\/\/diarioelpopular.com\/index.php\/2025\/10\/07\/chicago-convertida-en-zona-de-guerra-por-el-terror-migratorio-implantado-por-trump\/","title":{"rendered":"Chicago, convertida en \u201czona de guerra\u201d por el terror migratorio implantado por Trump"},"content":{"rendered":"<div id=\"attachment_536854\" style=\"width: 1210px\" class=\"wp-caption alignnone\"><img loading=\"lazy\" decoding=\"async\" aria-describedby=\"caption-attachment-536854\" class=\"wp-image-536854 size-custom-big-size\" src=\"https:\/\/diarioelpopular.com\/wp-content\/uploads\/2025\/10\/Screen-Shot-2025-10-07-at-9.42.48-AM-1200x815.png\" alt=\"\" width=\"1200\" height=\"815\" srcset=\"https:\/\/diarioelpopular.com\/wp-content\/uploads\/2025\/10\/Screen-Shot-2025-10-07-at-9.42.48-AM-1200x815.png 1200w, https:\/\/diarioelpopular.com\/wp-content\/uploads\/2025\/10\/Screen-Shot-2025-10-07-at-9.42.48-AM-300x204.png 300w, https:\/\/diarioelpopular.com\/wp-content\/uploads\/2025\/10\/Screen-Shot-2025-10-07-at-9.42.48-AM-768x521.png 768w, https:\/\/diarioelpopular.com\/wp-content\/uploads\/2025\/10\/Screen-Shot-2025-10-07-at-9.42.48-AM-636x432.png 636w, https:\/\/diarioelpopular.com\/wp-content\/uploads\/2025\/10\/Screen-Shot-2025-10-07-at-9.42.48-AM-80x55.png 80w, https:\/\/diarioelpopular.com\/wp-content\/uploads\/2025\/10\/Screen-Shot-2025-10-07-at-9.42.48-AM-108x73.png 108w, https:\/\/diarioelpopular.com\/wp-content\/uploads\/2025\/10\/Screen-Shot-2025-10-07-at-9.42.48-AM.png 1024w\" sizes=\"auto, (max-width: 1200px) 100vw, 1200px\" \/><p id=\"caption-attachment-536854\" class=\"wp-caption-text\">Detenci\u00f3n de un manifestante en Broadview, el 3 de octubre.\u00a0 Foto Erin Hooley (AP)<\/p><\/div>\n<p>&nbsp;<\/p>\n<h4><em>&#8211; Las fuerzas federales han desplegado gas lacrim\u00f3geno y pimienta y han disparado a manifestantes, tras d\u00edas de protestas ciudadanas por las artrarias detenciones de migrantes, mientras que el mat\u00f3n de la Casa Blanca autoriza mandar a la Guardia Nacional<\/em><\/h4>\n<p>&nbsp;<\/p>\n<p class=\"\">Ese pa\u00eds est\u00e1 cada vez peor y Donald Trump le ha declarado<a title=\"https:\/\/elpais.com\/internacional\/2025-10-06\/las-ciudades-democratas-de-estados-unidos-se-rebelan-contra-los-intentos-de-trump-de-controlarlas-con-tropas.html\" href=\"https:\/\/elpais.com\/internacional\/2025-10-06\/las-ciudades-democratas-de-estados-unidos-se-rebelan-contra-los-intentos-de-trump-de-controlarlas-con-tropas.html\" target=\"_self\" rel=\"\" data-link-track-dtm=\"\" data-mrf-link=\"https:\/\/elpais.com\/internacional\/2025-10-06\/las-ciudades-democratas-de-estados-unidos-se-rebelan-contra-los-intentos-de-trump-de-controlarlas-con-tropas.html\"> la guerra a las ciudades dem\u00f3cratas que considera sus enemigas,<\/a>\u00a0y a juzgar por las escenas de violencia que se sucedieron los \u00faltimos d\u00edas, Chicago se ha convertido en un campo de batalla.<\/p>\n<p class=\"\">Numerosas personas han resultado heridas y varias arrestadas en los enfrentamientos ocurridos entre las fuerzas federales y los manifestantes que protestaron el fin de semana contra el operativo de detenci\u00f3n de migrantes que el Gobierno puso en marcha en la ciudad el mes pasado. Los agentes de inmigraci\u00f3n usaron gases lacrim\u00f3genos e hicieron uso excesivo de la fuerza contra los miles de ciudadanos que denunciaban los abusos cometidos contra los migrantes y las deplorables condiciones en las que los mantienen en los centros de detenci\u00f3n.<\/p>\n<p class=\"\">La llamada\u00a0<i>Operation Midway Blitz<\/i>, iniciada a principios de septiembre, ya se ha saldado con m\u00e1s de 500 detenciones de migrantes, seg\u00fan datos del Gobierno. Las protestas en contra del operativo se han ido multiplicando en las \u00faltimas semanas, lo que ha llevado a Trump a autorizar la movilizaci\u00f3n de <a title=\"https:\/\/elpais.com\/internacional\/2025-10-05\/trump-persiste-en-desplegar-tropas-en-las-ciudades-democratas-pese-a-que-los-jueces-se-lo-bloquean.html\" href=\"https:\/\/elpais.com\/internacional\/2025-10-05\/trump-persiste-en-desplegar-tropas-en-las-ciudades-democratas-pese-a-que-los-jueces-se-lo-bloquean.html\" target=\"_self\" rel=\"\" data-link-track-dtm=\"\" data-mrf-link=\"https:\/\/elpais.com\/internacional\/2025-10-05\/trump-persiste-en-desplegar-tropas-en-las-ciudades-democratas-pese-a-que-los-jueces-se-lo-bloquean.html\">cientos de efectivos<\/a> de la Guardia Nacional para contener las manifestaciones de protesta y proteger a los agentes federales. El gobernador de Texas, el republicano Greg Abbott, tambi\u00e9n puso a disposici\u00f3n a las tropas texanas. Las autoridades de Chicago y del Estado de Illinois respondieron el lunes con una demanda contra la Administraci\u00f3n para bloquear el despliegue en sus calles, pero una jueza federal declin\u00f3, por ahora, frenarlo. Se espera que los soldados lleguen este martes a la tercera ciudad m\u00e1s poblada del pa\u00eds.<\/p>\n<p class=\"\">El gobernador de Illinois, J. B. Pritzker, ha acusado al Gobierno de querer \u201ccrear una\u00a0<a title=\"https:\/\/elpais.com\/opinion\/2025-09-21\/ensayo-de-guerra-civil.html\" href=\"https:\/\/elpais.com\/opinion\/2025-09-21\/ensayo-de-guerra-civil.html\" target=\"_self\" rel=\"\" data-link-track-dtm=\"\" data-mrf-link=\"https:\/\/elpais.com\/opinion\/2025-09-21\/ensayo-de-guerra-civil.html\">zona de guerra<\/a>\u201d para justificar la movilizaci\u00f3n de la Guardia Nacional. \u201cEst\u00e1n usando todos los recursos a su disposici\u00f3n para impedir que mantengamos el orden\u201d, ha asegurado.<\/p>\n<p>&nbsp;<\/p>\n<figure class=\"a_m a_m-h \">\n<p><div style=\"width: 424px\" class=\"wp-caption alignnone\"><img loading=\"lazy\" decoding=\"async\" class=\"_re lazyload a_m-h\" src=\"https:\/\/imagenes.elpais.com\/resizer\/v2\/ZSMGNI46X5OBFNURGSHPH4YPJA.jpg?auth=a2fea32199782c9163c08666957d2b41bd0388071b44e618bf1cf55973bb76d0&amp;width=414\" sizes=\"auto, (min-width:1199px) 1155px,(min-width:1001px) calc(100vw - 44px),(min-width:768px) 767px, 100vw\" srcset=\"https:\/\/imagenes.elpais.com\/resizer\/v2\/ZSMGNI46X5OBFNURGSHPH4YPJA.jpg?auth=a2fea32199782c9163c08666957d2b41bd0388071b44e618bf1cf55973bb76d0&amp;width=414 414w,https:\/\/imagenes.elpais.com\/resizer\/v2\/ZSMGNI46X5OBFNURGSHPH4YPJA.jpg?auth=a2fea32199782c9163c08666957d2b41bd0388071b44e618bf1cf55973bb76d0&amp;width=828 640w,https:\/\/imagenes.elpais.com\/resizer\/v2\/ZSMGNI46X5OBFNURGSHPH4YPJA.jpg?auth=a2fea32199782c9163c08666957d2b41bd0388071b44e618bf1cf55973bb76d0&amp;width=980 1000w,https:\/\/imagenes.elpais.com\/resizer\/v2\/ZSMGNI46X5OBFNURGSHPH4YPJA.jpg?auth=a2fea32199782c9163c08666957d2b41bd0388071b44e618bf1cf55973bb76d0&amp;width=1960 1960w\" alt=\"Protesta fuera del centro de detenci\u00f3n de Broadview, Chicago, el 3 de octubre.\" width=\"414\" height=\"276\" \/><p class=\"wp-caption-text\">Protesta fuera del centro de detenci\u00f3n de Broadview, Chicago, el 3 de octubre. Foto Jim Vondruska (REUTERS)<\/p><\/div><figcaption class=\"a_m_p\" aria-hidden=\"true\"><\/figcaption><\/figure>\n<p>&nbsp;<\/p>\n<p class=\"\">La violencia se recrudeci\u00f3 el fin de semana pasado en los encuentros de manifestantes y agentes del orden frente al centro de detenci\u00f3n de Broadview, un suburbio cercano al oeste de Chicago donde la mayor\u00eda de la poblaci\u00f3n es de raza negra y latina. V\u00eddeos que se difundieron r\u00e1pidamente en las redes sociales mostraron la agresividad utilizada por los agentes del Servicio de Inmigraci\u00f3n y Control de Aduanas (ICE, por sus siglas en ingl\u00e9s).<\/p>\n<p class=\"\">El Departamento de Seguridad Nacional (DHS) reconoci\u00f3 que agentes federales le dispararon a mansalva a una mujer el s\u00e1bado por la ma\u00f1ana en el suroeste de Chicago. El DHS declar\u00f3 que la mujer era ciudadana estadounidense y supuestamente ten\u00eda un arma semiautom\u00e1tica. Tricia McLaughlin, vicesecretaria del Departamento, afirm\u00f3 que la mujer se dirigi\u00f3 por sus propios medios a un hospital para recibir tratamiento. El DHS dijo que los disparos se produjeron cuando un grupo de personas embisti\u00f3 con sus veh\u00edculos a los de los funcionarios de inmigraci\u00f3n. \u201cLas fuerzas del orden se vieron obligadas a desplegar sus armas\u201d, asegur\u00f3 McLaughlin.<\/p>\n<p class=\"\">Jesse Fuentes, una concejal de Salud del Distrito 26 de Chicago, fue agredida por agentes federales en el hospital de su barrio, a donde acudi\u00f3 porque le hab\u00edan avisado de que los agentes del ICE estaban asustando al personal y a los pacientes. \u201cHab\u00eda una persona en urgencias con la pierna completamente destrozada. Les pregunt\u00e9 si ten\u00edan una orden judicial. Se negaron a mostrarme nada y me trataron con mucha agresividad. Me empujaron varias veces antes de esposarme por no hacer nada, solo preguntarles si ten\u00edan una orden judicial para detener al individuo que estaba en urgencias\u201d, declar\u00f3 ante los medios. La sacaron y metieron en un veh\u00edculo de la Patrulla Fronteriza, para liberarla despu\u00e9s.<\/p>\n<h3 class=\"\">Zonas \u201clibres del ICE\u201d<\/h3>\n<p class=\"\">En respuesta al caos en la ciudad, orquestado desde Washington, el alcalde de Chicago, el dem\u00f3crata Brandon Johnson, anunci\u00f3 el lunes que establecer\u00eda \u201czonas libres del ICE\u201d, lo que impedir\u00eda que los agentes federales se presentaran sin orden judicial. Adem\u00e1s, varios ciudadanos, medios de comunicaci\u00f3n y representantes del clero interpusieron <a title=\"https:\/\/www.loevy.com\/wp-content\/uploads\/2025\/10\/Broadview-Complaint-10.06.25.pdf\" href=\"https:\/\/www.loevy.com\/wp-content\/uploads\/2025\/10\/Broadview-Complaint-10.06.25.pdf\" target=\"_blank\" rel=\"noopener noreferrer\" data-link-track-dtm=\"\" data-mrf-link=\"https:\/\/www.loevy.com\/wp-content\/uploads\/2025\/10\/Broadview-Complaint-10.06.25.pdf\">una demanda<\/a> este lunes denunciando la exrema violencia policial en las manifestaciones de los \u00faltimos d\u00edas.<\/p>\n<p class=\"\">\u201cNunca en la era moderna el Gobierno federal ha socavado las protecciones constitucionales fundamentales a esta escala, ni ha usurpado el poder policial de los Estados al ordenar a agentes federales que lleven a cabo una misi\u00f3n ilegal contra el pueblo para su propio beneficio\u201d, afirma la demanda, que defender\u00e1, entre otros, la Uni\u00f3n para la Defensa de las Libertades Civiles (ACLU).<\/p>\n<p class=\"\">La organizaci\u00f3n denuncia que \u201cesta violencia desenfrenada por parte del Gobierno federal es un intento flagrante de interferir con los derechos m\u00e1s preciados y fundamentales consagrados en la Primera Enmienda de la Constituci\u00f3n de los Estados Unidos: la libertad de expresi\u00f3n, la libertad de prensa, la libertad de creencias religiosas y el derecho a reunirse pac\u00edficamente y expresar su desacuerdo con el Gobierno\u201d.<\/p>\n<p class=\"\">En el documento judicial figuran las experiencias vividas por los demandantes. \u201cDurante ese tiempo, al menos cuatro de nuestros empleados o trabajadores independientes me han dicho que agentes federales los atacaron con balas de pimienta y gas lacrim\u00f3geno en Broadview\u201d, se\u00f1ala Stephanie Lulay, editora ejecutiva y cofundadora de <a title=\"https:\/\/blockclubchicago.org\/\" href=\"https:\/\/blockclubchicago.org\/\" target=\"_blank\" rel=\"noopener\" data-link-track-dtm=\"\" data-mrf-link=\"https:\/\/blockclubchicago.org\/\">Block Club Chicago<\/a>, en la demanda.<\/p>\n<p>&nbsp;<\/p>\n<figure class=\"a_m a_m-h \">\n<p><div style=\"width: 424px\" class=\"wp-caption alignnone\"><img loading=\"lazy\" decoding=\"async\" class=\"_re lazyload a_m-h\" src=\"https:\/\/imagenes.elpais.com\/resizer\/v2\/BEFEIWOFSZOW5K2WCGOORAIOD4.jpg?auth=ba10a7e8e5d899c4067f2b49e0e1cf35094d516719916a13a32f1df7efbcde85&amp;width=414\" sizes=\"auto, (min-width:1199px) 1155px,(min-width:1001px) calc(100vw - 44px),(min-width:768px) 767px, 100vw\" srcset=\"https:\/\/imagenes.elpais.com\/resizer\/v2\/BEFEIWOFSZOW5K2WCGOORAIOD4.jpg?auth=ba10a7e8e5d899c4067f2b49e0e1cf35094d516719916a13a32f1df7efbcde85&amp;width=414 414w,https:\/\/imagenes.elpais.com\/resizer\/v2\/BEFEIWOFSZOW5K2WCGOORAIOD4.jpg?auth=ba10a7e8e5d899c4067f2b49e0e1cf35094d516719916a13a32f1df7efbcde85&amp;width=828 640w,https:\/\/imagenes.elpais.com\/resizer\/v2\/BEFEIWOFSZOW5K2WCGOORAIOD4.jpg?auth=ba10a7e8e5d899c4067f2b49e0e1cf35094d516719916a13a32f1df7efbcde85&amp;width=980 1000w,https:\/\/imagenes.elpais.com\/resizer\/v2\/BEFEIWOFSZOW5K2WCGOORAIOD4.jpg?auth=ba10a7e8e5d899c4067f2b49e0e1cf35094d516719916a13a32f1df7efbcde85&amp;width=1960 1960w\" alt=\"Enfrentamiento con agentes federales y del ICE, en una protesta en Little Village, Chicago, el 4 de octubre.\" width=\"414\" height=\"276\" \/><p class=\"wp-caption-text\">Enfrentamiento con agentes federales y del ICE, en una protesta en Little Village, Chicago, el 4 de octubre. Foto Jim Vondruska (REUTERS)<\/p><\/div><figcaption class=\"a_m_p\" aria-hidden=\"true\"><\/figcaption><\/figure>\n<p>&nbsp;<\/p>\n<p class=\"\">El pastor David Black, de la Primera Iglesia Presbiteriana de Chicago, en el barrio de Woodlawn, en las zonas m\u00e1s marginadas de Chicago, declara haber recibido disparos en la cabeza con proyectiles casi letales y gas lacrim\u00f3geno en la cara. \u201cExtend\u00ed los brazos, con las palmas de las manos extendidas, hacia los agentes del ICE, en una postura cristiana tradicional de oraci\u00f3n y bendici\u00f3n\u201d, reza el relato del pastor en la demanda. \u201cSin previo aviso, y sin ninguna orden ni solicitud de que yo y los dem\u00e1s nos dispers\u00e1ramos, los agentes del ICE me dispararon repentinamente. En un tiroteo r\u00e1pido, me impactaron siete veces en los brazos, la cara y el torso con perdigones explosivos que conten\u00edan alg\u00fan tipo de agente qu\u00edmico. Ten\u00eda claro que los agentes apuntaban a mi cabeza, donde me impactaron dos veces\u201d.<\/p>\n<p class=\"\">William Paulson, un pintor sindical jubilado de 67 a\u00f1os, cuenta en la misma demanda que el 27 de septiembre, los agentes del ICE lanzaron un ataque indiscriminado contra los manifestantes sin previo aviso. \u201cDispararon cartuchos de gas delante y detr\u00e1s de m\u00ed\u201d, recuerda. \u201cEmpec\u00e9 a inhalar el gas y no pod\u00eda ver ni respirar. A mi alrededor, o\u00eda c\u00f3mo tiraban a la gente al suelo. Entonces, empezaron a explotar granadas aturdidoras cerca de m\u00ed. Estaba desorientado&#8230; Me ard\u00edan los ojos y la nariz&#8230; Ca\u00ed a gatas y vomit\u00e9. Ten\u00eda un dolor extremo en los ojos y la nariz. Me ard\u00eda la piel. Tengo enfisema y EPOC [enfermedad pulmonar cr\u00f3nica], as\u00ed que el gas me afect\u00f3 mucho\u201d.<\/p>\n<p class=\"\">Trump lleva semanas amenazando con enviar a la Guardia Nacional a Chicago, justific\u00e1ndolo con una emergencia por el crimen de la ciudad y para proteger a los agentes federales, como ya hizo en Los \u00c1ngeles, Washington D. C.,\u00a0<a title=\"https:\/\/elpais.com\/us\/migracion\/2025-10-06\/memphis-portland-y-chicago-asi-opera-el-despliegue-de-tropas-de-la-guardia-nacional-y-agentes-federales-en-las-ciudades.html\" href=\"https:\/\/elpais.com\/us\/migracion\/2025-10-06\/memphis-portland-y-chicago-asi-opera-el-despliegue-de-tropas-de-la-guardia-nacional-y-agentes-federales-en-las-ciudades.html\" target=\"_self\" rel=\"\" data-link-track-dtm=\"\" data-mrf-link=\"https:\/\/elpais.com\/us\/migracion\/2025-10-06\/memphis-portland-y-chicago-asi-opera-el-despliegue-de-tropas-de-la-guardia-nacional-y-agentes-federales-en-las-ciudades.html\">Memphis y Portland.\u00a0<\/a>El domingo, un juez federal en Oreg\u00f3n bloque\u00f3 temporalmente\u00a0<a title=\"https:\/\/elpais.com\/internacional\/2025-09-27\/trump-ordena-el-despliegue-del-ejercito-y-el-uso-de-la-fuerza-total-contra-el-movimiento-antifa-en-portland.html\" href=\"https:\/\/elpais.com\/internacional\/2025-09-27\/trump-ordena-el-despliegue-del-ejercito-y-el-uso-de-la-fuerza-total-contra-el-movimiento-antifa-en-portland.html\" target=\"_self\" rel=\"\" data-link-track-dtm=\"\" data-mrf-link=\"https:\/\/elpais.com\/internacional\/2025-09-27\/trump-ordena-el-despliegue-del-ejercito-y-el-uso-de-la-fuerza-total-contra-el-movimiento-antifa-en-portland.html\">el env\u00edo de tropas a Portland<\/a>. Ahora, Trump afirma estar plante\u00e1ndose invocar la ley de Insurrecci\u00f3n para as\u00ed eludir los bloqueos judiciales.<\/p>\n<p class=\"\">La demanda presentada este lunes por el Estado de Illinois y la ciudad de Chicago se suma a otras tres querellas contra el uso sin precedentes de <a title=\"https:\/\/elpais.com\/internacional\/2025-09-30\/trump-advierte-a-los-altos-mandos-militares-sobre-una-invasion-interior-en-estados-unidos.html\" href=\"https:\/\/elpais.com\/internacional\/2025-09-30\/trump-advierte-a-los-altos-mandos-militares-sobre-una-invasion-interior-en-estados-unidos.html\" target=\"_self\" rel=\"\" data-link-track-dtm=\"\" data-mrf-link=\"https:\/\/elpais.com\/internacional\/2025-09-30\/trump-advierte-a-los-altos-mandos-militares-sobre-una-invasion-interior-en-estados-unidos.html\">soldados por parte de Trump para patrullar ciudades estadounidenses<\/a>, reprimir protestas y reforzar la aplicaci\u00f3n de las leyes migratorias a nivel nacional, argumentando, sin pruebas, el aumento de la delincuencia en las urbes gobernadas por los dem\u00f3cratas.<\/p>\n","protected":false},"excerpt":{"rendered":"<p>&nbsp; &#8211; Las fuerzas federales han desplegado gas lacrim\u00f3geno y pimienta y han disparado a manifestantes, tras d\u00edas de protestas ciudadanas por las artrarias detenciones&hellip;<\/p>\n","protected":false},"author":99,"featured_media":536854,"comment_status":"open","ping_status":"open","sticky":false,"template":"","format":"standard","meta":{"footnotes":""},"categories":[24],"tags":[],"class_list":["post-536853","post","type-post","status-publish","format-standard","has-post-thumbnail","hentry","category-mundo"],"_links":{"self":[{"href":"https:\/\/diarioelpopular.com\/index.php\/wp-json\/wp\/v2\/posts\/536853","targetHints":{"allow":["GET"]}}],"collection":[{"href":"https:\/\/diarioelpopular.com\/index.php\/wp-json\/wp\/v2\/posts"}],"about":[{"href":"https:\/\/diarioelpopular.com\/index.php\/wp-json\/wp\/v2\/types\/post"}],"author":[{"embeddable":true,"href":"https:\/\/diarioelpopular.com\/index.php\/wp-json\/wp\/v2\/users\/99"}],"replies":[{"embeddable":true,"href":"https:\/\/diarioelpopular.com\/index.php\/wp-json\/wp\/v2\/comments?post=536853"}],"version-history":[{"count":1,"href":"https:\/\/diarioelpopular.com\/index.php\/wp-json\/wp\/v2\/posts\/536853\/revisions"}],"predecessor-version":[{"id":536855,"href":"https:\/\/diarioelpopular.com\/index.php\/wp-json\/wp\/v2\/posts\/536853\/revisions\/536855"}],"wp:featuredmedia":[{"embeddable":true,"href":"https:\/\/diarioelpopular.com\/index.php\/wp-json\/wp\/v2\/media\/536854"}],"wp:attachment":[{"href":"https:\/\/diarioelpopular.com\/index.php\/wp-json\/wp\/v2\/media?parent=536853"}],"wp:term":[{"taxonomy":"category","embeddable":true,"href":"https:\/\/diarioelpopular.com\/index.php\/wp-json\/wp\/v2\/categories?post=536853"},{"taxonomy":"post_tag","embeddable":true,"href":"https:\/\/diarioelpopular.com\/index.php\/wp-json\/wp\/v2\/tags?post=536853"}],"curies":[{"name":"wp","href":"https:\/\/api.w.org\/{rel}","templated":true}]}}