{"id":536951,"date":"2025-10-10T08:06:02","date_gmt":"2025-10-10T12:06:02","guid":{"rendered":"https:\/\/diarioelpopular.com\/?p=536951"},"modified":"2025-10-10T08:06:02","modified_gmt":"2025-10-10T12:06:02","slug":"el-sindicato-de-canada-post-dijo-que-pasara-de-una-huelga-nacional-a-paros-rotativos-desde-este-sabado","status":"publish","type":"post","link":"https:\/\/diarioelpopular.com\/index.php\/2025\/10\/10\/el-sindicato-de-canada-post-dijo-que-pasara-de-una-huelga-nacional-a-paros-rotativos-desde-este-sabado\/","title":{"rendered":"El sindicato de Canada Post dijo que pasar\u00e1 de una huelga nacional a paros rotativos desde este s\u00e1bado."},"content":{"rendered":"<p><img loading=\"lazy\" decoding=\"async\" class=\"alignnone size-custom-full-size wp-image-536952\" src=\"https:\/\/diarioelpopular.com\/wp-content\/uploads\/2025\/10\/Screen-Shot-2025-10-10-at-8.05.23-AM-636x323.png\" alt=\"\" width=\"636\" height=\"323\" srcset=\"https:\/\/diarioelpopular.com\/wp-content\/uploads\/2025\/10\/Screen-Shot-2025-10-10-at-8.05.23-AM-636x323.png 636w, https:\/\/diarioelpopular.com\/wp-content\/uploads\/2025\/10\/Screen-Shot-2025-10-10-at-8.05.23-AM-300x152.png 300w, https:\/\/diarioelpopular.com\/wp-content\/uploads\/2025\/10\/Screen-Shot-2025-10-10-at-8.05.23-AM-768x390.png 768w, https:\/\/diarioelpopular.com\/wp-content\/uploads\/2025\/10\/Screen-Shot-2025-10-10-at-8.05.23-AM-144x73.png 144w, https:\/\/diarioelpopular.com\/wp-content\/uploads\/2025\/10\/Screen-Shot-2025-10-10-at-8.05.23-AM.png 870w\" sizes=\"auto, (max-width: 636px) 100vw, 636px\" \/><\/p>\n<p>&nbsp;<\/p>\n<ul>\n<li><em><strong>El CUPW afirma que el cambio &#8220;activar\u00e1 el flujo de correo y paquetes&#8221; mientras contin\u00faa la lucha por &#8220;buenos convenios colectivos&#8221;.<\/strong><\/em><\/li>\n<\/ul>\n<p>&nbsp;<\/p>\n<p>El sindicato que representa a 55.000 trabajadores de Correos de Canad\u00e1 anunci\u00f3 que pondr\u00e1 fin a su huelga nacional y pasar\u00e1 a paros rotativos a partir de este fin de semana.<\/p>\n<p>El aviso se public\u00f3 en el sitio web del Sindicato Canadiense de Trabajadores Postales (CUPW) el jueves por la noche.<\/p>\n<p>&#8220;A partir del s\u00e1bado 11 de octubre a las 6:00 a. m., hora local, el CUPW pasar\u00e1 de una huelga nacional a huelgas rotativas&#8221;, escribi\u00f3 su presidente del CUPW, Jan Simpson, en el aviso.<\/p>\n<p>&#8220;Esto activar\u00e1 el flujo de correo y paquetes, mientras continuamos nuestra lucha por buenos convenios colectivos y un servicio postal p\u00fablico s\u00f3lido&#8221;.<\/p>\n<p>El mensaje del sindicato no aclara cu\u00e1nto tiempo tardar\u00e1 la gente en recibir correo de nuevo. CBC News se ha puesto en contacto con el CUPW para obtener aclaraciones, sin que se recibiera respuesta.<\/p>\n<p>El sindicato se encontraba en medio de su segunda huelga nacional en menos de un a\u00f1o, que ha paralizado pr\u00e1cticamente todo el servicio de correo y paqueter\u00eda.<\/p>\n<p>Esta \u00faltima huelga comenz\u00f3 despu\u00e9s de que el gobierno federal anunciara el mes pasado planes para reestructurar la corporaci\u00f3n de la Corona, que se encamina a perder 1.500 millones de d\u00f3lares en 2025 y que actualmente solo se mantiene a flote gracias a un pr\u00e9stamo federal de 1.000 millones de d\u00f3lares.<\/p>\n<p>En su comunicado del jueves por la noche, el sindicato acus\u00f3 al gobierno federal de alentar a Correos de Canad\u00e1 a &#8220;seguir burl\u00e1ndose del proceso de negociaci\u00f3n&#8221; al anunciar los cambios en medio de la disputa contractual.<\/p>\n<p>Simpson y otros l\u00edderes sindicales afirmaron haberse reunido con el ministro de Transformaci\u00f3n del Gobierno, Jo\u00ebl Lightbound, el mi\u00e9rcoles por la noche durante una hora y que planean reunirse de nuevo la pr\u00f3xima semana.<\/p>\n<p>Muchas de las medidas anunciadas por Lightbound el mes pasado son cambios que Correos de Canad\u00e1 lleva tiempo pidiendo a Ottawa que implemente para garantizar su viabilidad financiera. (Las operaciones de la corporaci\u00f3n de la Corona est\u00e1n ampliamente reguladas por la legislaci\u00f3n federal).<\/p>\n<p>La reestructuraci\u00f3n incluye la eliminaci\u00f3n del servicio de entrega a domicilio (con algunas excepciones por accesibilidad) y otorga a la corporaci\u00f3n mayor autonom\u00eda para decidir c\u00f3mo y cu\u00e1ndo realiza sus entregas.<\/p>\n<p>El sindicato afirm\u00f3 en un mensaje en su sitio web que el plan del gobierno &#8220;permitir\u00e1 a Correos de Canad\u00e1 desmantelar nuestro servicio postal y recortar miles de empleos&#8221;.<\/p>\n<p>&#8220;Continuaremos nuestra lucha por servicios p\u00fablicos s\u00f3lidos, buenos empleos y una oficina de correos p\u00fablica sostenible para todos los canadienses&#8221;, dec\u00eda el mensaje.<\/p>\n","protected":false},"excerpt":{"rendered":"<p>&nbsp; El CUPW afirma que el cambio &#8220;activar\u00e1 el flujo de correo y paquetes&#8221; mientras contin\u00faa la lucha por &#8220;buenos convenios colectivos&#8221;. &nbsp; El sindicato&hellip;<\/p>\n","protected":false},"author":99,"featured_media":536952,"comment_status":"open","ping_status":"open","sticky":false,"template":"","format":"standard","meta":{"footnotes":""},"categories":[21,11191],"tags":[],"class_list":["post-536951","post","type-post","status-publish","format-standard","has-post-thumbnail","hentry","category-canada","category-top-news"],"_links":{"self":[{"href":"https:\/\/diarioelpopular.com\/index.php\/wp-json\/wp\/v2\/posts\/536951","targetHints":{"allow":["GET"]}}],"collection":[{"href":"https:\/\/diarioelpopular.com\/index.php\/wp-json\/wp\/v2\/posts"}],"about":[{"href":"https:\/\/diarioelpopular.com\/index.php\/wp-json\/wp\/v2\/types\/post"}],"author":[{"embeddable":true,"href":"https:\/\/diarioelpopular.com\/index.php\/wp-json\/wp\/v2\/users\/99"}],"replies":[{"embeddable":true,"href":"https:\/\/diarioelpopular.com\/index.php\/wp-json\/wp\/v2\/comments?post=536951"}],"version-history":[{"count":1,"href":"https:\/\/diarioelpopular.com\/index.php\/wp-json\/wp\/v2\/posts\/536951\/revisions"}],"predecessor-version":[{"id":536953,"href":"https:\/\/diarioelpopular.com\/index.php\/wp-json\/wp\/v2\/posts\/536951\/revisions\/536953"}],"wp:featuredmedia":[{"embeddable":true,"href":"https:\/\/diarioelpopular.com\/index.php\/wp-json\/wp\/v2\/media\/536952"}],"wp:attachment":[{"href":"https:\/\/diarioelpopular.com\/index.php\/wp-json\/wp\/v2\/media?parent=536951"}],"wp:term":[{"taxonomy":"category","embeddable":true,"href":"https:\/\/diarioelpopular.com\/index.php\/wp-json\/wp\/v2\/categories?post=536951"},{"taxonomy":"post_tag","embeddable":true,"href":"https:\/\/diarioelpopular.com\/index.php\/wp-json\/wp\/v2\/tags?post=536951"}],"curies":[{"name":"wp","href":"https:\/\/api.w.org\/{rel}","templated":true}]}}