{"id":536978,"date":"2025-10-10T09:59:56","date_gmt":"2025-10-10T13:59:56","guid":{"rendered":"https:\/\/diarioelpopular.com\/?p=536978"},"modified":"2025-10-10T09:59:56","modified_gmt":"2025-10-10T13:59:56","slug":"cambian-una-tonelada-de-cocaina-incautada-por-leche-en-polvo-una-decena-de-funcionarios-pone-en-llamas-a-la-fiscalia-en-mexico","status":"publish","type":"post","link":"https:\/\/diarioelpopular.com\/index.php\/2025\/10\/10\/cambian-una-tonelada-de-cocaina-incautada-por-leche-en-polvo-una-decena-de-funcionarios-pone-en-llamas-a-la-fiscalia-en-mexico\/","title":{"rendered":"Cambian una tonelada de coca\u00edna incautada por leche en polvo: una decena de funcionarios pone en llamas a la Fiscal\u00eda en M\u00e9xico"},"content":{"rendered":"<div id=\"attachment_536979\" style=\"width: 1210px\" class=\"wp-caption alignnone\"><img loading=\"lazy\" decoding=\"async\" aria-describedby=\"caption-attachment-536979\" class=\"wp-image-536979 size-custom-big-size\" src=\"https:\/\/diarioelpopular.com\/wp-content\/uploads\/2025\/10\/Screen-Shot-2025-10-10-at-9.58.38-AM-1200x806.png\" alt=\"\" width=\"1200\" height=\"806\" srcset=\"https:\/\/diarioelpopular.com\/wp-content\/uploads\/2025\/10\/Screen-Shot-2025-10-10-at-9.58.38-AM-1200x806.png 1200w, https:\/\/diarioelpopular.com\/wp-content\/uploads\/2025\/10\/Screen-Shot-2025-10-10-at-9.58.38-AM-300x202.png 300w, https:\/\/diarioelpopular.com\/wp-content\/uploads\/2025\/10\/Screen-Shot-2025-10-10-at-9.58.38-AM-768x516.png 768w, https:\/\/diarioelpopular.com\/wp-content\/uploads\/2025\/10\/Screen-Shot-2025-10-10-at-9.58.38-AM-636x427.png 636w, https:\/\/diarioelpopular.com\/wp-content\/uploads\/2025\/10\/Screen-Shot-2025-10-10-at-9.58.38-AM-80x55.png 80w, https:\/\/diarioelpopular.com\/wp-content\/uploads\/2025\/10\/Screen-Shot-2025-10-10-at-9.58.38-AM-109x73.png 109w, https:\/\/diarioelpopular.com\/wp-content\/uploads\/2025\/10\/Screen-Shot-2025-10-10-at-9.58.38-AM.png 1024w\" sizes=\"auto, (max-width: 1200px) 100vw, 1200px\" \/><p id=\"caption-attachment-536979\" class=\"wp-caption-text\">Quema de narc\u00f3ticos en una fotograf\u00eda de archivo. Foto Omar Mart\u00ednez Noyola (Cuartoscuro)<\/p><\/div>\n<p>&nbsp;<\/p>\n<ul>\n<li><em><strong>Hay 10 destituidos y denunciados por corrupci\u00f3n por reemplazar la droga que deb\u00eda ser incinerada. Entre ellos, el excontralor de la dependencia y un hermano de Santiago Taboada, excandidato del PAN al Gobierno de Ciudad de M\u00e9xico<\/strong><\/em><\/li>\n<\/ul>\n<p>&nbsp;<\/p>\n<p class=\"\">Todo parec\u00eda estar en orden y seguir los pasos habituales. La\u00a0<a title=\"https:\/\/elpais.com\/mexico\/2025-06-20\/sheinbaum-abre-la-puerta-a-un-analisis-profundo-sobre-la-autonomia-de-las-fiscalias.html\" href=\"https:\/\/elpais.com\/mexico\/2025-06-20\/sheinbaum-abre-la-puerta-a-un-analisis-profundo-sobre-la-autonomia-de-las-fiscalias.html\" target=\"_self\" rel=\"\" data-link-track-dtm=\"\" data-mrf-link=\"https:\/\/elpais.com\/mexico\/2025-06-20\/sheinbaum-abre-la-puerta-a-un-analisis-profundo-sobre-la-autonomia-de-las-fiscalias.html\">Fiscal\u00eda General de la Rep\u00fablica (FGR)<\/a>\u00a0hab\u00eda decomisado en el Estado de Guerrero una tonelada de coca\u00edna al crimen organizado.<\/p>\n<p class=\"\">Como marca la ley, la droga ten\u00eda que ser incinerada. Sin embargo, un grupo de funcionarios corruptos sustituy\u00f3 el cargamento de coca\u00edna por leche en polvo y eso fue lo que ardi\u00f3 en el fuego. La maniobra fue descubierta y hace unas semanas la Fiscal\u00eda destituy\u00f3 y denunci\u00f3 a una decena de funcionarios, entre ellos al contralor de la dependencia, Arturo Serrano Meneses, el encargado en \u00faltima instancia de dar el visto bueno a este tipo de operaciones.<\/p>\n<p class=\"\">De acuerdo con fuentes de la FGR y el Gobierno federal, los acusados enfrentan cargos por corrupci\u00f3n y omisiones graves en las \u00e1reas de verificaci\u00f3n de bienes asegurados y procesos de incineraci\u00f3n de narc\u00f3ticos. De la tonelada de coca\u00edna que se salv\u00f3 del fuego, poco m\u00e1s se sabe.<\/p>\n<p class=\"\">Entre los funcionarios destituidos hay un hermano de\u00a0<a title=\"https:\/\/elpais.com\/mexico\/elecciones-mexicanas\/2024-04-26\/taboada-sobre-el-cartel-inmobiliario-si-hubiera-estado-involucrado-en-alguna-ilegalidad-no-estaria-aqui.html\" href=\"https:\/\/elpais.com\/mexico\/elecciones-mexicanas\/2024-04-26\/taboada-sobre-el-cartel-inmobiliario-si-hubiera-estado-involucrado-en-alguna-ilegalidad-no-estaria-aqui.html\" target=\"_self\" rel=\"\" data-link-track-dtm=\"\" data-mrf-link=\"https:\/\/elpais.com\/mexico\/elecciones-mexicanas\/2024-04-26\/taboada-sobre-el-cartel-inmobiliario-si-hubiera-estado-involucrado-en-alguna-ilegalidad-no-estaria-aqui.html\">Santiago Taboada<\/a>, exalcalde de Benito Ju\u00e1rez (Ciudad de M\u00e9xico) y excandidato del PAN al Gobierno de la capital. Esta deriva pol\u00edtica ha provocado que el caso haya entrado tambi\u00e9n al barro de la ri\u00f1a entre partidos. Morena est\u00e1 aprovechando la ocasi\u00f3n para desgastar al PAN y ha denunciado que, operada en gran medida por el hermano de Taboada, existe una red de corrupci\u00f3n y narcotr\u00e1fico dentro de la fiscal\u00eda que se queda con los cargamentos de droga incautados para luego venderlos a intermediarios.<\/p>\n<div id=\"elpais_gpt-INTEXT\" data-google-query-id=\"CJiGpeHjmZADFf22pgQd3IER4A\">\n<div id=\"google_ads_iframe_7811748\/elpais_mexico_web_5__container__\" class=\"primisslate\">\n<div id=\"primis_container_div_68e90fb9720de\">\n<p class=\"\">El excontralor fue desalojado de las instalaciones del \u00d3rgano Interno de Control de la Fiscal\u00eda a principios de agosto por parte de elementos federales de seguridad, seg\u00fan\u00a0<i>Reforma<\/i>, que adelant\u00f3 la informaci\u00f3n del caso. Serrano y el grupo de colaboradores acusados no fueron detenidos oficialmente en ese momento. La maniobra sirvi\u00f3 para obligarlos a renunciar a sus cargos. Los informes se les acusan de delitos de cohecho, tr\u00e1fico de influencias y contra la administraci\u00f3n de justicia.<\/p>\n<p class=\"\">El asunto de la coca\u00edna intercambiada por leche en polvo es uno de varios expedientes armados contra Serrano y su grupo. La Fiscal\u00eda se\u00f1ala que el excontralor estuvo involucrado en irregularidades en la adjudicaci\u00f3n de contratos p\u00fablicos y en el cobro de sobornos a proveedores. De manera ordinaria, el asunto tendr\u00eda que ser investigado por la\u00a0<a title=\"https:\/\/elpais.com\/mexico\/2023-11-16\/la-fiscalia-advierte-un-desfalco-de-3290-millones-de-pesos-en-la-gestion-de-murillo-karam-como-procurador.html\" href=\"https:\/\/elpais.com\/mexico\/2023-11-16\/la-fiscalia-advierte-un-desfalco-de-3290-millones-de-pesos-en-la-gestion-de-murillo-karam-como-procurador.html\" target=\"_self\" rel=\"\" data-link-track-dtm=\"\" data-mrf-link=\"https:\/\/elpais.com\/mexico\/2023-11-16\/la-fiscalia-advierte-un-desfalco-de-3290-millones-de-pesos-en-la-gestion-de-murillo-karam-como-procurador.html\">Fiscal\u00eda de Asuntos Internos<\/a>, pero Serrano y el resto de sus colaboradores son se\u00f1alados de delincuencia organizada, materia de otra \u00e1rea de la FGR.<\/p>\n<p>&nbsp;<\/p>\n<figure class=\"a_m a_m-h \">\n<p><div style=\"width: 424px\" class=\"wp-caption alignnone\"><img loading=\"lazy\" decoding=\"async\" class=\"_re lazyload a_m-h\" src=\"https:\/\/imagenes.elpais.com\/resizer\/v2\/ZVSEOSKKR5FOFHDDLJULLOZQZY.jpg?auth=bc43a9e95e0ac9291c9aa997e3a6d9657894acc07edd02c00f616c2dcf697652&amp;width=414\" sizes=\"auto, (min-width:1199px) 1155px,(min-width:1001px) calc(100vw - 44px),(min-width:768px) 767px, 100vw\" srcset=\"https:\/\/imagenes.elpais.com\/resizer\/v2\/ZVSEOSKKR5FOFHDDLJULLOZQZY.jpg?auth=bc43a9e95e0ac9291c9aa997e3a6d9657894acc07edd02c00f616c2dcf697652&amp;width=414 414w,https:\/\/imagenes.elpais.com\/resizer\/v2\/ZVSEOSKKR5FOFHDDLJULLOZQZY.jpg?auth=bc43a9e95e0ac9291c9aa997e3a6d9657894acc07edd02c00f616c2dcf697652&amp;width=828 640w,https:\/\/imagenes.elpais.com\/resizer\/v2\/ZVSEOSKKR5FOFHDDLJULLOZQZY.jpg?auth=bc43a9e95e0ac9291c9aa997e3a6d9657894acc07edd02c00f616c2dcf697652&amp;width=980 1000w,https:\/\/imagenes.elpais.com\/resizer\/v2\/ZVSEOSKKR5FOFHDDLJULLOZQZY.jpg?auth=bc43a9e95e0ac9291c9aa997e3a6d9657894acc07edd02c00f616c2dcf697652&amp;width=1960 1960w\" alt=\"\" width=\"414\" height=\"276\" \/><p class=\"wp-caption-text\">Arturo Serrano Meneses en el Foro Internacional Anticorrupci\u00f3n, en Aguascalientes, el 8 de diciembre de 2022. Foto FGR<\/p><\/div><figcaption class=\"a_m_p\" aria-hidden=\"true\"><\/figcaption><\/figure>\n<p>&nbsp;<\/p>\n<p class=\"\">Medios de prensa han intentado contactar con Serrano a trav\u00e9s de Javier Morales, su secretario particular, para conocer su versi\u00f3n de los hechos, pero no obtuvieron respuesta a la petici\u00f3n. La Fiscal\u00eda acusa tambi\u00e9n a Sergio Taboada, responsable de la Unidad de Control y Evaluaci\u00f3n y hermano del exalcalde panista; a Javier Morales, el secretario de Serrano; a Jos\u00e9 Mar\u00eda Pe\u00f1a, secretario t\u00e9cnico; a Carlos Rasc\u00f3n, encargado de la Unidad de Responsabilidades; a Josu\u00e9 Crespi, de Denuncias e Investigaciones; a Jos\u00e9 Alzati, de Verificaci\u00f3n del Destino Final de Bienes Asegurados; a H\u00e9ctor Montes, de Auditor\u00eda Interna; a Alejandro V\u00e9lez, de la Unidad Jur\u00eddica, y a Javier Maldonado, de Administraci\u00f3n.<\/p>\n<p class=\"\">El secretario de Seguridad federal,\u00a0<a href=\"https:\/\/elpais.com\/mexico\/2025-08-24\/todo-pasa-por-harfuch-en-mexico.html\" target=\"_blank\" rel=\"noopener\">Omar Garc\u00eda Harfuch<\/a>, confirm\u00f3 la investigaci\u00f3n en curso contra Serrano y sus colaboradores en una de las conferencias ma\u00f1aneras de la presidente, Claudia Sheinbaum, quien llam\u00f3 a que la investigaci\u00f3n siguiera adelante y pidi\u00f3 al fiscal general, <a href=\"https:\/\/elpais.com\/mexico\/2024-07-07\/alejandro-gertz-la-incognita-para-la-politica-de-seguridad-de-sheinbaum.html\" target=\"_blank\" rel=\"noopener\">Alejandro Gertz<\/a>, que presentara un informe al respecto.\u00a0Serrano fue designado como contralor de la FGR por la C\u00e1mara de Diputados en 2019 y en 2023 fue ratificado en ese cargo por otros cuatro a\u00f1os. Su renuncia forzada evit\u00f3 el tr\u00e1mite para que la C\u00e1mara Baja lo destituyera. Ahora, en su lugar, los diputados nombraron a \u00d3scar del R\u00edo Serrano, hijo de Jos\u00e9 Manuel del R\u00edo Virgen, un pol\u00edtico de Movimiento Ciudadano (MC) muy cercano a\u00a0<a title=\"https:\/\/elpais.com\/mexico\/2025-05-10\/ricardo-monreal-sheinbaum-ha-tenido-conmigo-consideraciones-que-quiza-no-merezco.html\" href=\"https:\/\/elpais.com\/mexico\/2025-05-10\/ricardo-monreal-sheinbaum-ha-tenido-conmigo-consideraciones-que-quiza-no-merezco.html\" target=\"_self\" rel=\"\" data-link-track-dtm=\"\" data-mrf-link=\"https:\/\/elpais.com\/mexico\/2025-05-10\/ricardo-monreal-sheinbaum-ha-tenido-conmigo-consideraciones-que-quiza-no-merezco.html\">Ricardo Monreal<\/a>, coordinador de la fracci\u00f3n parlamentaria de Morena.<\/p>\n<p>&nbsp;<\/p>\n<figure class=\"a_m a_m-h \">\n<p><div style=\"width: 424px\" class=\"wp-caption alignnone\"><img loading=\"lazy\" decoding=\"async\" class=\"_re lazyload a_m-h\" src=\"https:\/\/imagenes.elpais.com\/resizer\/v2\/NTENNEQB2JGA7KNNYTQT42ERZ4.jpg?auth=51498f7f3a150c7eda9efd7a4752555eb5a09dc6807075f5c61dc698f46801b6&amp;width=414\" sizes=\"auto, (min-width:1199px) 1155px,(min-width:1001px) calc(100vw - 44px),(min-width:768px) 767px, 100vw\" srcset=\"https:\/\/imagenes.elpais.com\/resizer\/v2\/NTENNEQB2JGA7KNNYTQT42ERZ4.jpg?auth=51498f7f3a150c7eda9efd7a4752555eb5a09dc6807075f5c61dc698f46801b6&amp;width=414 414w,https:\/\/imagenes.elpais.com\/resizer\/v2\/NTENNEQB2JGA7KNNYTQT42ERZ4.jpg?auth=51498f7f3a150c7eda9efd7a4752555eb5a09dc6807075f5c61dc698f46801b6&amp;width=828 640w,https:\/\/imagenes.elpais.com\/resizer\/v2\/NTENNEQB2JGA7KNNYTQT42ERZ4.jpg?auth=51498f7f3a150c7eda9efd7a4752555eb5a09dc6807075f5c61dc698f46801b6&amp;width=980 1000w,https:\/\/imagenes.elpais.com\/resizer\/v2\/NTENNEQB2JGA7KNNYTQT42ERZ4.jpg?auth=51498f7f3a150c7eda9efd7a4752555eb5a09dc6807075f5c61dc698f46801b6&amp;width=1960 1960w\" alt=\"\" width=\"414\" height=\"277\" \/><p class=\"wp-caption-text\">Omar Garc\u00eda Harfuch y Alejandro Gertz Manero, en Ciudad de M\u00e9xico, el 27 de agosto.Galo Ca\u00f1as Rodr\u00edguez (Cuartoscuro)<\/p><\/div><figcaption class=\"a_m_p\" aria-hidden=\"true\"><\/figcaption><\/figure>\n<p>&nbsp;<\/p>\n<p class=\"\"><i>El diario Reforma<\/i>\u00a0report\u00f3 que Serrano tramit\u00f3 un amparo para evitar su captura y se\u00f1ala que el excontralor tambi\u00e9n fue denunciado por presuntamente haber pedido un soborno de seis millones de pesos a la firma Casanova Rent Volks para arreglar una contrataci\u00f3n relacionada con el arrendamiento de veh\u00edculos para la Fiscal\u00eda. En este caso, tambi\u00e9n est\u00e1 se\u00f1alado Carlos Rasc\u00f3n. Casanova es un viejo proveedor de la FGR. En 2020, la dependencia de Gertz\u00a0<a title=\"https:\/\/stastdgv2sipot044.blob.core.windows.net\/om-contratos\/FGR-AD-CN-SERV-008-4-2020.pdf\" href=\"https:\/\/stastdgv2sipot044.blob.core.windows.net\/om-contratos\/FGR-AD-CN-SERV-008-4-2020.pdf\" target=\"_blank\" rel=\"noopener\" data-link-track-dtm=\"\" data-mrf-link=\"https:\/\/stastdgv2sipot044.blob.core.windows.net\/om-contratos\/FGR-AD-CN-SERV-008-4-2020.pdf\">le adjudic\u00f3 directamente un contrato de 1.620 millones de pesos<\/a>\u00a0por el servicio de arrendamiento vehicular.<\/p>\n<p class=\"\">Tras el esc\u00e1ndalo, los diputados del PAN exigieron a la Fiscal\u00eda que informara sobre los procedimientos contra Serrano e hicieron notar la posible irregularidad de su destituci\u00f3n, una facultad que correspond\u00eda exclusivamente a la C\u00e1mara de Diputados. Si bien el excontralor fue orillado a renunciar, con lo que se salv\u00f3 el protocolo de la remoci\u00f3n, desde la Secretar\u00eda de Gobernaci\u00f3n \u2014seg\u00fan las fuentes consultadas \u2014 leyeron la intervenci\u00f3n de los panistas como \u201cuna clara defensa\u201d de los funcionarios acusados, especialmente por el nexo con Taboada.<\/p>\n<p class=\"\">El exalcalde es mano derecha de\u00a0<a title=\"https:\/\/elpais.com\/mexico\/2024-12-14\/jorge-romero-lider-del-pan-ya-es-momento-de-que-el-partido-le-apueste-a-sus-propios-colores.html\" href=\"https:\/\/elpais.com\/mexico\/2024-12-14\/jorge-romero-lider-del-pan-ya-es-momento-de-que-el-partido-le-apueste-a-sus-propios-colores.html\" target=\"_self\" rel=\"\" data-link-track-dtm=\"\" data-mrf-link=\"https:\/\/elpais.com\/mexico\/2024-12-14\/jorge-romero-lider-del-pan-ya-es-momento-de-que-el-partido-le-apueste-a-sus-propios-colores.html\">Jorge Romero<\/a>, el dirigente del PAN, y est\u00e1 encargado de la operaci\u00f3n pol\u00edtica desde la dirigencia del partido conservador. Taboada es uno de los mayores enemigos del oficialismo, que lo acusa de formar parte del\u00a0<a title=\"https:\/\/elpais.com\/mexico\/2024-04-18\/todo-sobre-el-cartel-inmobiliario-el-caso-de-corrupcion-urbanistica-en-ciudad-de-mexico.html\" href=\"https:\/\/elpais.com\/mexico\/2024-04-18\/todo-sobre-el-cartel-inmobiliario-el-caso-de-corrupcion-urbanistica-en-ciudad-de-mexico.html\" target=\"_self\" rel=\"\" data-link-track-dtm=\"\" data-mrf-link=\"https:\/\/elpais.com\/mexico\/2024-04-18\/todo-sobre-el-cartel-inmobiliario-el-caso-de-corrupcion-urbanistica-en-ciudad-de-mexico.html\">cartel inmobiliario<\/a> que hizo negocios millonarios con obras en la alcald\u00eda Benito Ju\u00e1rez. El portavoz de la bancada de diputados de Morena, Arturo \u00c1vila, asegura que el hermano de Santiago Taboada es uno de los principales operadores de la trama. Y que \u201ctodo lo que decomisaban de coca\u00edna lo sustitu\u00edan por leche en polvo, para despu\u00e9s sacarla y venderla\u201d.<\/p>\n<\/div>\n<\/div>\n<\/div>\n","protected":false},"excerpt":{"rendered":"<p>&nbsp; Hay 10 destituidos y denunciados por corrupci\u00f3n por reemplazar la droga que deb\u00eda ser incinerada. Entre ellos, el excontralor de la dependencia y un&hellip;<\/p>\n","protected":false},"author":99,"featured_media":536979,"comment_status":"open","ping_status":"open","sticky":false,"template":"","format":"standard","meta":{"footnotes":""},"categories":[23],"tags":[],"class_list":["post-536978","post","type-post","status-publish","format-standard","has-post-thumbnail","hentry","category-latinoamerica"],"_links":{"self":[{"href":"https:\/\/diarioelpopular.com\/index.php\/wp-json\/wp\/v2\/posts\/536978","targetHints":{"allow":["GET"]}}],"collection":[{"href":"https:\/\/diarioelpopular.com\/index.php\/wp-json\/wp\/v2\/posts"}],"about":[{"href":"https:\/\/diarioelpopular.com\/index.php\/wp-json\/wp\/v2\/types\/post"}],"author":[{"embeddable":true,"href":"https:\/\/diarioelpopular.com\/index.php\/wp-json\/wp\/v2\/users\/99"}],"replies":[{"embeddable":true,"href":"https:\/\/diarioelpopular.com\/index.php\/wp-json\/wp\/v2\/comments?post=536978"}],"version-history":[{"count":1,"href":"https:\/\/diarioelpopular.com\/index.php\/wp-json\/wp\/v2\/posts\/536978\/revisions"}],"predecessor-version":[{"id":536980,"href":"https:\/\/diarioelpopular.com\/index.php\/wp-json\/wp\/v2\/posts\/536978\/revisions\/536980"}],"wp:featuredmedia":[{"embeddable":true,"href":"https:\/\/diarioelpopular.com\/index.php\/wp-json\/wp\/v2\/media\/536979"}],"wp:attachment":[{"href":"https:\/\/diarioelpopular.com\/index.php\/wp-json\/wp\/v2\/media?parent=536978"}],"wp:term":[{"taxonomy":"category","embeddable":true,"href":"https:\/\/diarioelpopular.com\/index.php\/wp-json\/wp\/v2\/categories?post=536978"},{"taxonomy":"post_tag","embeddable":true,"href":"https:\/\/diarioelpopular.com\/index.php\/wp-json\/wp\/v2\/tags?post=536978"}],"curies":[{"name":"wp","href":"https:\/\/api.w.org\/{rel}","templated":true}]}}