{"id":536982,"date":"2025-10-10T10:06:42","date_gmt":"2025-10-10T14:06:42","guid":{"rendered":"https:\/\/diarioelpopular.com\/?p=536982"},"modified":"2025-10-10T10:06:42","modified_gmt":"2025-10-10T14:06:42","slug":"el-congreso-de-peru-destituye-a-dina-boluarte-como-presidenta-en-medio-de-la-crisis-de-violencia-que-azota-el-pais","status":"publish","type":"post","link":"https:\/\/diarioelpopular.com\/index.php\/2025\/10\/10\/el-congreso-de-peru-destituye-a-dina-boluarte-como-presidenta-en-medio-de-la-crisis-de-violencia-que-azota-el-pais\/","title":{"rendered":"El Congreso de Per\u00fa destituye a Dina Boluarte como presidenta en medio de la crisis de violencia que azota el pa\u00eds"},"content":{"rendered":"<p><img loading=\"lazy\" decoding=\"async\" class=\"alignnone size-custom-full-size wp-image-536983\" src=\"https:\/\/diarioelpopular.com\/wp-content\/uploads\/2025\/10\/Screen-Shot-2025-10-10-at-10.06.08-AM-636x361.png\" alt=\"\" width=\"636\" height=\"361\" srcset=\"https:\/\/diarioelpopular.com\/wp-content\/uploads\/2025\/10\/Screen-Shot-2025-10-10-at-10.06.08-AM-636x361.png 636w, https:\/\/diarioelpopular.com\/wp-content\/uploads\/2025\/10\/Screen-Shot-2025-10-10-at-10.06.08-AM-300x170.png 300w, https:\/\/diarioelpopular.com\/wp-content\/uploads\/2025\/10\/Screen-Shot-2025-10-10-at-10.06.08-AM-768x436.png 768w, https:\/\/diarioelpopular.com\/wp-content\/uploads\/2025\/10\/Screen-Shot-2025-10-10-at-10.06.08-AM-129x73.png 129w, https:\/\/diarioelpopular.com\/wp-content\/uploads\/2025\/10\/Screen-Shot-2025-10-10-at-10.06.08-AM.png 860w\" sizes=\"auto, (max-width: 636px) 100vw, 636px\" \/><\/p>\n<p>&nbsp;<\/p>\n<div class=\"bbc-19j92fr ebmt73l0\" dir=\"ltr\">\n<ul>\n<li class=\"bbc-hhl7in e17g058b0\" dir=\"ltr\"><em><b>Al filo de la madrugada de este viernes el Congreso de Per\u00fa aprob\u00f3 la destituci\u00f3n de Dina Boluarte como presidente de la rep\u00fablica.<\/b><\/em><\/li>\n<\/ul>\n<\/div>\n<div class=\"bbc-19j92fr ebmt73l0\" dir=\"ltr\">\n<p dir=\"ltr\">\n<p class=\"bbc-hhl7in e17g058b0\" dir=\"ltr\">El legislativo hab\u00eda citado a la jefa de Estado para que ejerciera de inmediato su defensa antes de proceder con la votaci\u00f3n, pero la mandataria rechaz\u00f3 hacerlo al considerar &#8220;inconstitucional&#8221; el procedimiento.<\/p>\n<\/div>\n<div class=\"bbc-19j92fr ebmt73l0\" dir=\"ltr\">\n<p class=\"bbc-hhl7in e17g058b0\" dir=\"ltr\">Es &#8220;sencillamente violatorio a cualquier procedimiento. \u00a1No lo convalidaremos!&#8221;, dijo en su nombre Juan Carlos Portugal, uno de los abogados.<\/p>\n<\/div>\n<div class=\"bbc-19j92fr ebmt73l0\" dir=\"ltr\">\n<p class=\"bbc-hhl7in e17g058b0\" dir=\"ltr\">Tras esperar a Boluarte por 20 minutos y ver que no llegaba, se procedi\u00f3 inmediatamente a la votaci\u00f3n, al considerar que tras un d\u00eda de debate ya no hab\u00eda m\u00e1s que decir. Y los congresistas apoyaron la vacancia por unanimidad, con 118 votos a favor y ninguno en contra, y sin abstenciones.<\/p>\n<\/div>\n<div class=\"bbc-19j92fr ebmt73l0\" dir=\"ltr\">\n<p class=\"bbc-hhl7in e17g058b0\" dir=\"ltr\">El presidente del Congreso, Jos\u00e9 Jer\u00ed, jur\u00f3 como nuevo presidente del pa\u00eds por sucesi\u00f3n constitucional y tras no aprobarse una moci\u00f3n de censura presentada contra la mesa directiva que encabezaba.<\/p>\n<\/div>\n<div class=\"bbc-19j92fr ebmt73l0\" dir=\"ltr\">\n<p class=\"bbc-hhl7in e17g058b0\" dir=\"ltr\">&#8220;Debemos declararle la guerra al crimen. Los enemigos son bandas criminales en las calles&#8221;, dijo al poco de colocarse la banda presidencial, y prometi\u00f3 liderar un gobierno de reconciliaci\u00f3n.<\/p>\n<\/div>\n<div class=\"bbc-19j92fr ebmt73l0\" dir=\"ltr\">\n<p class=\"bbc-hhl7in e17g058b0\" dir=\"ltr\">Ser\u00e1 el encargado de dirigir el pa\u00eds hasta las pr\u00f3ximas elecciones, previstas para abril de 2026, y el relevo presidencial, fijado para el 28 julio.<\/p>\n<\/div>\n<div class=\"bbc-19j92fr ebmt73l0\" dir=\"ltr\">\n<h2 id=\"Vacancia-expr\u00e9s\" class=\"bbc-1lgzob2 eglt09e0\" tabindex=\"-1\">Vacancia expr\u00e9s<\/h2>\n<\/div>\n<figure class=\"bbc-1qn0xuy\">\n<div class=\"bbc-1gbs0ve\">\n<div style=\"width: 2710px\" class=\"wp-caption alignnone\"><img loading=\"lazy\" decoding=\"async\" class=\"bbc-139onq\" src=\"https:\/\/ichef.bbci.co.uk\/ace\/ws\/640\/cpsprodpb\/0f44\/live\/a053a780-a5a1-11f0-92db-77261a15b9d2.jpg.webp\" alt=\"El nuevo presidente de Per\u00fa, Jos\u00e9 Jeri, observa durante la ceremonia de juramento, despu\u00e9s de que el Congreso votara para destituir a la expresidenta Dina Boluarte, en Lima, el 10 de octubre de 2025. REUTERS\/Angela Ponce\" width=\"2700\" height=\"1800\" \/><p class=\"wp-caption-text\">Fuente de la imagen,Reuters. Jos\u00e9 Jer\u00ed jur\u00f3 como el nuevo presidente de Per\u00fa, por sucesi\u00f3n constitucional.<\/p><\/div>\n<p class=\"bbc-by8ykd\" role=\"text\">\n<\/div>\n<\/figure>\n<div class=\"bbc-4quw3x e1rfboeq7\" dir=\"ltr\" data-e2e=\"podcast-promo\">\n<section class=\"e1rfboeq6 bbc-12e4ke4 e1s8ztj50\" role=\"region\" aria-labelledby=\"podcast-promo\">\n<div class=\"bbc-bjn8wh eveec6k2\"><\/div>\n<\/section>\n<\/div>\n<div class=\"bbc-19j92fr ebmt73l0\" dir=\"ltr\">\n<p class=\"bbc-hhl7in e17g058b0\" dir=\"ltr\">Legisladores de varias bancadas hab\u00edan presentado cuatro propuestas de vacancia por &#8220;permanente incapacidad moral&#8221; de Boluarte, que fueron aceptadas por una holgada mayor\u00eda y gracias a los votos de los partidos de derecha y el fujimorismo que hasta ahora la hab\u00edan apoyado.<\/p>\n<\/div>\n<div class=\"bbc-19j92fr ebmt73l0\" dir=\"ltr\">\n<p class=\"bbc-hhl7in e17g058b0\" dir=\"ltr\">El proceso de destituci\u00f3n se puso en marcha la ma\u00f1ana del jueves por iniciativa de la bancada de Renovaci\u00f3n Popular, la formaci\u00f3n liderada por el alcalde de Lima, el ultraconservador Rafael L\u00f3pez Aliaga, alias\u00a0<i class=\"bbc-h1y5j7 eih42320\">Porky<\/i>.<\/p>\n<\/div>\n<div class=\"bbc-19j92fr ebmt73l0\" dir=\"ltr\">\n<p class=\"bbc-hhl7in e17g058b0\" dir=\"ltr\">Las mociones de vacancia llegaron tras<a class=\"focusIndicatorReducedWidth bbc-n8oauk e1p3sufg0\" href=\"https:\/\/www.bbc.com\/mundo\/articles\/c0593lrpe54o\">\u00a0una crisis de violencia y criminalidad que afecta al pa\u00eds sudamericano<\/a>, apenas un d\u00eda despu\u00e9s de que la popular banda de cumbia Agua Marina sufriera un atentado durante su actuaci\u00f3n en un recinto militar en el distrito lime\u00f1o de Chorrillos.<\/p>\n<\/div>\n<div class=\"bbc-19j92fr ebmt73l0\" dir=\"ltr\">\n<p class=\"bbc-hhl7in e17g058b0\" dir=\"ltr\">Cuatro integrantes del grupo recibieron disparos en el t\u00f3rax y en la pierna.<\/p>\n<\/div>\n<div class=\"bbc-19j92fr ebmt73l0\" dir=\"ltr\">\n<p class=\"bbc-hhl7in e17g058b0\" dir=\"ltr\">Distintas fuerzas pol\u00edticas hab\u00edan exigido al gobierno que diera respuesta a la &#8220;impunidad&#8221; con la que parecen operar las bandas criminales dedicadas a la extorsi\u00f3n.<\/p>\n<\/div>\n<div class=\"bbc-19j92fr ebmt73l0\" dir=\"ltr\">\n<p class=\"bbc-hhl7in e17g058b0\" dir=\"ltr\">Anteriores propuestas de vacancia hab\u00edan sido rechazadas debido al apoyo de partidos conservadores y algunos aliados de izquierda.<\/p>\n<\/div>\n<div class=\"bbc-19j92fr ebmt73l0\" dir=\"ltr\">\n<p class=\"bbc-hhl7in e17g058b0\" dir=\"ltr\">Ahora la destituci\u00f3n fue apoyada por influyentes partidos como Fuerza Popular, de la excandidata presidencial Keiko Fujimori, y Renovaci\u00f3n Popular, del tambi\u00e9n excandidato presidencial Rafael L\u00f3pez Aliaga, actual alcalde de Lima.<\/p>\n<\/div>\n<div class=\"bbc-19j92fr ebmt73l0\" dir=\"ltr\">\n<p class=\"bbc-hhl7in e17g058b0\" dir=\"ltr\">Ambos l\u00edderes pol\u00edticos de derecha son considerados posibles candidatos y lideran las encuestas para los comicios de 2026.<\/p>\n<\/div>\n<div class=\"bbc-19j92fr ebmt73l0\" dir=\"ltr\">\n<p class=\"bbc-hhl7in e17g058b0\" dir=\"ltr\">&#8220;Ha crecido la extorsi\u00f3n, la criminalidad, pero ella sigue viviendo en una fantas\u00eda. Merece ser vacada esta se\u00f1ora presidenta, merece ser castigada&#8221;, dijo la legisladora conservadora Norma Yarrow, durante el debate de la moci\u00f3n de censura y previa a la votaci\u00f3n de destituci\u00f3n.<\/p>\n<\/div>\n<div class=\"bbc-19j92fr ebmt73l0\" dir=\"ltr\">\n<p class=\"bbc-hhl7in e17g058b0\" dir=\"ltr\">Boluarte asumi\u00f3 el cargo el 7 de diciembre de 2022 en sustituci\u00f3n del presidente Pedro Castillo, quien fue detenido y acusado de un intento de golpe de Estado.<\/p>\n<\/div>\n<div class=\"bbc-19j92fr ebmt73l0\" dir=\"ltr\">\n<p class=\"bbc-hhl7in e17g058b0\" dir=\"ltr\">El pa\u00eds ha tenido hasta seis presidentes desde 2018 debido a destituciones o renuncias de sus l\u00edderes. Tres exmandatarios est\u00e1n en prisi\u00f3n por casos de corrupci\u00f3n o abuso de poder.<\/p>\n<\/div>\n<div class=\"bbc-19j92fr ebmt73l0\" dir=\"ltr\">\n<h2 id=\"Jos\u00e9-Jer\u00ed-el-nuevo-presidente-interino\" class=\"bbc-1lgzob2 eglt09e0\" tabindex=\"-1\">Jos\u00e9 Jer\u00ed, el nuevo presidente interino<\/h2>\n<\/div>\n<div class=\"bbc-19j92fr ebmt73l0\" dir=\"ltr\">\n<p class=\"bbc-hhl7in e17g058b0\" dir=\"ltr\">Tras la vacancia de Boluarte, Jos\u00e9 Jer\u00ed, quien hasta hace pocas horas era el presidente del Congreso, asumi\u00f3 como presidente interino de Per\u00fa.<\/p>\n<\/div>\n<div class=\"bbc-19j92fr ebmt73l0\" dir=\"ltr\">\n<p class=\"bbc-hhl7in e17g058b0\" dir=\"ltr\">Jer\u00ed, un abogado de 38 a\u00f1os nacido en Lima, est\u00e1 afiliado al partido pol\u00edtico Somos Per\u00fa desde 2013 y actualmente es su vicepresidente.<\/p>\n<\/div>\n<div class=\"bbc-19j92fr ebmt73l0\" dir=\"ltr\">\n<p class=\"bbc-hhl7in e17g058b0\" dir=\"ltr\">Se postul\u00f3 al Congreso en las elecciones parlamentarias de 2021 por la lista electoral de Lima Metropolitana.<\/p>\n<\/div>\n<div class=\"bbc-19j92fr ebmt73l0\" dir=\"ltr\">\n<p class=\"bbc-hhl7in e17g058b0\" dir=\"ltr\">Fue elegido para el periodo parlamentario 2021-2026 tras la inhabilitaci\u00f3n del expresidente Mart\u00edn Vizcarra, quien hab\u00eda obtenido m\u00e1s votos que \u00e9l.<\/p>\n<\/div>\n<div class=\"bbc-19j92fr ebmt73l0\" dir=\"ltr\">\n<p class=\"bbc-hhl7in e17g058b0\" dir=\"ltr\">Como congresista, vot\u00f3 a favor de la vacancia contra Pedro Castillo en 2022.<\/p>\n<\/div>\n<div class=\"bbc-19j92fr ebmt73l0\" dir=\"ltr\">\n<p class=\"bbc-hhl7in e17g058b0\" dir=\"ltr\">Pero su carrera pol\u00edtica se ha visto manchada por esc\u00e1ndalos.<\/p>\n<\/div>\n<div class=\"bbc-19j92fr ebmt73l0\" dir=\"ltr\">\n<p class=\"bbc-hhl7in e17g058b0\" dir=\"ltr\">Ha estado bajo investigaciones debido a denuncias de abuso sexual, pero estos se\u00f1alamientos fueron archivados por la fiscal\u00eda del pa\u00eds sudamericano.<\/p>\n<\/div>\n<div class=\"bbc-19j92fr ebmt73l0\" dir=\"ltr\">\n<p class=\"bbc-hhl7in e17g058b0\" dir=\"ltr\">Tambi\u00e9n se le atribuyen presuntos hechos de corrupci\u00f3n, que \u00e9l ha desestimado como campa\u00f1as de desprestigio.<\/p>\n<\/div>\n<div class=\"bbc-19j92fr ebmt73l0\" dir=\"ltr\">\n<h2 id=\"El-ataque-que-colm\u00f3-el-vaso\" class=\"bbc-1lgzob2 eglt09e0\" tabindex=\"-1\">El ataque que colm\u00f3 el vaso<\/h2>\n<\/div>\n<div class=\"bbc-19j92fr ebmt73l0\" dir=\"ltr\">\n<p class=\"bbc-hhl7in e17g058b0\" dir=\"ltr\">La noche del mi\u00e9rcoles, en un concierto en el que participaban varias bandas y artistas en el C\u00edrculo Militar de Chorrillos, ocurri\u00f3 un ataque contra el grupo musical Agua Marina.<\/p>\n<\/div>\n<div class=\"bbc-19j92fr ebmt73l0\" dir=\"ltr\">\n<p class=\"bbc-hhl7in e17g058b0\" dir=\"ltr\">Fue el ataque que colm\u00f3 el vaso de la violencia.<\/p>\n<\/div>\n<div class=\"bbc-19j92fr ebmt73l0\" dir=\"ltr\">\n<p class=\"bbc-hhl7in e17g058b0\" dir=\"ltr\">Cuando los cantantes se hallaban en el escenario, una r\u00e1pida r\u00e1faga de disparos interrumpi\u00f3 su actuaci\u00f3n.<\/p>\n<\/div>\n<div class=\"bbc-19j92fr ebmt73l0\" dir=\"ltr\">\n<p class=\"bbc-hhl7in e17g058b0\" dir=\"ltr\">Seg\u00fan relataron varios de los asistentes a los medios peruanos, muchos confundieron al principio el ruido de los disparos con el de un cortocircuito.<\/p>\n<\/div>\n<div class=\"bbc-19j92fr ebmt73l0\" dir=\"ltr\">\n<p class=\"bbc-hhl7in e17g058b0\" dir=\"ltr\">Los videos compartidos por asistentes en redes sociales mostraron c\u00f3mo, pocos instantes despu\u00e9s, uno de los m\u00fasicos alcanzado por las balas era auxiliado en el escenario y toda la banda se retiraba entre gestos de dolor.<\/p>\n<\/div>\n<div class=\"bbc-19j92fr ebmt73l0\" dir=\"ltr\">\n<p class=\"bbc-hhl7in e17g058b0\" dir=\"ltr\">Los asistentes tomaron entonces conciencia de lo ocurrido y muchos se echaron al suelo a la espera de desalojar el recinto.<\/p>\n<\/div>\n<div class=\"bbc-19j92fr ebmt73l0\" dir=\"ltr\">\n<p class=\"bbc-hhl7in e17g058b0\" dir=\"ltr\">El general de la Polic\u00eda Nacional del Per\u00fa, Felipe Monroy, inform\u00f3 que las primeras investigaciones apuntan a que el ataque fue perpetrado por dos individuos a bordo de una motocicleta en movimiento desde terrenos aleda\u00f1os del recinto.<\/p>\n<\/div>\n<div class=\"bbc-19j92fr ebmt73l0\" dir=\"ltr\">\n<p class=\"bbc-hhl7in e17g058b0\" dir=\"ltr\">La Polic\u00eda encontr\u00f3 hasta 27 casquillos de bala en el lugar. El general Monroy se\u00f1al\u00f3 que ser\u00edan proyectiles de pistola 9 mil\u00edmetros Parabellum.<\/p>\n<\/div>\n<div class=\"bbc-19j92fr ebmt73l0\" dir=\"ltr\">\n<p class=\"bbc-hhl7in e17g058b0\" dir=\"ltr\">El doctor Ricardo Villar\u00e1n, del Hospital Nacional Guillermo Almenara, inform\u00f3 que C\u00e9sar More y Wilson Ruiz, miembros de Agua Marina, atendidos en el centro sanitario, &#8220;se encuentran estables&#8221; y &#8220;no tienen un riesgo de que vayan a morir&#8221;.<\/p>\n<\/div>\n<div class=\"bbc-19j92fr ebmt73l0\" dir=\"ltr\">\n<p class=\"bbc-hhl7in e17g058b0\" dir=\"ltr\">Por su parte, el Hospital de Emergencias Casimiro Ulloa dio cuenta en un comunicado de que hab\u00eda atendido a un var\u00f3n de 50 a\u00f1os por una &#8220;herida leve&#8221; por proyectil de arma de fuego. El hombre hab\u00eda sido dado de alta.<\/p>\n<p dir=\"ltr\">\n<\/div>\n<figure class=\"bbc-1qn0xuy\">\n<div class=\"bbc-1gbs0ve\"><img loading=\"lazy\" decoding=\"async\" class=\"bbc-139onq\" src=\"https:\/\/ichef.bbci.co.uk\/ace\/ws\/640\/cpsprodpb\/bb78\/live\/1ddbd7f0-a5a1-11f0-92db-77261a15b9d2.png.webp\" sizes=\"auto, (min-width: 1008px) 760px, 100vw\" srcset=\"https:\/\/ichef.bbci.co.uk\/ace\/ws\/240\/cpsprodpb\/bb78\/live\/1ddbd7f0-a5a1-11f0-92db-77261a15b9d2.png.webp 240w, https:\/\/ichef.bbci.co.uk\/ace\/ws\/320\/cpsprodpb\/bb78\/live\/1ddbd7f0-a5a1-11f0-92db-77261a15b9d2.png.webp 320w, https:\/\/ichef.bbci.co.uk\/ace\/ws\/480\/cpsprodpb\/bb78\/live\/1ddbd7f0-a5a1-11f0-92db-77261a15b9d2.png.webp 480w, https:\/\/ichef.bbci.co.uk\/ace\/ws\/624\/cpsprodpb\/bb78\/live\/1ddbd7f0-a5a1-11f0-92db-77261a15b9d2.png.webp 624w, https:\/\/ichef.bbci.co.uk\/ace\/ws\/800\/cpsprodpb\/bb78\/live\/1ddbd7f0-a5a1-11f0-92db-77261a15b9d2.png.webp 800w\" alt=\"Agua Marina\" width=\"940\" height=\"498\" \/><\/p>\n<p class=\"bbc-by8ykd\" role=\"text\">\n<\/div>\n<\/figure>\n<div class=\"bbc-19j92fr ebmt73l0\" dir=\"ltr\">\n<p dir=\"ltr\">\n<p class=\"bbc-hhl7in e17g058b0\" dir=\"ltr\">La Polic\u00eda inform\u00f3 que reforz\u00f3 la seguridad de las familias de los integrantes del grupo musical atacado y se activ\u00f3 un operativo especial en Lima, llamado Plan Cerco, para dar con los autores del ataque.<\/p>\n<\/div>\n<div class=\"bbc-19j92fr ebmt73l0\" dir=\"ltr\">\n<p class=\"bbc-hhl7in e17g058b0\" dir=\"ltr\">A la espera de que la investigaci\u00f3n confirme los motivos del ataque, todos los indicios apuntan a que el grupo musical habr\u00eda sido blanco de las bandas criminales dedicadas a la extorsi\u00f3n que proliferan en Per\u00fa en los \u00faltimos a\u00f1os.<\/p>\n<\/div>\n<div class=\"bbc-19j92fr ebmt73l0\" dir=\"ltr\">\n<p class=\"bbc-hhl7in e17g058b0\" dir=\"ltr\">Las encuestas muestran que la delincuencia se ha convertido en una de las principales preocupaciones ciudadanas y la extorsi\u00f3n a negocios y empresas, en uno de los temas de conversaci\u00f3n m\u00e1s habituales.<\/p>\n<\/div>\n","protected":false},"excerpt":{"rendered":"<p>&nbsp; Al filo de la madrugada de este viernes el Congreso de Per\u00fa aprob\u00f3 la destituci\u00f3n de Dina Boluarte como presidente de la rep\u00fablica. El&hellip;<\/p>\n","protected":false},"author":99,"featured_media":536983,"comment_status":"open","ping_status":"open","sticky":false,"template":"","format":"standard","meta":{"footnotes":""},"categories":[23],"tags":[],"class_list":["post-536982","post","type-post","status-publish","format-standard","has-post-thumbnail","hentry","category-latinoamerica"],"_links":{"self":[{"href":"https:\/\/diarioelpopular.com\/index.php\/wp-json\/wp\/v2\/posts\/536982","targetHints":{"allow":["GET"]}}],"collection":[{"href":"https:\/\/diarioelpopular.com\/index.php\/wp-json\/wp\/v2\/posts"}],"about":[{"href":"https:\/\/diarioelpopular.com\/index.php\/wp-json\/wp\/v2\/types\/post"}],"author":[{"embeddable":true,"href":"https:\/\/diarioelpopular.com\/index.php\/wp-json\/wp\/v2\/users\/99"}],"replies":[{"embeddable":true,"href":"https:\/\/diarioelpopular.com\/index.php\/wp-json\/wp\/v2\/comments?post=536982"}],"version-history":[{"count":1,"href":"https:\/\/diarioelpopular.com\/index.php\/wp-json\/wp\/v2\/posts\/536982\/revisions"}],"predecessor-version":[{"id":536984,"href":"https:\/\/diarioelpopular.com\/index.php\/wp-json\/wp\/v2\/posts\/536982\/revisions\/536984"}],"wp:featuredmedia":[{"embeddable":true,"href":"https:\/\/diarioelpopular.com\/index.php\/wp-json\/wp\/v2\/media\/536983"}],"wp:attachment":[{"href":"https:\/\/diarioelpopular.com\/index.php\/wp-json\/wp\/v2\/media?parent=536982"}],"wp:term":[{"taxonomy":"category","embeddable":true,"href":"https:\/\/diarioelpopular.com\/index.php\/wp-json\/wp\/v2\/categories?post=536982"},{"taxonomy":"post_tag","embeddable":true,"href":"https:\/\/diarioelpopular.com\/index.php\/wp-json\/wp\/v2\/tags?post=536982"}],"curies":[{"name":"wp","href":"https:\/\/api.w.org\/{rel}","templated":true}]}}