{"id":536986,"date":"2025-10-10T10:40:39","date_gmt":"2025-10-10T14:40:39","guid":{"rendered":"https:\/\/diarioelpopular.com\/?p=536986"},"modified":"2025-10-10T10:40:39","modified_gmt":"2025-10-10T14:40:39","slug":"la-opositora-venezolana-maria-corina-machado-premio-nobel-de-la-paz-2025","status":"publish","type":"post","link":"https:\/\/diarioelpopular.com\/index.php\/2025\/10\/10\/la-opositora-venezolana-maria-corina-machado-premio-nobel-de-la-paz-2025\/","title":{"rendered":"La opositora venezolana Mar\u00eda Corina Machado, Premio Nobel de la Paz 2025"},"content":{"rendered":"<div id=\"attachment_536987\" style=\"width: 646px\" class=\"wp-caption alignnone\"><img loading=\"lazy\" decoding=\"async\" aria-describedby=\"caption-attachment-536987\" class=\"wp-image-536987 size-custom-full-size\" src=\"https:\/\/diarioelpopular.com\/wp-content\/uploads\/2025\/10\/Screen-Shot-2025-10-10-at-10.39.28-AM-636x298.png\" alt=\"\" width=\"636\" height=\"298\" srcset=\"https:\/\/diarioelpopular.com\/wp-content\/uploads\/2025\/10\/Screen-Shot-2025-10-10-at-10.39.28-AM-636x298.png 636w, https:\/\/diarioelpopular.com\/wp-content\/uploads\/2025\/10\/Screen-Shot-2025-10-10-at-10.39.28-AM-300x140.png 300w, https:\/\/diarioelpopular.com\/wp-content\/uploads\/2025\/10\/Screen-Shot-2025-10-10-at-10.39.28-AM-768x359.png 768w, https:\/\/diarioelpopular.com\/wp-content\/uploads\/2025\/10\/Screen-Shot-2025-10-10-at-10.39.28-AM-1200x561.png 1200w, https:\/\/diarioelpopular.com\/wp-content\/uploads\/2025\/10\/Screen-Shot-2025-10-10-at-10.39.28-AM-146x68.png 146w, https:\/\/diarioelpopular.com\/wp-content\/uploads\/2025\/10\/Screen-Shot-2025-10-10-at-10.39.28-AM.png 1024w\" sizes=\"auto, (max-width: 636px) 100vw, 636px\" \/><p id=\"caption-attachment-536987\" class=\"wp-caption-text\">La l\u00edder opositora Mar\u00eda Corina Machado, durante un acto de campa\u00f1a en Caracas (Venezuela) el pasado 9 de enero. Foto: Jes\u00fas Vargas (GETTY)<\/p><\/div>\n<p>&nbsp;<\/p>\n<p>&nbsp;<\/p>\n<ul>\n<li><em><strong>El comit\u00e9 noruego del galard\u00f3n elige a la venezolana por \u201csu incansable trabajo promoviendo los derechos democr\u00e1ticos para el pueblo de Venezuela\u201d<\/strong><\/em><\/li>\n<\/ul>\n<p>&nbsp;<\/p>\n<p class=\"\">El comit\u00e9 noruego del Nobel ha otorgado este viernes el\u00a0<a title=\"https:\/\/elpais.com\/noticias\/nobel-paz\/\" href=\"https:\/\/elpais.com\/noticias\/nobel-paz\/\" target=\"_self\" rel=\"\" data-link-track-dtm=\"\" data-mrf-link=\"https:\/\/elpais.com\/noticias\/nobel-paz\/\">Nobel de la Paz<\/a>\u00a0a la opositora venezolana Mar\u00eda Corina Machado (Caracas, 58 a\u00f1os). El comit\u00e9 la ha elegido \u201cpor su incansable trabajo promoviendo los derechos democr\u00e1ticos para el pueblo de Venezuela y por su lucha por lograr una transici\u00f3n justa y pac\u00edfica de la dictadura a la democracia\u201d.<\/p>\n<p class=\"\">Machado lleva desde finales de agosto del a\u00f1o pasado en la clandestinidad a causa de la represi\u00f3n desatada por el r\u00e9gimen de Nicol\u00e1s Maduro tras las elecciones presidenciales del 28 de julio de 2024, en las que la galardonada, que no pudo participar en la contienda por estar inhabilitada, apoy\u00f3 la candidatura del diplom\u00e1tico Edmundo Gonz\u00e1lez Urrutia.<\/p>\n<p class=\"\">\u201cEstoy en\u00a0<i>shock&#8221;<\/i>, le ha dicho Machado a Gonz\u00e1lez en una llamada telef\u00f3nica que el pol\u00edtico opositor, exiliado en Espa\u00f1a, ha difundido en sus redes sociales. \u201cNo me puedo creer esto\u201d, ha continuado Machado, emocionada, durante la conversaci\u00f3n.<\/p>\n<p class=\"\">Los dos pol\u00edticos recibieron en octubre del pasado a\u00f1o\u00a0<a title=\"https:\/\/elpais.com\/internacional\/2024-10-24\/maria-corina-machado-y-edmundo-gonzalez-premio-sajarov-2024-del-parlamento-europeo.html\" href=\"https:\/\/elpais.com\/internacional\/2024-10-24\/maria-corina-machado-y-edmundo-gonzalez-premio-sajarov-2024-del-parlamento-europeo.html\" target=\"_self\" rel=\"\" data-link-track-dtm=\"\" data-mrf-link=\"https:\/\/elpais.com\/internacional\/2024-10-24\/maria-corina-machado-y-edmundo-gonzalez-premio-sajarov-2024-del-parlamento-europeo.html\">el premio S\u00e1jarov por la libertad de conciencia que concede el Parlamento Europeo<\/a>, pero la concesi\u00f3n del Nobel de la Paz supone ahora un gran espaldarazo a la causa democr\u00e1tica de la oposici\u00f3n venezolana.<\/p>\n<p class=\"\">\u201cComo l\u00edder del movimiento democr\u00e1tico en Venezuela,\u00a0<a title=\"https:\/\/elpais.com\/noticias\/maria-corina-machado\/\" href=\"https:\/\/elpais.com\/noticias\/maria-corina-machado\/\" target=\"_self\" rel=\"\" data-link-track-dtm=\"\" data-mrf-link=\"https:\/\/elpais.com\/noticias\/maria-corina-machado\/\">Mar\u00eda Corina Machado<\/a>\u00a0es uno de los ejemplos m\u00e1s extraordinarios de coraje civil en Am\u00e9rica Latina en los \u00faltimos tiempos\u201d, ha manifestado el presidente del comit\u00e9, Jorgen Watne Frydnes, al anunciar el galard\u00f3n. \u201cMachado ha sido una figura clave y unificadora en una oposici\u00f3n pol\u00edtica que alguna vez estuvo profundamente dividida, una oposici\u00f3n que encontr\u00f3 un terreno com\u00fan en la demanda de elecciones libres y un gobierno representativo\u201d, ha proseguido Frydnes.<\/p>\n<p class=\"\">La opositora venezolana se ha alzado entre los miembros del comit\u00e9 noruego por encima del racista y mat\u00f3n candidato que mayor campa\u00f1a y esfuerzos hab\u00eda hecho en los \u00faltimos meses<a title=\"https:\/\/elpais.com\/internacional\/2025-10-10\/la-gran-decepcion-de-donald-trump-el-presidente-de-estados-unidos-se-queda-sin-el-nobel-de-la-paz-que-gano-obama.html\" href=\"https:\/\/elpais.com\/internacional\/2025-10-10\/la-gran-decepcion-de-donald-trump-el-presidente-de-estados-unidos-se-queda-sin-el-nobel-de-la-paz-que-gano-obama.html\" target=\"_self\" rel=\"\" data-link-track-dtm=\"\" data-mrf-link=\"https:\/\/elpais.com\/internacional\/2025-10-10\/la-gran-decepcion-de-donald-trump-el-presidente-de-estados-unidos-se-queda-sin-el-nobel-de-la-paz-que-gano-obama.html\">, Donald Trump.<\/a><\/p>\n<p class=\"\">Veterana dirigente pol\u00edtica, Machado se enfrent\u00f3 frontalmente al expresidente Hugo Ch\u00e1vez, quien sol\u00eda descalificarla con ataques personales e insultos \u2014lleg\u00f3 a definirla como \u201cburguesita de fina estampa\u201d\u2014. Tras a\u00f1os trabajando alejada de la primera l\u00ednea, hoy es, junto a Edmundo Gonz\u00e1lez, la principal rival de Maduro y el chavismo. Antes de las \u00faltimas elecciones, fue de hecho la primera l\u00edder pol\u00edtica venezolana en m\u00e1s de una d\u00e9cada capaz de movilizar a la inmensa mayor\u00eda de la oposici\u00f3n. Machado logr\u00f3 unir a una coalici\u00f3n con sensibilidades, tradiciones ideol\u00f3gicas y visiones estrat\u00e9gicas dif\u00edciles de conciliar. Prueba de ello fue su inapelable triunfo en las primarias celebradas en octubre de 2023, cuando arras\u00f3 con el 92,5% de los votos. Ese fue el trampol\u00edn que impuls\u00f3 su campa\u00f1a hacia las presidenciales. Una carrera truncada por la inhabilitaci\u00f3n impuesta por la Contralor\u00eda, un organismo controlado por el aparato chavista, que forz\u00f3 a su candidatura, la Plataforma Unitaria Democr\u00e1tica, a buscar contra el reloj a un aspirante alternativo.<\/p>\n<p>&nbsp;<\/p>\n<figure class=\"a_m a_m-h \">\n<p><div style=\"width: 424px\" class=\"wp-caption alignnone\"><img loading=\"lazy\" decoding=\"async\" class=\"_re lazyload a_m-h\" src=\"https:\/\/imagenes.elpais.com\/resizer\/v2\/T2XPWB4FTRFTTF4PPLL2OKOW6Y.jpg?auth=6f87b78429567d48a6f794f07f1e458252dd29c4035dd308af58c1f4887fd047&amp;width=414\" sizes=\"auto, (min-width:1199px) 1155px,(min-width:1001px) calc(100vw - 44px),(min-width:768px) 767px, 100vw\" srcset=\"https:\/\/imagenes.elpais.com\/resizer\/v2\/T2XPWB4FTRFTTF4PPLL2OKOW6Y.jpg?auth=6f87b78429567d48a6f794f07f1e458252dd29c4035dd308af58c1f4887fd047&amp;width=414 414w,https:\/\/imagenes.elpais.com\/resizer\/v2\/T2XPWB4FTRFTTF4PPLL2OKOW6Y.jpg?auth=6f87b78429567d48a6f794f07f1e458252dd29c4035dd308af58c1f4887fd047&amp;width=828 640w,https:\/\/imagenes.elpais.com\/resizer\/v2\/T2XPWB4FTRFTTF4PPLL2OKOW6Y.jpg?auth=6f87b78429567d48a6f794f07f1e458252dd29c4035dd308af58c1f4887fd047&amp;width=980 1000w,https:\/\/imagenes.elpais.com\/resizer\/v2\/T2XPWB4FTRFTTF4PPLL2OKOW6Y.jpg?auth=6f87b78429567d48a6f794f07f1e458252dd29c4035dd308af58c1f4887fd047&amp;width=1960 1960w\" alt=\"\" width=\"414\" height=\"262\" \/><p class=\"wp-caption-text\">Mar\u00eda Corina Machado durante una protesta el pasado 9 de enero en Caracas. Foto Matias Delacroix (AP)<\/p><\/div><figcaption class=\"a_m_p\" aria-hidden=\"true\"><\/figcaption><\/figure>\n<p>&nbsp;<\/p>\n<p class=\"\">Esa dimensi\u00f3n pol\u00edtica se agrand\u00f3 con el paso del tiempo. Si bien Machado siempre fue una figura visible en la disputa con Ch\u00e1vez y Maduro, no siempre tuvo la misma popularidad. En las primarias opositoras de 2012 solo roz\u00f3 el 4% de los apoyos frente al 64% del excandidato presidencial Henrique Capriles Radonski. Pas\u00f3 entonces a representar a un sector del antichavismo m\u00e1s enrocado en posiciones como el boicot de las convocatorias electorales y convencido de la eficacia de los cercos diplom\u00e1ticos. Cuando en 2019 un entonces desconocido diputado, Juan Guaid\u00f3, lanz\u00f3 su desaf\u00edo a Maduro proclam\u00e1ndose presidente interino y tratando de consolidar un gobierno paralelo, Machado dio un paso atr\u00e1s y trabaj\u00f3 en silencio. Hasta que la propia oposici\u00f3n reconoci\u00f3 el fracaso del intento de Guaid\u00f3 y, desde principios de 2023, comenz\u00f3 a construirse el proyecto de Machado.<\/p>\n<p class=\"\">Pr\u00f3xima a la Casa Blanca desde los tiempos de George W. Bush, la galardonada sabe que cualquier decisi\u00f3n de Estados Unidos tiene una repercusi\u00f3n directa en los equilibrios pol\u00edticos de Venezuela. Pero ella siempre ha apelado a la capacidad de resistencia de los venezolanos, confiando en que tarde o temprano el tiempo de Maduro se acabar\u00e1. En su \u00faltima entrevista con el diario espa\u00f1ol EL PA\u00cdS, el pasado mes de julio, denunci\u00f3 la persecuci\u00f3n del r\u00e9gimen y manifest\u00f3 con claridad sus temores. \u201cEs duro, dur\u00edsimo, y vivo con la amenaza detr\u00e1s de mi cabeza, porque me han dejado clar\u00edsimo que si ellos me encuentran me van a desaparecer\u201d, lament\u00f3. Pero se mostr\u00f3 cristalina sobre la misi\u00f3n que eligi\u00f3. \u201cDecid\u00ed dedicar mi vida a la libertad de Venezuela. Si bien esto es dur\u00edsimo, estar absolutamente encerrada, sin hablar con nadie, sin ver a nadie, sin tocar, sin abrazar, sin besar, sin acariciar, sin ver a mis hijos, a mi marido, a mi mam\u00e1 y a mis compa\u00f1eros, tambi\u00e9n me ha permitido estar absolutamente concentrada en nuestro trabajo. Estamos listos\u201d, enfatiz\u00f3 en referencia al horizonte de una transici\u00f3n.<\/p>\n<p class=\"\">Maduro se arrog\u00f3 la victoria de las elecciones de 2024 sin mostrar ninguna prueba de ello, mientras que la candidatura de Machado difundi\u00f3\u00a0<a title=\"https:\/\/elpais.com\/america\/2024-07-29\/la-casa-blanca-pide-la-inmediata-publicacion-de-todas-las-actas-de-las-elecciones-en-venezuela-antes-de-estudiar-nuevas-medidas.html\" href=\"https:\/\/elpais.com\/america\/2024-07-29\/la-casa-blanca-pide-la-inmediata-publicacion-de-todas-las-actas-de-las-elecciones-en-venezuela-antes-de-estudiar-nuevas-medidas.html\" rel=\"\" data-link-track-dtm=\"\" data-mrf-link=\"https:\/\/elpais.com\/america\/2024-07-29\/la-casa-blanca-pide-la-inmediata-publicacion-de-todas-las-actas-de-las-elecciones-en-venezuela-antes-de-estudiar-nuevas-medidas.html\">las actas de votaci\u00f3n<\/a>\u00a0que mostraban una victoria rotunda de Gonz\u00e1lez Urrutia. La indignaci\u00f3n ciudadana desemboc\u00f3 en una oleada de protestas sociales que provoc\u00f3 la militarizaci\u00f3n de las calles y la represi\u00f3n de los aparatos policiales del chavismo. Cuatro meses despu\u00e9s de los comicios, la Fiscal\u00eda venezolana, en manos del chavismo como todos los organismos p\u00fablicos, abri\u00f3 una investigaci\u00f3n contra la dirigente con el fin de imputarla por supuestamente haber apoyado un nuevo paquete de sanciones de Estados Unidos contra Caracas. Para entonces la l\u00edder opositora ya estaba en la clandestinidad, que rompi\u00f3 el pasado enero\u00a0<a title=\"https:\/\/elpais.com\/america\/2025-01-09\/maria-corina-machado-reaparece-y-lidera-las-protestas-contra-la-investidura-de-maduro.html\" href=\"https:\/\/elpais.com\/america\/2025-01-09\/maria-corina-machado-reaparece-y-lidera-las-protestas-contra-la-investidura-de-maduro.html\" target=\"_self\" rel=\"\" data-link-track-dtm=\"\" data-mrf-link=\"https:\/\/elpais.com\/america\/2025-01-09\/maria-corina-machado-reaparece-y-lidera-las-protestas-contra-la-investidura-de-maduro.html\">al intervenir en unas manifestaciones en la capital venezolana contra la investidura de Maduro<\/a>.<\/p>\n<p class=\"\">\u201cEl Premio Nobel de la Paz otorgado a Mar\u00eda Corina Machado deber\u00eda contribuir a revitalizar los esfuerzos internacionales para promover una transici\u00f3n pac\u00edfica hacia la democracia en Venezuela\u201d, ha manifestado al conocer la concesi\u00f3n del galard\u00f3n Juanita Goebertus, directora para las Am\u00e9ricas de Human Rights Watch (HRW), una de las primeras en pronunciarse. \u201cEl pueblo venezolano ha sufrido durante demasiado tiempo a manos de un Gobierno brutal, responsable de violaciones sistem\u00e1ticas de los derechos humanos y de una devastadora crisis humanitaria. Los gobiernos extranjeros deber\u00edan apoyar a los venezolanos en su lucha por una democracia que respete los derechos humanos\u201d, ha proseguido.<\/p>\n<h3 class=\"\">Promoci\u00f3n de la paz<\/h3>\n<p class=\"\">El comit\u00e9 es desde 1901 el \u00f3rgano encargado de designar a la persona que considera que cumple con los criterios del fundador del premio. El deseo de Nobel, expl\u00edcitamente recogido en su testamento, enumera los puntos clave que se buscan en el perfil del candidato m\u00e1s merecedor: \u201c[\u2026] la persona que m\u00e1s o mejor haya contribuido a fomentar la hermandad entre las naciones, la abolici\u00f3n o reducci\u00f3n de los ej\u00e9rcitos permanentes, y el establecimiento y la promoci\u00f3n de congresos de paz\u201d.<\/p>\n<p class=\"\">El Premio Nobel de la Paz, \u00faltimo de los cinco galardones que Alfred Nobel se\u00f1al\u00f3 en su testamento \u2014las dem\u00e1s categor\u00edas incluyen Medicina o Fisiolog\u00eda, F\u00edsica, Qu\u00edmica y Literatura\u2014 se falla en el aniversario de la muerte de Alfred Nobel, el 10 de octubre, despu\u00e9s del resto de premios ya anunciados a lo largo de esta semana.<\/p>\n<p>&nbsp;<\/p>\n<figure class=\"a_m a_m-h \">\n<p><div style=\"width: 424px\" class=\"wp-caption alignnone\"><img loading=\"lazy\" decoding=\"async\" class=\"_re lazyload a_m-h\" src=\"https:\/\/imagenes.elpais.com\/resizer\/v2\/WC52LZ4ZNVGIVAV7BXIRYFY7HA.JPG?auth=9af20033dcb3d21eafbe4a1c105b31d8d8fdf2bb074b19c31ef6759e6d65e154&amp;width=414\" sizes=\"auto, (min-width:1199px) 1155px,(min-width:1001px) calc(100vw - 44px),(min-width:768px) 767px, 100vw\" srcset=\"https:\/\/imagenes.elpais.com\/resizer\/v2\/WC52LZ4ZNVGIVAV7BXIRYFY7HA.JPG?auth=9af20033dcb3d21eafbe4a1c105b31d8d8fdf2bb074b19c31ef6759e6d65e154&amp;width=414 414w,https:\/\/imagenes.elpais.com\/resizer\/v2\/WC52LZ4ZNVGIVAV7BXIRYFY7HA.JPG?auth=9af20033dcb3d21eafbe4a1c105b31d8d8fdf2bb074b19c31ef6759e6d65e154&amp;width=828 640w,https:\/\/imagenes.elpais.com\/resizer\/v2\/WC52LZ4ZNVGIVAV7BXIRYFY7HA.JPG?auth=9af20033dcb3d21eafbe4a1c105b31d8d8fdf2bb074b19c31ef6759e6d65e154&amp;width=980 1000w,https:\/\/imagenes.elpais.com\/resizer\/v2\/WC52LZ4ZNVGIVAV7BXIRYFY7HA.JPG?auth=9af20033dcb3d21eafbe4a1c105b31d8d8fdf2bb074b19c31ef6759e6d65e154&amp;width=1960 1960w\" alt=\"\" width=\"414\" height=\"276\" \/><p class=\"wp-caption-text\">Jorgen Watne Frydnes, este viernes en Oslo (Noruega).\u00a0 \u00a0 \u00a0 \u00a0 \u00a0 \u00a0 \u00a0 Foto Rodrigo Freitas (via REUTERS)<\/p><\/div><figcaption class=\"a_m_p\" aria-hidden=\"true\"><\/figcaption><\/figure>\n<p>&nbsp;<\/p>\n<p class=\"\">En 2024, el galard\u00f3n recay\u00f3 en\u00a0<a title=\"https:\/\/elpais.com\/internacional\/2024-10-11\/premio-nobel-de-la-paz.html\" href=\"https:\/\/elpais.com\/internacional\/2024-10-11\/premio-nobel-de-la-paz.html\" target=\"_self\" rel=\"\" data-link-track-dtm=\"\" data-mrf-link=\"https:\/\/elpais.com\/internacional\/2024-10-11\/premio-nobel-de-la-paz.html\">Nihon Hidankyo<\/a>, organizaci\u00f3n nacional japonesa de supervivientes de la bomba at\u00f3mica de Hiroshima y Nagasaki, conocidos como los\u00a0<i>hibakusha,<\/i>\u00a0\u201cpor sus esfuerzos para lograr un mundo libre de armas nucleares y por demostrar mediante el testimonio de testigos que las armas nucleares no deben volver a utilizarse nunca\u201d, seg\u00fan defendi\u00f3 el comit\u00e9 noruego.<\/p>\n<p class=\"\">Este a\u00f1o, el favorito para hacerse con el galard\u00f3n seg\u00fan los registros de los \u00faltimos d\u00edas de la plataforma Polymarket, uno de los mercados de predicci\u00f3n m\u00e1s grandes del mundo, eran las\u00a0<a title=\"https:\/\/khartoumerr.org\/about-us\/\" href=\"https:\/\/khartoumerr.org\/about-us\/\" target=\"_self\" rel=\"\" data-link-track-dtm=\"\" data-mrf-link=\"https:\/\/khartoumerr.org\/about-us\/\">Salas de Respuesta a Emergencias de Sud\u00e1n (ERR)<\/a>, una iniciativa liderada por la comunidad sudanesa en respuesta a la crisis humanitaria desatada por\u00a0<a title=\"https:\/\/elpais.com\/planeta-futuro\/2025-04-16\/sobrevivir-a-dos-anos-de-guerra-en-sudan-tres-historias-desde-el-interior-de-la-tragedia.html\" href=\"https:\/\/elpais.com\/planeta-futuro\/2025-04-16\/sobrevivir-a-dos-anos-de-guerra-en-sudan-tres-historias-desde-el-interior-de-la-tragedia.html\" target=\"_self\" rel=\"\" data-link-track-dtm=\"\" data-mrf-link=\"https:\/\/elpais.com\/planeta-futuro\/2025-04-16\/sobrevivir-a-dos-anos-de-guerra-en-sudan-tres-historias-desde-el-interior-de-la-tragedia.html\">la guerra civil<\/a>\u00a0que estall\u00f3 en el pa\u00eds africano en abril de 2023. Le segu\u00edan la organizaci\u00f3n M\u00e9dicos sin Fronteras, con misiones de ayuda en todo el mundo;\u00a0<a title=\"https:\/\/elpais.com\/internacional\/2025-09-17\/la-viuda-de-navalni-asegura-que-dos-laboratorios-fuera-de-rusia-tienen-pruebas-de-que-el-disidente-fue-envenenado.html\" href=\"https:\/\/elpais.com\/internacional\/2025-09-17\/la-viuda-de-navalni-asegura-que-dos-laboratorios-fuera-de-rusia-tienen-pruebas-de-que-el-disidente-fue-envenenado.html\" target=\"_self\" rel=\"\" data-link-track-dtm=\"\" data-mrf-link=\"https:\/\/elpais.com\/internacional\/2025-09-17\/la-viuda-de-navalni-asegura-que-dos-laboratorios-fuera-de-rusia-tienen-pruebas-de-que-el-disidente-fue-envenenado.html\">Yulia Navalnaya<\/a>, viuda del opositor ruso Alex\u00e9i Navalni; el Tribunal Internacional de Justicia, y, ya en quinto lugar, seg\u00fan esos n\u00fameros, Donald Trump. Machado ascendi\u00f3 en estas quinielas durante la ma\u00f1ana del viernes, unas horas antes del anuncio del galard\u00f3n en Oslo.<\/p>\n","protected":false},"excerpt":{"rendered":"<p>&nbsp; &nbsp; El comit\u00e9 noruego del galard\u00f3n elige a la venezolana por \u201csu incansable trabajo promoviendo los derechos democr\u00e1ticos para el pueblo de Venezuela\u201d &nbsp;&hellip;<\/p>\n","protected":false},"author":99,"featured_media":536987,"comment_status":"open","ping_status":"open","sticky":false,"template":"","format":"standard","meta":{"footnotes":""},"categories":[24],"tags":[],"class_list":["post-536986","post","type-post","status-publish","format-standard","has-post-thumbnail","hentry","category-mundo"],"_links":{"self":[{"href":"https:\/\/diarioelpopular.com\/index.php\/wp-json\/wp\/v2\/posts\/536986","targetHints":{"allow":["GET"]}}],"collection":[{"href":"https:\/\/diarioelpopular.com\/index.php\/wp-json\/wp\/v2\/posts"}],"about":[{"href":"https:\/\/diarioelpopular.com\/index.php\/wp-json\/wp\/v2\/types\/post"}],"author":[{"embeddable":true,"href":"https:\/\/diarioelpopular.com\/index.php\/wp-json\/wp\/v2\/users\/99"}],"replies":[{"embeddable":true,"href":"https:\/\/diarioelpopular.com\/index.php\/wp-json\/wp\/v2\/comments?post=536986"}],"version-history":[{"count":1,"href":"https:\/\/diarioelpopular.com\/index.php\/wp-json\/wp\/v2\/posts\/536986\/revisions"}],"predecessor-version":[{"id":536988,"href":"https:\/\/diarioelpopular.com\/index.php\/wp-json\/wp\/v2\/posts\/536986\/revisions\/536988"}],"wp:featuredmedia":[{"embeddable":true,"href":"https:\/\/diarioelpopular.com\/index.php\/wp-json\/wp\/v2\/media\/536987"}],"wp:attachment":[{"href":"https:\/\/diarioelpopular.com\/index.php\/wp-json\/wp\/v2\/media?parent=536986"}],"wp:term":[{"taxonomy":"category","embeddable":true,"href":"https:\/\/diarioelpopular.com\/index.php\/wp-json\/wp\/v2\/categories?post=536986"},{"taxonomy":"post_tag","embeddable":true,"href":"https:\/\/diarioelpopular.com\/index.php\/wp-json\/wp\/v2\/tags?post=536986"}],"curies":[{"name":"wp","href":"https:\/\/api.w.org\/{rel}","templated":true}]}}