{"id":536990,"date":"2025-10-10T10:58:35","date_gmt":"2025-10-10T14:58:35","guid":{"rendered":"https:\/\/diarioelpopular.com\/?p=536990"},"modified":"2025-10-10T10:58:35","modified_gmt":"2025-10-10T14:58:35","slug":"trump-se-queda-con-los-crespos-hechos-y-sin-el-nobel-de-la-paz-que-gano-obama","status":"publish","type":"post","link":"https:\/\/diarioelpopular.com\/index.php\/2025\/10\/10\/trump-se-queda-con-los-crespos-hechos-y-sin-el-nobel-de-la-paz-que-gano-obama\/","title":{"rendered":"Trump:  se queda con los crespos hechos y sin el Nobel de la Paz que gan\u00f3 Obama"},"content":{"rendered":"<div id=\"attachment_536991\" style=\"width: 1210px\" class=\"wp-caption alignnone\"><img loading=\"lazy\" decoding=\"async\" aria-describedby=\"caption-attachment-536991\" class=\"wp-image-536991 size-custom-big-size\" src=\"https:\/\/diarioelpopular.com\/wp-content\/uploads\/2025\/10\/Screen-Shot-2025-10-10-at-10.57.04-AM-1200x752.png\" alt=\"\" width=\"1200\" height=\"752\" srcset=\"https:\/\/diarioelpopular.com\/wp-content\/uploads\/2025\/10\/Screen-Shot-2025-10-10-at-10.57.04-AM-1200x752.png 1200w, https:\/\/diarioelpopular.com\/wp-content\/uploads\/2025\/10\/Screen-Shot-2025-10-10-at-10.57.04-AM-300x188.png 300w, https:\/\/diarioelpopular.com\/wp-content\/uploads\/2025\/10\/Screen-Shot-2025-10-10-at-10.57.04-AM-768x481.png 768w, https:\/\/diarioelpopular.com\/wp-content\/uploads\/2025\/10\/Screen-Shot-2025-10-10-at-10.57.04-AM-636x399.png 636w, https:\/\/diarioelpopular.com\/wp-content\/uploads\/2025\/10\/Screen-Shot-2025-10-10-at-10.57.04-AM-116x73.png 116w, https:\/\/diarioelpopular.com\/wp-content\/uploads\/2025\/10\/Screen-Shot-2025-10-10-at-10.57.04-AM.png 1024w\" sizes=\"auto, (max-width: 1200px) 100vw, 1200px\" \/><p id=\"caption-attachment-536991\" class=\"wp-caption-text\">Trump, con cara de pocos amigos al quedarse fuera. Foto Jae C. Hong (AP)<\/p><\/div>\n<p>&nbsp;<\/p>\n<p>&nbsp;<\/p>\n<ul>\n<li><em><strong>El arrogante y racista gobernante estadounidense lleva a\u00f1os reclamando y alardeando que merece el galard\u00f3n. La decisi\u00f3n del comit\u00e9 noruego de designar a Mar\u00eda Corina Machado se tom\u00f3 antes del acuerdo entre Israel y Ham\u00e1s para acabar con la guerra en Gaza<\/strong><\/em><\/li>\n<\/ul>\n<p>&nbsp;<\/p>\n<p class=\"\">Este jueves solo hab\u00eda una pregunta posible en Washington:\u00a0<a title=\"https:\/\/elpais.com\/internacional\/2025-07-22\/trump-premio-nobel-de-la-paz-el-presidente-y-sus-aliados-maniobran-para-lograrlo.html\" href=\"https:\/\/elpais.com\/internacional\/2025-07-22\/trump-premio-nobel-de-la-paz-el-presidente-y-sus-aliados-maniobran-para-lograrlo.html\" target=\"_blank\" rel=\"noopener noreferrer\" data-link-track-dtm=\"\" data-mrf-link=\"https:\/\/elpais.com\/internacional\/2025-07-22\/trump-premio-nobel-de-la-paz-el-presidente-y-sus-aliados-maniobran-para-lograrlo.html\">\u201c\u00bfLe dar\u00e1n el Nobel de la Paz a Donald Trump?\u201d.<\/a> La respuesta lleg\u00f3 a las 5:00 del viernes (11:00 en Oslo). Y la respuesta fue: \u201cNo\u201d.<\/p>\n<p class=\"\">Trump en su habitual arrogancia consideraba que se lo merec\u00eda, llevaba meses dici\u00e9ndolo p\u00fablicamente, si no a\u00f1os presionando para que se lo concedieran, pero el Comit\u00e9 Noruego del Premio lo dej\u00f3 con los crespos hechos y se decant\u00f3 por otra candidatura: la de la l\u00edder opositora venezolana Mar\u00eda Corina Machado.<\/p>\n<div>\n<p class=\"\">Los promotores de la idea, una variada n\u00f3mina de postulantes, primeros ministros, cancilleres o congresistas republicanos tan aparentemente interesados en la paz mundial como en el agasajo al inquilino de la Casa Blanca, pensaron que tras el anuncio del propio Trump del mi\u00e9rcoles, 36 horas antes de la concesi\u00f3n del premio, de que Israel y Ham\u00e1s hab\u00edan acordado entrar en la primera fase del plan de paz de\u00a0<a title=\"https:\/\/elpais.com\/internacional\/2025-10-09\/trump-sobre-el-acuerdo-entre-israel-y-hamas-creo-que-sera-el-principio-de-una-paz-duradera.html\" href=\"https:\/\/elpais.com\/internacional\/2025-10-09\/trump-sobre-el-acuerdo-entre-israel-y-hamas-creo-que-sera-el-principio-de-una-paz-duradera.html\" target=\"_blank\" rel=\"noopener noreferrer\" data-link-track-dtm=\"\" data-mrf-link=\"https:\/\/elpais.com\/internacional\/2025-10-09\/trump-sobre-el-acuerdo-entre-israel-y-hamas-creo-que-sera-el-principio-de-una-paz-duradera.html\">Washington para Gaza, el galard\u00f3n ten\u00eda que caer por su propio peso<\/a>.<\/p>\n<p class=\"\">Pero no cay\u00f3. Y fue tambi\u00e9n por razones m\u00e1s propias de las exigencias de las bases de un concurso que puramente pol\u00edticas. El Nobel de la Paz, que se concede cada octubre desde 1901 (con las l\u00f3gicas excepciones de las dos guerras mundiales),\u00a0<a title=\"https:\/\/elpais.com\/internacional\/2025-10-09\/el-premio-nobel-de-la-paz-para-trump-una-posibilidad-real-que-suscita-muchas-dudas.html\" href=\"https:\/\/elpais.com\/internacional\/2025-10-09\/el-premio-nobel-de-la-paz-para-trump-una-posibilidad-real-que-suscita-muchas-dudas.html\" target=\"_blank\" rel=\"noopener noreferrer\" data-link-track-dtm=\"\" data-mrf-link=\"https:\/\/elpais.com\/internacional\/2025-10-09\/el-premio-nobel-de-la-paz-para-trump-una-posibilidad-real-que-suscita-muchas-dudas.html\">valora los esfuerzos de los candidatos del a\u00f1o<\/a> anterior, aunque esa regla se la hayan saltado a veces. Y en 2024, Trump a\u00fan no era presidente de Estados Unidos, ni mucho menos hab\u00eda acabado con las \u201csiete guerras\u201d de las que \u00e9l alardea de haber acabado (\u201cocho, con la de Gaza\u201d, dijo este jueves en la Casa Blanca) con las que dice una y otra vez que ha terminado, sin importarle lo que eso tiene de exageraci\u00f3n.<\/p>\n<p class=\"\">En realidad, en esos conflictos a los que\u00a0<a title=\"https:\/\/elpais.com\/internacional\/2025-09-24\/las-siete-guerras-que-trump-dice-haber-parado-desde-que-llego-al-poder.html\" href=\"https:\/\/elpais.com\/internacional\/2025-09-24\/las-siete-guerras-que-trump-dice-haber-parado-desde-que-llego-al-poder.html\" rel=\"\" data-link-track-dtm=\"\" data-mrf-link=\"https:\/\/elpais.com\/internacional\/2025-09-24\/las-siete-guerras-que-trump-dice-haber-parado-desde-que-llego-al-poder.html\">suele referirse el republicano<\/a>, del que enfrenta a India y Pakist\u00e1n al de Sierra Leona y el Congo, son querellas en cuya resoluci\u00f3n, en su mayor parte, su Administraci\u00f3n desempe\u00f1\u00f3 un papel mucho menor y que a\u00fan est\u00e1n por resolver.<\/p>\n<p class=\"\">La Casa Blanca critic\u00f3 la decisi\u00f3n del comit\u00e9 del Premio Nobel por boca del portavoz Steven Cheung, quien en un mensaje en X afirm\u00f3: \u201cEl presidente Trump seguir\u00e1 firmando acuerdos de paz, poniendo fin a guerras y salvando vidas\u201d. Tiene un coraz\u00f3n humanitario y nunca habr\u00e1 nadie como \u00e9l, capaz de mover monta\u00f1as con la sola fuerza de su voluntad\u201d. Seg\u00fan Cheung, \u201cel Comit\u00e9 Nobel ha demostrado que antepone la pol\u00edtica a la paz\u201d.<\/p>\n<p class=\"\">\u201cDesgraciadamente para Trump\u201d, escribieron el jueves a primera hora los autores de la\u00a0<i>newsletter<\/i>\u00a0<i>Playbook<\/i>, de\u00a0<i>Politico<\/i>, tal vez la m\u00e1s influyente de Washington, \u201clos jueces noruegos tomaron su decisi\u00f3n hace semanas. Pero&#8230; \u00bfel galard\u00f3n del pr\u00f3ximo a\u00f1o? Honestamente, \u00bfqui\u00e9n sabe?\u201c.<\/p>\n<p class=\"\">El\u00a0<a title=\"https:\/\/www.washingtonpost.com\/opinions\/2025\/10\/09\/gaza-endgame-israel-hamas-deal-trump\/\" href=\"https:\/\/www.washingtonpost.com\/opinions\/2025\/10\/09\/gaza-endgame-israel-hamas-deal-trump\/\" target=\"_blank\" rel=\"noopener noreferrer\" data-link-track-dtm=\"\" data-mrf-link=\"https:\/\/www.washingtonpost.com\/opinions\/2025\/10\/09\/gaza-endgame-israel-hamas-deal-trump\/\">editorial de\u00a0<i>The Washington Post<\/i><\/a><i>,<\/i> por su parte, defendi\u00f3 que el anuncio de que \u201cIsrael y Ham\u00e1s se han puesto de acuerdo sobre el plan de Trump de acabar la guerra de dos a\u00f1os en Gaza podr\u00eda ser el mayor logro diplom\u00e1tico de su segunda presidencia\u201d. \u201cDe hecho\u201d, argument\u00f3 el diario, si \u201ccuaja\u201d el trato, que no hay que olvidar que se refiere a una primera fase (los puntos 3, 4, 5 y 7 del un plan de 20) y que a\u00fan no es la \u201cpaz duradera y permanente\u201d que anhela su promotor, el republicano \u201cpuede reforzar su pretensi\u00f3n de ser un pacifista merecedor del Nobel\u201d. Pacifista fuera de sus fronteras ya que al ver el desastre que est\u00e1 causando en su propia tierra no tiene l\u00edmites.<\/p>\n<p>&nbsp;<\/p>\n<figure class=\"a_m a_m-h \">\n<p><div style=\"width: 424px\" class=\"wp-caption alignnone\"><img loading=\"lazy\" decoding=\"async\" class=\"_re lazyload a_m-h\" src=\"https:\/\/imagenes.elpais.com\/resizer\/v2\/X5G2SXNBQVN7LOKHWZFGHP5BJA.jpg?auth=65a9566935b0fb4f28f759c56ba7c4aed57a52e959db5d8a41e8945c02be5a6d&amp;width=414\" sizes=\"auto, (min-width:1199px) 1155px,(min-width:1001px) calc(100vw - 44px),(min-width:768px) 767px, 100vw\" srcset=\"https:\/\/imagenes.elpais.com\/resizer\/v2\/X5G2SXNBQVN7LOKHWZFGHP5BJA.jpg?auth=65a9566935b0fb4f28f759c56ba7c4aed57a52e959db5d8a41e8945c02be5a6d&amp;width=414 414w,https:\/\/imagenes.elpais.com\/resizer\/v2\/X5G2SXNBQVN7LOKHWZFGHP5BJA.jpg?auth=65a9566935b0fb4f28f759c56ba7c4aed57a52e959db5d8a41e8945c02be5a6d&amp;width=828 640w,https:\/\/imagenes.elpais.com\/resizer\/v2\/X5G2SXNBQVN7LOKHWZFGHP5BJA.jpg?auth=65a9566935b0fb4f28f759c56ba7c4aed57a52e959db5d8a41e8945c02be5a6d&amp;width=980 1000w,https:\/\/imagenes.elpais.com\/resizer\/v2\/X5G2SXNBQVN7LOKHWZFGHP5BJA.jpg?auth=65a9566935b0fb4f28f759c56ba7c4aed57a52e959db5d8a41e8945c02be5a6d&amp;width=1960 1960w\" alt=\"\" width=\"414\" height=\"233\" \/><p class=\"wp-caption-text\">Mensaje creado por el artista Peter Winner en un campo cercano al Kibbutz Maoz Haim, en el norte de Israel. Guy Sherry (REUTERS)<\/p><\/div><figcaption class=\"a_m_p\" aria-hidden=\"true\"><\/figcaption><\/figure>\n<p>&nbsp;<\/p>\n<p class=\"\">En realidad, el presidente del comit\u00e9 dio ya a entender esta semana que fue el lunes cuando qued\u00f3 resuelto qui\u00e9n ser\u00eda el galardonado este a\u00f1o, as\u00ed que los acontecimientos del mi\u00e9rcoles no pudieron influir en el \u00e1nimo de los cinco miembros que votaban.<\/p>\n<p class=\"\">Los redactores de\u00a0<a title=\"https:\/\/www.politico.com\/playbook\" href=\"https:\/\/www.politico.com\/playbook\" target=\"_blank\" rel=\"noopener noreferrer\" data-link-track-dtm=\"\" data-mrf-link=\"https:\/\/www.politico.com\/playbook\"><i>Politico<\/i>\u00a0y\u00a0<i>The Washington Post<\/i><\/a> parecen olvidar adem\u00e1s que el autodenominado \u201cpacificador\u201d Trump desde\u00f1a, contra el criterio noruego, las organizaciones multilaterales y la lucha contra el cambio clim\u00e1tico, que ha ordenado el despliegue de tropas contra sus propios ciudadanos y ha pedido que el ej\u00e9rcito use ciudades como Portland o Chicago como \u201ccampos de entrenamiento\u201d. O que lleva semanas lanzando operaciones militares extrajudiciales en aguas del Caribe, en virtud de una supuesta \u201cguerra\u201d contra el narco y contra bandas criminales venezolanas que ha declarado \u00e9l mismo, sin contar con el Congreso.<\/p>\n<h3 class=\"\">Una vieja aspiraci\u00f3n<\/h3>\n<p class=\"\">Este jueves, en su segunda comparecencia del d\u00eda ante la prensa, a Trump le preguntaron si cre\u00eda que este viernes acabar\u00eda cumpliendo su sue\u00f1o de ser distinguido con el galard\u00f3n, un sue\u00f1o que acaricia m\u00e1s o menos desde 2019, cuando viaj\u00f3 a Corea del Norte, en vista de que a su primer antecesor, Barack Obama, lo premiaron en 2009. Con la envidia entre sus cejas contest\u00f3: \u201cSe lo dieron sin haber hecho absolutamente nada, salvo destruir nuestro pa\u00eds\u201d.<\/p>\n<p class=\"\">Es cierto que Obama lo recibi\u00f3 cuando llevaba solo unos meses en el puesto. Jay Nordlinger escribe en el que tal vez sea el libro definitivo sobre la historia del Nobel\u00a0<i>(Peace, They Say,<\/i> 2012) que el comit\u00e9 se lo concedi\u00f3 porque entr\u00f3 en escena como \u201cel presidente so\u00f1ado [para sus miembros], del mismo modo que George W. Bush representaba su peor pesadilla\u201d. Aquel galard\u00f3n fue como una se\u00f1al de alivio, porque Bush ya no estaba al mando. La forma de bendecir un nuevo comienzo\u201c.<\/p>\n<p class=\"\">Trump no parece tener el mismo cartel que Obama en Oslo, aunque Nordlinger explica que, cuando haya acumulado \u201clogros suficientes\u201d, el comit\u00e9 lo premiar\u00e1, \u201cpor muy pol\u00e9mica que resulte la decisi\u00f3n\u201d. Tampoco hay que olvidar que se lo dieron en 1973, junto al diplom\u00e1tico de Vietnam del Norte Le Duc Tho, al entonces secretario de Estado Henry Kissinger,\u00a0<a title=\"https:\/\/elpais.com\/internacional\/2023-11-30\/muere-henry-kissinger-el-hombre-que-marco-la-politica-exterior-de-ee-uu-en-la-segunda-mitad-del-siglo-xx.html\" href=\"https:\/\/elpais.com\/internacional\/2023-11-30\/muere-henry-kissinger-el-hombre-que-marco-la-politica-exterior-de-ee-uu-en-la-segunda-mitad-del-siglo-xx.html\" rel=\"\" data-link-track-dtm=\"\" data-mrf-link=\"https:\/\/elpais.com\/internacional\/2023-11-30\/muere-henry-kissinger-el-hombre-que-marco-la-politica-exterior-de-ee-uu-en-la-segunda-mitad-del-siglo-xx.html\">\u2212quien orden\u00f3 bombardeos en Camboya, Timor Oriental o Vietnam que provocaron centenares de miles de muertos\u2212<\/a>. Aquella fue, reconoce Nordlinger, la decisi\u00f3n m\u00e1s pol\u00e9mica de la historia del premio.<\/p>\n<p class=\"\">Trump ha hablado a su favor al menos en una docena de ocasiones desde que lleg\u00f3 a la Casa Blanca de nuevo sobre el Nobel, en un registro argumentativo que va de la indignaci\u00f3n a la resignaci\u00f3n. En un err\u00e1tico discurso ante centenares <a title=\"https:\/\/elpais.com\/internacional\/2025-09-30\/trump-advierte-a-los-altos-mandos-militares-sobre-una-invasion-interior-en-estados-unidos.html\" href=\"https:\/\/elpais.com\/internacional\/2025-09-30\/trump-advierte-a-los-altos-mandos-militares-sobre-una-invasion-interior-en-estados-unidos.html\" target=\"_blank\" rel=\"noopener noreferrer\" data-link-track-dtm=\"\" data-mrf-link=\"https:\/\/elpais.com\/internacional\/2025-09-30\/trump-advierte-a-los-altos-mandos-militares-sobre-una-invasion-interior-en-estados-unidos.html\">de generales en Quantico (Virginia),<\/a> dijo hace un par de semanas: \u201cSe lo dar\u00e1n a alguien que no hizo absolutamente nada, alguien que escribi\u00f3 un libro sobre la mente de Donald Trump y c\u00f3mo hizo para resolver tantas guerras. Veremos qu\u00e9 pasa. [Si no se lo dan] Ser\u00eda un gran insulto para nuestro pa\u00eds, se lo aseguro. No lo quiero. Quiero que el pa\u00eds lo reciba\u201d.<\/p>\n<p class=\"\">El jueves por la noche, Trump, que se prepara para viajar en los pr\u00f3ximos d\u00edas a Egipto para ser testigo de la firma del acuerdo entre Israel y Ham\u00e1s, despidi\u00f3 una jornada intensa (otra) reposteando en su red social dos art\u00edculos y dando las \u201c\u00a1\u00a1\u00a1gracias!!!\u201c a sus autores. Uno de ellos, de un columnista del <i>Post<\/i>, se titulaba:\u00a0<a title=\"https:\/\/www.washingtonpost.com\/opinions\/2025\/10\/09\/gaza-ceasefire-deal-trump-nobel-prize\/\" href=\"https:\/\/www.washingtonpost.com\/opinions\/2025\/10\/09\/gaza-ceasefire-deal-trump-nobel-prize\/\" target=\"_blank\" rel=\"noopener noreferrer\" data-link-track-dtm=\"\" data-mrf-link=\"https:\/\/www.washingtonpost.com\/opinions\/2025\/10\/09\/gaza-ceasefire-deal-trump-nobel-prize\/\">\u201cS\u00ed, Trump merece el Premio Nobel de la Paz\u201d.<\/a>\u00a0El otro, de\u00a0<em>Newsmax<\/em>, medio m\u00e1s a la derecha que\u00a0<em>Fox News,<\/em> llevaba el siguiente encabezado: \u201cUn grupo de republicanos multimillonarios jud\u00edos: \u2018Trump no deber\u00eda solo recibir el Nobel; tendr\u00edan que rebautizar el premio con su nombre\u2019\u201d.<\/p>\n<p class=\"\">Para todo eso, el racista de la Casa Blanca tendr\u00e1 que esperar. Para que el galardonado de este a\u00f1o reciba su reconocimiento, dotado con 9 millones de coronas, faltan 61 d\u00edas: ser\u00e1, como dicta el testamento de Alfred Nobel, el 10 de diciembre en el Ayuntamiento de Oslo.<\/p>\n<\/div>\n","protected":false},"excerpt":{"rendered":"<p>&nbsp; &nbsp; El arrogante y racista gobernante estadounidense lleva a\u00f1os reclamando y alardeando que merece el galard\u00f3n. La decisi\u00f3n del comit\u00e9 noruego de designar a&hellip;<\/p>\n","protected":false},"author":99,"featured_media":536991,"comment_status":"open","ping_status":"open","sticky":false,"template":"","format":"standard","meta":{"footnotes":""},"categories":[24],"tags":[],"class_list":["post-536990","post","type-post","status-publish","format-standard","has-post-thumbnail","hentry","category-mundo"],"_links":{"self":[{"href":"https:\/\/diarioelpopular.com\/index.php\/wp-json\/wp\/v2\/posts\/536990","targetHints":{"allow":["GET"]}}],"collection":[{"href":"https:\/\/diarioelpopular.com\/index.php\/wp-json\/wp\/v2\/posts"}],"about":[{"href":"https:\/\/diarioelpopular.com\/index.php\/wp-json\/wp\/v2\/types\/post"}],"author":[{"embeddable":true,"href":"https:\/\/diarioelpopular.com\/index.php\/wp-json\/wp\/v2\/users\/99"}],"replies":[{"embeddable":true,"href":"https:\/\/diarioelpopular.com\/index.php\/wp-json\/wp\/v2\/comments?post=536990"}],"version-history":[{"count":1,"href":"https:\/\/diarioelpopular.com\/index.php\/wp-json\/wp\/v2\/posts\/536990\/revisions"}],"predecessor-version":[{"id":536992,"href":"https:\/\/diarioelpopular.com\/index.php\/wp-json\/wp\/v2\/posts\/536990\/revisions\/536992"}],"wp:featuredmedia":[{"embeddable":true,"href":"https:\/\/diarioelpopular.com\/index.php\/wp-json\/wp\/v2\/media\/536991"}],"wp:attachment":[{"href":"https:\/\/diarioelpopular.com\/index.php\/wp-json\/wp\/v2\/media?parent=536990"}],"wp:term":[{"taxonomy":"category","embeddable":true,"href":"https:\/\/diarioelpopular.com\/index.php\/wp-json\/wp\/v2\/categories?post=536990"},{"taxonomy":"post_tag","embeddable":true,"href":"https:\/\/diarioelpopular.com\/index.php\/wp-json\/wp\/v2\/tags?post=536990"}],"curies":[{"name":"wp","href":"https:\/\/api.w.org\/{rel}","templated":true}]}}