{"id":536994,"date":"2025-10-10T11:06:43","date_gmt":"2025-10-10T15:06:43","guid":{"rendered":"https:\/\/diarioelpopular.com\/?p=536994"},"modified":"2025-10-10T11:06:43","modified_gmt":"2025-10-10T15:06:43","slug":"dina-boluarte-la-mandataria-que-beso-el-sotano-de-la-popularidad","status":"publish","type":"post","link":"https:\/\/diarioelpopular.com\/index.php\/2025\/10\/10\/dina-boluarte-la-mandataria-que-beso-el-sotano-de-la-popularidad\/","title":{"rendered":"Dina Boluarte, la mandataria que bes\u00f3 el s\u00f3tano de la popularidad"},"content":{"rendered":"<div id=\"attachment_536995\" style=\"width: 1210px\" class=\"wp-caption alignnone\"><img loading=\"lazy\" decoding=\"async\" aria-describedby=\"caption-attachment-536995\" class=\"wp-image-536995 size-custom-big-size\" src=\"https:\/\/diarioelpopular.com\/wp-content\/uploads\/2025\/10\/Screen-Shot-2025-10-10-at-11.05.59-AM-1200x805.png\" alt=\"\" width=\"1200\" height=\"805\" srcset=\"https:\/\/diarioelpopular.com\/wp-content\/uploads\/2025\/10\/Screen-Shot-2025-10-10-at-11.05.59-AM-1200x805.png 1200w, https:\/\/diarioelpopular.com\/wp-content\/uploads\/2025\/10\/Screen-Shot-2025-10-10-at-11.05.59-AM-300x201.png 300w, https:\/\/diarioelpopular.com\/wp-content\/uploads\/2025\/10\/Screen-Shot-2025-10-10-at-11.05.59-AM-768x515.png 768w, https:\/\/diarioelpopular.com\/wp-content\/uploads\/2025\/10\/Screen-Shot-2025-10-10-at-11.05.59-AM-636x427.png 636w, https:\/\/diarioelpopular.com\/wp-content\/uploads\/2025\/10\/Screen-Shot-2025-10-10-at-11.05.59-AM-80x55.png 80w, https:\/\/diarioelpopular.com\/wp-content\/uploads\/2025\/10\/Screen-Shot-2025-10-10-at-11.05.59-AM-109x73.png 109w, https:\/\/diarioelpopular.com\/wp-content\/uploads\/2025\/10\/Screen-Shot-2025-10-10-at-11.05.59-AM.png 1024w\" sizes=\"auto, (max-width: 1200px) 100vw, 1200px\" \/><p id=\"caption-attachment-536995\" class=\"wp-caption-text\">Dina Boluarte en el Congreso en Lima, el 28 de julio.\u00a0 Foto John Reyes (EFE)<\/p><\/div>\n<p>&nbsp;<\/p>\n<p>&nbsp;<\/p>\n<ul>\n<li><em><strong>La abogada, que se convirti\u00f3 en 2022 en la primera peruana en ocupar el cargo de mandataria, alcanz\u00f3 niveles m\u00ednimos de aprobaci\u00f3n hasta su destituci\u00f3n<\/strong><\/em><\/li>\n<\/ul>\n<p>&nbsp;<\/p>\n<p class=\"\">\u201cSoy una mujer de paz, dialogante, concertadora que cree en la democracia\u201d, dijo\u00a0<a title=\"https:\/\/elpais.com\/internacional\/2022-12-07\/dina-boluarte-la-primera-presidenta-de-peru.html\" href=\"https:\/\/elpais.com\/internacional\/2022-12-07\/dina-boluarte-la-primera-presidenta-de-peru.html\" target=\"_self\" rel=\"\" data-link-track-dtm=\"\" data-mrf-link=\"https:\/\/elpais.com\/internacional\/2022-12-07\/dina-boluarte-la-primera-presidenta-de-peru.html\">Dina Boluarte<\/a>\u00a0en 2023.<\/p>\n<p class=\"\">Llevaba poco m\u00e1s de medio a\u00f1o como presidente del Per\u00fa, pero sus palabras ya cayeron en el vac\u00edo para buena parte de la poblaci\u00f3n. Su Gobierno hab\u00eda iniciado con una mentira: asegur\u00f3 que se marchar\u00eda en el caso de que Pedro Castillo fuera vacado o destituido. Esa promesa incumplida fue vista como una traici\u00f3n hacia los seguidores de Per\u00fa Libre, el partido que los llev\u00f3 al poder, y represent\u00f3 una ruptura con una izquierda que, desde los Andes, buscaba una revoluci\u00f3n.<\/p>\n<p class=\"\">Dina Ercilia Boluarte Zegarra (Apur\u00edmac,63 a\u00f1os), la primera mujer que se cruz\u00f3 la banda presidencial en el Per\u00fa, no goz\u00f3 de primaveras ni respiros. Su nombramiento aquel convulsionado 7 de diciembre de 2022 provoc\u00f3 un rechazo en cadena.<\/p>\n<p class=\"\">Cuando cumpli\u00f3 cien d\u00edas en el poder, su desaprobaci\u00f3n rondaba el 80%. Hoy, que se marcha contra su terquedad, su respaldo est\u00e1 por debajo del 2%. Incluso, hay encuestas, como la del CPI, que le otorgan el 0% de popularidad entre los peruanos de 18 y 24 a\u00f1os. Cifras jam\u00e1s vistas en cualquier otro jefe de Estado.<\/p>\n<div id=\"elpais_gpt-INTEXT\" data-google-query-id=\"CMbUwNLymZADFU_adgUdRI8fGA\">\n<div>\n<p class=\"\">De esa paz inicial que ofreci\u00f3 Boluarte, tuvo poco. \u201c\u00bfCu\u00e1ntas muertes m\u00e1s quieren?\u201d, dijo desafiante, cuando la Polic\u00eda y las Fuerzas Armadas ya hab\u00edan acabado con la vida de medio centenar de ciudadanos que salieron a la calle a expresar su descontento\u00a0<a title=\"https:\/\/elpais.com\/america\/2024-06-26\/dina-boluarte-denunciada-ante-la-corte-penal-internacional-por-el-asesinato-de-49-manifestantes.html\" href=\"https:\/\/elpais.com\/america\/2024-06-26\/dina-boluarte-denunciada-ante-la-corte-penal-internacional-por-el-asesinato-de-49-manifestantes.html\" target=\"_self\" rel=\"\" data-link-track-dtm=\"\" data-mrf-link=\"https:\/\/elpais.com\/america\/2024-06-26\/dina-boluarte-denunciada-ante-la-corte-penal-internacional-por-el-asesinato-de-49-manifestantes.html\">en protestas sociales al inicio de su mandato<\/a>. Muertes por las que no ha pedido perd\u00f3n ni ha mostrado empat\u00eda alguna. A inicios de 2024, una mujer vulner\u00f3 su seguridad y la agarr\u00f3 de los cabellos, en Ayacucho, una de las regiones con m\u00e1s fallecidos. Ruth B\u00e1rcena ten\u00eda rabia contenida: hab\u00eda perdido a su esposo en las manifestaciones. Al tenerla cerca, no se contuvo y jal\u00f3 fuerte.<\/p>\n<p class=\"\">Boluarte tampoco se mostr\u00f3 dialogante. No solo toreaba preguntas, sino que sus silencios con la prensa fueron prolongados. Varios de ellos superaron los tres meses. Es m\u00e1s, imped\u00eda el trabajo period\u00edstico, con intimidaciones. A nivel diplom\u00e1tico, mostr\u00f3 sus falencias: se pele\u00f3 con varios gobernantes del continente, aislando al pa\u00eds. Entre ellos,\u00a0<a title=\"https:\/\/elpais.com\/america-colombia\/2025-08-08\/gustavo-petro-el-espiritu-del-tratado-con-peru-es-que-colombia-tenga-acceso-al-rio-amazonas.html\" href=\"https:\/\/elpais.com\/america-colombia\/2025-08-08\/gustavo-petro-el-espiritu-del-tratado-con-peru-es-que-colombia-tenga-acceso-al-rio-amazonas.html\" target=\"_self\" rel=\"\" data-link-track-dtm=\"\" data-mrf-link=\"https:\/\/elpais.com\/america-colombia\/2025-08-08\/gustavo-petro-el-espiritu-del-tratado-con-peru-es-que-colombia-tenga-acceso-al-rio-amazonas.html\">el colombiano Gustavo Petro<\/a>, a quien en una ocasi\u00f3n lo dej\u00f3 con la mano estirada. O el mexicano Andr\u00e9s Manuel L\u00f3pez Obrador, quien la llam\u00f3 \u201cpresidente espuria\u201d y se neg\u00f3 a cederle la presidencia prot\u00e9mpore de la Alianza del Pac\u00edfico.<\/p>\n<p class=\"\">Sus or\u00edgenes andinos, a los que sol\u00eda recurrir cuando estaba en aprietos, tampoco le funcionaron: \u201cLa protesta tiene voz y rostro ind\u00edgena, y nos han tratado como sujetos manipulables que somos incapaces de transformar el pa\u00eds, o como violentistas\u201d. Dina Boluarte no hace honor a su procedencia andina. Podr\u00e1 hablar quechua, pero ha golpeado nuestra dignidad\u201d, se\u00f1ala Tania Pariona, secretaria ejecutiva de la Comisi\u00f3n de Derechos Humanos.<\/p>\n<p class=\"\">Los colectivos feministas tambi\u00e9n se deslindaron de Boluarte, marcharon en su contra, e incluso sus voceras sostuvieron que su r\u00e9gimen estaba aliado con el patriarcado y era violento con las mujeres. Una escena ilustrativa: madres aymaras cargando a sus hijos, con los ojos rojos, en medio de humaredas t\u00f3xicas. Otro detalle que gener\u00f3 rechazo en la opini\u00f3n p\u00fablica a lo largo de su mandato fue su frivolidad: sus operaciones est\u00e9ticas en secreto y sus joyas y relojes de alta gama a cambio de favorecer presuntamente con partidas presupuestales a gobiernos regionales.<\/p>\n<p class=\"\">El instinto de supervivencia, acaso la \u00fanica cualidad que le reconocen los analistas pol\u00edticos, se manifest\u00f3 en su\u00a0<a title=\"https:\/\/elpais.com\/internacional\/2017\/09\/24\/america\/1506261886_702497.html\" href=\"https:\/\/elpais.com\/internacional\/2017\/09\/24\/america\/1506261886_702497.html\" target=\"_self\" rel=\"\" data-link-track-dtm=\"\" data-mrf-link=\"https:\/\/elpais.com\/internacional\/2017\/09\/24\/america\/1506261886_702497.html\">condescendencia con el fujimorismo<\/a>. Boluarte no solo permiti\u00f3 que se indultara al aut\u00f3crata Alberto Fujimori en 2023, sino que decret\u00f3 tres d\u00edas de duelo cuando muri\u00f3 en septiembre de 2024. Pero ni eso fue suficiente: la criminalidad desbordada hizo que las bancadas del Congreso que tanto la protegieron se le voltearan en la recta final.<\/p>\n<p class=\"\">Se marcha Dina Boluarte con sus discursos de Fiestas Patrias que batieron r\u00e9cord en tiempo y bostezos; se marcha con su indolencia hacia las v\u00edctimas de su Gobierno; se marcha sin haber capturado al l\u00edder de su expartido Per\u00fa Libre, Vladimir Cerr\u00f3n, un pr\u00f3fugo que tuitea a diario y publica libros. El pueblo que no la eligi\u00f3 en las urnas, no le dio tregua alguna, porque, dicen en las calles, nunca hizo nada para merecerlo. El apodo con que se le conoce ser\u00e1 repetido incesantemente en las pr\u00f3ximas horas: \u201cDina Balearte\u201d.<\/p>\n<\/div>\n<\/div>\n","protected":false},"excerpt":{"rendered":"<p>&nbsp; &nbsp; La abogada, que se convirti\u00f3 en 2022 en la primera peruana en ocupar el cargo de mandataria, alcanz\u00f3 niveles m\u00ednimos de aprobaci\u00f3n hasta&hellip;<\/p>\n","protected":false},"author":99,"featured_media":536995,"comment_status":"open","ping_status":"open","sticky":false,"template":"","format":"standard","meta":{"footnotes":""},"categories":[23,11354],"tags":[],"class_list":["post-536994","post","type-post","status-publish","format-standard","has-post-thumbnail","hentry","category-latinoamerica","category-sucesos"],"_links":{"self":[{"href":"https:\/\/diarioelpopular.com\/index.php\/wp-json\/wp\/v2\/posts\/536994","targetHints":{"allow":["GET"]}}],"collection":[{"href":"https:\/\/diarioelpopular.com\/index.php\/wp-json\/wp\/v2\/posts"}],"about":[{"href":"https:\/\/diarioelpopular.com\/index.php\/wp-json\/wp\/v2\/types\/post"}],"author":[{"embeddable":true,"href":"https:\/\/diarioelpopular.com\/index.php\/wp-json\/wp\/v2\/users\/99"}],"replies":[{"embeddable":true,"href":"https:\/\/diarioelpopular.com\/index.php\/wp-json\/wp\/v2\/comments?post=536994"}],"version-history":[{"count":1,"href":"https:\/\/diarioelpopular.com\/index.php\/wp-json\/wp\/v2\/posts\/536994\/revisions"}],"predecessor-version":[{"id":536996,"href":"https:\/\/diarioelpopular.com\/index.php\/wp-json\/wp\/v2\/posts\/536994\/revisions\/536996"}],"wp:featuredmedia":[{"embeddable":true,"href":"https:\/\/diarioelpopular.com\/index.php\/wp-json\/wp\/v2\/media\/536995"}],"wp:attachment":[{"href":"https:\/\/diarioelpopular.com\/index.php\/wp-json\/wp\/v2\/media?parent=536994"}],"wp:term":[{"taxonomy":"category","embeddable":true,"href":"https:\/\/diarioelpopular.com\/index.php\/wp-json\/wp\/v2\/categories?post=536994"},{"taxonomy":"post_tag","embeddable":true,"href":"https:\/\/diarioelpopular.com\/index.php\/wp-json\/wp\/v2\/tags?post=536994"}],"curies":[{"name":"wp","href":"https:\/\/api.w.org\/{rel}","templated":true}]}}