{"id":537069,"date":"2025-10-13T09:29:47","date_gmt":"2025-10-13T13:29:47","guid":{"rendered":"https:\/\/diarioelpopular.com\/?p=537069"},"modified":"2025-10-13T09:29:47","modified_gmt":"2025-10-13T13:29:47","slug":"joshua-schroeder-el-primer-abogado-sancionado-por-el-gobierno-por-defender-un-migrante-ahora-lucha-por-la-independencia-judicial","status":"publish","type":"post","link":"https:\/\/diarioelpopular.com\/index.php\/2025\/10\/13\/joshua-schroeder-el-primer-abogado-sancionado-por-el-gobierno-por-defender-un-migrante-ahora-lucha-por-la-independencia-judicial\/","title":{"rendered":"Joshua Schroeder, el primer abogado sancionado por el Gobierno por defender un migrante ahora lucha por la independencia judicial"},"content":{"rendered":"<div id=\"attachment_537070\" style=\"width: 1210px\" class=\"wp-caption alignnone\"><img loading=\"lazy\" decoding=\"async\" aria-describedby=\"caption-attachment-537070\" class=\"wp-image-537070 size-custom-big-size\" src=\"https:\/\/diarioelpopular.com\/wp-content\/uploads\/2025\/10\/Screen-Shot-2025-10-13-at-9.28.57-AM-1200x936.png\" alt=\"\" width=\"1200\" height=\"936\" srcset=\"https:\/\/diarioelpopular.com\/wp-content\/uploads\/2025\/10\/Screen-Shot-2025-10-13-at-9.28.57-AM-1200x936.png 1200w, https:\/\/diarioelpopular.com\/wp-content\/uploads\/2025\/10\/Screen-Shot-2025-10-13-at-9.28.57-AM-300x234.png 300w, https:\/\/diarioelpopular.com\/wp-content\/uploads\/2025\/10\/Screen-Shot-2025-10-13-at-9.28.57-AM-768x599.png 768w, https:\/\/diarioelpopular.com\/wp-content\/uploads\/2025\/10\/Screen-Shot-2025-10-13-at-9.28.57-AM-636x496.png 636w, https:\/\/diarioelpopular.com\/wp-content\/uploads\/2025\/10\/Screen-Shot-2025-10-13-at-9.28.57-AM-94x73.png 94w, https:\/\/diarioelpopular.com\/wp-content\/uploads\/2025\/10\/Screen-Shot-2025-10-13-at-9.28.57-AM.png 1024w\" sizes=\"auto, (max-width: 1200px) 100vw, 1200px\" \/><p id=\"caption-attachment-537070\" class=\"wp-caption-text\">Joshua Schroeder en Los \u00c1ngeles, en octubre de 2025. Foto Gabriel Osorio (\u00a9 Gabriel Osorio )<\/p><\/div>\n<p>&nbsp;<\/p>\n<ul>\n<li><em><strong>El jurista teme por el abusivo uso pol\u00edtico de la justicia y la erosi\u00f3n de los derechos en el pa\u00eds, mientras personalmente se enfrenta a una moci\u00f3n que podr\u00eda afectar gravemente su carrera<\/strong><\/em><\/li>\n<\/ul>\n<p>&nbsp;<\/p>\n<p class=\"\">Joshua Schroeder est\u00e1 convencido de sus acciones. Mientras intentaba asegurar el debido proceso antes de que su cliente fuera deportado a Laos a finales de mayo interpuso una petici\u00f3n de\u00a0<a title=\"https:\/\/elpais.com\/us\/migracion\/2025-05-12\/indignacion-contra-el-nuevo-ataque-del-gobierno-a-la-constitucion-por-la-propuesta-de-eliminar-el-habeas-corpus-como-en-la-ii-guerra-mundial.html\" href=\"https:\/\/elpais.com\/us\/migracion\/2025-05-12\/indignacion-contra-el-nuevo-ataque-del-gobierno-a-la-constitucion-por-la-propuesta-de-eliminar-el-habeas-corpus-como-en-la-ii-guerra-mundial.html\" target=\"_self\" rel=\"\" data-link-track-dtm=\"\" data-mrf-link=\"https:\/\/elpais.com\/us\/migracion\/2025-05-12\/indignacion-contra-el-nuevo-ataque-del-gobierno-a-la-constitucion-por-la-propuesta-de-eliminar-el-habeas-corpus-como-en-la-ii-guerra-mundial.html\"><i>habeas corpus<\/i><\/a>\u00a0tras otra, en cortes de todo el pa\u00eds, hasta en la isla de Guam, siguiendo el laberinto silencioso trazado por los fiscales del Gobierno de Donald Trump para torpedear la defensa legal de migrantes en procesos de expulsi\u00f3n activos.<\/p>\n<p class=\"\">Su conciencia y compromiso lo llevaron a agotar todas las avenidas posibles, aunque tuviera poca esperanza de que sus mociones fueran exitosas. Al final, como era de esperarse ante\u00a0<a title=\"https:\/\/elpais.com\/us\/migracion\/2025-09-20\/mas-deportaciones-pero-muy-lejos-de-la-mayor-de-la-historia-nueve-meses-de-cruzada-migratoria-de-trump-en-graficos.html\" href=\"https:\/\/elpais.com\/us\/migracion\/2025-09-20\/mas-deportaciones-pero-muy-lejos-de-la-mayor-de-la-historia-nueve-meses-de-cruzada-migratoria-de-trump-en-graficos.html\" target=\"_self\" rel=\"\" data-link-track-dtm=\"\" data-mrf-link=\"https:\/\/elpais.com\/us\/migracion\/2025-09-20\/mas-deportaciones-pero-muy-lejos-de-la-mayor-de-la-historia-nueve-meses-de-cruzada-migratoria-de-trump-en-graficos.html\">la actual pol\u00edtica migratoria<\/a>\u00a0despiadada, no lo fueron. Pero Schroeder se llev\u00f3 una sorpresa de todas maneras: en medio de una de las respuestas de los fiscales, hab\u00eda tambi\u00e9n una moci\u00f3n solicitando sanciones contra el abogado. Lo acusaban de deliberadamente hacer que las cortes perdieran tiempo y dinero.<\/p>\n<p class=\"\">Hasta donde se sabe, Schroeder es el primer letrado en recibir una acusaci\u00f3n de este estilo, derivada de\u00a0<a title=\"https:\/\/www.govinfo.gov\/content\/pkg\/DCPD-202500387\/pdf\/DCPD-202500387.pdf\" href=\"https:\/\/www.govinfo.gov\/content\/pkg\/DCPD-202500387\/pdf\/DCPD-202500387.pdf\" target=\"_blank\" rel=\"noopener\" data-link-track-dtm=\"\" data-mrf-link=\"https:\/\/www.govinfo.gov\/content\/pkg\/DCPD-202500387\/pdf\/DCPD-202500387.pdf\">un memorando del presidente firmado en marzo<\/a>, en el que se indica que, como de lugar, se deben \u201cbuscar sanciones contra abogados y firmas que se impliquen en litigios fr\u00edvolos, irrazonables y vejatorios contra Estados Unidos\u201d. No hay precedentes, pero Schroeder, que tambi\u00e9n es un experto legal y autor de tratados sobre las leyes fundacionales de Estados Unidos, enmarca su caso dentro de <a title=\"https:\/\/elpais.com\/internacional\/2025-09-28\/la-larga-lista-de-enemigos-que-trump-quiere-ver-entre-rejas.html#?rel=mas\" href=\"https:\/\/elpais.com\/internacional\/2025-09-28\/la-larga-lista-de-enemigos-que-trump-quiere-ver-entre-rejas.html#?rel=mas\" target=\"_self\" rel=\"\" data-link-track-dtm=\"\" data-mrf-link=\"https:\/\/elpais.com\/internacional\/2025-09-28\/la-larga-lista-de-enemigos-que-trump-quiere-ver-entre-rejas.html\">un ataque m\u00e1s amplio a los valores de la rep\u00fablica<\/a> que el actual Gobierno de Trump, a trav\u00e9s de su Departamento de Justicia, est\u00e1 llevando a cabo.<\/p>\n<p class=\"\">\u201cYo soy solo un abogado. Y ning\u00fan abogado puede enfrentarse al Gobierno si es que realmente quieren hacerte algo. Es muy raro que el Gobierno tomara esta decisi\u00f3n porque tiene profundas consecuencias. Pero hay muchas cosas extra\u00f1as sobre esta moci\u00f3n de sanciones. En primer lugar, cita un memorando del presidente, lo cual parece indicar que no es una decisi\u00f3n independiente de un abogado, que es como ser\u00eda usualmente. La idea de que est\u00e1n siguiendo un mensaje directo del presidente, una persona pol\u00edtica, es extremadamente peligrosa. Es dif\u00edcil incluso comprender exactamente lo que significa\u201d, dice Schroeder.<\/p>\n<p class=\"\">La situaci\u00f3n en la que ahora se encuentra Schroeder, en la que se enfrenta a un castigo que puede ir desde una multa no especificada, pero en la que tambi\u00e9n, dada la ambig\u00fcedad de la acusaci\u00f3n, un impedimento permanente a su carrera es posible, comenz\u00f3 con una llamada desesperada el \u00faltimo fin de semana de mayo. Su cliente, un hombre con una convicci\u00f3n criminal y originalmente de Laos, que lleg\u00f3 al pa\u00eds despu\u00e9s de que su familia luchara del lado estadounidense en<a title=\"https:\/\/elpais.com\/television\/2025-02-07\/la-guerra-de-vietnam-contada-por-sus-veteranos-que-se-nos-habia-perdido-a-los-ciudadanos-estadounidenses-alli-y-en-irak-o-afganistan-cuando-vamos-a-aprender-la-leccion-y-ser-mas-humildes.html\" href=\"https:\/\/elpais.com\/television\/2025-02-07\/la-guerra-de-vietnam-contada-por-sus-veteranos-que-se-nos-habia-perdido-a-los-ciudadanos-estadounidenses-alli-y-en-irak-o-afganistan-cuando-vamos-a-aprender-la-leccion-y-ser-mas-humildes.html\" target=\"_self\" rel=\"\" data-link-track-dtm=\"\" data-mrf-link=\"https:\/\/elpais.com\/television\/2025-02-07\/la-guerra-de-vietnam-contada-por-sus-veteranos-que-se-nos-habia-perdido-a-los-ciudadanos-estadounidenses-alli-y-en-irak-o-afganistan-cuando-vamos-a-aprender-la-leccion-y-ser-mas-humildes.html\">\u00a0la guerra de Vietnam<\/a>, le dijo que estaba a punto de ser deportado.<\/p>\n<p class=\"\">Schroeder actu\u00f3 r\u00e1pidamente y present\u00f3 una moci\u00f3n de\u00a0<i>habeas corpus<\/i> en el Distrito del Norte de Texas, donde estaba detenido. Pensaba que no se hab\u00eda respetado el debido proceso dado el origen de su cliente: en el pasado, Laos no hab\u00eda recibido deportados de Estados Unidos, en especial personas de la etnia Hmong, a la cual pertenece a su cliente, pues se hab\u00edan aliado a los estadounidenses en la guerra. Schroeder quer\u00eda confirmaci\u00f3n de que su cliente estaba siendo enviado a Laos, no a un tercer pa\u00eds desconocido y que Estados Unidos no lo estaba, en efecto, convirtiendo en un ap\u00e1trida.<\/p>\n<p>&nbsp;<\/p>\n<figure class=\"a_m a_m-h \">\n<p><div style=\"width: 424px\" class=\"wp-caption alignnone\"><img loading=\"lazy\" decoding=\"async\" class=\"_re lazyload a_m-h\" src=\"https:\/\/imagenes.elpais.com\/resizer\/v2\/F7T7M4TBEZGIJE3G3BL45HFCMA.jpg?auth=104c665939811cf756926fe9b50e83b15a683a0899096d1f17782e0620afcc3e&amp;width=414\" sizes=\"auto, (min-width:1199px) 1155px,(min-width:1001px) calc(100vw - 44px),(min-width:768px) 767px, 100vw\" srcset=\"https:\/\/imagenes.elpais.com\/resizer\/v2\/F7T7M4TBEZGIJE3G3BL45HFCMA.jpg?auth=104c665939811cf756926fe9b50e83b15a683a0899096d1f17782e0620afcc3e&amp;width=414 414w,https:\/\/imagenes.elpais.com\/resizer\/v2\/F7T7M4TBEZGIJE3G3BL45HFCMA.jpg?auth=104c665939811cf756926fe9b50e83b15a683a0899096d1f17782e0620afcc3e&amp;width=828 640w,https:\/\/imagenes.elpais.com\/resizer\/v2\/F7T7M4TBEZGIJE3G3BL45HFCMA.jpg?auth=104c665939811cf756926fe9b50e83b15a683a0899096d1f17782e0620afcc3e&amp;width=980 1000w,https:\/\/imagenes.elpais.com\/resizer\/v2\/F7T7M4TBEZGIJE3G3BL45HFCMA.jpg?auth=104c665939811cf756926fe9b50e83b15a683a0899096d1f17782e0620afcc3e&amp;width=1960 1960w\" alt=\"El abogado de inmigraci\u00f3n Joshua Schroeder.\" width=\"414\" height=\"311\" \/><p class=\"wp-caption-text\">El abogado de inmigraci\u00f3n Joshua Schroeder. Foto Gabriel Osorio (\u00a9 Gabriel Osorio )<\/p><\/div><figcaption class=\"a_m_p\" aria-hidden=\"true\"><\/figcaption><\/figure>\n<p>&nbsp;<\/p>\n<p class=\"\">Pero no hubo confirmaci\u00f3n. En cambio, las autoridades lo trasladaron a otro centro de detenci\u00f3n. El mismo donde hab\u00edan sido detenidos los cientos de migrantes venezolanos que fueron\u00a0<a title=\"https:\/\/elpais.com\/us\/migracion\/2025-04-20\/ser-venezolano-ya-es-un-delito-el-terror-de-la-deportacion-de-238-migrantes-a-la-megacarcel-de-el-salvador.html\" href=\"https:\/\/elpais.com\/us\/migracion\/2025-04-20\/ser-venezolano-ya-es-un-delito-el-terror-de-la-deportacion-de-238-migrantes-a-la-megacarcel-de-el-salvador.html\" target=\"_self\" rel=\"\" data-link-track-dtm=\"\" data-mrf-link=\"https:\/\/elpais.com\/us\/migracion\/2025-04-20\/ser-venezolano-ya-es-un-delito-el-terror-de-la-deportacion-de-238-migrantes-a-la-megacarcel-de-el-salvador.html\">deportados a El Salvador en marzo<\/a>\u00a0para ser encarcelados en una prisi\u00f3n de m\u00e1xima seguridad del pa\u00eds. Y tambi\u00e9n donde estaban los migrantes de diferentes nacionalidades que fueron\u00a0<a title=\"https:\/\/elpais.com\/internacional\/2025-07-09\/sudan-del-sur-confirma-la-llegada-de-ocho-migrantes-deportados-por-estados-unidos.html\" href=\"https:\/\/elpais.com\/internacional\/2025-07-09\/sudan-del-sur-confirma-la-llegada-de-ocho-migrantes-deportados-por-estados-unidos.html\" target=\"_self\" rel=\"\" data-link-track-dtm=\"\" data-mrf-link=\"https:\/\/elpais.com\/internacional\/2025-07-09\/sudan-del-sur-confirma-la-llegada-de-ocho-migrantes-deportados-por-estados-unidos.html\">eventualmente enviados a Sud\u00e1n del Sur.<\/a><\/p>\n<p class=\"\">Esto encendi\u00f3 todas las alarmas de Schroeder, que pensaba que pod\u00edan acusar a su cliente de ser un terrorista, como hab\u00edan acusado a los venezolanos de pertenecer a la pandilla\u00a0<a title=\"https:\/\/elpais.com\/america\/2025-03-30\/verdad-mentira-y-mito-sobre-el-tren-de-aragua.html\" href=\"https:\/\/elpais.com\/america\/2025-03-30\/verdad-mentira-y-mito-sobre-el-tren-de-aragua.html\" target=\"_self\" rel=\"\" data-link-track-dtm=\"\" data-mrf-link=\"https:\/\/elpais.com\/america\/2025-03-30\/verdad-mentira-y-mito-sobre-el-tren-de-aragua.html\">El Tren de Aragua<\/a>. Los temores se confirmaron cuando recibi\u00f3 la notificaci\u00f3n de que su cliente hab\u00eda sido puesto en un vuelo internacional, a pesar de que el juez hab\u00eda dictado una orden diciendo que el migrante no ser\u00eda expulsado del pa\u00eds mientras el caso segu\u00eda abierto.<\/p>\n<p class=\"\">Cuando pensaba que su cliente ya hab\u00eda sido deportado en violaci\u00f3n de una orden judicial, Schroeder recibi\u00f3 otra llamada del hombre en la que, exasperado, le cont\u00f3 que estaba en Guam, un territorio no incorporado de Estados Unidos en el Pac\u00edfico, y le pidi\u00f3 que abandonara el caso. Pero Schroeder present\u00eda que algo raro estaba sucediendo, como si hubiera alguien presionando a su cliente. De repente, esa presencia se disip\u00f3 y su cliente le dijo que el avi\u00f3n ya se iba y lo iban a dejar ah\u00ed. Y que, por favor, siguiera luchando por \u00e9l. Entonces, la llamada se cort\u00f3.<\/p>\n<p class=\"\">Schroeder present\u00f3 otra moci\u00f3n de\u00a0<i>habeas corpus<\/i>, esta vez en Guam, pues la anterior, en Texas, hab\u00eda dejado de ser v\u00e1lida. Al mismo tiempo, la corte de Texas retir\u00f3 la orden del juez que frenaba su expulsi\u00f3n y no hab\u00eda nada que lo protegiera desde esa jurisdicci\u00f3n. As\u00ed que Schroeder present\u00f3 una petici\u00f3n para trasladar el caso a Guam.<\/p>\n<p class=\"\">\u201cY aqu\u00ed es donde llega la controversia, porque una de las razones por las que se presentan las mociones de sanciones es que est\u00e9 fr\u00edvola e innecesariamente multiplicando una litigaci\u00f3n. Pero yo hice todo el procedimiento correctamente en Guam. Contrat\u00e9 un abogado all\u00ed. Compart\u00ed con la corte de Guam el caso anterior. Fui paso a paso e hice todo tan transparente como pude\u201d, defiende Schroeder. Y la corte le dio la raz\u00f3n en ese primer momento, dictando una orden protegiendo al cliente hasta que hubiese una audiencia sobre el caso.<\/p>\n<p class=\"\">El cambio de jurisdicci\u00f3n pod\u00eda haber sido f\u00e1cilmente evitado si la Administraci\u00f3n lo hubiese mantenido en Texas, pero Schroeder se vio obligado a responder a una nueva estrategia no oficial del Gobierno en la que mueve a los inmigrantes para hacer m\u00e1s dif\u00edcil la defensa de los abogados o ubicar los casos en cortes con jueces m\u00e1s favorables. \u201c<a href=\"https:\/\/elpais.com\/us\/migracion\/2025-04-08\/en-el-interior-de-los-vuelos-de-deportacion-de-ice-air-se-podria-evacuar-a-tiempo-a-mas-de-cien-pasajeros-encadenados.html\" target=\"_blank\" rel=\"noopener\">Te montan en un avi\u00f3n y no te dicen ad\u00f3nde vas<\/a>. Aterrizas, esperas \u2014d\u00edas, horas\u2014 y te desorientas. Es realmente un tipo de tortura\u201d.<\/p>\n<p class=\"\">Una vez en Guam, Schroeder volvi\u00f3 a solicitar confirmaci\u00f3n de que su cliente iba a ser expulsado a Laos y no a un tercer pa\u00eds, como en los casos de los acusados de ser pandilleros. \u201cRealmente no estaba claro que estaban siguiendo la orden de expulsi\u00f3n. Que no lo iban a trasladar a El Salvador o alg\u00fan otro lado\u201d, recuerda el abogado, cuyo argumento de que podr\u00eda ser llevado a un tercer pa\u00eds se reforz\u00f3 en medio del caso cuando Trump incluy\u00f3 a Laos en una prohibici\u00f3n parcial de viajes. Un poco m\u00e1s adelante, en la audiencia en Guam, Schroeder volvi\u00f3 a hacer la pregunta, tanto a la jueza como a los fiscales, pero los abogados del Gobierno dijeron que no sab\u00edan a d\u00f3nde ser\u00eda expulsado. Acto seguido, el cliente fue montado en un avi\u00f3n y deportado.<\/p>\n<p class=\"\">Schroeder apel\u00f3 de emergencia para buscar que se detuviera la orden. Se desestim\u00f3. La corte de apelaciones tambi\u00e9n rechaz\u00f3 su solicitud de emergencia, pero abri\u00f3 una apelaci\u00f3n que sigue abierta. A medida que ha avanzado, Schroeder cree que ha quedado en evidencia que \u201cno hay una distinci\u00f3n clara entre un caso de inmigraci\u00f3n ordinario y los de [los acusados de pertenecer a] El Tren de Aragua\u201d. \u201cSi tienes un proceso migratorio regular, no significa que no vayas a ser tratado como un terrorista o entregado o desaparecido de manera extraordinaria. Eso es de lo que realmente se trataba nuestro caso\u201d, sostiene Schroeder.<\/p>\n<p class=\"\">\u201cHay un estatuto que dice que el proceso seguir\u00e1 y explica cu\u00e1ndo, d\u00f3nde, c\u00f3mo, por qu\u00e9: toda la notificaci\u00f3n debe suceder antes de ser expulsado. Y ese proceso nunca sucedi\u00f3. Los abogados migratorios se han acostumbrado a que el Gobierno ignore el debido proceso constantemente\u201d. Schroeder tambi\u00e9n teme que se replique la estrategia desplegada en su caso y que el miedo a ser perseguidos se instale entre los abogados m\u00e1s j\u00f3venes, que tal vez no tienen la piel tan curtida. \u201cSi los abogados tienen demasiado miedo para presentar argumentos v\u00e1lidos \u2014aunque los jueces vayan a estar en desacuerdo\u2014, es una manera de controlar todo el sistema de las cortes\u201d.<\/p>\n<p class=\"\">Pero Schroeder no es solamente un abogado migratorio, es un letrado especializado en\u00a0<i>habeas corpus.<\/i>\u00a0Su instinto es distinto. Durante el primer mandato de Trump escribi\u00f3 una gu\u00eda para ayudar a abogados a sacar a inmigrantes de centros de detenci\u00f3n y ha escrito otra actualizada ahora, aunque no ha sido publicada a\u00fan.<\/p>\n<p class=\"\">\u201cCreo que parte de la raz\u00f3n por la que soy el primero [en ser se\u00f1alado] es que soy una amenaza. Soy alguien que tiene una posici\u00f3n muy reposada, calmada y razonada con la cual es dif\u00edcil lidiar\u201d. El hecho de que justo cuando se hizo p\u00fablica por primera vez la moci\u00f3n de sanciones, Schroeder fue bombardeado en X por el jefe de gabinete de la fiscal general, Chad Mizelle, con ataques personales sobre su car\u00e1cter, le da fuerza a sus sospechas de que todo est\u00e1 pol\u00edticamente motivado.<\/p>\n<p class=\"\">Aunque Joshua Schroeder no es\u00a0<a title=\"https:\/\/elpais.com\/internacional\/2025-10-08\/el-exdirector-del-fbi-james-comey-se-declara-inocente-de-la-acusacion-de-mentir-al-congreso.html\" href=\"https:\/\/elpais.com\/internacional\/2025-10-08\/el-exdirector-del-fbi-james-comey-se-declara-inocente-de-la-acusacion-de-mentir-al-congreso.html\" target=\"_self\" rel=\"\" data-link-track-dtm=\"\" data-mrf-link=\"https:\/\/elpais.com\/internacional\/2025-10-08\/el-exdirector-del-fbi-james-comey-se-declara-inocente-de-la-acusacion-de-mentir-al-congreso.html\">James Comey<\/a>, el exdirector del FBI imputado por Trump in\u00e9ditamente por supuestamente mentir al Congreso, ni\u00a0<a title=\"https:\/\/elpais.com\/internacional\/2025-10-09\/imputada-por-fraude-bancario-la-fiscal-general-de-nueva-york-que-llevo-a-juicio-a-trump-por-inflar-el-valor-de-sus-propiedades.html\" href=\"https:\/\/elpais.com\/internacional\/2025-10-09\/imputada-por-fraude-bancario-la-fiscal-general-de-nueva-york-que-llevo-a-juicio-a-trump-por-inflar-el-valor-de-sus-propiedades.html\" target=\"_self\" rel=\"\" data-link-track-dtm=\"\" data-mrf-link=\"https:\/\/elpais.com\/internacional\/2025-10-09\/imputada-por-fraude-bancario-la-fiscal-general-de-nueva-york-que-llevo-a-juicio-a-trump-por-inflar-el-valor-de-sus-propiedades.html\">Laetitia James,<\/a>\u00a0la fiscal general de Nueva York que llev\u00f3 a juicio al presidente y que esta semana tambi\u00e9n fue imputada por el Departamento de Justicia de Trump, su caso es una instancia m\u00e1s en la instrumentalizaci\u00f3n de la justicia de la Administraci\u00f3n republicana. Para el abogado no hay duda: \u201cPara Estados Unidos, es un asunto existencial\u201d.<\/p>\n","protected":false},"excerpt":{"rendered":"<p>&nbsp; El jurista teme por el abusivo uso pol\u00edtico de la justicia y la erosi\u00f3n de los derechos en el pa\u00eds, mientras personalmente se enfrenta&hellip;<\/p>\n","protected":false},"author":99,"featured_media":537070,"comment_status":"open","ping_status":"open","sticky":false,"template":"","format":"standard","meta":{"footnotes":""},"categories":[24],"tags":[],"class_list":["post-537069","post","type-post","status-publish","format-standard","has-post-thumbnail","hentry","category-mundo"],"_links":{"self":[{"href":"https:\/\/diarioelpopular.com\/index.php\/wp-json\/wp\/v2\/posts\/537069","targetHints":{"allow":["GET"]}}],"collection":[{"href":"https:\/\/diarioelpopular.com\/index.php\/wp-json\/wp\/v2\/posts"}],"about":[{"href":"https:\/\/diarioelpopular.com\/index.php\/wp-json\/wp\/v2\/types\/post"}],"author":[{"embeddable":true,"href":"https:\/\/diarioelpopular.com\/index.php\/wp-json\/wp\/v2\/users\/99"}],"replies":[{"embeddable":true,"href":"https:\/\/diarioelpopular.com\/index.php\/wp-json\/wp\/v2\/comments?post=537069"}],"version-history":[{"count":1,"href":"https:\/\/diarioelpopular.com\/index.php\/wp-json\/wp\/v2\/posts\/537069\/revisions"}],"predecessor-version":[{"id":537071,"href":"https:\/\/diarioelpopular.com\/index.php\/wp-json\/wp\/v2\/posts\/537069\/revisions\/537071"}],"wp:featuredmedia":[{"embeddable":true,"href":"https:\/\/diarioelpopular.com\/index.php\/wp-json\/wp\/v2\/media\/537070"}],"wp:attachment":[{"href":"https:\/\/diarioelpopular.com\/index.php\/wp-json\/wp\/v2\/media?parent=537069"}],"wp:term":[{"taxonomy":"category","embeddable":true,"href":"https:\/\/diarioelpopular.com\/index.php\/wp-json\/wp\/v2\/categories?post=537069"},{"taxonomy":"post_tag","embeddable":true,"href":"https:\/\/diarioelpopular.com\/index.php\/wp-json\/wp\/v2\/tags?post=537069"}],"curies":[{"name":"wp","href":"https:\/\/api.w.org\/{rel}","templated":true}]}}