{"id":537077,"date":"2025-10-13T09:52:09","date_gmt":"2025-10-13T13:52:09","guid":{"rendered":"https:\/\/diarioelpopular.com\/?p=537077"},"modified":"2025-10-13T09:52:09","modified_gmt":"2025-10-13T13:52:09","slug":"ana-maria-polo-es-dificil-ser-latino-y-no-sentirse-discriminado-en-estados-unidos-en-este-momento","status":"publish","type":"post","link":"https:\/\/diarioelpopular.com\/index.php\/2025\/10\/13\/ana-maria-polo-es-dificil-ser-latino-y-no-sentirse-discriminado-en-estados-unidos-en-este-momento\/","title":{"rendered":"Ana Mar\u00eda Polo: \u201cEs dif\u00edcil ser latino y no sentirse discriminado en Estados Unidos en este momento\u201d"},"content":{"rendered":"<div id=\"attachment_537078\" style=\"width: 1210px\" class=\"wp-caption alignnone\"><img loading=\"lazy\" decoding=\"async\" aria-describedby=\"caption-attachment-537078\" class=\"wp-image-537078 size-custom-big-size\" src=\"https:\/\/diarioelpopular.com\/wp-content\/uploads\/2025\/10\/Screen-Shot-2025-10-13-at-9.51.22-AM-1200x810.png\" alt=\"\" width=\"1200\" height=\"810\" srcset=\"https:\/\/diarioelpopular.com\/wp-content\/uploads\/2025\/10\/Screen-Shot-2025-10-13-at-9.51.22-AM-1200x810.png 1200w, https:\/\/diarioelpopular.com\/wp-content\/uploads\/2025\/10\/Screen-Shot-2025-10-13-at-9.51.22-AM-300x203.png 300w, https:\/\/diarioelpopular.com\/wp-content\/uploads\/2025\/10\/Screen-Shot-2025-10-13-at-9.51.22-AM-768x519.png 768w, https:\/\/diarioelpopular.com\/wp-content\/uploads\/2025\/10\/Screen-Shot-2025-10-13-at-9.51.22-AM-636x430.png 636w, https:\/\/diarioelpopular.com\/wp-content\/uploads\/2025\/10\/Screen-Shot-2025-10-13-at-9.51.22-AM-80x55.png 80w, https:\/\/diarioelpopular.com\/wp-content\/uploads\/2025\/10\/Screen-Shot-2025-10-13-at-9.51.22-AM-108x73.png 108w, https:\/\/diarioelpopular.com\/wp-content\/uploads\/2025\/10\/Screen-Shot-2025-10-13-at-9.51.22-AM.png 1024w\" sizes=\"auto, (max-width: 1200px) 100vw, 1200px\" \/><p id=\"caption-attachment-537078\" class=\"wp-caption-text\">Ana Mar\u00eda Polo en una imagen sin datar.<\/p><\/div>\n<p>&nbsp;<\/p>\n<ul>\n<li><em><strong>La presentadora del ic\u00f3nico programa \u2018Caso cerrado\u2019 critica las pol\u00edticas de Trump y muestra preocupaci\u00f3n por el maltrato a los inmigrantes<\/strong><\/em><\/li>\n<\/ul>\n<p>&nbsp;<\/p>\n<p class=\"\">Ana Mar\u00eda Polo, la abogada cubanoamericana que por casi 20 a\u00f1os entr\u00f3 a cientos de miles de hogares hispanos desde su tribunal en el popular programa\u00a0<i>Caso cerrado<\/i>\u00a0de la cadena Telemundo, dice que Estados Unidos, pa\u00eds al que emigr\u00f3 siendo solo una ni\u00f1a y donde ha vivido la mayor parte de su vida, ya no se siente como su casa: \u201cEs dif\u00edcil\u00a0<a title=\"https:\/\/elpais.com\/us\/2025-08-26\/mas-de-la-mitad-de-los-latinos-en-estados-unidos-cree-que-el-sueno-americano-esta-muriendo.html\" href=\"https:\/\/elpais.com\/us\/2025-08-26\/mas-de-la-mitad-de-los-latinos-en-estados-unidos-cree-que-el-sueno-americano-esta-muriendo.html\" target=\"_blank\" rel=\"noopener noreferrer\" data-link-track-dtm=\"\" data-mrf-link=\"https:\/\/elpais.com\/us\/2025-08-26\/mas-de-la-mitad-de-los-latinos-en-estados-unidos-cree-que-el-sueno-americano-esta-muriendo.html\">ser latino<\/a>\u00a0y no sentirse discriminado en Estados Unidos en este momento\u201d.<\/p>\n<p class=\"\">\u201cLa divisi\u00f3n en el pa\u00eds es muy grave, muy fea\u201d, se\u00f1ala. La abogada y personalidad televisiva describe un panorama l\u00fagubre en la pol\u00edtica estadounidense bajo el Gobierno de Donald Trump, plagado de divisiones y retrocesos en materia de derechos y leyes, y muestra su preocupaci\u00f3n por el balance de poderes y el trato a los inmigrantes y la comunidad latina.\u202f\u201cHay una discriminaci\u00f3n clara, contundente, enfocada contra los latinos\u201d, sostiene.<\/p>\n<p class=\"\">\u201cHay much\u00edsimos [inmigrantes] que estaban cumpliendo con la ley y los est\u00e1n maltratando y los est\u00e1n perfilando [racialmente], y eso no est\u00e1 bien. Este pa\u00eds se construy\u00f3 con inmigrantes\u201d, indica. Adem\u00e1s de criticar la pol\u00edtica migratoria del Gobierno de Trump, Polo asegura que no entiende \u201cc\u00f3mo todos estos senadores y congresistas cubanoamericanos\u00a0<a title=\"https:\/\/elpais.com\/us\/2025-09-08\/los-cubanos-de-florida-divididos-tras-nueve-meses-de-trump-en-el-poder-actua-como-fidel.html\" href=\"https:\/\/elpais.com\/us\/2025-09-08\/los-cubanos-de-florida-divididos-tras-nueve-meses-de-trump-en-el-poder-actua-como-fidel.html\" target=\"_blank\" rel=\"noopener noreferrer\" data-link-track-dtm=\"\" data-mrf-link=\"https:\/\/elpais.com\/us\/2025-09-08\/los-cubanos-de-florida-divididos-tras-nueve-meses-de-trump-en-el-poder-actua-como-fidel.html\">est\u00e1n apoyando a esta Administraci\u00f3n<\/a>\u201d, en referencia a los legisladores del sur de Florida, Estado al que arrib\u00f3 hace m\u00e1s de 60 a\u00f1os y donde contin\u00faa viviendo.<\/p>\n<p class=\"\">Nacida en La Habana en 1959, Polo emigr\u00f3 a Miami cuando ten\u00eda 2 a\u00f1os y vivi\u00f3 en Puerto Rico hasta mediados de los setenta. Luego regres\u00f3 a Miami, donde estudi\u00f3 Derecho, grab\u00f3 su exitoso programa de pleitos judiciales y sigue hoy d\u00eda.<\/p>\n<p class=\"\"><i>Caso cerrado<\/i>, que rod\u00f3 m\u00e1s de 2.000 episodios entre 2001 y 2019, cuando concluy\u00f3 el contrato de Polo con Telemundo, amas\u00f3 grandes audiencias en Estados Unidos, Hispanoam\u00e9rica y Europa. El programa se ha traducido a varios idiomas y todav\u00eda se transmite en televisi\u00f3n y plataformas de\u00a0<i>streaming<\/i>. El personaje de la doctora Polo, con su mallete y su inconfundible \u201cHe dicho, caso cerrado\u201d, trascendi\u00f3 las pantallas y ha dejado una huella en la cultura hispana popular.<\/p>\n<p class=\"\">Desde que termin\u00f3 el programa, Polo ha hecho varios amagues de volver a la pantalla. En 2019 dijo que planeaba rodar una pel\u00edcula sobre\u00a0<i>Caso cerrado<\/i>, pero luego de varias fechas tentativas, la cinta no se ha materializado. Dice que el proyecto \u201csigue andando\u201d con una compa\u00f1\u00eda de producci\u00f3n de Chile, pero el guion que ten\u00eda no era de su agrado, lo est\u00e1n revisando y piensa retomarlo. En 2022, anunci\u00f3 que har\u00eda una nueva versi\u00f3n de\u00a0<i>Caso cerrado<\/i>\u00a0en unos estudios en Doral, al norte de Miami, con la productora Mega Global Entertainment, pero el proyecto no se concret\u00f3.<\/p>\n<p class=\"\">Ahora, a sus 66 a\u00f1os, Polo dice que se est\u00e1 tomando un merecido descanso despu\u00e9s de \u201ctrabajar como una mula\u201d, y dedica sus d\u00edas al jard\u00edn, al mar, a viajar y a ver televisi\u00f3n. Tambi\u00e9n para crear conciencia sobre el <a title=\"https:\/\/elpais.com\/salud-y-bienestar\/2025-10-07\/la-odisea-de-ganar-tiempo-en-el-cancer-de-mama-metastasico-no-hay-cura-asi-que-los-avances-son-vitales.html\" href=\"https:\/\/elpais.com\/salud-y-bienestar\/2025-10-07\/la-odisea-de-ganar-tiempo-en-el-cancer-de-mama-metastasico-no-hay-cura-asi-que-los-avances-son-vitales.html\" target=\"_blank\" rel=\"noopener noreferrer\" data-link-track-dtm=\"\" data-mrf-link=\"https:\/\/elpais.com\/salud-y-bienestar\/2025-10-07\/la-odisea-de-ganar-tiempo-en-el-cancer-de-mama-metastasico-no-hay-cura-asi-que-los-avances-son-vitales.html\">c\u00e1ncer de mama<\/a>\u00a0entre los hispanos. Sobreviviente de un c\u00e1ncer diagnosticado en 2003 y por el que se hizo una mastectom\u00eda radical del seno derecho, Polo reconoce que lleva grandes cicatrices, pero apunta que est\u00e1 \u201cviva y saludable\u201d gracias en buena parte a la temprana detecci\u00f3n de la enfermedad.<\/p>\n<p class=\"\">La abogada acepta que siempre habr\u00e1 alguien ofreci\u00e9ndole retomar\u00a0<i>Caso cerrado<\/i>, pero ella ya no es la misma persona de antes. \u201cUno envejece, y tampoco tengo ganas de estar yendo a darme b\u00f3tox y rellenos. Uno llega un momento en que dice: \u2018Esta soy yo\u2019. Y lo que vale es la mente de uno, el esp\u00edritu, no la apariencia. Pero en la televisi\u00f3n siempre estamos todos <i>pispiretos<\/i>\u201d.<\/p>\n<p class=\"\">Tampoco cree que en Estados Unidos haya \u201cun ambiente bueno\u201d para programas como\u00a0<i>Caso cerrado<\/i>. \u201cNo quiero ser\u00a0<a title=\"https:\/\/elpais.com\/television\/2025-10-01\/jimmy-kimmel-explica-a-stephen-colbert-que-recibio-la-noticia-de-la-cancelacion-de-su-programa-en-el-bano.html\" href=\"https:\/\/elpais.com\/television\/2025-10-01\/jimmy-kimmel-explica-a-stephen-colbert-que-recibio-la-noticia-de-la-cancelacion-de-su-programa-en-el-bano.html\" target=\"_blank\" rel=\"noopener noreferrer\" data-link-track-dtm=\"\" data-mrf-link=\"https:\/\/elpais.com\/television\/2025-10-01\/jimmy-kimmel-explica-a-stephen-colbert-que-recibio-la-noticia-de-la-cancelacion-de-su-programa-en-el-bano.html\">Jimmy Kimmel ni Stephen Colbert<\/a>. Quiero poder hacer un programa donde la libertad de expresi\u00f3n se respete de verdad, no se est\u00e9 cortando a pedacitos\u201d, dice, en referencia a los dos c\u00f3micos que han visto sus shows suspendidos por presi\u00f3n de la Administraci\u00f3n Trump.<\/p>\n<p class=\"\">Polo compara el \u201cextremo ideol\u00f3gico\u201d actual en el pa\u00eds al del macartismo, y dice que le preocupa la uni\u00f3n de la Iglesia con el Gobierno.\u202f\u201cLos gobiernos no son para imponernos ideolog\u00edas o dogmas religiosos, como que el aborto es un pecado. No somos quienes para estar juzgando a una mujer cuya salud depende posiblemente de un aborto, o estos conceptos cristianos de que la mujer es nada m\u00e1s para parir y para hacerle caso al hombre\u201d, opina.<\/p>\n<p class=\"\">Su cr\u00edtica no para all\u00ed: tambi\u00e9n le preocupa que el balance de los poderes judicial, ejecutivo y el Congreso que dicta la Constituci\u00f3n \u201cse est\u00e1 perdiendo\u201d con Trump. Dice que el Tribunal Supremo \u201chace caso a todo\u201d lo que pida el presidente y que la corte est\u00e1 derrocando derechos por los que la sociedad estadounidense luch\u00f3 tanto. Polo, quien hizo campa\u00f1a en el 2014 a favor del matrimonio igualitario, asegura que \u201ccuando e<a title=\"https:\/\/elpais.com\/internacional\/2025-08-14\/el-derecho-al-matrimonio-homosexual-en-ee-uu-se-juega-su-futuro-en-el-tribunal-supremo.html\" href=\"https:\/\/elpais.com\/internacional\/2025-08-14\/el-derecho-al-matrimonio-homosexual-en-ee-uu-se-juega-su-futuro-en-el-tribunal-supremo.html\" target=\"_blank\" rel=\"noopener noreferrer\" data-link-track-dtm=\"\" data-mrf-link=\"https:\/\/elpais.com\/internacional\/2025-08-14\/el-derecho-al-matrimonio-homosexual-en-ee-uu-se-juega-su-futuro-en-el-tribunal-supremo.html\">l caso preciso se d\u00e9, lo van a quitar<\/a>\u201d.<\/p>\n<p class=\"\">En 2020, Polo fue portavoz de la organizaci\u00f3n no partidista creada por Michelle Obama, When We All Vote, y dice que para las pr\u00f3ximas elecciones va a estar activa, \u201cporque todav\u00eda el voto sigue siendo nuestra arma m\u00e1s poderosa\u201d.<\/p>\n<p class=\"\">Polo ha recibido numerosos reconocimientos, entre los que destaca el premio Mickey Leland por su compromiso humanitario. Desde 2021, la calle donde se grab\u00f3\u00a0<i>Caso cerrado<\/i> en la ciudad de Hialeah, al norte de Miami, lleva su nombre.\u202fAdem\u00e1s de mantenerse al d\u00eda con sus m\u00e1s de 30 millones de seguidores en redes sociales, dice que est\u00e1 \u201cmuy conectada\u201d con la gente en Miami, y cuando sale a la calle siempre hay alguien que se acerca, le da un beso y le expone un caso. \u201cEso me da una gran alegr\u00eda. Digo: \u2018Co\u00f1o, hiciste un buen trabajo. Algo bonito diste y algo bonito recibes\u2019\u201d.<\/p>\n","protected":false},"excerpt":{"rendered":"<p>&nbsp; La presentadora del ic\u00f3nico programa \u2018Caso cerrado\u2019 critica las pol\u00edticas de Trump y muestra preocupaci\u00f3n por el maltrato a los inmigrantes &nbsp; Ana Mar\u00eda&hellip;<\/p>\n","protected":false},"author":99,"featured_media":537078,"comment_status":"open","ping_status":"open","sticky":false,"template":"","format":"standard","meta":{"footnotes":""},"categories":[24],"tags":[],"class_list":["post-537077","post","type-post","status-publish","format-standard","has-post-thumbnail","hentry","category-mundo"],"_links":{"self":[{"href":"https:\/\/diarioelpopular.com\/index.php\/wp-json\/wp\/v2\/posts\/537077","targetHints":{"allow":["GET"]}}],"collection":[{"href":"https:\/\/diarioelpopular.com\/index.php\/wp-json\/wp\/v2\/posts"}],"about":[{"href":"https:\/\/diarioelpopular.com\/index.php\/wp-json\/wp\/v2\/types\/post"}],"author":[{"embeddable":true,"href":"https:\/\/diarioelpopular.com\/index.php\/wp-json\/wp\/v2\/users\/99"}],"replies":[{"embeddable":true,"href":"https:\/\/diarioelpopular.com\/index.php\/wp-json\/wp\/v2\/comments?post=537077"}],"version-history":[{"count":1,"href":"https:\/\/diarioelpopular.com\/index.php\/wp-json\/wp\/v2\/posts\/537077\/revisions"}],"predecessor-version":[{"id":537079,"href":"https:\/\/diarioelpopular.com\/index.php\/wp-json\/wp\/v2\/posts\/537077\/revisions\/537079"}],"wp:featuredmedia":[{"embeddable":true,"href":"https:\/\/diarioelpopular.com\/index.php\/wp-json\/wp\/v2\/media\/537078"}],"wp:attachment":[{"href":"https:\/\/diarioelpopular.com\/index.php\/wp-json\/wp\/v2\/media?parent=537077"}],"wp:term":[{"taxonomy":"category","embeddable":true,"href":"https:\/\/diarioelpopular.com\/index.php\/wp-json\/wp\/v2\/categories?post=537077"},{"taxonomy":"post_tag","embeddable":true,"href":"https:\/\/diarioelpopular.com\/index.php\/wp-json\/wp\/v2\/tags?post=537077"}],"curies":[{"name":"wp","href":"https:\/\/api.w.org\/{rel}","templated":true}]}}