{"id":537081,"date":"2025-10-13T10:02:09","date_gmt":"2025-10-13T14:02:09","guid":{"rendered":"https:\/\/diarioelpopular.com\/?p=537081"},"modified":"2025-10-13T10:02:09","modified_gmt":"2025-10-13T14:02:09","slug":"4-razones-de-la-crisis-de-violencia-que-vive-peru-factor-clave-en-la-caida-de-dina-boluarte","status":"publish","type":"post","link":"https:\/\/diarioelpopular.com\/index.php\/2025\/10\/13\/4-razones-de-la-crisis-de-violencia-que-vive-peru-factor-clave-en-la-caida-de-dina-boluarte\/","title":{"rendered":"4 razones de la crisis de violencia que vive Per\u00fa, factor clave en la ca\u00edda de Dina Boluarte"},"content":{"rendered":"<div id=\"attachment_537082\" style=\"width: 646px\" class=\"wp-caption alignnone\"><img loading=\"lazy\" decoding=\"async\" aria-describedby=\"caption-attachment-537082\" class=\"wp-image-537082 size-custom-full-size\" src=\"https:\/\/diarioelpopular.com\/wp-content\/uploads\/2025\/10\/Screen-Shot-2025-10-13-at-10.01.15-AM-636x334.png\" alt=\"\" width=\"636\" height=\"334\" srcset=\"https:\/\/diarioelpopular.com\/wp-content\/uploads\/2025\/10\/Screen-Shot-2025-10-13-at-10.01.15-AM-636x334.png 636w, https:\/\/diarioelpopular.com\/wp-content\/uploads\/2025\/10\/Screen-Shot-2025-10-13-at-10.01.15-AM-300x158.png 300w, https:\/\/diarioelpopular.com\/wp-content\/uploads\/2025\/10\/Screen-Shot-2025-10-13-at-10.01.15-AM-768x404.png 768w, https:\/\/diarioelpopular.com\/wp-content\/uploads\/2025\/10\/Screen-Shot-2025-10-13-at-10.01.15-AM-139x73.png 139w, https:\/\/diarioelpopular.com\/wp-content\/uploads\/2025\/10\/Screen-Shot-2025-10-13-at-10.01.15-AM.png 856w\" sizes=\"auto, (max-width: 636px) 100vw, 636px\" \/><p id=\"caption-attachment-537082\" class=\"wp-caption-text\">El n\u00famero de homicidios se ha disparado en Per\u00fa, dejando cada vez m\u00e1s familias rotas.<\/p><\/div>\n<p>&nbsp;<\/p>\n<div class=\"bbc-19j92fr ebmt73l0\" dir=\"ltr\">\n<ul>\n<li class=\"bbc-hhl7in e17g058b0\" dir=\"ltr\"><em><b>La popularidad de Dina Boluarte en las encuestas llevaba meses bajo m\u00ednimos.<\/b><\/em><\/li>\n<\/ul>\n<\/div>\n<div class=\"bbc-19j92fr ebmt73l0\" dir=\"ltr\">\n<p dir=\"ltr\">\n<p class=\"bbc-hhl7in e17g058b0\" dir=\"ltr\">La mandataria resist\u00eda en el cargo pese a la pol\u00e9mica acci\u00f3n de las fuerzas de seguridad en las protestas que siguieron a la ca\u00edda del expresidente Pedro Castillo, que dejaron decenas de muertos, la sucesi\u00f3n de esc\u00e1ndalos de corrupci\u00f3n que la salpicaban y la percepci\u00f3n entre gran parte del electorado de una falta de liderazgo en el gobierno.<\/p>\n<\/div>\n<div class=\"bbc-19j92fr ebmt73l0\" dir=\"ltr\">\n<p class=\"bbc-hhl7in e17g058b0\" dir=\"ltr\">Pero cuando unos desconocidos dispararon contra la banda de cumbia Agua Marina durante una actuaci\u00f3n en Lima en la noche del mi\u00e9rcoles, los acontecimientos se precipitaron. Pocas horas despu\u00e9s, Boluarte sal\u00eda de la presidencia destituida por el Congreso en el desenlace de una crisis pol\u00edtica fulgurante.<\/p>\n<\/div>\n<div class=\"bbc-19j92fr ebmt73l0\" dir=\"ltr\">\n<p class=\"bbc-hhl7in e17g058b0\" dir=\"ltr\">Y es que el azote de una criminalidad cada vez m\u00e1s violenta se ha convertido en una de las principales preocupaciones en Per\u00fa, con gran parte de la poblaci\u00f3n y de los analistas culpando a los dirigentes pol\u00edticos de inacci\u00f3n, cuando no complicidad, ante las bandas criminales.<\/p>\n<\/div>\n<div class=\"bbc-19j92fr ebmt73l0\" dir=\"ltr\">\n<p class=\"bbc-hhl7in e17g058b0\" dir=\"ltr\">El nuevo presidente, Jos\u00e9 Jer\u00ed, prometi\u00f3 nada m\u00e1s jurar el cargo &#8220;una guerra contra el crimen&#8221;.<\/p>\n<\/div>\n<div class=\"bbc-19j92fr ebmt73l0\" dir=\"ltr\">\n<p class=\"bbc-hhl7in e17g058b0\" dir=\"ltr\">&#8220;El mal que nos aqueja en este momento es la delincuencia. El enemigo est\u00e1 en las calles&#8221;, dijo Jer\u00ed en sus primeras palabras como presidente ante el Congreso de la Rep\u00fablica.<\/p>\n<\/div>\n<div class=\"bbc-19j92fr ebmt73l0\" dir=\"ltr\">\n<p class=\"bbc-hhl7in e17g058b0\" dir=\"ltr\">Los datos dan cuenta del auge de la delincuencia.<\/p>\n<\/div>\n<div class=\"bbc-19j92fr ebmt73l0\" dir=\"ltr\">\n<p class=\"bbc-hhl7in e17g058b0\" dir=\"ltr\">En el primer semestre de 2025 se registraron 161 homicidios m\u00e1s que en el mismo periodo de 2024, seg\u00fan el Sistema de Informaci\u00f3n de Defunciones (Sinadef). Solo en el pasado agosto hubo 209 homicidios. Y Human Rights Watch ha alertado de que Per\u00fa es uno de los pa\u00edses de la regi\u00f3n en los que m\u00e1s aumentan las muertes violentas.<\/p>\n<\/div>\n<div class=\"bbc-19j92fr ebmt73l0\" dir=\"ltr\">\n<p class=\"bbc-hhl7in e17g058b0\" dir=\"ltr\">Pero el delito cuyo incremento m\u00e1s ha alarmado durante la presidencia de Boluarte ha sido el de las extorsiones, que parecen haberse disparado. Seg\u00fan un informe del Observatorio del Crimen Organizado y la Violencia, un organismo de an\u00e1lisis de la delincuencia, en 2024 las denuncias fueron m\u00e1s del doble que las registradas en 2018.<\/p>\n<\/div>\n<div class=\"bbc-19j92fr ebmt73l0\" dir=\"ltr\">\n<p class=\"bbc-hhl7in e17g058b0\" dir=\"ltr\">Seg\u00fan los datos policiales, cada d\u00eda se presentan 75 denuncias por extorsi\u00f3n en Per\u00fa y los expertos se\u00f1alan que el problema es probablemente mayor, ya que las v\u00edctimas evitan en muchos casos denunciar por temor a represalias de quienes los extorsionan.<\/p>\n<\/div>\n<div class=\"bbc-19j92fr ebmt73l0\" dir=\"ltr\">\n<p class=\"bbc-hhl7in e17g058b0\" dir=\"ltr\">Peque\u00f1os negocios y transportistas son los m\u00e1s golpeados. El Observatorio del Crimen y la Violencia estima en unos 180 los conductores de transporte urbano asesinados este a\u00f1o por negarse a pagar cupos, una cifra que ha llevado al sector a organizar sucesivos paros y protestas para exigir respuestas al gobierno.<\/p>\n<\/div>\n<div class=\"bbc-19j92fr ebmt73l0\" dir=\"ltr\">\n<p class=\"bbc-hhl7in e17g058b0\" dir=\"ltr\">\u00bfC\u00f3mo se ha llegado hasta aqu\u00ed?<\/p>\n<\/div>\n<div class=\"bbc-19j92fr ebmt73l0\" dir=\"ltr\">\n<h2 id=\"1-Auge-de-la-miner\u00eda-ilegal\" class=\"bbc-1lgzob2 eglt09e0\" tabindex=\"-1\">1. Auge de la miner\u00eda ilegal<\/h2>\n<\/div>\n<div class=\"bbc-19j92fr ebmt73l0\" dir=\"ltr\">\n<p class=\"bbc-hhl7in e17g058b0\" dir=\"ltr\">Los expertos se\u00f1alan que el auge de la criminalidad va de la mano del de la miner\u00eda ilegal, que en los \u00faltimos a\u00f1os parece fuera de control en Per\u00fa.<\/p>\n<\/div>\n<div class=\"bbc-19j92fr ebmt73l0\" dir=\"ltr\">\n<p class=\"bbc-hhl7in e17g058b0\" dir=\"ltr\">&#8220;Las econom\u00edas il\u00edcitas han florecido con la miner\u00eda ilegal en el centro&#8221;, dice Ricardo Vald\u00e9s, exviceministro de Interior de Per\u00fa y experto en el estudio de la delincuencia.<\/p>\n<\/div>\n<div class=\"bbc-19j92fr ebmt73l0\" dir=\"ltr\">\n<p class=\"bbc-hhl7in e17g058b0\" dir=\"ltr\">&#8220;La demanda de oro se dispar\u00f3 por el incremento del precio del oro en los mercados internacionales&#8221;, indica Vald\u00e9s, que se\u00f1ala que distintos grupos criminales fueron concentr\u00e1ndose en la miner\u00eda ilegal ante la falta de respuesta de las autoridades.<\/p>\n<\/div>\n<div class=\"bbc-19j92fr ebmt73l0\" dir=\"ltr\">\n<p class=\"bbc-hhl7in e17g058b0\" dir=\"ltr\">La suya no es la \u00fanica voz que se\u00f1ala una aquiescencia de los congresistas y los sucesivos gobiernos con los grupos delictivos dedicados a la miner\u00eda ilegal.<\/p>\n<p dir=\"ltr\">\n<\/div>\n<figure class=\"bbc-1qn0xuy\">\n<div class=\"bbc-1gbs0ve\">\n<div style=\"width: 1034px\" class=\"wp-caption alignnone\"><img loading=\"lazy\" decoding=\"async\" class=\"bbc-139onq\" src=\"https:\/\/ichef.bbci.co.uk\/ace\/ws\/640\/cpsprodpb\/2ad1\/live\/0d66e720-a7cc-11f0-b741-177e3e2c2fc7.jpg.webp\" alt=\"Vista a\u00e9rea de la Amazon\u00eda peruana llena de minas ilegales. \" width=\"1024\" height=\"683\" \/><p class=\"wp-caption-text\">Fuente de la imagen,Ernesto Benavides \/ Getty. La proliferaci\u00f3n de la miner\u00eda ilegal ha sido uno de los factores que ha contribuido al auge de la criminalidad en Per\u00fa.<\/p><\/div>\n<p class=\"bbc-by8ykd\" role=\"text\">\n<\/div>\n<\/figure>\n<div class=\"bbc-19j92fr ebmt73l0\" dir=\"ltr\">\n<p dir=\"ltr\">\n<p class=\"bbc-hhl7in e17g058b0\" dir=\"ltr\">El gobierno ha venido renovando a\u00f1o a a\u00f1o el Registro Integral de Formalizaci\u00f3n Minera (Reinfo), un pol\u00e9mico mecanismo que naci\u00f3 con el objetivo declarado de la formalizaci\u00f3n de los mineros artesanales.<\/p>\n<\/div>\n<div class=\"bbc-19j92fr ebmt73l0\" dir=\"ltr\">\n<p class=\"bbc-hhl7in e17g058b0\" dir=\"ltr\">Concebido inicialmente como temporal, el Reinfo se ha venido prorrogando desde hace a\u00f1os hasta convertirse, seg\u00fan cr\u00edticos como C\u00e9sar Baz\u00e1n, de la Pontificia Universidad Cat\u00f3lica del Per\u00fa, en una especie de &#8220;patente de corso&#8221; para la miner\u00eda ilegal.<\/p>\n<\/div>\n<div class=\"bbc-19j92fr ebmt73l0\" dir=\"ltr\">\n<p class=\"bbc-hhl7in e17g058b0\" dir=\"ltr\">Pese a las protestas que en las calles exigieron su supresi\u00f3n y las advertencias de organizaciones no gubernamentales sobre su impacto negativo en el medio ambiente, la seguridad ciudadana y los pueblos ind\u00edgenas que habitan muchas de las zonas mineras, el gobierno de Boluarte aprob\u00f3 en junio una nueva extensi\u00f3n del Reinfo.<\/p>\n<\/div>\n<div class=\"bbc-19j92fr ebmt73l0\" dir=\"ltr\">\n<p class=\"bbc-hhl7in e17g058b0\" dir=\"ltr\">Vald\u00e9s dijo que ni el gobierno ni los congresistas &#8220;quisieron enfrentarse con el medio mill\u00f3n de votantes que viven de la miner\u00eda ilegal y en torno a ella se han desarrollado muchas otras oportunidades para la criminalidad, porque para financiarla muchos han recurrido a la extorsi\u00f3n y la explotaci\u00f3n sexual&#8221;.<\/p>\n<\/div>\n<div class=\"bbc-19j92fr ebmt73l0\" dir=\"ltr\">\n<p class=\"bbc-hhl7in e17g058b0\" dir=\"ltr\">As\u00ed, organizaciones criminales transnacionales como la venezolana Tren de Aragua, la brasile\u00f1a Comando Vermelho o la ecuatoriana de Los Choneros se abrieron paso en Per\u00fa y empezaron a interactuar con las locales, engordando un monstruo que ha desbordado a sus autoridades y castigado a su poblaci\u00f3n.<\/p>\n<p dir=\"ltr\">\n<\/div>\n<figure class=\"bbc-1qn0xuy\">\n<div class=\"bbc-1gbs0ve\">\n<div style=\"width: 986px\" class=\"wp-caption alignnone\"><img loading=\"lazy\" decoding=\"async\" class=\"bbc-139onq\" src=\"https:\/\/ichef.bbci.co.uk\/ace\/ws\/640\/cpsprodpb\/c082\/live\/767c5ed0-a61d-11f0-928c-71dbb8619e94.png.webp\" alt=\"Cabecera de una manifestaci\u00f3n contra el gobierno de Dina Boluarte. La pancarta principal dice &quot;Ni un muerto m\u00e1s&quot;. \" width=\"976\" height=\"511\" \/><p class=\"wp-caption-text\">Fuente de la imagen,Klebher V\u00e1squez \/ Getty. El auge de la delincuencia ha provocado protestas que ped\u00edan respuestas al gobierno de Dina Boluarte.<\/p><\/div>\n<p class=\"bbc-by8ykd\" role=\"text\">\n<\/div>\n<\/figure>\n<div class=\"bbc-19j92fr ebmt73l0\" dir=\"ltr\">\n<h2 id=\"2-Facilidades-a-la-delincuencia-desde-el-poder\" class=\"bbc-1lgzob2 eglt09e0\" tabindex=\"-1\">2. Facilidades a la delincuencia desde el poder<\/h2>\n<\/div>\n<div class=\"bbc-19j92fr ebmt73l0\" dir=\"ltr\">\n<p class=\"bbc-hhl7in e17g058b0\" dir=\"ltr\">Muchos en Per\u00fa culpan a los pol\u00edticos en el Congreso de haber favorecido con sus decisiones el auge del crimen organizado. Corrupci\u00f3n y delincuencia son las dos principales preocupaciones ciudadanas, seg\u00fan las encuestas, y en ocasiones parecen ir de la mano.<\/p>\n<\/div>\n<div class=\"bbc-19j92fr ebmt73l0\" dir=\"ltr\">\n<p class=\"bbc-hhl7in e17g058b0\" dir=\"ltr\">C\u00e9sar Baz\u00e1n dice que &#8220;para protegerse a s\u00ed mismos en las investigaciones en las que muchos estaban envueltos, los congresistas aprobaron leyes que debilitaron la lucha contra el crimen organizado y la capacidad de la Polic\u00eda y la Fiscal\u00eda para hacerle frente&#8221;.<\/p>\n<\/div>\n<div class=\"bbc-19j92fr ebmt73l0\" dir=\"ltr\">\n<p class=\"bbc-hhl7in e17g058b0\" dir=\"ltr\">Entre ellas, destaca la que limita el tiempo disponible para corroborar la informaci\u00f3n facilitada por los testigos que la ley peruana califica como colaboradores eficaces, la que exige la presencia de abogados en los allanamientos y registros llevados a cabo por los agentes, o la que redujo los plazos de prescripci\u00f3n para ciertos delitos graves.<\/p>\n<\/div>\n<div class=\"bbc-19j92fr ebmt73l0\" dir=\"ltr\">\n<p class=\"bbc-hhl7in e17g058b0\" dir=\"ltr\">Ricardo Vald\u00e9s se\u00f1ala que hay indicios suficientes para pensar que &#8220;el gran articulador criminal de la miner\u00eda ilegal tiene representantes en el Congreso y en muchos partidos pol\u00edticos&#8221;.<\/p>\n<\/div>\n<div class=\"bbc-19j92fr ebmt73l0\" dir=\"ltr\">\n<p class=\"bbc-hhl7in e17g058b0\" dir=\"ltr\">Y no es el \u00fanico. El colectivo conocido como Generaci\u00f3n Z anunci\u00f3 que se sumar\u00e1 al paro nacional convocado por distintas organizaciones el pr\u00f3ximo 15 de octubre contra lo que califica de &#8220;pacto corrupto&#8221; en el Congreso para hacer presidente a Jos\u00e9 Jer\u00ed.<\/p>\n<p dir=\"ltr\">\n<\/div>\n<figure class=\"bbc-1qn0xuy\">\n<div class=\"bbc-1gbs0ve\">\n<div style=\"width: 1034px\" class=\"wp-caption alignnone\"><img loading=\"lazy\" decoding=\"async\" class=\"bbc-139onq\" src=\"https:\/\/ichef.bbci.co.uk\/ace\/ws\/640\/cpsprodpb\/a96b\/live\/b2ac2b00-a7cc-11f0-92db-77261a15b9d2.jpg.webp\" alt=\"El presidente de Per\u00fa, Jos\u00e9 Jer\u00ed, tras dos polic\u00edas, en una imagen nocturna. \" width=\"1024\" height=\"683\" \/><p class=\"wp-caption-text\">Fuente de la imagen,Renato Pajuelo \/ Getty. El nuevo presidente de Per\u00fa, Jos\u00e9 Jer\u00ed, ha prometido una &#8220;guerra contra el crimen&#8221;.<\/p><\/div>\n<p class=\"bbc-by8ykd\" role=\"text\">\n<\/div>\n<\/figure>\n<div class=\"bbc-19j92fr ebmt73l0\" dir=\"ltr\">\n<h2 id=\"3-Una-respuesta-populista\" class=\"bbc-1lgzob2 eglt09e0\" tabindex=\"-1\">3. Una respuesta &#8220;populista&#8221;<\/h2>\n<\/div>\n<div class=\"bbc-19j92fr ebmt73l0\" dir=\"ltr\">\n<p class=\"bbc-hhl7in e17g058b0\" dir=\"ltr\">El aumento de la delincuencia impact\u00f3 especialmente a la poblaci\u00f3n a partir del momento en que las bandas de extorsionadores empezaron a mostrarse m\u00e1s violentas.<\/p>\n<\/div>\n<div class=\"bbc-19j92fr ebmt73l0\" dir=\"ltr\">\n<p class=\"bbc-hhl7in e17g058b0\" dir=\"ltr\">Baz\u00e1n indica que &#8220;el problema de la extorsi\u00f3n siempre existi\u00f3, lo que pasa es que ahora ha aumentado y, sobre todo, ha aumentado tambi\u00e9n la violencia de los grupos de extorsionadores&#8221;.<\/p>\n<\/div>\n<div class=\"bbc-19j92fr ebmt73l0\" dir=\"ltr\">\n<p class=\"bbc-hhl7in e17g058b0\" dir=\"ltr\">Los homicidios de quienes se niegan a pagar e incluso los ataques con explosivos contra los negocios cuyos propietarios se resisten al chantaje se han repetido en los \u00faltimos a\u00f1os.<\/p>\n<\/div>\n<div class=\"bbc-19j92fr ebmt73l0\" dir=\"ltr\">\n<p class=\"bbc-hhl7in e17g058b0\" dir=\"ltr\">Algunos casos conmocionaron a la opini\u00f3n p\u00fablica, como el ataque con una granada que dej\u00f3 15 heridos en una discoteca del populoso distrito lime\u00f1o de San Juan de Lurigancho, y empujaron a Boluarte a decretar el estado de emergencia y ordenar el despliegue del Ej\u00e9rcito en tareas de seguridad ciudadana en las zonas afectadas.<\/p>\n<p dir=\"ltr\">\n<\/div>\n<figure class=\"bbc-1qn0xuy\">\n<div class=\"bbc-1gbs0ve\">\n<div style=\"width: 986px\" class=\"wp-caption alignnone\"><img loading=\"lazy\" decoding=\"async\" class=\"bbc-139onq\" src=\"https:\/\/ichef.bbci.co.uk\/ace\/ws\/640\/cpsprodpb\/410e\/live\/29d28ea0-a61e-11f0-b741-177e3e2c2fc7.png.webp\" alt=\"Un grupo de polic\u00edas, de pie junto a un edificio. Es de noche y al fondo, a unos metros, en la misma calle, se distingue a un grupo de personas. \" width=\"976\" height=\"511\" \/><p class=\"wp-caption-text\">Fuente de la imagen,Renato Pajuelo \/ Getty. El gobierno declar\u00f3 el estado de emergencia en varias zonas del pa\u00eds, pero la estrategia no parece haber dado resultado<\/p><\/div>\n<p class=\"bbc-by8ykd\" role=\"text\">\n<\/div>\n<\/figure>\n<div class=\"bbc-19j92fr ebmt73l0\" dir=\"ltr\">\n<p dir=\"ltr\">\n<p class=\"bbc-hhl7in e17g058b0\" dir=\"ltr\">Boluarte trataba de mostrar firmeza frente a la delincuencia, pero su abrupta salida del poder revela que su estrategia no funcion\u00f3.<\/p>\n<\/div>\n<div class=\"bbc-19j92fr ebmt73l0\" dir=\"ltr\">\n<p class=\"bbc-hhl7in e17g058b0\" dir=\"ltr\">Baz\u00e1n cree que &#8220;el gobierno trat\u00f3 de responder con medidas populistas como la declaraci\u00f3n del estado de emergencia, que no obtienen resultados en la lucha contra el crimen ni atacan la ra\u00edz del problema&#8221;.<\/p>\n<\/div>\n<div class=\"bbc-19j92fr ebmt73l0\" dir=\"ltr\">\n<p class=\"bbc-hhl7in e17g058b0\" dir=\"ltr\">En la misma l\u00ednea, Vald\u00e9s asegura que &#8220;la experiencia demuestra que los estados de emergencia no sirven absolutamente para nada en la lucha por acabar con el crimen organizado&#8221;.<\/p>\n<\/div>\n<div class=\"bbc-19j92fr ebmt73l0\" dir=\"ltr\">\n<h2 id=\"4-Una-polic\u00eda-mermada-y-bajo-sospecha\" class=\"bbc-1lgzob2 eglt09e0\" tabindex=\"-1\">4. Una polic\u00eda mermada y bajo sospecha<\/h2>\n<\/div>\n<div class=\"bbc-19j92fr ebmt73l0\" dir=\"ltr\">\n<p class=\"bbc-hhl7in e17g058b0\" dir=\"ltr\">La crisis de inseguridad no solo le ha acabado costando la presidencia a Boluarte, sino que tambi\u00e9n ha colocado bajo el foco a la Polic\u00eda Nacional del Per\u00fa (PNP).<\/p>\n<\/div>\n<div class=\"bbc-19j92fr ebmt73l0\" dir=\"ltr\">\n<p class=\"bbc-hhl7in e17g058b0\" dir=\"ltr\">En medio de constantes cambios en el Ministerio del Interior, que ha tenido hasta 13 ministros en los \u00faltimos cuatro a\u00f1os, el cuerpo se ha visto incapaz de contener el aumento de la delincuencia.<\/p>\n<\/div>\n<div class=\"bbc-19j92fr ebmt73l0\" dir=\"ltr\">\n<p class=\"bbc-hhl7in e17g058b0\" dir=\"ltr\">Seg\u00fan dice Baz\u00e1n, &#8220;la polic\u00eda no tiene suficiente financiaci\u00f3n, ni efectivos, ni entrenamiento. Pero adem\u00e1s hay un problema claro de complicidad de la polic\u00eda y es evidente que hay algunos mandos que est\u00e1n implicados en el crimen organizado&#8221;.<\/p>\n<\/div>\n<div class=\"bbc-19j92fr ebmt73l0\" dir=\"ltr\">\n<p class=\"bbc-hhl7in e17g058b0\" dir=\"ltr\">Seg\u00fan informaciones period\u00edsticas, el presunto cabecilla criminal Erick Moreno, alias El Monstruo, declar\u00f3 tras ser detenido por la polic\u00eda de Paraguay que elementos de la PNP le informaban desde Per\u00fa de c\u00f3mo los agentes paraguayos le segu\u00edan los pasos.<\/p>\n<\/div>\n<div class=\"bbc-19j92fr ebmt73l0\" dir=\"ltr\">\n<p class=\"bbc-hhl7in e17g058b0\" dir=\"ltr\">Y un antiguo alto mando policial peruano declar\u00f3 que sus superiores lo apartaron cuando estaba a punto de detenerlo tras una larga investigaci\u00f3n de sus actividades.<\/p>\n<\/div>\n<div class=\"bbc-19j92fr ebmt73l0\" dir=\"ltr\">\n<p class=\"bbc-hhl7in e17g058b0\" dir=\"ltr\">Seg\u00fan Ricardo Vald\u00e9s, &#8220;la corrupci\u00f3n policial se ha extendido y normalizado&#8221;.<\/p>\n<\/div>\n<div class=\"bbc-19j92fr ebmt73l0\" dir=\"ltr\">\n<p class=\"bbc-hhl7in e17g058b0\" dir=\"ltr\">La capacidad de la polic\u00eda como fuerza de lucha contra la delincuencia se ha visto afectada tambi\u00e9n por las rivalidades pol\u00edticas.<\/p>\n<\/div>\n<div class=\"bbc-19j92fr ebmt73l0\" dir=\"ltr\">\n<p class=\"bbc-hhl7in e17g058b0\" dir=\"ltr\">Vald\u00e9s afirma que &#8220;desde la \u00e9poca del expresidente Pedro Castillo, la polic\u00eda empieza a ser instrumentalizada por las altas autoridades del pa\u00eds y se inicia una pugna interna entre el sector que intenta investigar la corrupci\u00f3n y los polic\u00edas que hab\u00eda colocado Castillo, que intenta impedirlo&#8221;.<\/p>\n<\/div>\n<div class=\"bbc-19j92fr ebmt73l0\" dir=\"ltr\">\n<p class=\"bbc-hhl7in e17g058b0\" dir=\"ltr\">Ya en la \u00e9poca de Boluarte, al coronel Harvey Colchado, uno de los m\u00e1s reputados polic\u00edas del pa\u00eds, lo pasaron a retiro despu\u00e9s de registrar el domicilio de la presidenta y liderar las investigaciones de los casos en los que ella y su hermano estaban implicados.<\/p>\n<\/div>\n<div class=\"bbc-19j92fr ebmt73l0\" dir=\"ltr\">\n<p class=\"bbc-hhl7in e17g058b0\" dir=\"ltr\">Todos estos factores, cree el experto, llevaron a que cuando las bandas criminales se hac\u00edan m\u00e1s fuertes &#8220;se encontraron enfrente de una polic\u00eda atontada y desnortada&#8221;.<\/p>\n<\/div>\n","protected":false},"excerpt":{"rendered":"<p>&nbsp; La popularidad de Dina Boluarte en las encuestas llevaba meses bajo m\u00ednimos. La mandataria resist\u00eda en el cargo pese a la pol\u00e9mica acci\u00f3n de&hellip;<\/p>\n","protected":false},"author":99,"featured_media":537082,"comment_status":"open","ping_status":"open","sticky":false,"template":"","format":"standard","meta":{"footnotes":""},"categories":[23],"tags":[],"class_list":["post-537081","post","type-post","status-publish","format-standard","has-post-thumbnail","hentry","category-latinoamerica"],"_links":{"self":[{"href":"https:\/\/diarioelpopular.com\/index.php\/wp-json\/wp\/v2\/posts\/537081","targetHints":{"allow":["GET"]}}],"collection":[{"href":"https:\/\/diarioelpopular.com\/index.php\/wp-json\/wp\/v2\/posts"}],"about":[{"href":"https:\/\/diarioelpopular.com\/index.php\/wp-json\/wp\/v2\/types\/post"}],"author":[{"embeddable":true,"href":"https:\/\/diarioelpopular.com\/index.php\/wp-json\/wp\/v2\/users\/99"}],"replies":[{"embeddable":true,"href":"https:\/\/diarioelpopular.com\/index.php\/wp-json\/wp\/v2\/comments?post=537081"}],"version-history":[{"count":1,"href":"https:\/\/diarioelpopular.com\/index.php\/wp-json\/wp\/v2\/posts\/537081\/revisions"}],"predecessor-version":[{"id":537085,"href":"https:\/\/diarioelpopular.com\/index.php\/wp-json\/wp\/v2\/posts\/537081\/revisions\/537085"}],"wp:featuredmedia":[{"embeddable":true,"href":"https:\/\/diarioelpopular.com\/index.php\/wp-json\/wp\/v2\/media\/537082"}],"wp:attachment":[{"href":"https:\/\/diarioelpopular.com\/index.php\/wp-json\/wp\/v2\/media?parent=537081"}],"wp:term":[{"taxonomy":"category","embeddable":true,"href":"https:\/\/diarioelpopular.com\/index.php\/wp-json\/wp\/v2\/categories?post=537081"},{"taxonomy":"post_tag","embeddable":true,"href":"https:\/\/diarioelpopular.com\/index.php\/wp-json\/wp\/v2\/tags?post=537081"}],"curies":[{"name":"wp","href":"https:\/\/api.w.org\/{rel}","templated":true}]}}