{"id":537114,"date":"2025-10-14T10:07:42","date_gmt":"2025-10-14T14:07:42","guid":{"rendered":"https:\/\/diarioelpopular.com\/?p=537114"},"modified":"2025-10-14T10:07:42","modified_gmt":"2025-10-14T14:07:42","slug":"el-pulso-de-los-jovenes-amenaza-al-poder-en-peru","status":"publish","type":"post","link":"https:\/\/diarioelpopular.com\/index.php\/2025\/10\/14\/el-pulso-de-los-jovenes-amenaza-al-poder-en-peru\/","title":{"rendered":"El pulso de los j\u00f3venes amenaza al poder en Per\u00fa"},"content":{"rendered":"<div id=\"attachment_537115\" style=\"width: 1210px\" class=\"wp-caption alignnone\"><img loading=\"lazy\" decoding=\"async\" aria-describedby=\"caption-attachment-537115\" class=\"wp-image-537115 size-custom-big-size\" src=\"https:\/\/diarioelpopular.com\/wp-content\/uploads\/2025\/10\/Screen-Shot-2025-10-14-at-10.06.50-AM-1200x805.png\" alt=\"\" width=\"1200\" height=\"805\" srcset=\"https:\/\/diarioelpopular.com\/wp-content\/uploads\/2025\/10\/Screen-Shot-2025-10-14-at-10.06.50-AM-1200x805.png 1200w, https:\/\/diarioelpopular.com\/wp-content\/uploads\/2025\/10\/Screen-Shot-2025-10-14-at-10.06.50-AM-300x201.png 300w, https:\/\/diarioelpopular.com\/wp-content\/uploads\/2025\/10\/Screen-Shot-2025-10-14-at-10.06.50-AM-768x515.png 768w, https:\/\/diarioelpopular.com\/wp-content\/uploads\/2025\/10\/Screen-Shot-2025-10-14-at-10.06.50-AM-636x426.png 636w, https:\/\/diarioelpopular.com\/wp-content\/uploads\/2025\/10\/Screen-Shot-2025-10-14-at-10.06.50-AM-80x55.png 80w, https:\/\/diarioelpopular.com\/wp-content\/uploads\/2025\/10\/Screen-Shot-2025-10-14-at-10.06.50-AM-109x73.png 109w, https:\/\/diarioelpopular.com\/wp-content\/uploads\/2025\/10\/Screen-Shot-2025-10-14-at-10.06.50-AM.png 1024w\" sizes=\"auto, (max-width: 1200px) 100vw, 1200px\" \/><p id=\"caption-attachment-537115\" class=\"wp-caption-text\">Jean Villanueva, en el centro de la cadena humana, frente a la Embajada de Ecuador, la madrugada del pasado viernes. Foto Mart\u00edn Mej\u00eda (AP\/LaPresse)<\/p><\/div>\n<p>&nbsp;<\/p>\n<ul>\n<li><em><strong>La generaci\u00f3n Z, uno de cada cuatro electores, es la cabeza de las protestas contra un sistema podrido<\/strong><\/em><\/li>\n<\/ul>\n<p>&nbsp;<\/p>\n<p class=\"\">El padre de Jean Villanueva es cobrador de una\u00a0<i>combi\u00a0<\/i>en Lima, una de esas camionetas que avanzan entre bocinazos y miedo. Es uno de los blancos de las mafias que extorsionan a cobradores y choferes, aquellos que, como tantos otros, salen de casa cada d\u00eda sin saber si volver\u00e1n. Cunde el pesimismo y el hartazgo en Per\u00fa, pero Villanueva, un contador de 29 a\u00f1os, prefiere no esperar a que el pa\u00eds cambie solo. Ahora \u00e9l grita. Aprieta los pu\u00f1os. Siempre en primera l\u00ednea. Est\u00e1 convencido de que los j\u00f3venes peruanos son los \u00fanicos que pueden devolver la esperanza. Su generaci\u00f3n, la que llena las calles de ciudades de todo el mundo, se ha cansado de esperar.<\/p>\n<p class=\"\"><a title=\"https:\/\/elpais.com\/internacional\/2025-10-12\/peru-el-pais-donde-los-mejores-no-quieren-meterse-en-politica.html\" href=\"https:\/\/elpais.com\/internacional\/2025-10-12\/peru-el-pais-donde-los-mejores-no-quieren-meterse-en-politica.html\" target=\"_self\" rel=\"\" data-link-track-dtm=\"\" data-mrf-link=\"https:\/\/elpais.com\/internacional\/2025-10-12\/peru-el-pais-donde-los-mejores-no-quieren-meterse-en-politica.html\">\u201cNecesitamos nuevos liderazgos\u201d<\/a>, dice Villanueva en un Starbucks del centro de Lima. Hace poco m\u00e1s de un mes, la mesa donde se sentaba qued\u00f3 cubierta por una nube de gas lacrim\u00f3geno. A garrotazos, la polic\u00eda persigui\u00f3 a los manifestantes hasta este centro comercial al aire libre. A\u00fan conserva las marcas de aquel d\u00eda en las manos, las nalgas y la cabeza. \u201cYo iba con un meg\u00e1fono, ejerciendo mi leg\u00edtimo derecho a protestar, y los polic\u00edas vinieron contra m\u00ed y me tiraron al piso\u201d, recuerda. La violencia contra los manifestantes se ha convertido en una constante en los \u00faltimos a\u00f1os, con m\u00e1s de medio centenar de muertos desde 2022.<\/p>\n<p class=\"\">El poder, encastillado, mira de reojo a los j\u00f3venes como Villanueva, la llamada Generaci\u00f3n Z, los menores de 30 a\u00f1os. Son quienes est\u00e1n liderando protestas masivas en pa\u00edses dispares como Indonesia, Kenia, Nepal o Marruecos, contagi\u00e1ndose unos a otros, como ocurri\u00f3 con la Primavera \u00c1rabe y hace a\u00f1os en Chile o, incluso, en el propio Per\u00fa. Sus causas son distintas, pero todos reclaman alg\u00fan tipo de ruptura, mejores servicios p\u00fablicos o el fin de la corrupci\u00f3n. Piden cambios. Ya. Se organizan en redes sociales y uno de sus s\u00edmbolos es una bandera pirata con la calavera tocada con un sombrero de paja. Y, en Per\u00fa, hay un enorme motivo m\u00e1s para la inquietud. Los j\u00f3venes entre 15 y 29 a\u00f1os son el mayor bloque de votantes del pa\u00eds: m\u00e1s del 25 % del electorado, por encima de cualquier otra franja etaria.<\/p>\n<p class=\"\">La ca\u00edda de Dina Boluarte, el pasado viernes,\u00a0<a title=\"https:\/\/elpais.com\/america\/2025-10-12\/emocion-de-vacancia.html\" href=\"https:\/\/elpais.com\/america\/2025-10-12\/emocion-de-vacancia.html\" target=\"_self\" rel=\"\" data-link-track-dtm=\"\" data-mrf-link=\"https:\/\/elpais.com\/america\/2025-10-12\/emocion-de-vacancia.html\">sorprendi\u00f3 a casi todos.<\/a>\u00a0A la Fiscal\u00eda, que tuvo que apresurarse a dictar medidas cautelares para impedir que saliera del pa\u00eds. Y tambi\u00e9n a miles de j\u00f3venes que llevaban semanas preparando una gran marcha con j\u00f3venes de todo el pa\u00eds para exigir su cabeza. Con Boluarte escondida en su casa, han conseguido, sin quererlo, su primer objetivo. Pero a\u00fan quedan muchas cabezas por reclamar.\u00a0<a title=\"https:\/\/elpais.com\/america\/2025-10-11\/una-ola-de-descontento-feminista-se-levanta-en-el-primer-dia-de-la-presidencia-interina-de-jose-jeri-en-peru.html\" href=\"https:\/\/elpais.com\/america\/2025-10-11\/una-ola-de-descontento-feminista-se-levanta-en-el-primer-dia-de-la-presidencia-interina-de-jose-jeri-en-peru.html\" target=\"_self\" rel=\"\" data-link-track-dtm=\"\" data-mrf-link=\"https:\/\/elpais.com\/america\/2025-10-11\/una-ola-de-descontento-feminista-se-levanta-en-el-primer-dia-de-la-presidencia-interina-de-jose-jeri-en-peru.html\">Quieren que renuncie Jos\u00e9 Jer\u00ed, el nuevo presidente interino.<\/a>\u00a0Que se deroguen leyes. Que se conforme una mesa de di\u00e1logo para participar en el rumbo del pa\u00eds. Que se persiga a los responsables de las muertes de manifestantes. Que un congresista \u201cindependiente y limpio\u201d asuma la presidencia hasta las elecciones de abril. Que los poderosos dejen de robar. Que los delincuentes dejen de matar. Este mi\u00e9rcoles volver\u00e1n a salir a las calles de Lima. Hasta conseguirlo.<\/p>\n<p class=\"\"><a title=\"https:\/\/elpais.com\/videos\/2025-09-09\/el-parlamento-y-la-casa-del-ex-primer-ministro-en-llamas-la-tensa-jornada-de-protestas-en-nepal.html\" href=\"https:\/\/elpais.com\/videos\/2025-09-09\/el-parlamento-y-la-casa-del-ex-primer-ministro-en-llamas-la-tensa-jornada-de-protestas-en-nepal.html\" target=\"_self\" rel=\"\" data-link-track-dtm=\"\" data-mrf-link=\"https:\/\/elpais.com\/videos\/2025-09-09\/el-parlamento-y-la-casa-del-ex-primer-ministro-en-llamas-la-tensa-jornada-de-protestas-en-nepal.html\">\u201cHay quienes est\u00e1n dispuestos a llegar hasta Nepal. Que se prenda todo\u201d<\/a>, advierte en esa misma mesa Yackov Solano. El universitario, de 22 a\u00f1os \u2014bandana negra en la frente y bomber verde militar\u2014, es uno de los rostros m\u00e1s visibles de este movimiento juvenil integrado por decenas de colectivos capaces de movilizar a \u201chermanos\u201d de todo el pa\u00eds. \u201cLamentablemente ac\u00e1 se ha normalizado la corrupci\u00f3n, pero ha llegado un punto en que los j\u00f3venes decimos \u2018no, basta\u2019\u201d, defiende Solano.<\/p>\n<p>&nbsp;<\/p>\n<figure class=\"a_m a_m-h \">\n<p><div style=\"width: 424px\" class=\"wp-caption alignnone\"><img loading=\"lazy\" decoding=\"async\" class=\"_re lazyload a_m-h\" src=\"https:\/\/imagenes.elpais.com\/resizer\/v2\/SJBKOJUUPZDCTIM72PYL2RB2SY.jpeg?auth=9718cb35e2237e0091d09a967ce7a31505e898792a97f14ab0b4adf5b8e5913a&amp;width=414\" sizes=\"auto, (min-width:1199px) 1155px,(min-width:1001px) calc(100vw - 44px),(min-width:768px) 767px, 100vw\" srcset=\"https:\/\/imagenes.elpais.com\/resizer\/v2\/SJBKOJUUPZDCTIM72PYL2RB2SY.jpeg?auth=9718cb35e2237e0091d09a967ce7a31505e898792a97f14ab0b4adf5b8e5913a&amp;width=414 414w,https:\/\/imagenes.elpais.com\/resizer\/v2\/SJBKOJUUPZDCTIM72PYL2RB2SY.jpeg?auth=9718cb35e2237e0091d09a967ce7a31505e898792a97f14ab0b4adf5b8e5913a&amp;width=828 640w,https:\/\/imagenes.elpais.com\/resizer\/v2\/SJBKOJUUPZDCTIM72PYL2RB2SY.jpeg?auth=9718cb35e2237e0091d09a967ce7a31505e898792a97f14ab0b4adf5b8e5913a&amp;width=980 1000w,https:\/\/imagenes.elpais.com\/resizer\/v2\/SJBKOJUUPZDCTIM72PYL2RB2SY.jpeg?auth=9718cb35e2237e0091d09a967ce7a31505e898792a97f14ab0b4adf5b8e5913a&amp;width=1960 1960w\" alt=\"\" width=\"414\" height=\"311\" \/><p class=\"wp-caption-text\">Jean Villanueva, de 29 a\u00f1os, y Yackov Solano, de 22, protagonizan las protestas juveniles en Per\u00fa. Foto Mar\u00eda Mart\u00edn<\/p><\/div><figcaption class=\"a_m_p\" aria-hidden=\"true\"><\/figcaption><\/figure>\n<p>&nbsp;<\/p>\n<p class=\"\">Los adultos los acusan de vivir desconectados, pegados a las pantallas, atrapados en series maratonianas, juegos en l\u00ednea y las redes sociales. Pero han sido ellos quienes llevaron el descontento virtual a las calles. Los que pusieron el cuerpo frente a unos polic\u00edas dispuestos a callarlos. Una reforma que obligaba a los trabajadores independientes a aportar a las administradoras de fondos de pensiones, incapaces de garantizar una pensi\u00f3n digna, los levant\u00f3: se metieron con el futuro de una generaci\u00f3n que apenas encuentra condiciones para vivir, mucho menos para so\u00f1ar. Per\u00fa es, seg\u00fan la Organizaci\u00f3n para la Cooperaci\u00f3n y el Desarrollo Econ\u00f3mico (OCDE), el quinto pa\u00eds en el mundo con mayor proporci\u00f3n de j\u00f3venes que ni estudian ni trabajan. Los \u2018ninis\u2019 son alrededor de 1,5 millones.<\/p>\n<p class=\"\"><a title=\"https:\/\/elpais.com\/america\/2025-09-22\/la-generacion-z-se-rebela-contra-el-gobierno-de-dina-boluarte-en-peru.html\" href=\"https:\/\/elpais.com\/america\/2025-09-22\/la-generacion-z-se-rebela-contra-el-gobierno-de-dina-boluarte-en-peru.html\" target=\"_self\" rel=\"\" data-link-track-dtm=\"\" data-mrf-link=\"https:\/\/elpais.com\/america\/2025-09-22\/la-generacion-z-se-rebela-contra-el-gobierno-de-dina-boluarte-en-peru.html\">La reforma se frustr\u00f3, pero no se trataba solo de las pensiones.<\/a> Muchos de estos chiquillos \u2014sostiene el polit\u00f3logo Omar Coronel\u2014, sobre todo aquellos que provienen de los sectores m\u00e1s populares, marchan por lo m\u00e1s elemental: una vida en paz. \u201cNo est\u00e1n seguros en ning\u00fan lado. No pueden ir a estudiar ni trabajar tranquilos. No son los j\u00f3venes de siempre, son mucho m\u00e1s confrontacionales y resilientes\u201d, dice. \u201cParticipamos en las protestas de 2020 en un escenario muy parecido al de ahora y cinco a\u00f1os despu\u00e9s nos vemos haciendo lo mismo. Entonces \u00e9ramos aprendices, pero eso ha cambiado. Ahora somos mucho m\u00e1s conscientes\u201d, subraya Yackov Solano, hijo de una enfermera y un contador.<\/p>\n<p>&nbsp;<\/p>\n<figure class=\"a_m a_m-h \">\n<p><div style=\"width: 424px\" class=\"wp-caption alignnone\"><img loading=\"lazy\" decoding=\"async\" class=\"_re lazyload a_m-h\" src=\"https:\/\/imagenes.elpais.com\/resizer\/v2\/PCPH4H5C7VIRRP522IQOKGNUFI.jpg?auth=7caa8f8b3207ef4cd0232b3be3f376fed59f9eff8a5f88a467a8e14827d34316&amp;width=414\" sizes=\"auto, (min-width:1199px) 1155px,(min-width:1001px) calc(100vw - 44px),(min-width:768px) 767px, 100vw\" srcset=\"https:\/\/imagenes.elpais.com\/resizer\/v2\/PCPH4H5C7VIRRP522IQOKGNUFI.jpg?auth=7caa8f8b3207ef4cd0232b3be3f376fed59f9eff8a5f88a467a8e14827d34316&amp;width=414 414w,https:\/\/imagenes.elpais.com\/resizer\/v2\/PCPH4H5C7VIRRP522IQOKGNUFI.jpg?auth=7caa8f8b3207ef4cd0232b3be3f376fed59f9eff8a5f88a467a8e14827d34316&amp;width=828 640w,https:\/\/imagenes.elpais.com\/resizer\/v2\/PCPH4H5C7VIRRP522IQOKGNUFI.jpg?auth=7caa8f8b3207ef4cd0232b3be3f376fed59f9eff8a5f88a467a8e14827d34316&amp;width=980 1000w,https:\/\/imagenes.elpais.com\/resizer\/v2\/PCPH4H5C7VIRRP522IQOKGNUFI.jpg?auth=7caa8f8b3207ef4cd0232b3be3f376fed59f9eff8a5f88a467a8e14827d34316&amp;width=1960 1960w\" alt=\"\" width=\"414\" height=\"277\" \/><p class=\"wp-caption-text\">La calavera con sombrero de paja, uno de los s\u00edmbolos de la Generaci\u00f3n Z. Foto Sebastian Castaneda (REUTERS)<\/p><\/div><figcaption class=\"a_m_p\" aria-hidden=\"true\"><\/figcaption><\/figure>\n<p>&nbsp;<\/p>\n<p class=\"\">La Generaci\u00f3n Z peruana tiene s\u00edmbolos propios. Entre ratas gigantes y los t\u00edpicos carteles con el rostro del mandatario de turno aparecieron nuevos emblemas de lucha: las calaveras con el sombrero de paja, las bandanas o las espadas samur\u00e1i. \u201cSi antes el \u2018Che\u2019 Guevara o Karl Marx fueron iconos de revoluci\u00f3n en el siglo XX, hoy el\u00a0<i>anime\u00a0<\/i>[la popular animaci\u00f3n japonesa] ocupa ese lugar simb\u00f3lico\u201d, dice el escritor J.J. Maldonado, autor de dos libros que explican el presente:\u00a0<i>Narrativa mesi\u00e1nica: animes al rescate de la ficci\u00f3n<\/i>\u00a0y\u00a0<i>Una galaxia pop llamada One Piece.<\/i><\/p>\n<p class=\"\">En las protestas de estos j\u00f3venes,\u00a0<i>One Piece<\/i>\u00a0se ha convertido en un emblema. El c\u00f3mic, creado a finales del siglo pasado por Eiichiro Oda, un inconforme que renunci\u00f3 a sus estudios de arquitectura para escribir y dibujar mangas, es un fen\u00f3meno cultural con quince pel\u00edculas, cincuenta videojuegos y m\u00e1s de mil episodios. Es la historia de chicos aventureros que se enfrentan a piratas por tesoros ocultos, un relato cargado de temas como la libertad, la justicia, la rebeli\u00f3n contra el poder y la corrupci\u00f3n. \u201cHemos soportado m\u00e1s de una d\u00e9cada de inestabilidad pol\u00edtica. Ya no m\u00e1s. El momento es ahora\u201d, dice la Generaci\u00f3n Z en sus comunicados.<\/p>\n<p class=\"\">Kevin Puelles, el gestor de la plataforma Fotos de lucha, ha documentado las protestas en Per\u00fa desde el 2022. Este psic\u00f3logo que empu\u00f1a su c\u00e1mara para registrar los abusos de las fuerzas armadas se\u00f1ala que este mi\u00e9rcoles 15 de octubre ser\u00e1 una fecha para tomarle el pulso al pa\u00eds. \u201cFuera de Lima, el eco de las movilizaciones suena contenido, pero no apagado.\u00a0<a title=\"https:\/\/elpais.com\/internacional\/2025-10-11\/peru-inicia-una-nueva-era-de-inestabilidad-y-caos-tras-la-destitucion-expres-de-dina-boularte.html\" href=\"https:\/\/elpais.com\/internacional\/2025-10-11\/peru-inicia-una-nueva-era-de-inestabilidad-y-caos-tras-la-destitucion-expres-de-dina-boularte.html\" target=\"_self\" rel=\"\" data-link-track-dtm=\"\" data-mrf-link=\"https:\/\/elpais.com\/internacional\/2025-10-11\/peru-inicia-una-nueva-era-de-inestabilidad-y-caos-tras-la-destitucion-expres-de-dina-boularte.html\">Hay expectativa de que los universitarios se lancen a las calles\u201d,<\/a>\u00a0explica. La memoria de los muertos mantiene viva las tensiones. El alcance depender\u00e1 de la movilizaci\u00f3n de otras regiones, m\u00e1s all\u00e1 de la capital. Puelles duda. \u201cAl menos en Trujillo, Cusco y Puno no existe\u201d, asegura. Es un fen\u00f3meno en construcci\u00f3n. Por el momento, Carlos Castillo, arzobispo de Lima, ya les ha dado su bendici\u00f3n: \u201cAqu\u00ed no hay terroristas, sino personas con derechos. Tienen mucho que decirle a la humanidad\u201d.<\/p>\n<p class=\"\">Villanueva y Solano, con sus flequillos cubri\u00e9ndoles la frente y sus mochilas a la espalda, se conocieron en una manifestaci\u00f3n y se enamoraron. Desde entonces caminan juntos entre pancartas y militantes. Son el retrato de una generaci\u00f3n que est\u00e1 rompiendo los moldes impuestos por sus mayores. \u201cCont\u00e9 que era bisexual en mi congregaci\u00f3n y me sent\u00ed muy apoyado\u201d, confiesa Villanueva. \u201cNuestra mente es mucho m\u00e1s abierta\u201d, respalda su compa\u00f1ero. \u201cTal vez pienso como un so\u00f1ador \u2014subraya Solano\u2014, pero nuestra generaci\u00f3n puede ser el gran cambio que necesita el Per\u00fa\u201d.<\/p>\n","protected":false},"excerpt":{"rendered":"<p>&nbsp; La generaci\u00f3n Z, uno de cada cuatro electores, es la cabeza de las protestas contra un sistema podrido &nbsp; El padre de Jean Villanueva&hellip;<\/p>\n","protected":false},"author":99,"featured_media":537115,"comment_status":"open","ping_status":"open","sticky":false,"template":"","format":"standard","meta":{"footnotes":""},"categories":[23],"tags":[],"class_list":["post-537114","post","type-post","status-publish","format-standard","has-post-thumbnail","hentry","category-latinoamerica"],"_links":{"self":[{"href":"https:\/\/diarioelpopular.com\/index.php\/wp-json\/wp\/v2\/posts\/537114","targetHints":{"allow":["GET"]}}],"collection":[{"href":"https:\/\/diarioelpopular.com\/index.php\/wp-json\/wp\/v2\/posts"}],"about":[{"href":"https:\/\/diarioelpopular.com\/index.php\/wp-json\/wp\/v2\/types\/post"}],"author":[{"embeddable":true,"href":"https:\/\/diarioelpopular.com\/index.php\/wp-json\/wp\/v2\/users\/99"}],"replies":[{"embeddable":true,"href":"https:\/\/diarioelpopular.com\/index.php\/wp-json\/wp\/v2\/comments?post=537114"}],"version-history":[{"count":1,"href":"https:\/\/diarioelpopular.com\/index.php\/wp-json\/wp\/v2\/posts\/537114\/revisions"}],"predecessor-version":[{"id":537116,"href":"https:\/\/diarioelpopular.com\/index.php\/wp-json\/wp\/v2\/posts\/537114\/revisions\/537116"}],"wp:featuredmedia":[{"embeddable":true,"href":"https:\/\/diarioelpopular.com\/index.php\/wp-json\/wp\/v2\/media\/537115"}],"wp:attachment":[{"href":"https:\/\/diarioelpopular.com\/index.php\/wp-json\/wp\/v2\/media?parent=537114"}],"wp:term":[{"taxonomy":"category","embeddable":true,"href":"https:\/\/diarioelpopular.com\/index.php\/wp-json\/wp\/v2\/categories?post=537114"},{"taxonomy":"post_tag","embeddable":true,"href":"https:\/\/diarioelpopular.com\/index.php\/wp-json\/wp\/v2\/tags?post=537114"}],"curies":[{"name":"wp","href":"https:\/\/api.w.org\/{rel}","templated":true}]}}