{"id":537139,"date":"2025-10-15T09:22:51","date_gmt":"2025-10-15T13:22:51","guid":{"rendered":"https:\/\/diarioelpopular.com\/?p=537139"},"modified":"2025-10-15T09:22:51","modified_gmt":"2025-10-15T13:22:51","slug":"de-poco-inteligente-a-lo-ridiculo-trump-ataca-a-time-por-su-retrato-en-portada-me-han-hecho-desaparecer-el-pelo","status":"publish","type":"post","link":"https:\/\/diarioelpopular.com\/index.php\/2025\/10\/15\/de-poco-inteligente-a-lo-ridiculo-trump-ataca-a-time-por-su-retrato-en-portada-me-han-hecho-desaparecer-el-pelo\/","title":{"rendered":"De poco inteligente a lo rid\u00edculo: Trump ataca a \u2018Time\u2019 por su retrato en portada: \u201cMe han hecho desaparecer el pelo\u201d"},"content":{"rendered":"<div id=\"attachment_537140\" style=\"width: 1210px\" class=\"wp-caption alignnone\"><img loading=\"lazy\" decoding=\"async\" aria-describedby=\"caption-attachment-537140\" class=\"wp-image-537140 size-custom-big-size\" src=\"https:\/\/diarioelpopular.com\/wp-content\/uploads\/2025\/10\/Screen-Shot-2025-10-15-at-9.22.01-AM-1200x766.png\" alt=\"\" width=\"1200\" height=\"766\" srcset=\"https:\/\/diarioelpopular.com\/wp-content\/uploads\/2025\/10\/Screen-Shot-2025-10-15-at-9.22.01-AM-1200x766.png 1200w, https:\/\/diarioelpopular.com\/wp-content\/uploads\/2025\/10\/Screen-Shot-2025-10-15-at-9.22.01-AM-300x191.png 300w, https:\/\/diarioelpopular.com\/wp-content\/uploads\/2025\/10\/Screen-Shot-2025-10-15-at-9.22.01-AM-768x490.png 768w, https:\/\/diarioelpopular.com\/wp-content\/uploads\/2025\/10\/Screen-Shot-2025-10-15-at-9.22.01-AM-85x55.png 85w, https:\/\/diarioelpopular.com\/wp-content\/uploads\/2025\/10\/Screen-Shot-2025-10-15-at-9.22.01-AM-636x406.png 636w, https:\/\/diarioelpopular.com\/wp-content\/uploads\/2025\/10\/Screen-Shot-2025-10-15-at-9.22.01-AM-114x73.png 114w, https:\/\/diarioelpopular.com\/wp-content\/uploads\/2025\/10\/Screen-Shot-2025-10-15-at-9.22.01-AM.png 1024w\" sizes=\"auto, (max-width: 1200px) 100vw, 1200px\" \/><p id=\"caption-attachment-537140\" class=\"wp-caption-text\">Donald Trump, en la portada de la revista &#8216;Time&#8217;, publicada el pasado lunes. Time Magazine<\/p><\/div>\n<p>&nbsp;<\/p>\n<p>&nbsp;<\/p>\n<p><em><strong>\u00a0&#8211; El medio estadounidense dedica la primera p\u00e1gina del \u00faltimo n\u00famero al eg\u00f3latra mandatario y su gesti\u00f3n del acuerdo entre Israel y Ham\u00e1s<\/strong><\/em><\/p>\n<p>&nbsp;<\/p>\n<p class=\"\">Desde la firma la pasada semana del\u00a0<a title=\"https:\/\/elpais.com\/internacional\/2025-10-08\/trump-anuncia-un-alto-el-fuego-en-gaza-entre-israel-y-hamas.html\" href=\"https:\/\/elpais.com\/internacional\/2025-10-08\/trump-anuncia-un-alto-el-fuego-en-gaza-entre-israel-y-hamas.html\" target=\"_self\" rel=\"\" data-link-track-dtm=\"\" data-mrf-link=\"https:\/\/elpais.com\/internacional\/2025-10-08\/trump-anuncia-un-alto-el-fuego-en-gaza-entre-israel-y-hamas.html\">acuerdo entre Israel y Ham\u00e1s<\/a>\u00a0para la puesta en marcha de la primera fase del\u00a0<a title=\"https:\/\/elpais.com\/internacional\/2025-09-29\/estos-son-los-20-puntos-del-acuerdo-presentado-por-trump-para-el-fin-de-la-invasion-israeli-de-gaza.html\" href=\"https:\/\/elpais.com\/internacional\/2025-09-29\/estos-son-los-20-puntos-del-acuerdo-presentado-por-trump-para-el-fin-de-la-invasion-israeli-de-gaza.html\" target=\"_self\" rel=\"\" data-link-track-dtm=\"\" data-mrf-link=\"https:\/\/elpais.com\/internacional\/2025-09-29\/estos-son-los-20-puntos-del-acuerdo-presentado-por-trump-para-el-fin-de-la-invasion-israeli-de-gaza.html\">plan de paz de Estados Unidos<\/a>, Donald Trump, protagonista en la gesti\u00f3n del pacto, ha tenido una gran presencia en los medios internacionales. La revista estadounidense <i>Time<\/i>, entre otros.<\/p>\n<p class=\"\">El pasado lunes, public\u00f3 un art\u00edculo elogioso sobre el \u201ctriunfo\u201d del republicano en las negociaciones. <i>Time\u00a0<\/i>llev\u00f3 a portada una fotograf\u00eda en primer plano de Trump, en contrapicado y de perfil, que no ha gustado al retratado. \u201c\u00bfQu\u00e9 est\u00e1n haciendo y por qu\u00e9?\u201d, ha escrito este martes en su red social, Truth, sobre la imagen.<\/p>\n<p class=\"\">En el mismo mensaje, dando paso a su ego, <a title=\"https:\/\/truthsocial.com\/@realDonaldTrump\/posts\/115370899456605514\" href=\"https:\/\/truthsocial.com\/@realDonaldTrump\/posts\/115370899456605514\" target=\"_self\" rel=\"\" data-link-track-dtm=\"\" data-mrf-link=\"https:\/\/truthsocial.com\/@realDonaldTrump\/posts\/115370899456605514\">Trump se\u00f1ala con indignaci\u00f3n<\/a>: \u201cLa revista\u00a0<i>Time<\/i> public\u00f3 un art\u00edculo bastante bueno sobre m\u00ed, pero la foto es posiblemente la peor de la historia. Me han hecho desaparecer el pelo y luego pusieron algo flotando sobre mi cabeza que parec\u00eda una corona flotante, pero extremadamente peque\u00f1a. \u00a1Realmente extra\u00f1o! Nunca me gust\u00f3 que me tomaran fotos desde \u00e1ngulos inferiores, pero esta foto es muy mala y merece ser criticada&#8221;. En la foto, el pelo del mandatario aparece eclipsado por la luz del sol.<\/p>\n<p class=\"\">El art\u00edculo de\u00a0<i>Time<\/i>\u00a0est\u00e1 dedicado al m\u00e9rito del presidente al lograr el acuerdo de alto el fuego entre Israel y Ham\u00e1s, que ha facilitado\u00a0<a title=\"https:\/\/elpais.com\/internacional\/2025-10-13\/hamas-libera-a-los-20-rehenes-israelies-vivos-y-comienza-la-excarcelacion-de-los-presos-palestinos.html\" href=\"https:\/\/elpais.com\/internacional\/2025-10-13\/hamas-libera-a-los-20-rehenes-israelies-vivos-y-comienza-la-excarcelacion-de-los-presos-palestinos.html\" target=\"_self\" rel=\"\" data-link-track-dtm=\"\" data-mrf-link=\"https:\/\/elpais.com\/internacional\/2025-10-13\/hamas-libera-a-los-20-rehenes-israelies-vivos-y-comienza-la-excarcelacion-de-los-presos-palestinos.html\">la liberaci\u00f3n de los \u00faltimos 20 rehenes israel\u00edes<\/a>\u00a0con vida a cambio de la excarcelaci\u00f3n de unos 2.000 presos palestinos. En el mismo n\u00famero, el ex primer ministro israel\u00ed Ehud Barak (1999-2001) escribe un art\u00edculo titulado \u201cEl l\u00edder que Israel necesitaba\u201d.<\/p>\n<p class=\"\">En la plataforma X,\u00a0<i>Time<\/i>\u00a0escribi\u00f3 un mensaje de enlace al art\u00edculo sobre el l\u00edder republicano: \u201cLos rehenes israel\u00edes vivos retenidos en Gaza han sido liberados en virtud de la primera fase del plan de paz de Donald Trump, junto con la liberaci\u00f3n de prisioneros palestinos. El acuerdo podr\u00eda convertirse en un logro emblem\u00e1tico del segundo mandato de Trump y podr\u00eda marcar un punto de inflexi\u00f3n estrat\u00e9gico para Oriente Pr\u00f3ximo\u201d.<\/p>\n","protected":false},"excerpt":{"rendered":"<p>&nbsp; &nbsp; \u00a0&#8211; El medio estadounidense dedica la primera p\u00e1gina del \u00faltimo n\u00famero al eg\u00f3latra mandatario y su gesti\u00f3n del acuerdo entre Israel y Ham\u00e1s&hellip;<\/p>\n","protected":false},"author":99,"featured_media":537140,"comment_status":"open","ping_status":"open","sticky":false,"template":"","format":"standard","meta":{"footnotes":""},"categories":[24],"tags":[],"class_list":["post-537139","post","type-post","status-publish","format-standard","has-post-thumbnail","hentry","category-mundo"],"_links":{"self":[{"href":"https:\/\/diarioelpopular.com\/index.php\/wp-json\/wp\/v2\/posts\/537139","targetHints":{"allow":["GET"]}}],"collection":[{"href":"https:\/\/diarioelpopular.com\/index.php\/wp-json\/wp\/v2\/posts"}],"about":[{"href":"https:\/\/diarioelpopular.com\/index.php\/wp-json\/wp\/v2\/types\/post"}],"author":[{"embeddable":true,"href":"https:\/\/diarioelpopular.com\/index.php\/wp-json\/wp\/v2\/users\/99"}],"replies":[{"embeddable":true,"href":"https:\/\/diarioelpopular.com\/index.php\/wp-json\/wp\/v2\/comments?post=537139"}],"version-history":[{"count":1,"href":"https:\/\/diarioelpopular.com\/index.php\/wp-json\/wp\/v2\/posts\/537139\/revisions"}],"predecessor-version":[{"id":537141,"href":"https:\/\/diarioelpopular.com\/index.php\/wp-json\/wp\/v2\/posts\/537139\/revisions\/537141"}],"wp:featuredmedia":[{"embeddable":true,"href":"https:\/\/diarioelpopular.com\/index.php\/wp-json\/wp\/v2\/media\/537140"}],"wp:attachment":[{"href":"https:\/\/diarioelpopular.com\/index.php\/wp-json\/wp\/v2\/media?parent=537139"}],"wp:term":[{"taxonomy":"category","embeddable":true,"href":"https:\/\/diarioelpopular.com\/index.php\/wp-json\/wp\/v2\/categories?post=537139"},{"taxonomy":"post_tag","embeddable":true,"href":"https:\/\/diarioelpopular.com\/index.php\/wp-json\/wp\/v2\/tags?post=537139"}],"curies":[{"name":"wp","href":"https:\/\/api.w.org\/{rel}","templated":true}]}}