{"id":537143,"date":"2025-10-15T09:29:07","date_gmt":"2025-10-15T13:29:07","guid":{"rendered":"https:\/\/diarioelpopular.com\/?p=537143"},"modified":"2025-10-15T09:29:07","modified_gmt":"2025-10-15T13:29:07","slug":"la-ue-respalda-a-espana-tras-la-amenaza-de-aranceles-de-trump-y-dice-que-respondera-adecuadamente","status":"publish","type":"post","link":"https:\/\/diarioelpopular.com\/index.php\/2025\/10\/15\/la-ue-respalda-a-espana-tras-la-amenaza-de-aranceles-de-trump-y-dice-que-respondera-adecuadamente\/","title":{"rendered":"La UE respalda a Espa\u00f1a tras la amenaza de aranceles de Trump y dice que responder\u00e1 \u201cadecuadamente\u201d"},"content":{"rendered":"<div id=\"attachment_537144\" style=\"width: 1210px\" class=\"wp-caption alignnone\"><img loading=\"lazy\" decoding=\"async\" aria-describedby=\"caption-attachment-537144\" class=\"wp-image-537144 size-custom-big-size\" src=\"https:\/\/diarioelpopular.com\/wp-content\/uploads\/2025\/10\/Screen-Shot-2025-10-15-at-9.28.09-AM-1200x851.png\" alt=\"\" width=\"1200\" height=\"851\" srcset=\"https:\/\/diarioelpopular.com\/wp-content\/uploads\/2025\/10\/Screen-Shot-2025-10-15-at-9.28.09-AM-1200x851.png 1200w, https:\/\/diarioelpopular.com\/wp-content\/uploads\/2025\/10\/Screen-Shot-2025-10-15-at-9.28.09-AM-300x213.png 300w, https:\/\/diarioelpopular.com\/wp-content\/uploads\/2025\/10\/Screen-Shot-2025-10-15-at-9.28.09-AM-768x545.png 768w, https:\/\/diarioelpopular.com\/wp-content\/uploads\/2025\/10\/Screen-Shot-2025-10-15-at-9.28.09-AM-636x451.png 636w, https:\/\/diarioelpopular.com\/wp-content\/uploads\/2025\/10\/Screen-Shot-2025-10-15-at-9.28.09-AM-103x73.png 103w, https:\/\/diarioelpopular.com\/wp-content\/uploads\/2025\/10\/Screen-Shot-2025-10-15-at-9.28.09-AM.png 1024w\" sizes=\"auto, (max-width: 1200px) 100vw, 1200px\" \/><p id=\"caption-attachment-537144\" class=\"wp-caption-text\">La presidente de la Comisi\u00f3n Europea, Ursula von der Leyen, este mi\u00e9rcoles en Belgrado (Serbia).\u00a0 \u00a0 \u00a0 \u00a0 \u00a0 \u00a0 \u00a0 \u00a0 \u00a0 \u00a0 \u00a0 \u00a0 \u00a0 \u00a0 \u00a0 \u00a0 \u00a0 Foto ANDREJ CUKIC (EFE)<\/p><\/div>\n<p>&nbsp;<\/p>\n<p>&nbsp;<\/p>\n<ul>\n<li><em><strong>La amenaza de <a title=\"https:\/\/elpais.com\/noticias\/donald-trump\/\" href=\"https:\/\/elpais.com\/noticias\/donald-trump\/\" target=\"_self\" rel=\"\" data-link-track-dtm=\"\" data-mrf-link=\"https:\/\/elpais.com\/noticias\/donald-trump\/\">Donald Trump<\/a>\u00a0de imponer aranceles a Espa\u00f1a si no cumple con el gasto de 5% del PIB en defensa acordado en el marco de la OTAN topa con Bruselas.<\/strong> <\/em><\/li>\n<\/ul>\n<p>&nbsp;<\/p>\n<p class=\"\">La Comisi\u00f3n Europea ha recordado este mi\u00e9rcoles \u2014una vez m\u00e1s\u2014 que el comercio es competencia exclusiva suya y que un ataque de este tipo contra un pa\u00eds miembro es algo a lo que deber\u00eda responder la UE como bloque. Y que as\u00ed lo har\u00e1 si llega el caso. \u201cResponderemos de manera adecuada, como siempre hacemos, ante cualquier medida tomada contra uno o m\u00e1s de nuestros Estados miembros\u201d, ha dicho un portavoz comunitario a una pregunta sobre\u00a0<a title=\"https:\/\/elpais.com\/internacional\/2025-10-14\/trump-amenaza-a-espana-con-aranceles-por-no-subir-el-gasto-de-defensa-al-5-del-pib-tiene-que-ser-castigada.html\" href=\"https:\/\/elpais.com\/internacional\/2025-10-14\/trump-amenaza-a-espana-con-aranceles-por-no-subir-el-gasto-de-defensa-al-5-del-pib-tiene-que-ser-castigada.html\" target=\"_self\" rel=\"\" data-link-track-dtm=\"\" data-mrf-link=\"https:\/\/elpais.com\/internacional\/2025-10-14\/trump-amenaza-a-espana-con-aranceles-por-no-subir-el-gasto-de-defensa-al-5-del-pib-tiene-que-ser-castigada.html\">las amenazas renovadas de Trump a Espa\u00f1a<\/a>.<\/p>\n<p class=\"\">Sin embargo, la OTAN, la organizaci\u00f3n militar liderada por Estados Unidos, ha evitado criticar al estadounidense, que ha llegado a insinuar que la Alianza deber\u00eda expulsar a Espa\u00f1a por no llegar a ese 5% de su PIB en defensa. La expulsi\u00f3n no est\u00e1 recogida en los tratados de la organizaci\u00f3n, que dictan que esta solo puede abandonarse por voluntad propia.<\/p>\n<p class=\"\">El secretario general de la OTAN, Mark Rutte, ha elogiado al republicano y ha defendido sus presiones de que se eleve el gasto militar. \u201cEl presidente Trump ha sido fundamental para el \u00e9xito de la Cumbre de la OTAN [en la que se acord\u00f3 la nueva meta para inversi\u00f3n en defensa]. Ya lo he dicho antes: \u201csin \u00e9l, nunca habr\u00edamos llegado a este resultado del 5% del PIB, incluyendo el 3,5% de gasto cualificado\u201d, ha dicho Rutte este mi\u00e9rcoles en una rueda de prensa, tras una reuni\u00f3n en Bruselas de los ministros de Defensa de la Alianza.<\/p>\n<p class=\"\">\u201cSi alguien pensara que, sin Trump como presidente de Estados Unidos, habr\u00edamos logrado [esa meta], ser\u00eda una exageraci\u00f3n. Lo logramos gracias a \u00e9l y por dos razones: porque tenemos que alcanzar los objetivos de escalabilidad, y los necesitamos para que, si se activa el Art\u00edculo Cinco [de defensa colectiva], podamos hacer lo que sea necesario para combatir al adversario que nos ataca, ya sea Rusia, el terrorismo o cualquier otro; pero tambi\u00e9n porque ahora estamos a la par con EE UU. As\u00ed que \u00e9l est\u00e1 presionando mucho para que eso suceda. Yo tambi\u00e9n\u201d, ha remarcado.<\/p>\n<p class=\"\">Trump ha elevado y agudizado sus amenazas a Espa\u00f1a en las \u00faltimas semanas por no llegar al 5% de inversi\u00f3n en Defensa que los aliados de la OTAN acordaron cumplir (ante los reclamos de Estados Unidos) en la cumbre de La Haya el pasado junio. Un compromiso para el que Espa\u00f1a logr\u00f3 una salvaguardia al asegurar, en un cruce de cartas con el secretario general de la OTAN, Mark Rutte, que podr\u00eda cubrir sus compromisos con la Alianza gastando el 2,1% del PIB. \u201cEn La Haya tuvimos unanimidad entre los 32 aliados. Espa\u00f1a estuvo totalmente de acuerdo en los objetivos de capacidad\u201d, ha se\u00f1alado Rutte este mi\u00e9rcoles evitando concretar en ese compromiso reducido de Espa\u00f1a.<\/p>\n<p class=\"\">Un compromiso con el que el jefe de la Casa Blanca no est\u00e1 satisfecho. Ahora, Washington redobla su amenaza, de nuevo, ondeando la carta comercial. Pero mientras que en la OTAN se tiene un perfil bajo y se trata de evitar la cr\u00edtica a las amenazas de Trump, un miembro de la organizaci\u00f3n, en la Comisi\u00f3n Europea es claro. El ejecutivo comunitario ha recordado que la UE ha cerrado un acuerdo bilateral comercial con Estados Unidos para frenar la escalada arancelaria con la que amenazaba Trump a todo el bloque. \u201cEsta es la plataforma para tender cualquier cuesti\u00f3n comercial o relacionada con el comercio\u201d, ha subrayado el portavoz, que no ha querido hablar del caso concreto espa\u00f1ol, puesto que, al menos por ahora, se trata de una cuesti\u00f3n \u201chipot\u00e9tica\u201d.<\/p>\n<p class=\"\">Durante la cumbre de La Haya de finales de junio, Trump ya amenaz\u00f3 a Espa\u00f1a con hacerle pagar con aranceles su desaf\u00edo a su demanda a todos los aliados de aumentar al 5% el gasto en defensa (3,5% en defensa estricta y 1,5% en gastos relacionados). Hasta hace unos pocos d\u00edas, el republicano no hab\u00eda vuelto a hacer menci\u00f3n de esta posibilidad, que tampoco evoc\u00f3 este lunes durante su saludo con S\u00e1nchez en\u00a0<a title=\"https:\/\/elpais.com\/internacional\/2025-10-13\/trump-y-al-sisi-presiden-una-cumbre-en-egipto-para-apuntalar-el-plan-de-paz-en-gaza.html\" href=\"https:\/\/elpais.com\/internacional\/2025-10-13\/trump-y-al-sisi-presiden-una-cumbre-en-egipto-para-apuntalar-el-plan-de-paz-en-gaza.html\" target=\"_self\" rel=\"\" data-link-track-dtm=\"\" data-mrf-link=\"https:\/\/elpais.com\/internacional\/2025-10-13\/trump-y-al-sisi-presiden-una-cumbre-en-egipto-para-apuntalar-el-plan-de-paz-en-gaza.html\">la cumbre celebrada en la ciudad egipcia de Sharm el Sheij<\/a>.<\/p>\n","protected":false},"excerpt":{"rendered":"<p>&nbsp; &nbsp; La amenaza de Donald Trump\u00a0de imponer aranceles a Espa\u00f1a si no cumple con el gasto de 5% del PIB en defensa acordado en&hellip;<\/p>\n","protected":false},"author":99,"featured_media":537144,"comment_status":"open","ping_status":"open","sticky":false,"template":"","format":"standard","meta":{"footnotes":""},"categories":[24],"tags":[],"class_list":["post-537143","post","type-post","status-publish","format-standard","has-post-thumbnail","hentry","category-mundo"],"_links":{"self":[{"href":"https:\/\/diarioelpopular.com\/index.php\/wp-json\/wp\/v2\/posts\/537143","targetHints":{"allow":["GET"]}}],"collection":[{"href":"https:\/\/diarioelpopular.com\/index.php\/wp-json\/wp\/v2\/posts"}],"about":[{"href":"https:\/\/diarioelpopular.com\/index.php\/wp-json\/wp\/v2\/types\/post"}],"author":[{"embeddable":true,"href":"https:\/\/diarioelpopular.com\/index.php\/wp-json\/wp\/v2\/users\/99"}],"replies":[{"embeddable":true,"href":"https:\/\/diarioelpopular.com\/index.php\/wp-json\/wp\/v2\/comments?post=537143"}],"version-history":[{"count":1,"href":"https:\/\/diarioelpopular.com\/index.php\/wp-json\/wp\/v2\/posts\/537143\/revisions"}],"predecessor-version":[{"id":537145,"href":"https:\/\/diarioelpopular.com\/index.php\/wp-json\/wp\/v2\/posts\/537143\/revisions\/537145"}],"wp:featuredmedia":[{"embeddable":true,"href":"https:\/\/diarioelpopular.com\/index.php\/wp-json\/wp\/v2\/media\/537144"}],"wp:attachment":[{"href":"https:\/\/diarioelpopular.com\/index.php\/wp-json\/wp\/v2\/media?parent=537143"}],"wp:term":[{"taxonomy":"category","embeddable":true,"href":"https:\/\/diarioelpopular.com\/index.php\/wp-json\/wp\/v2\/categories?post=537143"},{"taxonomy":"post_tag","embeddable":true,"href":"https:\/\/diarioelpopular.com\/index.php\/wp-json\/wp\/v2\/tags?post=537143"}],"curies":[{"name":"wp","href":"https:\/\/api.w.org\/{rel}","templated":true}]}}