{"id":537217,"date":"2025-10-18T09:50:05","date_gmt":"2025-10-18T13:50:05","guid":{"rendered":"https:\/\/diarioelpopular.com\/?p=537217"},"modified":"2025-10-18T09:50:05","modified_gmt":"2025-10-18T13:50:05","slug":"que-dicen-las-encuestas-a-una-semana-de-las-elecciones-legislativas-en-argentina","status":"publish","type":"post","link":"https:\/\/diarioelpopular.com\/index.php\/2025\/10\/18\/que-dicen-las-encuestas-a-una-semana-de-las-elecciones-legislativas-en-argentina\/","title":{"rendered":"Qu\u00e9 dicen las encuestas a una semana de las elecciones legislativas en Argentina"},"content":{"rendered":"<div id=\"attachment_537218\" style=\"width: 1210px\" class=\"wp-caption alignnone\"><img loading=\"lazy\" decoding=\"async\" aria-describedby=\"caption-attachment-537218\" class=\"wp-image-537218 size-custom-big-size\" src=\"https:\/\/diarioelpopular.com\/wp-content\/uploads\/2025\/10\/Screen-Shot-2025-10-18-at-9.45.30-AM-1200x850.png\" alt=\"\" width=\"1200\" height=\"850\" srcset=\"https:\/\/diarioelpopular.com\/wp-content\/uploads\/2025\/10\/Screen-Shot-2025-10-18-at-9.45.30-AM-1200x850.png 1200w, https:\/\/diarioelpopular.com\/wp-content\/uploads\/2025\/10\/Screen-Shot-2025-10-18-at-9.45.30-AM-300x212.png 300w, https:\/\/diarioelpopular.com\/wp-content\/uploads\/2025\/10\/Screen-Shot-2025-10-18-at-9.45.30-AM-768x544.png 768w, https:\/\/diarioelpopular.com\/wp-content\/uploads\/2025\/10\/Screen-Shot-2025-10-18-at-9.45.30-AM-636x450.png 636w, https:\/\/diarioelpopular.com\/wp-content\/uploads\/2025\/10\/Screen-Shot-2025-10-18-at-9.45.30-AM-103x73.png 103w, https:\/\/diarioelpopular.com\/wp-content\/uploads\/2025\/10\/Screen-Shot-2025-10-18-at-9.45.30-AM.png 1024w\" sizes=\"auto, (max-width: 1200px) 100vw, 1200px\" \/><p id=\"caption-attachment-537218\" class=\"wp-caption-text\">Javier Milei durante la campa\u00f1a electoral, en Buenos Aires el pasado 26 de junio. Foto Presidencia de Argentina (EFE)<\/p><\/div>\n<p>&nbsp;<\/p>\n<p>&nbsp;<\/p>\n<ul>\n<li><em><strong>Los sondeos anticipan una pelea re\u00f1ida entre el partido del presidente Javier Milei y el peronismo<\/strong><\/em><\/li>\n<\/ul>\n<p>&nbsp;<\/p>\n<p>Argentina se acerca a una elecci\u00f3n crucial para el futuro del actual presidente Javier Milei. El pr\u00f3ximo domingo 26 de octubre se renueva la mitad de la C\u00e1mara de Diputados y un tercio del Senado. Seg\u00fan el promedio de encuestas elaborado por EL PA\u00cdS, su partido, La Libertad Avanza, encabeza los sondeos por pocos puntos, con un 36,7% de los votos ante el 34,8% de Fuerza Patria, el frente peronista y principal espacio de la oposici\u00f3n.<\/p>\n<p><img loading=\"lazy\" decoding=\"async\" class=\"alignnone size-custom-full-size wp-image-537219\" src=\"https:\/\/diarioelpopular.com\/wp-content\/uploads\/2025\/10\/Screen-Shot-2025-10-18-at-9.46.45-AM-636x374.png\" alt=\"\" width=\"636\" height=\"374\" srcset=\"https:\/\/diarioelpopular.com\/wp-content\/uploads\/2025\/10\/Screen-Shot-2025-10-18-at-9.46.45-AM-636x374.png 636w, https:\/\/diarioelpopular.com\/wp-content\/uploads\/2025\/10\/Screen-Shot-2025-10-18-at-9.46.45-AM-300x176.png 300w, https:\/\/diarioelpopular.com\/wp-content\/uploads\/2025\/10\/Screen-Shot-2025-10-18-at-9.46.45-AM-768x451.png 768w, https:\/\/diarioelpopular.com\/wp-content\/uploads\/2025\/10\/Screen-Shot-2025-10-18-at-9.46.45-AM-124x73.png 124w, https:\/\/diarioelpopular.com\/wp-content\/uploads\/2025\/10\/Screen-Shot-2025-10-18-at-9.46.45-AM.png 916w\" sizes=\"auto, (max-width: 636px) 100vw, 636px\" \/><\/p>\n<p class=\"\">La diferencia entre los grandes partidos se ha ido estrechando. Antes del invierno argentino el actual presidente encabezaba la carrera con 10 puntos de ventaja. Julio y agosto quedaron marcados por la campa\u00f1a para las elecciones provinciales de Buenos Aires, celebradas a comienzos de septiembre con\u00a0<a title=\"https:\/\/elpais.com\/argentina\/2025-09-08\/el-peronismo-arrasa-en-buenos-aires-y-desafia-la-gobernabilidad-de-milei.html\" href=\"https:\/\/elpais.com\/argentina\/2025-09-08\/el-peronismo-arrasa-en-buenos-aires-y-desafia-la-gobernabilidad-de-milei.html\" target=\"_blank\" rel=\"noopener\" data-link-track-dtm=\"\" data-mrf-link=\"https:\/\/elpais.com\/argentina\/2025-09-08\/el-peronismo-arrasa-en-buenos-aires-y-desafia-la-gobernabilidad-de-milei.html\">una clara derrota de Milei<\/a>. Ahora el partido del presidente est\u00e1 solo dos puntos por encima de su principal rival, seg\u00fan los sondeos.<\/p>\n<p class=\"\">En el tercer lugar, con una intenci\u00f3n de votos del 5%, aparece Provincias Unidas, el espacio de centro que conforman seis gobernadores que busca romper con la polarizaci\u00f3n. Mientras que el Frente de Izquierda reunir\u00eda apenas el 2,6% de los sufragios.<\/p>\n<div class=\"raw_html\">\n<div>\n<div class=\"width\">\n<div id=\"datawrapper-vis-RBuul\" class=\"datawrapper-script-embed vis-height-fixed vis-d3-lines\">\n<div class=\"web-component-body\">\n<div class=\"chart dw-chart vis-d3-lines\">\n<div class=\"outer-container svelte-ej8jdi\">\n<div class=\"container container-body datawrapper-RBuul-1jlq2tx\">\n<div class=\"container container-bodyTop datawrapper-RBuul-13fcjr6\">\n<div class=\"container container-bodyCenter datawrapper-RBuul-112zasr\">\n<div class=\"container container-header datawrapper-RBuul-1glppcz\">\n<p class=\"\">La oposici\u00f3n peronista estuvo sin rumbo durante gran parte del a\u00f1o, con\u00a0<a title=\"https:\/\/elpais.com\/argentina\/2025-04-09\/el-gobernador-de-buenos-aires-y-cristina-kirchner-consuman-la-fractura-del-peronismo.html\" href=\"https:\/\/elpais.com\/argentina\/2025-04-09\/el-gobernador-de-buenos-aires-y-cristina-kirchner-consuman-la-fractura-del-peronismo.html\" target=\"_blank\" rel=\"noopener\" data-link-track-dtm=\"\" data-mrf-link=\"https:\/\/elpais.com\/argentina\/2025-04-09\/el-gobernador-de-buenos-aires-y-cristina-kirchner-consuman-la-fractura-del-peronismo.html\">tensiones internas<\/a>\u00a0y\u00a0<a title=\"https:\/\/elpais.com\/argentina\/2025-06-23\/el-peronismo-busca-a-los-herederos-politicos-de-cristina-kirchner.html\" href=\"https:\/\/elpais.com\/argentina\/2025-06-23\/el-peronismo-busca-a-los-herederos-politicos-de-cristina-kirchner.html\" target=\"_blank\" rel=\"noopener\" data-link-track-dtm=\"\" data-mrf-link=\"https:\/\/elpais.com\/argentina\/2025-06-23\/el-peronismo-busca-a-los-herederos-politicos-de-cristina-kirchner.html\">sin un l\u00edder claro<\/a>. La repulsa ante\u00a0<a title=\"https:\/\/elpais.com\/argentina\/2025-06-10\/la-corte-suprema-argentina-confirma-la-condena-a-seis-anos-de-carcel-contra-cristina-kirchner-por-corrupcion.html\" href=\"https:\/\/elpais.com\/argentina\/2025-06-10\/la-corte-suprema-argentina-confirma-la-condena-a-seis-anos-de-carcel-contra-cristina-kirchner-por-corrupcion.html\" target=\"_blank\" rel=\"noopener\" data-link-track-dtm=\"\" data-mrf-link=\"https:\/\/elpais.com\/argentina\/2025-06-10\/la-corte-suprema-argentina-confirma-la-condena-a-seis-anos-de-carcel-contra-cristina-kirchner-por-corrupcion.html\">la condena por corrupci\u00f3n de Cristina Kircher<\/a>\u00a0en junio pasado (inhabilitada de por vida para ser candidata a cargos p\u00fablicos) ayud\u00f3 a reagrupar el espacio. La campa\u00f1a electoral para las elecciones provinciales de Buenos Aires, la provincia m\u00e1s grande, poblada y rica del pa\u00eds, consolid\u00f3 la vigencia del peronismo, que en las urnas se impuso por 13 puntos a los libertarios de Milei.<\/p>\n<p class=\"\">En un partido tan personalista como La Libertad Avanza, el an\u00e1lisis se suele centrar en su l\u00edder. Seg\u00fan los sondeos\u00a0<a title=\"https:\/\/x.com\/alfreserramanci\/status\/1978757885816438975\" href=\"https:\/\/x.com\/alfreserramanci\/status\/1978757885816438975\" target=\"_blank\" rel=\"noopener\" data-link-track-dtm=\"\" data-mrf-link=\"https:\/\/x.com\/alfreserramanci\/status\/1978757885816438975\">recogidos por CELAG<\/a>, la aceptaci\u00f3n del presidente se encuentra en los valores m\u00e1s bajos del a\u00f1o, con 15 puntos de diferencia entre su imagen positiva y negativa.<\/p>\n<div class=\"raw_html\">\n<div>\n<div class=\"width\">\n<div id=\"datawrapper-vis-SvCkh\" class=\"datawrapper-script-embed vis-height-fixed vis-d3-lines\">\n<div><img loading=\"lazy\" decoding=\"async\" class=\"alignnone size-custom-full-size wp-image-537220\" src=\"https:\/\/diarioelpopular.com\/wp-content\/uploads\/2025\/10\/Screen-Shot-2025-10-18-at-9.47.48-AM-636x450.png\" alt=\"\" width=\"636\" height=\"450\" srcset=\"https:\/\/diarioelpopular.com\/wp-content\/uploads\/2025\/10\/Screen-Shot-2025-10-18-at-9.47.48-AM-636x450.png 636w, https:\/\/diarioelpopular.com\/wp-content\/uploads\/2025\/10\/Screen-Shot-2025-10-18-at-9.47.48-AM-300x212.png 300w, https:\/\/diarioelpopular.com\/wp-content\/uploads\/2025\/10\/Screen-Shot-2025-10-18-at-9.47.48-AM-768x543.png 768w, https:\/\/diarioelpopular.com\/wp-content\/uploads\/2025\/10\/Screen-Shot-2025-10-18-at-9.47.48-AM-103x73.png 103w, https:\/\/diarioelpopular.com\/wp-content\/uploads\/2025\/10\/Screen-Shot-2025-10-18-at-9.47.48-AM.png 916w\" sizes=\"auto, (max-width: 636px) 100vw, 636px\" \/><\/div>\n<div class=\"web-component-body\">\n<div class=\"chart dw-chart vis-d3-lines\">\n<div class=\"outer-container svelte-ej8jdi\">\n<div class=\"container container-body datawrapper-SvCkh-1jlq2tx\">\n<div class=\"container container-bodyTop datawrapper-SvCkh-13fcjr6\">\n<div class=\"container container-bodyCenter datawrapper-SvCkh-112zasr\">\n<div class=\"container container-header datawrapper-SvCkh-1glppcz\">\n<p class=\"\">El mandatario ultraderechista llega a los comicios con la econom\u00eda, el punto fuerte de su plan de gobierno, en crisis. El prometido rescate del presidente de Estados Unidos, Donald Trump, ha quedado\u00a0<a title=\"https:\/\/elpais.com\/argentina\/2025-10-14\/trump-condiciona-la-ayuda-a-milei-al-resultado-de-las-elecciones-legislativas-en-argentina.html\" href=\"https:\/\/elpais.com\/argentina\/2025-10-14\/trump-condiciona-la-ayuda-a-milei-al-resultado-de-las-elecciones-legislativas-en-argentina.html\" target=\"_blank\" rel=\"noopener\" data-link-track-dtm=\"\" data-mrf-link=\"https:\/\/elpais.com\/argentina\/2025-10-14\/trump-condiciona-la-ayuda-a-milei-al-resultado-de-las-elecciones-legislativas-en-argentina.html\">condicionado al resultado electoral<\/a>. Los esca\u00f1os que se renuevan la pr\u00f3xima semana (mitad de los diputados y un tercio de los senadores) son clave para que Milei pueda aplicar su plan de gobierno centrado en el equilibrio fiscal. Todo a pocas semanas de la escandalosa\u00a0<a title=\"https:\/\/elpais.com\/argentina\/2025-10-06\/milei-pierde-a-su-principal-candidato-a-diputado-por-sus-vinculos-con-un-empresario-preso-por-narcotrafico.html\" href=\"https:\/\/elpais.com\/argentina\/2025-10-06\/milei-pierde-a-su-principal-candidato-a-diputado-por-sus-vinculos-con-un-empresario-preso-por-narcotrafico.html\" target=\"_blank\" rel=\"noopener\" data-link-track-dtm=\"\" data-mrf-link=\"https:\/\/elpais.com\/argentina\/2025-10-06\/milei-pierde-a-su-principal-candidato-a-diputado-por-sus-vinculos-con-un-empresario-preso-por-narcotrafico.html\">renuncia de su principal candidato<\/a>\u00a0a diputado nacional, Jos\u00e9 Luis Espert, por sus v\u00ednculos con un empresario preso por narcotr\u00e1fico.<\/p>\n<p><img loading=\"lazy\" decoding=\"async\" class=\"alignnone size-custom-full-size wp-image-537221\" src=\"https:\/\/diarioelpopular.com\/wp-content\/uploads\/2025\/10\/Screen-Shot-2025-10-18-at-9.48.42-AM-636x424.png\" alt=\"\" width=\"636\" height=\"424\" srcset=\"https:\/\/diarioelpopular.com\/wp-content\/uploads\/2025\/10\/Screen-Shot-2025-10-18-at-9.48.42-AM-636x424.png 636w, https:\/\/diarioelpopular.com\/wp-content\/uploads\/2025\/10\/Screen-Shot-2025-10-18-at-9.48.42-AM-300x200.png 300w, https:\/\/diarioelpopular.com\/wp-content\/uploads\/2025\/10\/Screen-Shot-2025-10-18-at-9.48.42-AM-768x511.png 768w, https:\/\/diarioelpopular.com\/wp-content\/uploads\/2025\/10\/Screen-Shot-2025-10-18-at-9.48.42-AM-110x73.png 110w, https:\/\/diarioelpopular.com\/wp-content\/uploads\/2025\/10\/Screen-Shot-2025-10-18-at-9.48.42-AM.png 916w\" sizes=\"auto, (max-width: 636px) 100vw, 636px\" \/><\/p>\n<h3 class=\"\">\u00bfQui\u00e9n vota al partido de Milei?<\/h3>\n<p class=\"\">La Libertad Avanza arrasar\u00eda entre los j\u00f3venes, seg\u00fan el sondeo de AtlasIntel y Bloomberg publicado el pasado 14 de septiembre. Un 54% de los votantes de entre 16 y 24 a\u00f1os elegir\u00eda a la agrupaci\u00f3n ultraderechista. Mientras que s\u00f3lo el 18% votar\u00eda por Fuerza Patria. En el resto de los grupos de edad, los apoyos no tienen grandes diferencias. El peronismo s\u00f3lo sacar\u00eda una clara ventaja entre las personas de entre 45 y 59 a\u00f1os.<\/p>\n<div class=\"raw_html\">\n<div>\n<div class=\"width\">\n<div id=\"datawrapper-vis-fbehP\" class=\"datawrapper-script-embed vis-height-fixed vis-d3-lines\">\n<div><\/div>\n<div class=\"web-component-body\">\n<div class=\"chart dw-chart vis-d3-lines\">\n<div class=\"outer-container svelte-ej8jdi\">\n<div class=\"container container-body datawrapper-fbehP-1jlq2tx\">\n<div class=\"container container-bodyTop datawrapper-fbehP-13fcjr6\">\n<div class=\"container container-bodyCenter datawrapper-fbehP-112zasr\">\n<div class=\"container container-header datawrapper-fbehP-1glppcz\">\n<p class=\"\">Otra marcada distinci\u00f3n se ve al comparar la intenci\u00f3n de voto por sexo. La mitad de los hombres elige a La Libertad Avanza. En cambio, el 40% de las mujeres opta por la fuerza opositora.<\/p>\n<div class=\"raw_html\">\n<div>\n<div class=\"width\">\n<div id=\"datawrapper-vis-x68gf\" class=\"datawrapper-script-embed vis-height-fixed vis-d3-bars-stacked\">\n<div><\/div>\n<div class=\"web-component-body\">\n<div class=\"chart dw-chart vis-d3-bars-stacked\">\n<div class=\"outer-container svelte-ej8jdi\">\n<div class=\"container container-body datawrapper-x68gf-1jlq2tx\">\n<div class=\"container container-bodyTop datawrapper-x68gf-13fcjr6\">\n<div class=\"container container-bodyCenter datawrapper-x68gf-112zasr\">\n<div class=\"container container-header datawrapper-x68gf-1glppcz\">\n<p class=\"\">En cuanto al nivel de estudios, el peronismo tiene mayor adhesi\u00f3n entre los votantes que alcanzaron una educaci\u00f3n superior. Por el contrario, la agrupaci\u00f3n libertaria es m\u00e1s fuerte entre aquellos que s\u00f3lo completaron la etapa primaria.<\/p>\n<div class=\"raw_html\">\n<div>\n<div class=\"width\">\n<div id=\"datawrapper-vis-u7nBj\" class=\"datawrapper-script-embed vis-height-fixed vis-d3-bars-stacked\">\n<div><\/div>\n<div class=\"web-component-body\">\n<div class=\"chart dw-chart vis-d3-bars-stacked\">\n<div class=\"outer-container svelte-ej8jdi\">\n<div class=\"container container-body datawrapper-u7nBj-1jlq2tx\">\n<div class=\"container container-bodyTop datawrapper-u7nBj-13fcjr6\">\n<div class=\"container container-bodyCenter datawrapper-u7nBj-112zasr\">\n<div class=\"container container-header datawrapper-u7nBj-1glppcz\">\n<p class=\"\">Este sondeo apunta a que los grandes partidos tienen un caldero de votantes fieles muy parecido. Un 78% de los que en la segunda vuelta de 2023 votaron por Sergio Massa (Uni\u00f3n por la Patria) volver\u00edan ahora a optar por el peronismo. Mientras que el 71% de los votantes de Milei mantendr\u00eda su apoyo a La Libertad Avanza.<\/p>\n<div class=\"raw_html\">\n<div>\n<div class=\"width\">\n<div id=\"datawrapper-vis-p8J37\" class=\"datawrapper-script-embed vis-height-fixed vis-d3-bars-split\">\n<div><\/div>\n<div class=\"web-component-body\">\n<div class=\"chart dw-chart vis-d3-bars-split\">\n<div class=\"outer-container svelte-ej8jdi\">\n<div class=\"container container-body datawrapper-p8J37-1jlq2tx\">\n<div class=\"container container-bodyTop datawrapper-p8J37-13fcjr6\">\n<div class=\"container container-bodyCenter datawrapper-p8J37-112zasr\">\n<div class=\"container container-header datawrapper-p8J37-1glppcz\"><\/div>\n<\/div>\n<\/div>\n<\/div>\n<\/div>\n<\/div>\n<\/div>\n<\/div>\n<\/div>\n<\/div>\n<\/div>\n<\/div>\n<\/div>\n<\/div>\n<\/div>\n<\/div>\n<\/div>\n<\/div>\n<\/div>\n<\/div>\n<\/div>\n<\/div>\n<\/div>\n<\/div>\n<\/div>\n<\/div>\n<\/div>\n<\/div>\n<\/div>\n<\/div>\n<\/div>\n<\/div>\n<\/div>\n<\/div>\n<\/div>\n<\/div>\n<\/div>\n<\/div>\n<\/div>\n<\/div>\n<\/div>\n<\/div>\n<\/div>\n<\/div>\n<\/div>\n<\/div>\n<\/div>\n<\/div>\n<\/div>\n<\/div>\n<\/div>\n<\/div>\n<\/div>\n<\/div>\n<\/div>\n<\/div>\n<\/div>\n<\/div>\n<\/div>\n<\/div>\n<\/div>\n<\/div>\n<\/div>\n<\/div>\n<\/div>\n<\/div>\n","protected":false},"excerpt":{"rendered":"<p>&nbsp; &nbsp; Los sondeos anticipan una pelea re\u00f1ida entre el partido del presidente Javier Milei y el peronismo &nbsp; Argentina se acerca a una elecci\u00f3n&hellip;<\/p>\n","protected":false},"author":99,"featured_media":537218,"comment_status":"open","ping_status":"open","sticky":false,"template":"","format":"standard","meta":{"footnotes":""},"categories":[23],"tags":[],"class_list":["post-537217","post","type-post","status-publish","format-standard","has-post-thumbnail","hentry","category-latinoamerica"],"_links":{"self":[{"href":"https:\/\/diarioelpopular.com\/index.php\/wp-json\/wp\/v2\/posts\/537217","targetHints":{"allow":["GET"]}}],"collection":[{"href":"https:\/\/diarioelpopular.com\/index.php\/wp-json\/wp\/v2\/posts"}],"about":[{"href":"https:\/\/diarioelpopular.com\/index.php\/wp-json\/wp\/v2\/types\/post"}],"author":[{"embeddable":true,"href":"https:\/\/diarioelpopular.com\/index.php\/wp-json\/wp\/v2\/users\/99"}],"replies":[{"embeddable":true,"href":"https:\/\/diarioelpopular.com\/index.php\/wp-json\/wp\/v2\/comments?post=537217"}],"version-history":[{"count":1,"href":"https:\/\/diarioelpopular.com\/index.php\/wp-json\/wp\/v2\/posts\/537217\/revisions"}],"predecessor-version":[{"id":537222,"href":"https:\/\/diarioelpopular.com\/index.php\/wp-json\/wp\/v2\/posts\/537217\/revisions\/537222"}],"wp:featuredmedia":[{"embeddable":true,"href":"https:\/\/diarioelpopular.com\/index.php\/wp-json\/wp\/v2\/media\/537218"}],"wp:attachment":[{"href":"https:\/\/diarioelpopular.com\/index.php\/wp-json\/wp\/v2\/media?parent=537217"}],"wp:term":[{"taxonomy":"category","embeddable":true,"href":"https:\/\/diarioelpopular.com\/index.php\/wp-json\/wp\/v2\/categories?post=537217"},{"taxonomy":"post_tag","embeddable":true,"href":"https:\/\/diarioelpopular.com\/index.php\/wp-json\/wp\/v2\/tags?post=537217"}],"curies":[{"name":"wp","href":"https:\/\/api.w.org\/{rel}","templated":true}]}}