{"id":537234,"date":"2025-10-19T12:22:14","date_gmt":"2025-10-19T16:22:14","guid":{"rendered":"https:\/\/diarioelpopular.com\/?p=537234"},"modified":"2025-10-19T12:22:14","modified_gmt":"2025-10-19T16:22:14","slug":"trump-acusa-a-petro-de-ser-un-lider-del-narcotrafico","status":"publish","type":"post","link":"https:\/\/diarioelpopular.com\/index.php\/2025\/10\/19\/trump-acusa-a-petro-de-ser-un-lider-del-narcotrafico\/","title":{"rendered":"Trump acusa a Petro de ser un l\u00edder del narcotr\u00e1fico"},"content":{"rendered":"<div id=\"attachment_537235\" style=\"width: 646px\" class=\"wp-caption alignnone\"><img loading=\"lazy\" decoding=\"async\" aria-describedby=\"caption-attachment-537235\" class=\"wp-image-537235 size-custom-full-size\" src=\"https:\/\/diarioelpopular.com\/wp-content\/uploads\/2025\/10\/Screen-Shot-2025-10-19-at-12.21.13-PM-636x446.png\" alt=\"\" width=\"636\" height=\"446\" srcset=\"https:\/\/diarioelpopular.com\/wp-content\/uploads\/2025\/10\/Screen-Shot-2025-10-19-at-12.21.13-PM-636x446.png 636w, https:\/\/diarioelpopular.com\/wp-content\/uploads\/2025\/10\/Screen-Shot-2025-10-19-at-12.21.13-PM-300x211.png 300w, https:\/\/diarioelpopular.com\/wp-content\/uploads\/2025\/10\/Screen-Shot-2025-10-19-at-12.21.13-PM-768x539.png 768w, https:\/\/diarioelpopular.com\/wp-content\/uploads\/2025\/10\/Screen-Shot-2025-10-19-at-12.21.13-PM-1200x842.png 1200w, https:\/\/diarioelpopular.com\/wp-content\/uploads\/2025\/10\/Screen-Shot-2025-10-19-at-12.21.13-PM-80x55.png 80w, https:\/\/diarioelpopular.com\/wp-content\/uploads\/2025\/10\/Screen-Shot-2025-10-19-at-12.21.13-PM-104x73.png 104w, https:\/\/diarioelpopular.com\/wp-content\/uploads\/2025\/10\/Screen-Shot-2025-10-19-at-12.21.13-PM.png 1024w\" sizes=\"auto, (max-width: 636px) 100vw, 636px\" \/><p id=\"caption-attachment-537235\" class=\"wp-caption-text\">El presidente de EE UU, baja del Air Force One en Palm Beach, Florida, el pasado viernes.\u00a0 \u00a0 \u00a0 \u00a0 \u00a0 \u00a0 \u00a0 \u00a0 Foto Elizabeth Frantz (REUTERS)<\/p><\/div>\n<p>&nbsp;<\/p>\n<p>&nbsp;<\/p>\n<ul>\n<li><em><strong>El republicano amenaza con retirar los pagos y subsidios a Colombia. El l\u00edder colombiano asegura que el ataque de Estados Unidos contra un \u2018narcosubmarino\u2019 ocurri\u00f3 en aguas de Colombia<\/strong><\/em><\/li>\n<\/ul>\n<p>&nbsp;<\/p>\n<p class=\"\">La escalada verbal entre Donald Trump y su hom\u00f3logo colombiano, Gustavo Petro, ha alcanzado un nuevo punto \u00e1lgido. El mandatario republicano <a title=\"https:\/\/truthsocial.com\/@realDonaldTrump\/posts\/115401182824973489\" href=\"https:\/\/truthsocial.com\/@realDonaldTrump\/posts\/115401182824973489\" target=\"_self\" rel=\"\" data-link-track-dtm=\"\" data-mrf-link=\"https:\/\/truthsocial.com\/@realDonaldTrump\/posts\/115401182824973489\">ha acusado a Petro en un mensaje en la red social Truth<\/a>\u00a0de ser \u201cun l\u00edder del narcotr\u00e1fico que incentiva la producci\u00f3n masiva de drogas, tanto en campos grandes como peque\u00f1os, por toda Colombia\u201d.<\/p>\n<p class=\"\">Petro, por su parte,\u00a0<a title=\"https:\/\/elpais.com\/america-colombia\/2025-10-19\/gustavo-petro-trump-esta-enganado-el-principal-enemigo-del-narcotrafico-soy-yo.html\" href=\"https:\/\/elpais.com\/america-colombia\/2025-10-19\/gustavo-petro-trump-esta-enganado-el-principal-enemigo-del-narcotrafico-soy-yo.html\" target=\"_self\" rel=\"\" data-link-track-dtm=\"\" data-mrf-link=\"https:\/\/elpais.com\/america-colombia\/2025-10-19\/gustavo-petro-trump-esta-enganado-el-principal-enemigo-del-narcotrafico-soy-yo.html\">ha contestado con un breve mensaje en X<\/a>\u00a0en el que afirma que Trump es \u201cenga\u00f1ado\u201d por sus asesores. \u201cLe recomiendo leer bien a Colombia y determinar en qu\u00e9 parte est\u00e1n los narcos y en qu\u00e9 parte est\u00e1n los dem\u00f3cratas\u201d, ha dicho el jefe de Estado colombiano.<\/p>\n<p class=\"\">La tensi\u00f3n en la relaci\u00f3n entre ambos se ha ido tensando desde la semana pasada, cuando\u00a0<a title=\"https:\/\/elpais.com\/america-colombia\/2025-10-09\/la-casa-blanca-le-pide-a-petro-retractarse-por-asegurar-que-habia-colombianos-en-una-lancha-que-estados-unidos-bombardeo-en-el-mar-caribe.html\" href=\"https:\/\/elpais.com\/america-colombia\/2025-10-09\/la-casa-blanca-le-pide-a-petro-retractarse-por-asegurar-que-habia-colombianos-en-una-lancha-que-estados-unidos-bombardeo-en-el-mar-caribe.html\" target=\"_self\" rel=\"\" data-link-track-dtm=\"\" data-mrf-link=\"https:\/\/elpais.com\/america-colombia\/2025-10-09\/la-casa-blanca-le-pide-a-petro-retractarse-por-asegurar-que-habia-colombianos-en-una-lancha-que-estados-unidos-bombardeo-en-el-mar-caribe.html\">Trump orden\u00f3, en una operaci\u00f3n militar extrajudicial, bombardear un submarino\u00a0<\/a>de poca profundidad en las aguas del Mar Caribe que presuntamente transportaba un cargamento de droga. El republicano asegur\u00f3 que se trataba de una narcolancha procedente de Venezuela. Pero Petro sospecha que el ataque se produjo en aguas colombianas y que el submarino estaba tripulado por ciudadanos de ese pa\u00eds.<\/p>\n<p class=\"\">De hecho, uno de los supervivientes del ataque del ej\u00e9rcito estadounidense es colombiano y el otro ecuatoriano.\u00a0<a title=\"https:\/\/elpais.com\/internacional\/2025-10-18\/los-dos-supervivientes-del-ataque-a-un-narcosubmarino-en-el-caribe-anunciado-por-trump-seran-repatriados.html\" href=\"https:\/\/elpais.com\/internacional\/2025-10-18\/los-dos-supervivientes-del-ataque-a-un-narcosubmarino-en-el-caribe-anunciado-por-trump-seran-repatriados.html\" target=\"_self\" rel=\"\" data-link-track-dtm=\"\" data-mrf-link=\"https:\/\/elpais.com\/internacional\/2025-10-18\/los-dos-supervivientes-del-ataque-a-un-narcosubmarino-en-el-caribe-anunciado-por-trump-seran-repatriados.html\">Ambos han sido repatriados a sus pa\u00edses, seg\u00fan anunci\u00f3 este s\u00e1bado Trump<\/a>. Petro confirm\u00f3 poco despu\u00e9s que ya hab\u00eda recibido al colombiano. \u201cNos alegra que est\u00e9 vivo y ser\u00e1 procesado de acuerdo a las leyes\u201d, escribi\u00f3 en sus redes sociales.<\/p>\n<p class=\"\">El mandatario colombiano se ha hecho eco de un informe de RTVC, el sistema de medios p\u00fablicos. \u201cLa lancha atacada el 16 de septiembre era colombiana, ten\u00eda un motor arriba en se\u00f1al de da\u00f1o y estaba apagada, presumiblemente estaba en aguas colombianas, quien estaba all\u00ed era un pescador que no ha vuelto a su casa. Alerta a la Fiscal\u00eda General de la Naci\u00f3n\u201d, escribi\u00f3 en X, sin detallar el alcance de esa instrucci\u00f3n o si se refer\u00eda a una sola embarcaci\u00f3n.<\/p>\n<p class=\"\">Poco despu\u00e9s, a\u00f1adi\u00f3 que funcionarios estadounidenses \u201chan cometido un asesinato y violado nuestra soberan\u00eda en aguas territoriales\u201d. \u201cEsperamos las explicaciones del Gobierno de los EE UU\u201d, concluy\u00f3.<\/p>\n<p class=\"\">El intercambio dial\u00e9ctico entre ambos l\u00edderes ha enturbiado la relaci\u00f3n entre dos pa\u00edses con una estrecha relaci\u00f3n comercial. Washington es el principal socio comercial y militar de Bogot\u00e1. \u201c[El narcotr\u00e1fico] se ha convertido, con diferencia, en el mayor negocio de Colombia, y Petro no hace nada para detenerlo, a pesar de los pagos y subsidios a gran escala de Estados Unidos, que no son m\u00e1s que una estafa a largo plazo\u201d, ha escrito Trump este domingo. \u201cA partir de hoy, estos pagos, o cualquier otra forma de pago o subsidio, dejar\u00e1n de hacerse a Colombia\u201d, ha amenazado el republicano.<\/p>\n<p class=\"\">\u201cEl principal enemigo\u201d, ha dicho este domingo Petro en la red X, \u201cque tuvo el narcotr\u00e1fico en Colombia, fue en el siglo XXI, el que le descubri\u00f3 sus relaciones con el poder pol\u00edtico de Colombia. Ese fui yo\u201d.<\/p>\n<h3 class=\"\">S\u00e9ptimo ataque a una narcolancha<\/h3>\n<p class=\"\">Mientras se produc\u00eda el intercambio dial\u00e9ctico entre los dos l\u00edderes americanos, el secretario de Defensa de Estados Unidos, Pete Hegseth, ha desvelado a trav\u00e9s de una publicaci\u00f3n en X otro ataque militar, sin autorizaci\u00f3n judicial ni del Congreso de Estados Unidos, a una presunta narcolancha que supuestamente estaba tripulada por guerrilleros colombianos. \u201cEl 17 de octubre, bajo la direcci\u00f3n del presidente Trump, el Departamento de Guerra llev\u00f3 a cabo un ataque letal contra un buque afiliado al Ej\u00e9rcito de Liberaci\u00f3n Nacional (ELN), una organizaci\u00f3n terrorista designada, que operaba en el \u00e1rea de responsabilidad del Comando Sur de los Estados Unidos (USSOUTHCOM)\u201d, ha escrito Hegseth.<\/p>\n<p class=\"\">Se trata de la s\u00e9ptima operaci\u00f3n de estas caracter\u00edsticas del ej\u00e9rcito estadounidense en las \u00faltimas semanas contra embarcaciones en el Mar Caribe. Hegseth ha explicado que hab\u00eda tres tripulantes a bordo de la supuesta narcolancha, pero no hay supervivientes. De tal forma que el balance de v\u00edctimas mortales por estas operaciones militares se eleva a 33 muertos. \u201cNuestra inteligencia ten\u00eda conocimiento de que el buque estaba involucrado en el contrabando il\u00edcito de narc\u00f3ticos, navegaba por una ruta conocida de narcotr\u00e1fico y transportaba cantidades sustanciales de narc\u00f3ticos\u201d, ha publicado el secretario de Defensa, al frente del ministerio reci\u00e9n bautizado como Secretar\u00eda de la Guerra.<\/p>\n<p class=\"\">El responsable de los asuntos militares ha comparado las organizaciones de narcotraficantes con los terroristas isl\u00e1micos. \u201cEstos c\u00e1rteles son la Al Qaeda del hemisferio occidental, que usa la violencia, el asesinato y el terrorismo para imponer su voluntad, amenazar nuestra seguridad nacional y envenenar a nuestro pueblo. El ej\u00e9rcito estadounidense tratar\u00e1 a estas organizaciones como los terroristas que ser\u00e1n perseguidos y aniquilados, igual que Al Qaeda\u201d, ha a\u00f1adido Hegseth.<\/p>\n<p class=\"\">Gustavo Petro ha sido\u00a0<a title=\"https:\/\/elpais.com\/america-colombia\/2025-09-10\/petro-sospecha-que-el-ataque-de-estados-unidos-a-la-lancha-se-produjo-en-aguas-de-trinidad-y-tobago-y-le-pide-recuperar-los-cadaveres.html\" href=\"https:\/\/elpais.com\/america-colombia\/2025-09-10\/petro-sospecha-que-el-ataque-de-estados-unidos-a-la-lancha-se-produjo-en-aguas-de-trinidad-y-tobago-y-le-pide-recuperar-los-cadaveres.html\" rel=\"\" data-link-track-dtm=\"\" data-mrf-link=\"https:\/\/elpais.com\/america-colombia\/2025-09-10\/petro-sospecha-que-el-ataque-de-estados-unidos-a-la-lancha-se-produjo-en-aguas-de-trinidad-y-tobago-y-le-pide-recuperar-los-cadaveres.html\">desde el primer momento<\/a>\u00a0muy cr\u00edtico del despliegue militar estadounidense en el Caribe, a pesar de los riesgos de deteriorar a\u00fan m\u00e1s sus relaciones con Washington, que atraviesan un momento complicado. \u201cPetro, un l\u00edder poco reconocido y muy impopular, un bocazas sobre Estados Unidos, deber\u00eda cerrar estos campos de exterminio [de producci\u00f3n de droga] de inmediato, o Estados Unidos se los cerrar\u00e1, y no lo har\u00e1 de una forma amable\u201d, ha escrito Trump en su red social este domingo.<\/p>\n<p class=\"\">El pasado mi\u00e9rcoles, el presidente estadounidense reconoci\u00f3 que hab\u00eda autorizado \u201cacciones encubiertas de la CIA\u201d en territorio venezolano, una decisi\u00f3n que recuerda a\u00a0<a title=\"https:\/\/elpais.com\/internacional\/2025-10-19\/la-actividad-de-la-cia-contra-el-chavismo-resucita-el-intervencionismo-de-ee-uu-en-america-latina.html\" href=\"https:\/\/elpais.com\/internacional\/2025-10-19\/la-actividad-de-la-cia-contra-el-chavismo-resucita-el-intervencionismo-de-ee-uu-en-america-latina.html\" target=\"_self\" rel=\"\" data-link-track-dtm=\"\" data-mrf-link=\"https:\/\/elpais.com\/internacional\/2025-10-19\/la-actividad-de-la-cia-contra-el-chavismo-resucita-el-intervencionismo-de-ee-uu-en-america-latina.html\">los a\u00f1os del intervencionismo de Washington en Latinoam\u00e9rica<\/a>, durante el \u00faltimo tercio del siglo pasado. Dos d\u00edas m\u00e1s tarde, el viernes asegur\u00f3: \u201cHemos atacado un submarino. Estaba dise\u00f1ado especialmente para el transporte masivo de drogas. Es solo para que lo entiendan. No era un grupo de personas inocentes. No s\u00e9 cu\u00e1nta gente tiene submarinos\u201d.<\/p>\n<p class=\"\">La Administraci\u00f3n de Trump ha declarado la guerra contra las bandas venezolanas del narcotr\u00e1fico. En total, se han conocido siete operaciones de Estados Unidos contra embarcaciones que navegaban pr\u00f3ximas a las costas de Venezuela, que han dejado 33 muertos, incluyendo la anunciada este s\u00e1bado por Hegseth. La Casa Blanca ha calificado estas operaciones como \u201cactos de guerra\u201d, pese a que contradicen tanto los principios del derecho internacional,\u00a0<a title=\"https:\/\/elpais.com\/internacional\/2025-10-14\/trump-anuncia-un-nuevo-ataque-contra-una-presunta-narcolancha-venezolana-con-seis-muertos.html\" href=\"https:\/\/elpais.com\/internacional\/2025-10-14\/trump-anuncia-un-nuevo-ataque-contra-una-presunta-narcolancha-venezolana-con-seis-muertos.html\" rel=\"\" data-link-track-dtm=\"\" data-mrf-link=\"https:\/\/elpais.com\/internacional\/2025-10-14\/trump-anuncia-un-nuevo-ataque-contra-una-presunta-narcolancha-venezolana-con-seis-muertos.html\">como los del ordenamiento jur\u00eddico estadounidense<\/a>.<\/p>\n<p class=\"\">En las ant\u00edpodas ideol\u00f3gicas y ambos muy activos en las redes sociales, Petro y Trump ya han chocado de frente en m\u00e1s de una ocasi\u00f3n. El episodio m\u00e1s grave hasta ahora se hab\u00eda producido a principios de a\u00f1o, cuando se enfrentaron por los vuelos de repatriaci\u00f3n que el colombiano rechaz\u00f3 en un primer momento por lo que consideraba un trato indigno con los deportados que viajaban esposados. En ese entonces, la amenaza arancelaria del republicano asom\u00f3 a la econom\u00eda colombiana al precipicio, pero\u00a0<a title=\"https:\/\/elpais.com\/america-colombia\/2025-01-29\/uribe-santos-y-la-elite-empresarial-asi-se-unio-colombia-para-hacer-frente-a-la-amenaza-de-trump.html\" href=\"https:\/\/elpais.com\/america-colombia\/2025-01-29\/uribe-santos-y-la-elite-empresarial-asi-se-unio-colombia-para-hacer-frente-a-la-amenaza-de-trump.html\" rel=\"\" data-link-track-dtm=\"\" data-mrf-link=\"https:\/\/elpais.com\/america-colombia\/2025-01-29\/uribe-santos-y-la-elite-empresarial-asi-se-unio-colombia-para-hacer-frente-a-la-amenaza-de-trump.html\">la crisis se resolvi\u00f3 en menos de 24 horas<\/a>.<\/p>\n<p class=\"\">El Gobierno de Colombia viene de sufrir la temida\u00a0<a title=\"https:\/\/elpais.com\/america-colombia\/2025-09-16\/gustavo-petro-anuncia-que-trump-descertifica-a-colombia-en-la-lucha-antidrogas.html\" href=\"https:\/\/elpais.com\/america-colombia\/2025-09-16\/gustavo-petro-anuncia-que-trump-descertifica-a-colombia-en-la-lucha-antidrogas.html\" rel=\"\" data-link-track-dtm=\"\" data-mrf-link=\"https:\/\/elpais.com\/america-colombia\/2025-09-16\/gustavo-petro-anuncia-que-trump-descertifica-a-colombia-en-la-lucha-antidrogas.html\">descertificaci\u00f3n<\/a> de Washington en la lucha antinarc\u00f3ticos, aunque hasta ahora hab\u00eda esquivado las peores sanciones. La visa de Petro, adem\u00e1s, fue revocada el mes pasado despu\u00e9s de lo que el Departamento de Estado calific\u00f3 como \u201cacciones imprudentes e incendiarias\u201d durante una protesta a favor de Palestina en Nueva York. Despu\u00e9s de haberse dirigido a la Asamblea General de las Naciones Unidas, con un discurso en el que carg\u00f3 contra Trump y propuso \u201c<a title=\"https:\/\/elpais.com\/america-colombia\/2025-09-23\/petro-carga-contra-trump-en-la-onu-y-propone-una-fuerza-especial-para-detener-el-genocidio-en-palestina.html\" href=\"https:\/\/elpais.com\/america-colombia\/2025-09-23\/petro-carga-contra-trump-en-la-onu-y-propone-una-fuerza-especial-para-detener-el-genocidio-en-palestina.html\" rel=\"\" data-link-track-dtm=\"\" data-mrf-link=\"https:\/\/elpais.com\/america-colombia\/2025-09-23\/petro-carga-contra-trump-en-la-onu-y-propone-una-fuerza-especial-para-detener-el-genocidio-en-palestina.html\">una fuerza armada para defender la vida del pueblo palestino<\/a>\u201d, Petro particip\u00f3 en una manifestaci\u00f3n para repudiar las acciones del Gobierno israel\u00ed de Benjam\u00edn Netanyahu. En las calles de Nueva York, meg\u00e1fono en mano, exhort\u00f3 a los soldados estadounidenses a desobedecer las \u00f3rdenes de Trump para obedecer \u201cla orden de la humanidad\u201d.<\/p>\n","protected":false},"excerpt":{"rendered":"<p>&nbsp; &nbsp; El republicano amenaza con retirar los pagos y subsidios a Colombia. El l\u00edder colombiano asegura que el ataque de Estados Unidos contra un&hellip;<\/p>\n","protected":false},"author":99,"featured_media":537235,"comment_status":"open","ping_status":"open","sticky":false,"template":"","format":"standard","meta":{"footnotes":""},"categories":[24],"tags":[],"class_list":["post-537234","post","type-post","status-publish","format-standard","has-post-thumbnail","hentry","category-mundo"],"_links":{"self":[{"href":"https:\/\/diarioelpopular.com\/index.php\/wp-json\/wp\/v2\/posts\/537234","targetHints":{"allow":["GET"]}}],"collection":[{"href":"https:\/\/diarioelpopular.com\/index.php\/wp-json\/wp\/v2\/posts"}],"about":[{"href":"https:\/\/diarioelpopular.com\/index.php\/wp-json\/wp\/v2\/types\/post"}],"author":[{"embeddable":true,"href":"https:\/\/diarioelpopular.com\/index.php\/wp-json\/wp\/v2\/users\/99"}],"replies":[{"embeddable":true,"href":"https:\/\/diarioelpopular.com\/index.php\/wp-json\/wp\/v2\/comments?post=537234"}],"version-history":[{"count":1,"href":"https:\/\/diarioelpopular.com\/index.php\/wp-json\/wp\/v2\/posts\/537234\/revisions"}],"predecessor-version":[{"id":537236,"href":"https:\/\/diarioelpopular.com\/index.php\/wp-json\/wp\/v2\/posts\/537234\/revisions\/537236"}],"wp:featuredmedia":[{"embeddable":true,"href":"https:\/\/diarioelpopular.com\/index.php\/wp-json\/wp\/v2\/media\/537235"}],"wp:attachment":[{"href":"https:\/\/diarioelpopular.com\/index.php\/wp-json\/wp\/v2\/media?parent=537234"}],"wp:term":[{"taxonomy":"category","embeddable":true,"href":"https:\/\/diarioelpopular.com\/index.php\/wp-json\/wp\/v2\/categories?post=537234"},{"taxonomy":"post_tag","embeddable":true,"href":"https:\/\/diarioelpopular.com\/index.php\/wp-json\/wp\/v2\/tags?post=537234"}],"curies":[{"name":"wp","href":"https:\/\/api.w.org\/{rel}","templated":true}]}}