{"id":537259,"date":"2025-10-20T10:44:55","date_gmt":"2025-10-20T14:44:55","guid":{"rendered":"https:\/\/diarioelpopular.com\/?p=537259"},"modified":"2025-10-20T10:44:55","modified_gmt":"2025-10-20T14:44:55","slug":"trump-amenaza-la-principal-alianza-comercial-y-de-seguridad-de-colombia","status":"publish","type":"post","link":"https:\/\/diarioelpopular.com\/index.php\/2025\/10\/20\/trump-amenaza-la-principal-alianza-comercial-y-de-seguridad-de-colombia\/","title":{"rendered":"Trump amenaza la principal alianza comercial y de seguridad de Colombia"},"content":{"rendered":"<div id=\"attachment_537260\" style=\"width: 1210px\" class=\"wp-caption alignnone\"><img loading=\"lazy\" decoding=\"async\" aria-describedby=\"caption-attachment-537260\" class=\"wp-image-537260 size-custom-big-size\" src=\"https:\/\/diarioelpopular.com\/wp-content\/uploads\/2025\/10\/Screen-Shot-2025-10-20-at-10.43.57-AM-1200x677.png\" alt=\"\" width=\"1200\" height=\"677\" srcset=\"https:\/\/diarioelpopular.com\/wp-content\/uploads\/2025\/10\/Screen-Shot-2025-10-20-at-10.43.57-AM-1200x677.png 1200w, https:\/\/diarioelpopular.com\/wp-content\/uploads\/2025\/10\/Screen-Shot-2025-10-20-at-10.43.57-AM-300x169.png 300w, https:\/\/diarioelpopular.com\/wp-content\/uploads\/2025\/10\/Screen-Shot-2025-10-20-at-10.43.57-AM-768x433.png 768w, https:\/\/diarioelpopular.com\/wp-content\/uploads\/2025\/10\/Screen-Shot-2025-10-20-at-10.43.57-AM-1536x867.png 1536w, https:\/\/diarioelpopular.com\/wp-content\/uploads\/2025\/10\/Screen-Shot-2025-10-20-at-10.43.57-AM-636x359.png 636w, https:\/\/diarioelpopular.com\/wp-content\/uploads\/2025\/10\/Screen-Shot-2025-10-20-at-10.43.57-AM-129x73.png 129w, https:\/\/diarioelpopular.com\/wp-content\/uploads\/2025\/10\/Screen-Shot-2025-10-20-at-10.43.57-AM.png 1024w\" sizes=\"auto, (max-width: 1200px) 100vw, 1200px\" \/><p id=\"caption-attachment-537260\" class=\"wp-caption-text\">Im\u00e1genes de Gustavo Petro y Donald Trump, en 2024. Mauricio Due\u00f1as Casta\u00f1eda \/ Anna Moneymaker (EFE)<\/p><\/div>\n<p>&nbsp;<\/p>\n<p>&nbsp;<\/p>\n<ul>\n<li><em><strong>Trump anuncia la inminente imposici\u00f3n de aranceles al pa\u00eds sudamericano<\/strong><\/em><\/li>\n<\/ul>\n<p>&nbsp;<\/p>\n<p class=\"\">Colombia enfrenta una inminente imposici\u00f3n de aranceles de parte de Estados Unidos. As\u00ed lo ha anticipado este domingo el senador republicano Lindsey Graham, un estrecho aliado de Donald Trump, despu\u00e9s de haber conversado con el presidente, quien confirm\u00f3 en la noche que este lunes har\u00e1 el anuncio, aclarando cu\u00e1l ser\u00e1 el porcentaje a cobrar a las importaciones.<\/p>\n<p class=\"\">El pa\u00eds andino es especialmente fr\u00e1gil ante esa decisi\u00f3n, dado que es uno de los pocos en Am\u00e9rica Latina que mantiene a Estados Unidos como su principal socio comercial. Bogot\u00e1 tambi\u00e9n enfrenta una nueva amenaza en sus esfuerzos contra el narcotr\u00e1fico, pues Trump dej\u00f3 en suspenso este mismo domingo las ayudas para combatir a los grupos dedicados a la producci\u00f3n de drogas ilegales, originalmente tasadas en 413 millones de d\u00f3lares. El republicano ha acusado a su hom\u00f3logo colombiano Gustavo Petro de ser un \u201c<a title=\"https:\/\/elpais.com\/internacional\/2025-10-19\/trump-acusa-a-petro-de-ser-un-lider-narcotraficante.html\" href=\"https:\/\/elpais.com\/internacional\/2025-10-19\/trump-acusa-a-petro-de-ser-un-lider-narcotraficante.html\" target=\"_self\" rel=\"\" data-link-track-dtm=\"\" data-mrf-link=\"https:\/\/elpais.com\/internacional\/2025-10-19\/trump-acusa-a-petro-de-ser-un-lider-narcotraficante.html\">l\u00edder del narcotr\u00e1fico<\/a>\u201d, en una nueva crisis que marca el peor momento de un tenso 2025.<\/p>\n<p class=\"\">Colombia, por mucho el mayor productor de coca\u00edna del mundo, ha sido por d\u00e9cadas aliado de Estados Unidos en distintos frentes. A finales del siglo pasado, un Estado asediado por la guerrilla de las FARC convenci\u00f3 a Washington de financiar su esfuerzo contraguerrillero como parte de la lucha con el narcotr\u00e1fico que la superpotencia ha impuesto desde hace medio siglo, luego de que ese grupo armado se involucrara de forma creciente en el lucrativo negocio ilegal.<\/p>\n<p class=\"\">Con el llamado Plan Colombia, desde el a\u00f1o 2000 Estados Unidos financi\u00f3 una aut\u00e9ntica revoluci\u00f3n de las Fuerzas Armadas colombianas, desde un mayor pie de fuerza hasta m\u00e1s grupos especializados en la lucha contra grupos m\u00f3viles y peque\u00f1os, pasando por reforzar su capacidad a\u00e9rea hasta una mayor y mejor inteligencia. Todo ello acompa\u00f1ado de una partida para promover y proteger los Derechos Humanos.<\/p>\n<p class=\"\">Estados Unidos mantuvo el apoyo durante los dos periodos del derechista \u00c1lvaro Uribe (2002-2010), quien logr\u00f3 que las FARC se replegaran y a la vez negoci\u00f3 un tratado de libre comercio que acerc\u00f3 m\u00e1s las econom\u00edas de las dos naciones. Y luego con Juan Manuel Santos (2010-2018), de origen liberal, quien mantuvo la presi\u00f3n a la vez que lograba un hist\u00f3rico acuerdo de paz en 2016. Pero si el respaldo estadounidense fue fundamental para cambiar el curso del conflicto armado en favor del Estado, no tuvo tanto \u00e9xito en reducir el narcotr\u00e1fico que, <a title=\"https:\/\/elpais.com\/america-colombia\/2025-09-19\/el-trafico-de-cocaina-en-colombia-mueve-tanto-dinero-como-la-industria-de-la-construccion.html\" href=\"https:\/\/elpais.com\/america-colombia\/2025-09-19\/el-trafico-de-cocaina-en-colombia-mueve-tanto-dinero-como-la-industria-de-la-construccion.html\" target=\"_self\" rel=\"\" data-link-track-dtm=\"\" data-mrf-link=\"https:\/\/elpais.com\/america-colombia\/2025-09-19\/el-trafico-de-cocaina-en-colombia-mueve-tanto-dinero-como-la-industria-de-la-construccion.html\">seg\u00fan recientes estimaciones<\/a>, produce el 4,2% del PIB del pa\u00eds.<\/p>\n<p class=\"\">El anuncio de Trump de suspender el apoyo a esa lucha, y congelar todos los fondos de cooperaci\u00f3n internacional, solo profundiza una crisis que inici\u00f3 con su llegada al poder y el desmantelamiento de la agencia de ayuda de Estados Unidos, la USAID.<\/p>\n<p class=\"\">Colombia ya es el pa\u00eds\u00a0<a title=\"https:\/\/elpais.com\/america-colombia\/2025-02-05\/colombia-el-pais-de-america-latina-que-mas-fondos-pierde-con-la-decision-de-trump-de-congelar-usaid.html\" href=\"https:\/\/elpais.com\/america-colombia\/2025-02-05\/colombia-el-pais-de-america-latina-que-mas-fondos-pierde-con-la-decision-de-trump-de-congelar-usaid.html\" target=\"_self\" rel=\"\" data-link-track-dtm=\"\" data-mrf-link=\"https:\/\/elpais.com\/america-colombia\/2025-02-05\/colombia-el-pais-de-america-latina-que-mas-fondos-pierde-con-la-decision-de-trump-de-congelar-usaid.html\">de Am\u00e9rica Latina que m\u00e1s pierde con esa determinaci\u00f3n<\/a>, pues recib\u00eda el 26% de todos los recursos del hemisferio, y se ha visto afectada adem\u00e1s con la contracci\u00f3n de los recursos en cooperaci\u00f3n europeos, y con el cambio de foco de todo el sistema internacional hacia otras prioridades. La esperanza era que la cooperaci\u00f3n estadounidense en asuntos de inter\u00e9s nacional para el pa\u00eds norteamericano, como el narcotr\u00e1fico, se mantuviera y jalonara otros renglones. Eso es lo que ahora queda en suspenso, algo que no sorprende tras la\u00a0<a title=\"\" href=\"https:\/\/elpais.com\/america-colombia\/2025-10-20\/trump-amenaza-la-principal-alianza-comercial-y-de-seguridad-de-colombia.html\" rel=\"\" data-link-track-dtm=\"\">decisi\u00f3n de la Administraci\u00f3n Trump de desertificar a Colombia en la lucha antinarc\u00f3ticos<\/a>, anunciada el mes pasado. En un pa\u00eds que ve multiplicarse los conflictos y crecer los grupos armados financiados por esta y otras econom\u00edas ilegales, y que enfrenta un apret\u00f3n fiscal, la p\u00e9rdida de esos fondos representa un enorme desaf\u00edo.<\/p>\n<p class=\"\">M\u00e1s all\u00e1 de ese impacto puntual, queda en el aire el potencial efecto de una retaliaci\u00f3n comercial, como la que estuvo a punto de ocurrir por otro\u00a0<a title=\"https:\/\/elpais.com\/america-colombia\/2025-01-29\/uribe-santos-y-la-elite-empresarial-asi-se-unio-colombia-para-hacer-frente-a-la-amenaza-de-trump.html\" href=\"https:\/\/elpais.com\/america-colombia\/2025-01-29\/uribe-santos-y-la-elite-empresarial-asi-se-unio-colombia-para-hacer-frente-a-la-amenaza-de-trump.html\" target=\"_self\" rel=\"\" data-link-track-dtm=\"\" data-mrf-link=\"https:\/\/elpais.com\/america-colombia\/2025-01-29\/uribe-santos-y-la-elite-empresarial-asi-se-unio-colombia-para-hacer-frente-a-la-amenaza-de-trump.html\">choque entre los mandatarios<\/a>\u00a0en enero pasado. Un alza de aranceles es especialmente significativa para la econom\u00eda colombiana, altamente dependiente del comercio internacional y que tiene a la superpotencia como su principal socio comercial: en 2023 fue el destino del 27% de sus exportaciones, y la fuente del 26% de las importaciones. En contraste, para el comercio exterior estadounidense, Colombia es casi tan solo un accidente. En ese mismo a\u00f1o, represent\u00f3 el 0,55% de las importaciones y el 0,89% de las exportaciones de su poderosa econom\u00eda, seg\u00fan datos de la Comisi\u00f3n de Comercio de las Naciones Unidas.<\/p>\n<p class=\"\">En enero, cuando\u00a0<a href=\"https:\/\/elpais.com\/america-colombia\/2025-01-26\/trump-anuncia-aranceles-del-25-a-colombia-por-rechazar-el-aterrizaje-de-dos-vuelos-con-migrantes-deportados.html\" rel=\"\" data-link-track-dtm=\"\" data-mrf-link=\"https:\/\/elpais.com\/america-colombia\/2025-01-26\/trump-anuncia-aranceles-del-25-a-colombia-por-rechazar-el-aterrizaje-de-dos-vuelos-con-migrantes-deportados.html\">Trump y Petro alcanzaron a declarar una guerra comercial<\/a>\u00a0con aranceles bilaterales del 25%, el colombiano se\u00f1al\u00f3 esas consecuencias negativas como una oportunidad. \u201cEl Ministerio [de Comercio] debe ayudar a dirigir nuestras exportaciones a todo el mundo diferente a los Estados Unidos. Nuestras exportaciones deben ampliarse (&#8230;) Los productos norteamericanos cuyos precios subir\u00e1n dentro de la econom\u00eda nacional deben ser reemplazados por producci\u00f3n nacional, el Gobierno ayudar\u00e1 en este prop\u00f3sito\u201d, escribi\u00f3 en X. Los aranceles nunca pasaron se materializaron.<\/p>\n<p class=\"\">Cuatro meses despu\u00e9s,\u00a0<a title=\"https:\/\/elpais.com\/internacional\/2025-05-14\/colombia-se-suma-al-programa-de-inversiones-de-la-nueva-ruta-de-la-seda-china.html\" href=\"https:\/\/elpais.com\/internacional\/2025-05-14\/colombia-se-suma-al-programa-de-inversiones-de-la-nueva-ruta-de-la-seda-china.html\" target=\"_self\" rel=\"\" data-link-track-dtm=\"\" data-mrf-link=\"https:\/\/elpais.com\/internacional\/2025-05-14\/colombia-se-suma-al-programa-de-inversiones-de-la-nueva-ruta-de-la-seda-china.html\">Colombia se sum\u00f3 oficialmente al programa de inversiones de China, la Nueva Ruta de la Seda<\/a>, un paso concreto para marcar distancias con el tradicional alineamiento con Estados Unidos. De hecho, el Departamento de Estado se\u00f1al\u00f3 que se opondr\u00e1 a la financiaci\u00f3n de proyectos liderados por empresas chinas en Colombia, como el metro de Bogot\u00e1, una prueba de las molestias que creaba ya ese aparente reacomodo incluso antes del choque por los ataques militares norteamericanos contra por lo menos siete embarcaciones en el Caribe.<\/p>\n<p class=\"\">El anuncio de Graham motiv\u00f3 la respuesta de los principales gremios empresariales de Colombia, instituciones cada vez m\u00e1s distantes del presidente Petro. Bruce MacMaster, presidente de la central patronal ANDI, escribi\u00f3 directamente en X al senador por Carolina del Sur. \u201cPese a las diferencias notorias entre los presidentes de los dos pa\u00edses, Colombia ha hecho grandes esfuerzos durante a\u00f1os para combatir el narcotr\u00e1fico. La idea de golpear la econom\u00eda del pa\u00eds no parece estrat\u00e9gicamente correcta. Si se reduce el flujo del comercio internacional entre los dos pa\u00edses, el \u00fanico efecto significativo ser\u00e1 el impacto en la econom\u00eda real y, por lo tanto, en la clase econ\u00f3mica y el empleo en nuestro pa\u00eds. Es tiempo de activar los mecanismos diplom\u00e1ticos y estabilizar la relaci\u00f3n entre dos pa\u00edses que han sido aliados durante m\u00e1s de 200 a\u00f1os\u201c.<\/p>\n<p class=\"\">El aliado de Trump no ha contestado hasta el momento, como tampoco se ha pronunciado el mandatario estadounidense, que despu\u00e9s de publicar su diatriba contra Petro se ha enfocado en la guerra de Ucrania. Mientras tanto, Colombia se prepara para lo que ser\u00eda un fuerte golpe a una econom\u00eda que avanza a ritmo lento, entre buenas noticias en frentes como el empleo, y otras negativas en \u00e1reas como la fiscal.<\/p>\n<p class=\"\">Todo esto a un d\u00eda de conocer la sentencia contra el expresidente Uribe, un f\u00e9rreo opositor de derechas; a menos de una semana de la consulta con la que le petrismo definir\u00e1 su candidato presidencial y sus aspirantes al Congreso; y cuando la campa\u00f1a para las elecciones nacionales del primer semestre de 2026 inicia su marcha.<\/p>\n","protected":false},"excerpt":{"rendered":"<p>&nbsp; &nbsp; Trump anuncia la inminente imposici\u00f3n de aranceles al pa\u00eds sudamericano &nbsp; Colombia enfrenta una inminente imposici\u00f3n de aranceles de parte de Estados Unidos.&hellip;<\/p>\n","protected":false},"author":99,"featured_media":537260,"comment_status":"open","ping_status":"open","sticky":false,"template":"","format":"standard","meta":{"footnotes":""},"categories":[23],"tags":[],"class_list":["post-537259","post","type-post","status-publish","format-standard","has-post-thumbnail","hentry","category-latinoamerica"],"_links":{"self":[{"href":"https:\/\/diarioelpopular.com\/index.php\/wp-json\/wp\/v2\/posts\/537259","targetHints":{"allow":["GET"]}}],"collection":[{"href":"https:\/\/diarioelpopular.com\/index.php\/wp-json\/wp\/v2\/posts"}],"about":[{"href":"https:\/\/diarioelpopular.com\/index.php\/wp-json\/wp\/v2\/types\/post"}],"author":[{"embeddable":true,"href":"https:\/\/diarioelpopular.com\/index.php\/wp-json\/wp\/v2\/users\/99"}],"replies":[{"embeddable":true,"href":"https:\/\/diarioelpopular.com\/index.php\/wp-json\/wp\/v2\/comments?post=537259"}],"version-history":[{"count":1,"href":"https:\/\/diarioelpopular.com\/index.php\/wp-json\/wp\/v2\/posts\/537259\/revisions"}],"predecessor-version":[{"id":537261,"href":"https:\/\/diarioelpopular.com\/index.php\/wp-json\/wp\/v2\/posts\/537259\/revisions\/537261"}],"wp:featuredmedia":[{"embeddable":true,"href":"https:\/\/diarioelpopular.com\/index.php\/wp-json\/wp\/v2\/media\/537260"}],"wp:attachment":[{"href":"https:\/\/diarioelpopular.com\/index.php\/wp-json\/wp\/v2\/media?parent=537259"}],"wp:term":[{"taxonomy":"category","embeddable":true,"href":"https:\/\/diarioelpopular.com\/index.php\/wp-json\/wp\/v2\/categories?post=537259"},{"taxonomy":"post_tag","embeddable":true,"href":"https:\/\/diarioelpopular.com\/index.php\/wp-json\/wp\/v2\/tags?post=537259"}],"curies":[{"name":"wp","href":"https:\/\/api.w.org\/{rel}","templated":true}]}}