{"id":537277,"date":"2025-10-20T15:35:26","date_gmt":"2025-10-20T19:35:26","guid":{"rendered":"https:\/\/diarioelpopular.com\/?p=537277"},"modified":"2025-10-20T15:35:26","modified_gmt":"2025-10-20T19:35:26","slug":"ricardo-salinas-en-su-cumpleanos-es-hora-de-sacar-a-los-zurdos-de-mierda-y-mandarlos-a-chingar-a-su-madre","status":"publish","type":"post","link":"https:\/\/diarioelpopular.com\/index.php\/2025\/10\/20\/ricardo-salinas-en-su-cumpleanos-es-hora-de-sacar-a-los-zurdos-de-mierda-y-mandarlos-a-chingar-a-su-madre\/","title":{"rendered":"Ricardo Salinas, en su cumplea\u00f1os: \u201cEs hora de sacar a los zurdos de mierda y mandarlos a chingar a su madre\u201d"},"content":{"rendered":"<div id=\"attachment_537281\" style=\"width: 1210px\" class=\"wp-caption alignnone\"><img loading=\"lazy\" decoding=\"async\" aria-describedby=\"caption-attachment-537281\" class=\"wp-image-537281 size-custom-big-size\" src=\"https:\/\/diarioelpopular.com\/wp-content\/uploads\/2025\/10\/Screen-Shot-2025-10-20-at-3.34.34-PM-1200x932.png\" alt=\"\" width=\"1200\" height=\"932\" srcset=\"https:\/\/diarioelpopular.com\/wp-content\/uploads\/2025\/10\/Screen-Shot-2025-10-20-at-3.34.34-PM-1200x932.png 1200w, https:\/\/diarioelpopular.com\/wp-content\/uploads\/2025\/10\/Screen-Shot-2025-10-20-at-3.34.34-PM-300x233.png 300w, https:\/\/diarioelpopular.com\/wp-content\/uploads\/2025\/10\/Screen-Shot-2025-10-20-at-3.34.34-PM-768x597.png 768w, https:\/\/diarioelpopular.com\/wp-content\/uploads\/2025\/10\/Screen-Shot-2025-10-20-at-3.34.34-PM-636x494.png 636w, https:\/\/diarioelpopular.com\/wp-content\/uploads\/2025\/10\/Screen-Shot-2025-10-20-at-3.34.34-PM-94x73.png 94w, https:\/\/diarioelpopular.com\/wp-content\/uploads\/2025\/10\/Screen-Shot-2025-10-20-at-3.34.34-PM.png 1024w\" sizes=\"auto, (max-width: 1200px) 100vw, 1200px\" \/><p id=\"caption-attachment-537281\" class=\"wp-caption-text\">Ricardo Salinas Pliego en Puerto Vallarta, M\u00e9xico, el 30 de abril de 2023. Moises Castillo (AP)<\/p><\/div>\n<p>&nbsp;<\/p>\n<p>&nbsp;<\/p>\n<ul>\n<li><em><strong>El empresario avanza un paso m\u00e1s en su coqueteo con la pol\u00edtica durante la celebraci\u00f3n de un \u00edntimo evento por su 70 cumplea\u00f1os<\/strong><\/em><\/li>\n<\/ul>\n<p>&nbsp;<\/p>\n<p class=\"\">Ricardo Salinas Pliego avanza cada vez m\u00e1s escalones en su coqueteo con la pol\u00edtica. Este fin de semana, durante una \u00edntima celebraci\u00f3n de su 70.\u00ba cumplea\u00f1os organizada por su esposa Mar\u00eda Laura Medina en Malinalco (Estado de M\u00e9xico), el empresario lanz\u00f3 m\u00e1s mensajes en esa misma direcci\u00f3n, cada vez m\u00e1s expl\u00edcitos. \u201cCreo que es momento de otro reto, entrar en otra etapa y, \u00bfpor qu\u00e9 no? Es hora de sacar a los zurdos de mierda y mandarlos a chingar a su madre\u201d, dijo sobre el escenario de un festejo en Ciudad de M\u00e9xico ante cientos <a title=\"https:\/\/elpais.com\/mexico\/2025-09-16\/salinas-pliego-agita-la-politica-de-mexico-con-un-movimiento-que-abraza-a-la-debil-oposicion.html\" href=\"https:\/\/elpais.com\/mexico\/2025-09-16\/salinas-pliego-agita-la-politica-de-mexico-con-un-movimiento-que-abraza-a-la-debil-oposicion.html\" target=\"_self\" rel=\"\" data-link-track-dtm=\"\" data-mrf-link=\"https:\/\/elpais.com\/mexico\/2025-09-16\/salinas-pliego-agita-la-politica-de-mexico-con-un-movimiento-que-abraza-a-la-debil-oposicion.html\">de invitados que lo vitorearon: \u201c\u00a1Presidente, Presidente!\u201d<\/a>.<\/p>\n<p class=\"\">De esta manera, Salinas Pliego calienta motores a lo que ser\u00e1 un ba\u00f1o de pueblo. Este s\u00e1bado probar\u00e1 su poder de convocatoria con un festejo, este s\u00ed masivo, en la Arena Ciudad de M\u00e9xico, un recinto de conciertos en la capital. El quinto hombre m\u00e1s rico de M\u00e9xico estar\u00e1 acompa\u00f1ado por artistas como el cantante Carlos Rivera, el grupo Cumbia Machine y Myst.<\/p>\n<p class=\"\">El empresario lleva un tiempo subido a la ola de la guerra cultural. Desde su cuenta de X se ha dedicado los \u00faltimos a\u00f1os a atacar a todo lo que oliera a izquierda, feminismo o pol\u00edticas sociales. Pero desde este verano, cuando lleg\u00f3 a anunciar la creaci\u00f3n de un movimiento con muchos gui\u00f1os al trumpismo,\u00a0<a title=\"https:\/\/elpais.com\/mexico\/opinion\/2025-09-17\/el-delirium-opositor.html\" href=\"https:\/\/elpais.com\/mexico\/opinion\/2025-09-17\/el-delirium-opositor.html\" target=\"_self\" rel=\"\" data-link-track-dtm=\"\" data-mrf-link=\"https:\/\/elpais.com\/mexico\/opinion\/2025-09-17\/el-delirium-opositor.html\">su actividad pol\u00edtica se ha intensificado<\/a>\u00a0con intervenciones y mensajes que parecen sugerir su entrada en la pol\u00edtica institucional.<\/p>\n<p class=\"\">Este aceler\u00f3n en su faceta p\u00fablica llega en todo caso en un momento delicado en su relaci\u00f3n con Hacienda.\u00a0<a title=\"https:\/\/elpais.com\/mexico\/2025-07-10\/ricardo-salinas-pliego-pierde-otro-juicio-fiscal-tv-azteca-debera-pagar-mas-de-3500-millones-de-pesos-al-fisco-mexicano.html\" href=\"https:\/\/elpais.com\/mexico\/2025-07-10\/ricardo-salinas-pliego-pierde-otro-juicio-fiscal-tv-azteca-debera-pagar-mas-de-3500-millones-de-pesos-al-fisco-mexicano.html\" target=\"_self\" rel=\"\" data-link-track-dtm=\"\" data-mrf-link=\"https:\/\/elpais.com\/mexico\/2025-07-10\/ricardo-salinas-pliego-pierde-otro-juicio-fiscal-tv-azteca-debera-pagar-mas-de-3500-millones-de-pesos-al-fisco-mexicano.html\">Salinas Pliego debe 74 millones de pesos al Servicio de Administraci\u00f3n Tributaria (SAT) por impuestos no pagados<\/a>. La propia mandataria, Claudia Sheinbaum, ha aludido en m\u00e1s de una ocasi\u00f3n al caso, acusando al empresario de tratar de politizar el reclamo fiscal. \u201cLas deudas no se politizan, se pagan; as\u00ed de sencillo\u201d, ha sentenciado la mandataria.<\/p>\n<p class=\"\">El due\u00f1o del Grupo Salinas, con una fortuna valorada en unos 5.000 millones de d\u00f3lares, dijo tambi\u00e9n este fin de semana que \u201cdespu\u00e9s de 40 a\u00f1os de hacer negocios y cosas, creo que es momento de retomar el tema de la cosa p\u00fablica. \u00bfDe qu\u00e9 sirve tener negocios y ser exitosos cuando el entorno se te\u00a0<i>despedorra<\/i> de las manos?\u201d. Ya en septiembre, el magnate anunci\u00f3 el Movimiento Anticorrupci\u00f3n y Anticrimen (MAAC). Acompa\u00f1ado de empresarios, pol\u00edticos y periodistas, todos en la trinchera de la oposici\u00f3n m\u00e1s visceral frente al obradorismo, present\u00f3 un dec\u00e1logo para pasar de \u201cla dictadura a la democracia\u201d, una especie de manual de autoayuda anarco-capitalista.<\/p>\n<figure class=\"a_m\">\n<div class=\"videoTop videoTop-v\">\n<div id=\"video_20251020112535866\" class=\" core_player_container \">\n<div id=\"player_alfa_inner\" class=\"core_inner\">\n<div class=\"core_cover_container\">\n<div id=\"alfa_player_image_cover\" class=\"core_cover\"><\/div>\n<div class=\"core_cover\">\n<div id=\"ph_video_20251020112535866\" class=\"videoTop videoTop-ph\">\n<div class=\"posicionador\" role=\"button\" aria-label=\"Reproducir v\u00eddeo\" data-link-track-dtm=\"\">\n<div style=\"width: 424px\" class=\"wp-caption alignnone\"><img loading=\"lazy\" decoding=\"async\" class=\"_re lazyload a_m-h\" src=\"https:\/\/imagenes.elpais.com\/resizer\/v2\/BCJIC6OUI5EXFG2WR7PHFC6CHQ.jpg?auth=791b6136750cefff34260caaf3fd3163551b76bff2bc3746b4e15d7cbee1dc42&amp;width=1200&amp;height=675&amp;smart=true\" alt=\"\" width=\"414\" height=\"233\" \/><p class=\"wp-caption-text\">Ricardo Salinas Pliego: &#8220;zurdos de mierda&#8221; Ricardo Salinas Pliego durante una conferencia.<\/p><\/div>\n<div class=\"_pa _df ph-v_b ph-v_b-lg\">\n<div class=\"_df ph-v_c\"><\/div>\n<\/div>\n<\/div>\n<\/div>\n<\/div>\n<\/div>\n<\/div>\n<\/div>\n<\/div><figcaption class=\"a_m_p\"><\/figcaption><\/figure>\n<p>&nbsp;<\/p>\n<p class=\"\">Mientras tanto, el empresario sigui\u00f3 lanzando mensajes en sus redes, incluyendo ofertas al gobierno para negociar sus deudas y acusaciones de ataques personales. <a title=\"https:\/\/elpais.com\/mexico\/2025-09-30\/sheinbaum-abre-la-puerta-a-reunirse-con-los-acreedores-de-salinas-pliego-en-estados-unidos.html\" href=\"https:\/\/elpais.com\/mexico\/2025-09-30\/sheinbaum-abre-la-puerta-a-reunirse-con-los-acreedores-de-salinas-pliego-en-estados-unidos.html\" target=\"_self\" rel=\"\" data-link-track-dtm=\"\" data-mrf-link=\"https:\/\/elpais.com\/mexico\/2025-09-30\/sheinbaum-abre-la-puerta-a-reunirse-con-los-acreedores-de-salinas-pliego-en-estados-unidos.html\">Sheinbaum rechaz\u00f3 la propuesta de establecer una mesa de di\u00e1logo<\/a>\u00a0\u201cabierta, seria y transparente\u201d para llegar a un acuerdo sobre las\u00a0<a title=\"https:\/\/elpais.com\/mexico\/2025-07-10\/ricardo-salinas-pliego-pierde-otro-juicio-fiscal-tv-azteca-debera-pagar-mas-de-3500-millones-de-pesos-al-fisco-mexicano.html\" href=\"https:\/\/elpais.com\/mexico\/2025-07-10\/ricardo-salinas-pliego-pierde-otro-juicio-fiscal-tv-azteca-debera-pagar-mas-de-3500-millones-de-pesos-al-fisco-mexicano.html\" target=\"_self\" rel=\"\" data-link-track-dtm=\"\" data-mrf-link=\"https:\/\/elpais.com\/mexico\/2025-07-10\/ricardo-salinas-pliego-pierde-otro-juicio-fiscal-tv-azteca-debera-pagar-mas-de-3500-millones-de-pesos-al-fisco-mexicano.html\">deudas con el fisco que arrastra su grupo empresarial<\/a>. \u201cEsto no es un asunto de negociaci\u00f3n en lo oscuro, es un asunto de ley. Mesas t\u00e9cnicas ha habido much\u00edsimas sobre este caso particular, \u00e9l o este grupo tiene derecho a lo que tiene derecho cualquier deudor en caso de que pague\u201d, dijo la mandataria.<\/p>\n<p class=\"\">Los conflictos de Salinas con Hacienda tambi\u00e9n tienen una versi\u00f3n internacional. Un grupo de acreedores estadounidenses denuncia el pago de unos 580 millones de d\u00f3lares en concepto de deuda e intereses. Los acreedores mantienen una disputa legal con Salinas Pliego desde que en 2022 se neg\u00f3 a pagar los bonos de una emisi\u00f3n de deuda en el mercado estadounidense. Para tratar de detener este proceso legal en Estados Unidos, Salinas Pliego recurri\u00f3 a la justicia mexicana, que fall\u00f3 a su favor.<\/p>\n<p class=\"\">Pero el pasado 22 de septiembre, el juez orden\u00f3 que las empresas de Salinas Pliego debieran desistir de su defensa legal en M\u00e9xico, ya que cuando aceptaron la emisi\u00f3n de bonos en 2017, se comprometieron a que cualquier diferencia se resolver\u00eda en Nueva York. Un nuevo rev\u00e9s judicial para el magnate, que una semana antes fue obligado a pagar <a title=\"https:\/\/elpais.com\/mexico\/2025-09-24\/ricardo-salinas-pliego-evita-la-carcel-en-estados-unidos-al-pagar-25-millones-de-dolares-de-fianza-por-una-deuda-a-att.html\" href=\"https:\/\/elpais.com\/mexico\/2025-09-24\/ricardo-salinas-pliego-evita-la-carcel-en-estados-unidos-al-pagar-25-millones-de-dolares-de-fianza-por-una-deuda-a-att.html\" rel=\"\" data-link-track-dtm=\"\" data-mrf-link=\"https:\/\/elpais.com\/mexico\/2025-09-24\/ricardo-salinas-pliego-evita-la-carcel-en-estados-unidos-al-pagar-25-millones-de-dolares-de-fianza-por-una-deuda-a-att.html\">una fianza de 25 millones de d\u00f3lares debido a otro juicio por una deuda millonaria<\/a> en impuestos que AT&amp;T le acusa de dejarle cuando adquiri\u00f3 en 2015 su red de telefon\u00eda Iusacell.<\/p>\n","protected":false},"excerpt":{"rendered":"<p>&nbsp; &nbsp; El empresario avanza un paso m\u00e1s en su coqueteo con la pol\u00edtica durante la celebraci\u00f3n de un \u00edntimo evento por su 70 cumplea\u00f1os&hellip;<\/p>\n","protected":false},"author":99,"featured_media":537281,"comment_status":"open","ping_status":"open","sticky":false,"template":"","format":"standard","meta":{"footnotes":""},"categories":[23],"tags":[],"class_list":["post-537277","post","type-post","status-publish","format-standard","has-post-thumbnail","hentry","category-latinoamerica"],"_links":{"self":[{"href":"https:\/\/diarioelpopular.com\/index.php\/wp-json\/wp\/v2\/posts\/537277","targetHints":{"allow":["GET"]}}],"collection":[{"href":"https:\/\/diarioelpopular.com\/index.php\/wp-json\/wp\/v2\/posts"}],"about":[{"href":"https:\/\/diarioelpopular.com\/index.php\/wp-json\/wp\/v2\/types\/post"}],"author":[{"embeddable":true,"href":"https:\/\/diarioelpopular.com\/index.php\/wp-json\/wp\/v2\/users\/99"}],"replies":[{"embeddable":true,"href":"https:\/\/diarioelpopular.com\/index.php\/wp-json\/wp\/v2\/comments?post=537277"}],"version-history":[{"count":1,"href":"https:\/\/diarioelpopular.com\/index.php\/wp-json\/wp\/v2\/posts\/537277\/revisions"}],"predecessor-version":[{"id":537282,"href":"https:\/\/diarioelpopular.com\/index.php\/wp-json\/wp\/v2\/posts\/537277\/revisions\/537282"}],"wp:featuredmedia":[{"embeddable":true,"href":"https:\/\/diarioelpopular.com\/index.php\/wp-json\/wp\/v2\/media\/537281"}],"wp:attachment":[{"href":"https:\/\/diarioelpopular.com\/index.php\/wp-json\/wp\/v2\/media?parent=537277"}],"wp:term":[{"taxonomy":"category","embeddable":true,"href":"https:\/\/diarioelpopular.com\/index.php\/wp-json\/wp\/v2\/categories?post=537277"},{"taxonomy":"post_tag","embeddable":true,"href":"https:\/\/diarioelpopular.com\/index.php\/wp-json\/wp\/v2\/tags?post=537277"}],"curies":[{"name":"wp","href":"https:\/\/api.w.org\/{rel}","templated":true}]}}