{"id":537298,"date":"2025-10-22T09:37:52","date_gmt":"2025-10-22T13:37:52","guid":{"rendered":"https:\/\/diarioelpopular.com\/?p=537298"},"modified":"2025-10-22T09:37:52","modified_gmt":"2025-10-22T13:37:52","slug":"jose-jeri-declara-el-estado-de-emergencia-en-lima-y-callao-las-guerras-se-ganan-con-acciones-no-con-palabras","status":"publish","type":"post","link":"https:\/\/diarioelpopular.com\/index.php\/2025\/10\/22\/jose-jeri-declara-el-estado-de-emergencia-en-lima-y-callao-las-guerras-se-ganan-con-acciones-no-con-palabras\/","title":{"rendered":"Jos\u00e9 Jer\u00ed declara el estado de emergencia en Lima y Callao: \u201cLas guerras se ganan con acciones, no con palabras\u201d"},"content":{"rendered":"<div id=\"attachment_537299\" style=\"width: 1210px\" class=\"wp-caption alignnone\"><img loading=\"lazy\" decoding=\"async\" aria-describedby=\"caption-attachment-537299\" class=\"wp-image-537299 size-custom-big-size\" src=\"https:\/\/diarioelpopular.com\/wp-content\/uploads\/2025\/10\/Screen-Shot-2025-10-22-at-9.37.01-AM-1200x565.png\" alt=\"\" width=\"1200\" height=\"565\" srcset=\"https:\/\/diarioelpopular.com\/wp-content\/uploads\/2025\/10\/Screen-Shot-2025-10-22-at-9.37.01-AM-1200x565.png 1200w, https:\/\/diarioelpopular.com\/wp-content\/uploads\/2025\/10\/Screen-Shot-2025-10-22-at-9.37.01-AM-300x141.png 300w, https:\/\/diarioelpopular.com\/wp-content\/uploads\/2025\/10\/Screen-Shot-2025-10-22-at-9.37.01-AM-768x362.png 768w, https:\/\/diarioelpopular.com\/wp-content\/uploads\/2025\/10\/Screen-Shot-2025-10-22-at-9.37.01-AM-1536x723.png 1536w, https:\/\/diarioelpopular.com\/wp-content\/uploads\/2025\/10\/Screen-Shot-2025-10-22-at-9.37.01-AM-636x299.png 636w, https:\/\/diarioelpopular.com\/wp-content\/uploads\/2025\/10\/Screen-Shot-2025-10-22-at-9.37.01-AM-146x69.png 146w, https:\/\/diarioelpopular.com\/wp-content\/uploads\/2025\/10\/Screen-Shot-2025-10-22-at-9.37.01-AM.png 1024w\" sizes=\"auto, (max-width: 1200px) 100vw, 1200px\" \/><p id=\"caption-attachment-537299\" class=\"wp-caption-text\">Protestas en contra de Jos\u00e9 Jer\u00ed en Arequipa, Per\u00fa, el 15 de octubre. Foto: REUTERS<\/p><\/div>\n<p>&nbsp;<\/p>\n<ul>\n<li><em><strong>El presidente interino de Per\u00fa afirma que el Gobierno pasar\u00e1 \u201cde la defensiva a la ofensiva en la lucha contra el crimen\u201d. El decreto autoriza a las Fuerzas Armadas a actuar contra los manifestantes<\/strong><\/em><\/li>\n<\/ul>\n<p>&nbsp;<\/p>\n<p class=\"\">Con un brev\u00edsimo mensaje a la naci\u00f3n,\u00a0<a title=\"https:\/\/elpais.com\/america\/2025-10-11\/una-ola-de-descontento-feminista-se-levanta-en-el-primer-dia-de-la-presidencia-interina-de-jose-jeri-en-peru.html\" href=\"https:\/\/elpais.com\/america\/2025-10-11\/una-ola-de-descontento-feminista-se-levanta-en-el-primer-dia-de-la-presidencia-interina-de-jose-jeri-en-peru.html\" target=\"_self\" rel=\"\" data-link-track-dtm=\"\" data-mrf-link=\"https:\/\/elpais.com\/america\/2025-10-11\/una-ola-de-descontento-feminista-se-levanta-en-el-primer-dia-de-la-presidencia-interina-de-jose-jeri-en-peru.html\">el presidente de transici\u00f3n de Per\u00fa, Jos\u00e9 Jer\u00ed<\/a>, anunci\u00f3 la noche de este martes el comienzo de un estado de emergencia para Lima y Callao, una de las ciudades m\u00e1s pobladas del pa\u00eds despu\u00e9s de la capital, frente al desborde de la criminalidad. La medida se conoc\u00eda desde la semana pasada, pero\u00a0<a title=\"https:\/\/elpais.com\/america\/2025-10-17\/el-gobierno-interino-de-peru-prepara-un-estado-de-emergencia-en-lima-ante-la-crisis-de-violencia.html\" href=\"https:\/\/elpais.com\/america\/2025-10-17\/el-gobierno-interino-de-peru-prepara-un-estado-de-emergencia-en-lima-ante-la-crisis-de-violencia.html\" target=\"_self\" rel=\"\" data-link-track-dtm=\"\" data-mrf-link=\"https:\/\/elpais.com\/america\/2025-10-17\/el-gobierno-interino-de-peru-prepara-un-estado-de-emergencia-en-lima-ante-la-crisis-de-violencia.html\">faltaba la oficializaci\u00f3n.<\/a><\/p>\n<p class=\"\">\u201cLas guerras se ganan con acciones, no con palabras\u201d, zanj\u00f3 el mandatario. \u201cA diferencia de otras ocasiones, no puede ser simplemente una declaraci\u00f3n et\u00e9rea, subjetiva, que no sirva al ciudadano com\u00fan\u201d, hab\u00eda adelantado la semana pasada\u00a0<a title=\"https:\/\/elpais.com\/america\/2025-10-15\/jose-jeri-presenta-su-gabinete-en-la-vispera-de-una-protesta-nacional-que-reclama-su-salida.html\" href=\"https:\/\/elpais.com\/america\/2025-10-15\/jose-jeri-presenta-su-gabinete-en-la-vispera-de-una-protesta-nacional-que-reclama-su-salida.html\" target=\"_self\" rel=\"\" data-link-track-dtm=\"\" data-mrf-link=\"https:\/\/elpais.com\/america\/2025-10-15\/jose-jeri-presenta-su-gabinete-en-la-vispera-de-una-protesta-nacional-que-reclama-su-salida.html\">el primer ministro, Ernesto \u00c1lvarez.\u00a0<\/a>Pero el discurso de Jer\u00ed, de apenas unos minutos, ha dejado m\u00e1s de una pregunta flotando en el aire. Cuando la ciudadan\u00eda esperaba escuchar de su propia boca un paquete de medidas concretas, el sucesor de Dina Boluarte opt\u00f3 por lanzar frases llamativas sin dar mayores explicaciones.<\/p>\n<p class=\"\">\u201cLa delincuencia ha crecido de manera desmesurada en los \u00faltimos a\u00f1os, causando un enorme dolor en miles de familias y perjudicando, adem\u00e1s, el progreso del pa\u00eds, pero esto se acab\u00f3. Hoy empezamos a cambiar la historia en la lucha contra la inseguridad en el Per\u00fa\u201d, dijo Jer\u00ed desde Palacio, en compa\u00f1\u00eda de sus ministros. Mencion\u00f3 que el estado de emergencia entra en vigor a la medianoche de este mi\u00e9rcoles y regir\u00e1 durante 30 d\u00edas, tanto en Lima Metropolitana como en Callao, bajo un nuevo enfoque: \u201cPasamos de la defensiva a la ofensiva en la lucha contra el crimen, una lucha que nos permitir\u00e1 recuperar la paz, la tranquilidad y la confianza de millones de peruanos\u201d.<\/p>\n<p class=\"\">Desde que asumi\u00f3 la presidencia el 10 de octubre,\u00a0<a title=\"https:\/\/elpais.com\/america\/2025-10-10\/el-congreso-de-peru-destituye-a-dina-boluarte-como-presidenta.html\" href=\"https:\/\/elpais.com\/america\/2025-10-10\/el-congreso-de-peru-destituye-a-dina-boluarte-como-presidenta.html\" target=\"_self\" rel=\"\" data-link-track-dtm=\"\" data-mrf-link=\"https:\/\/elpais.com\/america\/2025-10-10\/el-congreso-de-peru-destituye-a-dina-boluarte-como-presidenta.html\">tras la destituci\u00f3n (vacancia) de Boluarte<\/a>, Jer\u00ed se ha concentrado en proyectar la imagen de una autoridad que aplicar\u00e1 la mano dura en medio del desconcierto. Visit\u00f3 c\u00e1rceles, particip\u00f3 en operativos, sobrevol\u00f3 la capital en helic\u00f3ptero e incluso, en una actitud considerada como provocadora, camin\u00f3 por el centro de Lima durante las marchas que exig\u00edan su renuncia.<\/p>\n<p class=\"\">Durante el Gobierno de Boluarte se decretaron varios estados de emergencia que no fueron eficaces. De ah\u00ed que el 59% de peruanos considere que<a title=\"https:\/\/elpais.com\/america\/2025-10-08\/las-mafias-han-asesinado-este-ano-a-180-conductores-de-autobuses-que-se-negaron-a-pagar-la-extorsion-en-peru.html\" href=\"https:\/\/elpais.com\/america\/2025-10-08\/las-mafias-han-asesinado-este-ano-a-180-conductores-de-autobuses-que-se-negaron-a-pagar-la-extorsion-en-peru.html\" target=\"_self\" rel=\"\" data-link-track-dtm=\"\" data-mrf-link=\"https:\/\/elpais.com\/america\/2025-10-08\/las-mafias-han-asesinado-este-ano-a-180-conductores-de-autobuses-que-se-negaron-a-pagar-la-extorsion-en-peru.html\">\u00a0la inseguridad y la delincuencia son los problemas m\u00e1s graves del pa\u00eds<\/a>, seg\u00fan una encuesta del Instituto Nacional de Estad\u00edstica e Inform\u00e1tica (INEI) en el primer trimestre de 2025. Las extorsiones han impactado seriamente en el transporte urbano. Se calcula que 180 conductores y cobradores han sido asesinados por no pagar cupos a las mafias locales a lo largo de este 2025.<\/p>\n<p class=\"\">Uno de los aspectos que m\u00e1s divisi\u00f3n genera es el toque de queda. El gremio art\u00edstico se pronunci\u00f3 hace unos d\u00edas, pidi\u00e9ndole a Jer\u00ed que no dejara sin trabajo a la cadena de trabajadores que trabajan en horario nocturno, en bares y discotecas. El decreto, publicado despu\u00e9s del discurso de Jer\u00ed, no contempla esta medida. Los artistas, en especial los m\u00fasicos, se han convertido en el blanco de los extorsionadores. Si bien<a title=\"https:\/\/elpais.com\/america\/2025-10-09\/atacado-a-tiros-el-grupo-peruano-de-cumbia-agua-marina-durante-un-concierto-en-un-recinto-militar.html\" href=\"https:\/\/elpais.com\/america\/2025-10-09\/atacado-a-tiros-el-grupo-peruano-de-cumbia-agua-marina-durante-un-concierto-en-un-recinto-militar.html\" target=\"_self\" rel=\"\" data-link-track-dtm=\"\" data-mrf-link=\"https:\/\/elpais.com\/america\/2025-10-09\/atacado-a-tiros-el-grupo-peruano-de-cumbia-agua-marina-durante-un-concierto-en-un-recinto-militar.html\">\u00a0el atentado contra la orquesta de cumbia Agua Marina<\/a>\u00a0acapar\u00f3 la atenci\u00f3n de los medios, hace unos d\u00edas, dos integrantes de una agrupaci\u00f3n de timba fueron acribillados en el Callao.<\/p>\n<p class=\"\">\u201cLa Polic\u00eda Nacional mantiene el control del orden interno, con apoyo de las Fuerzas Armadas, para hacer frente a la criminalidad y otras situaciones de violencia\u201d, se lee en el decreto. De esta manera, los militares patrullar\u00e1n las calles junto a los agentes policiales. Pero adem\u00e1s podr\u00e1n actuar en conjunto para frenar las movilizaciones en contra del Ejecutivo. M\u00e1s de un analista sostiene que ese es el verdadero trasfondo del estado de emergencia. Apagar la llama del descontento popular y capear el temporal.<\/p>\n<p class=\"\">Entre las principales disposiciones est\u00e1 prohibir el tr\u00e1nsito de dos personas en motocicletas. Adem\u00e1s, se redoblar\u00e1 el control de la poblaci\u00f3n penitenciaria, pues se ha alertado de que desde all\u00ed se planifican los actos delictivos. Se limitar\u00e1n las visitas a las c\u00e1rceles, habr\u00e1 apagones el\u00e9ctricos en las celdas y se destruir\u00e1n las antenas de telecomunicaciones ilegales.<\/p>\n<p class=\"\">Por otro lado,\u00a0<a title=\"https:\/\/elpais.com\/america\/2025-10-16\/el-rapero-eduardo-ruiz-saenz-primera-victima-de-la-represion-del-gobierno-interino-de-peru.html\" href=\"https:\/\/elpais.com\/america\/2025-10-16\/el-rapero-eduardo-ruiz-saenz-primera-victima-de-la-represion-del-gobierno-interino-de-peru.html\" target=\"_self\" rel=\"\" data-link-track-dtm=\"\" data-mrf-link=\"https:\/\/elpais.com\/america\/2025-10-16\/el-rapero-eduardo-ruiz-saenz-primera-victima-de-la-represion-del-gobierno-interino-de-peru.html\">la muerte del rapero Eduardo Ruiz S\u00e1enz<\/a>\u00a0a manos de un polic\u00eda encubierto ensombrece el mandato de Jer\u00ed, encargado de pilotar el pa\u00eds hacia las elecciones del pr\u00f3ximo mes de abril. El Poder Judicial admiti\u00f3 a tr\u00e1mite un\u00a0<i>habeas corpus\u00a0<\/i>a favor del suboficial Luis Magallanes que podr\u00eda determinar su liberaci\u00f3n inmediata. Fue el jefe de la Polic\u00eda, \u00d3scar Arriola, quien asegur\u00f3 que Magallanes hab\u00eda disparado a Ruiz. Luego, el ministro del Interior, Vicente Tiburcio, neg\u00f3 esas afirmaciones y se\u00f1al\u00f3 que el caso sigue bajo investigaci\u00f3n.<\/p>\n","protected":false},"excerpt":{"rendered":"<p>&nbsp; El presidente interino de Per\u00fa afirma que el Gobierno pasar\u00e1 \u201cde la defensiva a la ofensiva en la lucha contra el crimen\u201d. El decreto&hellip;<\/p>\n","protected":false},"author":99,"featured_media":537299,"comment_status":"open","ping_status":"open","sticky":false,"template":"","format":"standard","meta":{"footnotes":""},"categories":[23],"tags":[],"class_list":["post-537298","post","type-post","status-publish","format-standard","has-post-thumbnail","hentry","category-latinoamerica"],"_links":{"self":[{"href":"https:\/\/diarioelpopular.com\/index.php\/wp-json\/wp\/v2\/posts\/537298","targetHints":{"allow":["GET"]}}],"collection":[{"href":"https:\/\/diarioelpopular.com\/index.php\/wp-json\/wp\/v2\/posts"}],"about":[{"href":"https:\/\/diarioelpopular.com\/index.php\/wp-json\/wp\/v2\/types\/post"}],"author":[{"embeddable":true,"href":"https:\/\/diarioelpopular.com\/index.php\/wp-json\/wp\/v2\/users\/99"}],"replies":[{"embeddable":true,"href":"https:\/\/diarioelpopular.com\/index.php\/wp-json\/wp\/v2\/comments?post=537298"}],"version-history":[{"count":1,"href":"https:\/\/diarioelpopular.com\/index.php\/wp-json\/wp\/v2\/posts\/537298\/revisions"}],"predecessor-version":[{"id":537300,"href":"https:\/\/diarioelpopular.com\/index.php\/wp-json\/wp\/v2\/posts\/537298\/revisions\/537300"}],"wp:featuredmedia":[{"embeddable":true,"href":"https:\/\/diarioelpopular.com\/index.php\/wp-json\/wp\/v2\/media\/537299"}],"wp:attachment":[{"href":"https:\/\/diarioelpopular.com\/index.php\/wp-json\/wp\/v2\/media?parent=537298"}],"wp:term":[{"taxonomy":"category","embeddable":true,"href":"https:\/\/diarioelpopular.com\/index.php\/wp-json\/wp\/v2\/categories?post=537298"},{"taxonomy":"post_tag","embeddable":true,"href":"https:\/\/diarioelpopular.com\/index.php\/wp-json\/wp\/v2\/tags?post=537298"}],"curies":[{"name":"wp","href":"https:\/\/api.w.org\/{rel}","templated":true}]}}