{"id":537306,"date":"2025-10-22T10:02:45","date_gmt":"2025-10-22T14:02:45","guid":{"rendered":"https:\/\/diarioelpopular.com\/?p=537306"},"modified":"2025-10-22T10:02:46","modified_gmt":"2025-10-22T14:02:46","slug":"una-mierda-a-nivel-temu-por-que-las-mejoras-de-trump-a-la-casa-blanca-indignan-a-historiadores-comentaristas-y-expertos","status":"publish","type":"post","link":"https:\/\/diarioelpopular.com\/index.php\/2025\/10\/22\/una-mierda-a-nivel-temu-por-que-las-mejoras-de-trump-a-la-casa-blanca-indignan-a-historiadores-comentaristas-y-expertos\/","title":{"rendered":"\u201cUna mierda a nivel Temu\u201d: por qu\u00e9 las \u2018mejoras\u2019 de Trump a la Casa Blanca indignan a historiadores, comentaristas y expertos"},"content":{"rendered":"<div id=\"attachment_537307\" style=\"width: 1210px\" class=\"wp-caption alignnone\"><img loading=\"lazy\" decoding=\"async\" aria-describedby=\"caption-attachment-537307\" class=\"wp-image-537307 size-custom-big-size\" src=\"https:\/\/diarioelpopular.com\/wp-content\/uploads\/2025\/10\/Screen-Shot-2025-10-22-at-10.01.49-AM-1200x558.png\" alt=\"\" width=\"1200\" height=\"558\" srcset=\"https:\/\/diarioelpopular.com\/wp-content\/uploads\/2025\/10\/Screen-Shot-2025-10-22-at-10.01.49-AM-1200x558.png 1200w, https:\/\/diarioelpopular.com\/wp-content\/uploads\/2025\/10\/Screen-Shot-2025-10-22-at-10.01.49-AM-300x140.png 300w, https:\/\/diarioelpopular.com\/wp-content\/uploads\/2025\/10\/Screen-Shot-2025-10-22-at-10.01.49-AM-768x357.png 768w, https:\/\/diarioelpopular.com\/wp-content\/uploads\/2025\/10\/Screen-Shot-2025-10-22-at-10.01.49-AM-1536x714.png 1536w, https:\/\/diarioelpopular.com\/wp-content\/uploads\/2025\/10\/Screen-Shot-2025-10-22-at-10.01.49-AM-636x296.png 636w, https:\/\/diarioelpopular.com\/wp-content\/uploads\/2025\/10\/Screen-Shot-2025-10-22-at-10.01.49-AM-146x68.png 146w, https:\/\/diarioelpopular.com\/wp-content\/uploads\/2025\/10\/Screen-Shot-2025-10-22-at-10.01.49-AM.png 1024w\" sizes=\"auto, (max-width: 1200px) 100vw, 1200px\" \/><p id=\"caption-attachment-537307\" class=\"wp-caption-text\">Donald Trump con el presidente de Corea del Sur Lee Jae Myung en el Despacho Oval en agosto de 2025.\u00a0 \u00a0 \u00a0 \u00a0 \u00a0 \u00a0 \u00a0 \u00a0 \u00a0 \u00a0 Foto: MANDEL NGAN (AFP via Getty Images)<\/p><\/div>\n<p>&nbsp;<\/p>\n<p>&nbsp;<\/p>\n<ul>\n<li><em><strong>Trump lleva a cabo el mayor cambio que ha experimentado la residencia presidencial desde Harry S. Truman y muchos ven en su mastod\u00f3ntico proyecto un s\u00edmbolo de sus pol\u00edticas<\/strong><\/em><\/li>\n<\/ul>\n<p>&nbsp;<\/p>\n<p class=\"\">Tras la investidura de Trump el pasado enero, los comisarios de la colecci\u00f3n de arte de la Casa Blanca iniciaron una peculiar b\u00fasqueda del tesoro en el inventario de adornos y muebles de la residencia. Oro, el presidente quer\u00eda oro, y entre los diversos candelabros, figuras de\u00a0<i>vermeil<\/i>\u00a0y dem\u00e1s objetos relucientes que le mostraron, el propio Trump luego se encarg\u00f3 de escoger aquellos que le gustaban m\u00e1s para el Despacho Oval.<\/p>\n<p class=\"\">Se conoce que no le bastaron. Un mes m\u00e1s tarde, en febrero, las im\u00e1genes de su tensa audiencia con el presidente Zelensky desvelaron que hab\u00eda sustituido la\u00a0<a href=\"https:\/\/www.instagram.com\/ovalofficeivy\/?hl=en\" rel=\"\" data-link-track-dtm=\"\" data-mrf-link=\"https:\/\/www.instagram.com\/ovalofficeivy\/?hl=en\">famosa hiedra sueca<\/a>\u00a0que llevaba d\u00e9cadas sobre la repisa de la chimenea (uno de los s\u00edmbolos de la Casa Blanca) por\u00a0<a href=\"https:\/\/www.gettyimages.es\/detail\/fotograf%C3%ADa-de-noticias\/washington-dc-gold-decorations-sit-on-a-fotograf%C3%ADa-de-noticias\/2206412673\" rel=\"\" data-link-track-dtm=\"\" data-mrf-link=\"https:\/\/www.gettyimages.es\/detail\/fotograf%C3%ADa-de-noticias\/washington-dc-gold-decorations-sit-on-a-fotograf%C3%ADa-de-noticias\/2206412673\">nueve piezas de la colecci\u00f3n de antig\u00fcedades<\/a>: cinco adornos de plata dorada que le regalaron a Eisenhower; dos cestas estilo Imperio de Nixon y\u00a0<a href=\"https:\/\/www.whitehousehistory.org\/photos\/treasures-of-the-white-house-monroe-plateau\" rel=\"\" data-link-track-dtm=\"\" data-mrf-link=\"https:\/\/www.whitehousehistory.org\/photos\/treasures-of-the-white-house-monroe-plateau\">dos de los centros de mesa en bronce dorado<\/a>\u00a0que James Monroe, quinto presidente de los Estados Unidos, les encarg\u00f3 a unos orfebres de Par\u00eds.<\/p>\n<p>&nbsp;<\/p>\n<div class=\"a_c clearfix\" data-dtm-region=\"articulo_cuerpo\">\n<figure class=\"a_m a_m-h \">\n<p><div style=\"width: 424px\" class=\"wp-caption alignnone\"><img loading=\"lazy\" decoding=\"async\" class=\"_re lazyload a_m-h\" src=\"https:\/\/imagenes.elpais.com\/resizer\/v2\/CMGO33SZMFDOPJ3Y5JKCNFLIQ4.jpg?auth=1c940d494d8ddb2f15bfdfe00d8cc9d824b04f52199199abb5531e36af1b66da&amp;width=414\" sizes=\"auto, (min-width:1199px) 1155px,(min-width:1001px) calc(100vw - 44px),(min-width:768px) 767px, 100vw\" srcset=\"https:\/\/imagenes.elpais.com\/resizer\/v2\/CMGO33SZMFDOPJ3Y5JKCNFLIQ4.jpg?auth=1c940d494d8ddb2f15bfdfe00d8cc9d824b04f52199199abb5531e36af1b66da&amp;width=414 414w,https:\/\/imagenes.elpais.com\/resizer\/v2\/CMGO33SZMFDOPJ3Y5JKCNFLIQ4.jpg?auth=1c940d494d8ddb2f15bfdfe00d8cc9d824b04f52199199abb5531e36af1b66da&amp;width=828 640w,https:\/\/imagenes.elpais.com\/resizer\/v2\/CMGO33SZMFDOPJ3Y5JKCNFLIQ4.jpg?auth=1c940d494d8ddb2f15bfdfe00d8cc9d824b04f52199199abb5531e36af1b66da&amp;width=980 1000w,https:\/\/imagenes.elpais.com\/resizer\/v2\/CMGO33SZMFDOPJ3Y5JKCNFLIQ4.jpg?auth=1c940d494d8ddb2f15bfdfe00d8cc9d824b04f52199199abb5531e36af1b66da&amp;width=1960 1960w\" alt=\"\" width=\"414\" height=\"276\" \/><p class=\"wp-caption-text\">Nueve piezas de la colecci\u00f3n de antig\u00fcedades de la Casa Blanca (cinco adornos de plata dorada que le regalaron a Eisenhower; dos cestas estilo Imperio de Nixon; y dos de los centros de mesa en bronce dorado que James Monroe encarg\u00f3 a unos orfebres de Par\u00eds para la Sala del Comedor del Estado) sobre la repisa de una chimenea del Despacho Oval. Foto The Washington Post (The Washington Post via Getty Im)<\/p><\/div><figcaption class=\"a_m_p\" aria-hidden=\"true\"><\/figcaption><\/figure>\n<p>&nbsp;<\/p>\n<p class=\"\">Seg\u00fan se vio ese mismo d\u00eda, Trump tambi\u00e9n hab\u00eda mandado trasladar a su despacho unos\u00a0<a href=\"https:\/\/www.gettyimages.es\/detail\/fotograf%C3%ADa-de-noticias\/secretary-of-defense-pete-hegseth-is-seen-in-a-fotograf%C3%ADa-de-noticias\/2202354645\" rel=\"\" data-link-track-dtm=\"\" data-mrf-link=\"https:\/\/www.gettyimages.es\/detail\/fotograf%C3%ADa-de-noticias\/secretary-of-defense-pete-hegseth-is-seen-in-a-fotograf%C3%ADa-de-noticias\/2202354645\">espejos dorados<\/a>\u00a0e incrementar el n\u00famero de retratos de sus predecesores que ten\u00eda Biden (al fin y al cabo, los marcos tambi\u00e9n son dorados).<\/p>\n<p class=\"\">Pero cuando solo dos meses despu\u00e9s recibi\u00f3 all\u00ed al presidente de Israel, ning\u00fan historiador supo identificar las\u00a0<a href=\"https:\/\/www.gettyimages.es\/detail\/fotograf%C3%ADa-de-noticias\/gold-colored-decorations-are-seen-as-us-fotograf%C3%ADa-de-noticias\/2211134112\" rel=\"\" data-link-track-dtm=\"\" data-mrf-link=\"https:\/\/www.gettyimages.es\/detail\/fotograf%C3%ADa-de-noticias\/gold-colored-decorations-are-seen-as-us-fotograf%C3%ADa-de-noticias\/2211134112\">guirnaldas<\/a>\u00a0con las que de pronto se vio que estaba decorada la chimenea. Tal y como averigu\u00f3 por fin el\u00a0<a href=\"https:\/\/www.wsj.com\/politics\/policy\/trump-white-house-oval-office-gold-touches-6018016d\" rel=\"\" data-link-track-dtm=\"\" data-mrf-link=\"https:\/\/www.wsj.com\/politics\/policy\/trump-white-house-oval-office-gold-touches-6018016d\">Wall Street Journal<\/a>, Trump se las hab\u00eda encargado al mismo ebanista de Florida al que contrat\u00f3 para decorar su opulenta mansi\u00f3n de Mar-a-Lago, John Icart, enviado desde\u00a0<a title=\"https:\/\/elpais.com\/icon-design\/living\/2021-03-15\/los-secretos-de-palm-beach-la-hermetica-y-lujosa-isla-donde-los-multimillonarios-de-estados-unidos-se-retiran.html\" href=\"https:\/\/elpais.com\/icon-design\/living\/2021-03-15\/los-secretos-de-palm-beach-la-hermetica-y-lujosa-isla-donde-los-multimillonarios-de-estados-unidos-se-retiran.html\" target=\"_self\" rel=\"\" data-link-track-dtm=\"\" data-mrf-link=\"https:\/\/elpais.com\/icon-design\/living\/2021-03-15\/los-secretos-de-palm-beach-la-hermetica-y-lujosa-isla-donde-los-multimillonarios-de-estados-unidos-se-retiran.html\">Florida<\/a>\u00a0a Washington a bordo del Air Force One tras un nuevo arrebato presidencial de\u00a0<i>horror vacui<\/i>.<\/p>\n<p class=\"\">\u201cHab\u00eda que darle un poco de vidilla\u201d, explicaba poco despu\u00e9s el propio Trump al mostrar en Fox News unos\u00a0<a href=\"https:\/\/www.gettyimages.es\/detail\/fotograf%C3%ADa-de-noticias\/golden-angel-cherub-is-seen-above-a-door-in-the-fotograf%C3%ADa-de-noticias\/2213006981\" rel=\"\" data-link-track-dtm=\"\" data-mrf-link=\"https:\/\/www.gettyimages.es\/detail\/fotograf%C3%ADa-de-noticias\/golden-angel-cherub-is-seen-above-a-door-in-the-fotograf%C3%ADa-de-noticias\/2213006981\">querubines<\/a>\u00a0que hab\u00eda a\u00f1adido tambi\u00e9n al despacho.<\/p>\n<p>&nbsp;<\/p>\n<figure class=\"a_m a_m-h \">\n<p><div style=\"width: 424px\" class=\"wp-caption alignnone\"><img loading=\"lazy\" decoding=\"async\" class=\"_re lazyload a_m-h\" src=\"https:\/\/imagenes.elpais.com\/resizer\/v2\/3CB77GFJCRDANJAUHVQTGUQUCY.jpg?auth=3cac757de0f9a693e27bafd078d32d4a128e293e324d627370c4715d893017ac&amp;width=414\" sizes=\"auto, (min-width:1199px) 1155px,(min-width:1001px) calc(100vw - 44px),(min-width:768px) 767px, 100vw\" srcset=\"https:\/\/imagenes.elpais.com\/resizer\/v2\/3CB77GFJCRDANJAUHVQTGUQUCY.jpg?auth=3cac757de0f9a693e27bafd078d32d4a128e293e324d627370c4715d893017ac&amp;width=414 414w,https:\/\/imagenes.elpais.com\/resizer\/v2\/3CB77GFJCRDANJAUHVQTGUQUCY.jpg?auth=3cac757de0f9a693e27bafd078d32d4a128e293e324d627370c4715d893017ac&amp;width=828 640w,https:\/\/imagenes.elpais.com\/resizer\/v2\/3CB77GFJCRDANJAUHVQTGUQUCY.jpg?auth=3cac757de0f9a693e27bafd078d32d4a128e293e324d627370c4715d893017ac&amp;width=980 1000w,https:\/\/imagenes.elpais.com\/resizer\/v2\/3CB77GFJCRDANJAUHVQTGUQUCY.jpg?auth=3cac757de0f9a693e27bafd078d32d4a128e293e324d627370c4715d893017ac&amp;width=1960 1960w\" alt=\"\" width=\"414\" height=\"276\" \/><p class=\"wp-caption-text\">Uno de los querubines dorados que Trump ha a\u00f1adido sobre las puertas del Despacho Oval. JIM WATSON (AFP via Getty Images)<\/p><\/div><figcaption class=\"a_m_p\" aria-hidden=\"true\"><\/figcaption><\/figure>\n<h3 class=\"\">La fiebre del oro<\/h3>\n<p class=\"\">El equipo de doradores del presidente ha estado muy ocupado desde entonces. En la reuni\u00f3n que volvi\u00f3 a mantener este verano con su hom\u00f3logo ucraniano, las guirnaldas de la chimenea\u00a0<a href=\"https:\/\/www.gettyimages.es\/detail\/fotograf%C3%ADa-de-noticias\/president-donald-trump-walks-in-the-oval-office-fotograf%C3%ADa-de-noticias\/2233385106\" rel=\"\" data-link-track-dtm=\"\" data-mrf-link=\"https:\/\/www.gettyimages.es\/detail\/fotograf%C3%ADa-de-noticias\/president-donald-trump-walks-in-the-oval-office-fotograf%C3%ADa-de-noticias\/2233385106\">se hab\u00edan extendido a las paredes<\/a>, mientras que las molduras que antes eran <a href=\"https:\/\/www.whitehousehistory.org\/photos\/fotoware?id=F77C3CA49E5B46E7%20B57F3E3BE10728F3\" rel=\"\" data-link-track-dtm=\"\" data-mrf-link=\"https:\/\/www.whitehousehistory.org\/photos\/fotoware?id=F77C3CA49E5B46E7%20B57F3E3BE10728F3\">blancas<\/a>\u00a0se hab\u00edan vuelto\u00a0<a href=\"https:\/\/www.gettyimages.es\/detail\/fotograf%C3%ADa-de-noticias\/the-presidential-seal-and-the-circle-of-stars-fotograf%C3%ADa-de-noticias\/2226532185\" rel=\"\" data-link-track-dtm=\"\" data-mrf-link=\"https:\/\/www.gettyimages.es\/detail\/fotograf%C3%ADa-de-noticias\/the-presidential-seal-and-the-circle-of-stars-fotograf%C3%ADa-de-noticias\/2226532185\">doradas<\/a>. Lo mismo ha empezado a ocurrir en otros espacios como la Sala del Gabinete, reformada al igual que el despacho en lo que Trump considera un s\u00edmbolo de\u00a0<a href=\"https:\/\/www.youtube.com\/watch?v=MEyBTmV42X4\" rel=\"\" data-link-track-dtm=\"\" data-mrf-link=\"https:\/\/www.youtube.com\/watch?v=MEyBTmV42X4\">esa \u201cEdad Dorada\u201d que prometi\u00f3 en el discurso inaugural<\/a>\u00a0de su presidencia. \u201cSe ha convertido en un lugar realmente bonito\u201d, coment\u00f3 de esta \u00faltima salsa durante\u00a0<a href=\"https:\/\/www.washingtonpost.com\/politics\/2025\/07\/08\/cabinet-meeting-trump-takes-golden-opportunity-talk-interior-decor\/\" rel=\"\" data-link-track-dtm=\"\" data-mrf-link=\"https:\/\/www.washingtonpost.com\/politics\/2025\/07\/08\/cabinet-meeting-trump-takes-golden-opportunity-talk-interior-decor\/\">una reuni\u00f3n con sus secretarios<\/a>.<\/p>\n<p>&nbsp;<\/p>\n<figure class=\"a_m a_m-h \">\n<p><div style=\"width: 424px\" class=\"wp-caption alignnone\"><img loading=\"lazy\" decoding=\"async\" class=\"_re lazyload a_m-h\" src=\"https:\/\/imagenes.elpais.com\/resizer\/v2\/CBXWS4AHPNCLPKDLI57DVQJ3K4.jpg?auth=c81e85e13eacfbb46bf6e06f37310a40b2a57903d9d3674836592b5afe1dcc07&amp;width=414\" sizes=\"auto, (min-width:1199px) 1155px,(min-width:1001px) calc(100vw - 44px),(min-width:768px) 767px, 100vw\" srcset=\"https:\/\/imagenes.elpais.com\/resizer\/v2\/CBXWS4AHPNCLPKDLI57DVQJ3K4.jpg?auth=c81e85e13eacfbb46bf6e06f37310a40b2a57903d9d3674836592b5afe1dcc07&amp;width=414 414w,https:\/\/imagenes.elpais.com\/resizer\/v2\/CBXWS4AHPNCLPKDLI57DVQJ3K4.jpg?auth=c81e85e13eacfbb46bf6e06f37310a40b2a57903d9d3674836592b5afe1dcc07&amp;width=828 640w,https:\/\/imagenes.elpais.com\/resizer\/v2\/CBXWS4AHPNCLPKDLI57DVQJ3K4.jpg?auth=c81e85e13eacfbb46bf6e06f37310a40b2a57903d9d3674836592b5afe1dcc07&amp;width=980 1000w,https:\/\/imagenes.elpais.com\/resizer\/v2\/CBXWS4AHPNCLPKDLI57DVQJ3K4.jpg?auth=c81e85e13eacfbb46bf6e06f37310a40b2a57903d9d3674836592b5afe1dcc07&amp;width=1960 1960w\" alt=\"\" width=\"414\" height=\"276\" \/><p class=\"wp-caption-text\">Pisapapeles en forma de monedas de oro con el apellido del actual presidente grabado en letras may\u00fasculas hechos por un fabricante de estuches para billetes de Las Vegas. MANDEL NGAN (AFP via Getty Images)<\/p><\/div><figcaption class=\"a_m_p\" aria-hidden=\"true\"><\/figcaption><\/figure>\n<p>&nbsp;<\/p>\n<p class=\"\">Luego, les pregunt\u00f3 a estos que les parec\u00edan las nuevas molduras doradas del techo, y aunque no se sabe qu\u00e9 le dijeron, muchos de sus compatriotas han estado encantados de contestarle. El interiorista David Netto, por ejemplo, ha descrito el nuevo y dorado Despacho Oval como <a href=\"https:\/\/www.instagram.com\/p\/DNiu-sdRbXo\/?hl=en\" rel=\"\" data-link-track-dtm=\"\" data-mrf-link=\"https:\/\/www.instagram.com\/p\/DNiu-sdRbXo\/?hl=en\">\u201cun infierno a lo Ceau\u0219escu\u201d<\/a>, mientras que el experto en moda\u00a0<a title=\"https:\/\/elpais.com\/icon\/2025-06-13\/jd-vance-contra-el-rey-de-la-moda-masculina-el-vicepresidente-quiere-deportar-al-hombre-que-se-burlaba-de-sus-pantalones.html\" href=\"https:\/\/elpais.com\/icon\/2025-06-13\/jd-vance-contra-el-rey-de-la-moda-masculina-el-vicepresidente-quiere-deportar-al-hombre-que-se-burlaba-de-sus-pantalones.html\" target=\"_self\" rel=\"\" data-link-track-dtm=\"\" data-mrf-link=\"https:\/\/elpais.com\/icon\/2025-06-13\/jd-vance-contra-el-rey-de-la-moda-masculina-el-vicepresidente-quiere-deportar-al-hombre-que-se-burlaba-de-sus-pantalones.html\">Derek Guy<\/a>\u00a0se ha burlado del aspecto amorfo que presentan los serafines que hay sobre las puertas\u00a0<a href=\"https:\/\/x.com\/dieworkwear\/status\/1953612294786789440\" rel=\"\" data-link-track-dtm=\"\" data-mrf-link=\"https:\/\/x.com\/dieworkwear\/status\/1953612294786789440\">cuando se les mira de cerca<\/a>. \u201cUna mierda nivel Temu\u201d, escrib\u00eda en una de sus publicaciones virales en X. Al examinar la mesa donde Trump suele recibir a sus visitas, otros tuiteros descubrieron que tiene unos\u00a0<a href=\"https:\/\/www.gettyimages.es\/detail\/fotograf%C3%ADa-de-noticias\/gold-drink-coaster-box-sits-on-u-s-president-fotograf%C3%ADa-de-noticias\/2201770188\" rel=\"\" data-link-track-dtm=\"\" data-mrf-link=\"https:\/\/www.gettyimages.es\/detail\/fotograf%C3%ADa-de-noticias\/gold-drink-coaster-box-sits-on-u-s-president-fotograf%C3%ADa-de-noticias\/2201770188\">pisapapeles en forma de monedas de oro<\/a>\u00a0con su apellido grabado en letras may\u00fasculas (las ha hecho\u00a0<a href=\"https:\/\/www.gorillaprocustoms.com\/collections\/new-arrivals\/products\/exclusive-24k-solid-gold-presidential-seal-coaster-set-as-gifted-for-president-donald-trump\" rel=\"\" data-link-track-dtm=\"\" data-mrf-link=\"https:\/\/www.gorillaprocustoms.com\/collections\/new-arrivals\/products\/exclusive-24k-solid-gold-presidential-seal-coaster-set-as-gifted-for-president-donald-trump\">un fabricante de estuches para billetes de Las Vegas<\/a>), y si bien se supone que las opulentas molduras proceden del taller de su ebanista, su dise\u00f1o es casi id\u00e9ntico\u00a0<a href=\"https:\/\/sherwood.news\/power\/shop-this-look-buy-cheap-faux-gold-dupes-of-oval-office-decor\/\" rel=\"\" data-link-track-dtm=\"\" data-mrf-link=\"https:\/\/sherwood.news\/power\/shop-this-look-buy-cheap-faux-gold-dupes-of-oval-office-decor\/\">al de unas que se venden por cinco d\u00f3lares en Alibaba<\/a>.<\/p>\n<p>&nbsp;<\/p>\n<figure class=\"a_m a_m-h \">\n<p><div style=\"width: 424px\" class=\"wp-caption alignnone\"><img loading=\"lazy\" decoding=\"async\" class=\"_re lazyload a_m-h\" src=\"https:\/\/imagenes.elpais.com\/resizer\/v2\/T5EXGECWT5BNHKAP6HOT3R35XI.jpg?auth=fb7a844e73d09c015a8c78ba908dc9a26f12123c75ba1b1e8e0e8b5cd79a057b&amp;width=414\" sizes=\"auto, (min-width:1199px) 1155px,(min-width:1001px) calc(100vw - 44px),(min-width:768px) 767px, 100vw\" srcset=\"https:\/\/imagenes.elpais.com\/resizer\/v2\/T5EXGECWT5BNHKAP6HOT3R35XI.jpg?auth=fb7a844e73d09c015a8c78ba908dc9a26f12123c75ba1b1e8e0e8b5cd79a057b&amp;width=414 414w,https:\/\/imagenes.elpais.com\/resizer\/v2\/T5EXGECWT5BNHKAP6HOT3R35XI.jpg?auth=fb7a844e73d09c015a8c78ba908dc9a26f12123c75ba1b1e8e0e8b5cd79a057b&amp;width=828 640w,https:\/\/imagenes.elpais.com\/resizer\/v2\/T5EXGECWT5BNHKAP6HOT3R35XI.jpg?auth=fb7a844e73d09c015a8c78ba908dc9a26f12123c75ba1b1e8e0e8b5cd79a057b&amp;width=980 1000w,https:\/\/imagenes.elpais.com\/resizer\/v2\/T5EXGECWT5BNHKAP6HOT3R35XI.jpg?auth=fb7a844e73d09c015a8c78ba908dc9a26f12123c75ba1b1e8e0e8b5cd79a057b&amp;width=1960 1960w\" alt=\"\" width=\"414\" height=\"276\" \/><p class=\"wp-caption-text\">Donald Trump paseando por el Despacho Oval antes de una cena en el Jard\u00edn de Rosas de la Casa Blanca en septiembre de 2025. Foto MANDEL NGAN (AFP via Getty Images)<\/p><\/div><figcaption class=\"a_m_p\" aria-hidden=\"true\"><\/figcaption><\/figure>\n<h3 class=\"\">Llegan las gr\u00faas<\/h3>\n<p class=\"\">No es que entre los antecesores de Trump no haya habido otros amantes de los interiores caprichosos. A finales del siglo XIX, por ejemplo, el presidente Chester Arthur llen\u00f3 el edificio de las\u00a0<a href=\"https:\/\/www.whitehousehistory.org\/photos\/glass-screen\" rel=\"\" data-link-track-dtm=\"\" data-mrf-link=\"https:\/\/www.whitehousehistory.org\/photos\/glass-screen\">lujosas vidrieras de Tiffany<\/a>, y en su d\u00eda ya se critic\u00f3 la\u00a0<a href=\"https:\/\/www.nytimes.com\/1981\/11\/20\/style\/200-contributors-tour-a-refurbished-white-house.html\" rel=\"\" data-link-track-dtm=\"\" data-mrf-link=\"https:\/\/www.nytimes.com\/1981\/11\/20\/style\/200-contributors-tour-a-refurbished-white-house.html\">costosa redecoraci\u00f3n\u00a0<\/a>que llev\u00f3 a cabo la primera dama Nancy Reagan, quien en plena crisis econ\u00f3mica de 1981 encarg\u00f3 un total de 4.370\u00a0<a href=\"https:\/\/www.whitehousehistory.org\/photos\/the-reagans-china\" rel=\"\" data-link-track-dtm=\"\" data-mrf-link=\"https:\/\/www.whitehousehistory.org\/photos\/the-reagans-china\">piezas de porcelana<\/a>\u00a0para la residencia.<\/p>\n<p class=\"\">Sin embargo, lo que algunos denominan el estilo\u00a0<i>\u201cgilt-y\u201d<\/i>\u00a0o\u00a0<i>\u201cdeplorablecore\u201d<\/i>\u00a0de Donald Trump est\u00e1 a punto de alcanzar unas dimensiones bastante inusuales. Este lunes, comenzaron las demoliciones de la parte del Ala Este donde va a construirse el gran sal\u00f3n de baile que el presidente prometi\u00f3 en agosto, un edificio de 8.361 m2 y con un aforo de m\u00e1s de 650 personas que, ya en 2010, cuando ni siquiera era candidato, Trump\u00a0<a href=\"https:\/\/nypost.com\/2011\/04\/20\/trumps-w-house-ballroom\/\" rel=\"\" data-link-track-dtm=\"\" data-mrf-link=\"https:\/\/nypost.com\/2011\/04\/20\/trumps-w-house-ballroom\/\">le ofreci\u00f3 gratis al presidente Obama\u00a0<\/a>para que as\u00ed hubiera un espacio digno en el que celebrar los banquetes de Estado y otros eventos similares (en el actual comedor de gala entran menos de 200 personas, lo que en la pr\u00e1ctica suele obligar a celebrarlos en grandes carpas).<\/p>\n<p>&nbsp;<\/p>\n<figure class=\"a_m a_m-h \">\n<p><div style=\"width: 424px\" class=\"wp-caption alignnone\"><img loading=\"lazy\" decoding=\"async\" class=\"_re lazyload a_m-h\" src=\"https:\/\/imagenes.elpais.com\/resizer\/v2\/O4LUGWN5RFIPDOZRCVCS4HXDWA.jpg?auth=20346cad631cc8b4c5288db08d3131f4c6bfd87cb5e612b4ace5c8f893fae2a2&amp;width=414\" sizes=\"auto, (min-width:1199px) 1155px,(min-width:1001px) calc(100vw - 44px),(min-width:768px) 767px, 100vw\" srcset=\"https:\/\/imagenes.elpais.com\/resizer\/v2\/O4LUGWN5RFIPDOZRCVCS4HXDWA.jpg?auth=20346cad631cc8b4c5288db08d3131f4c6bfd87cb5e612b4ace5c8f893fae2a2&amp;width=414 414w,https:\/\/imagenes.elpais.com\/resizer\/v2\/O4LUGWN5RFIPDOZRCVCS4HXDWA.jpg?auth=20346cad631cc8b4c5288db08d3131f4c6bfd87cb5e612b4ace5c8f893fae2a2&amp;width=828 640w,https:\/\/imagenes.elpais.com\/resizer\/v2\/O4LUGWN5RFIPDOZRCVCS4HXDWA.jpg?auth=20346cad631cc8b4c5288db08d3131f4c6bfd87cb5e612b4ace5c8f893fae2a2&amp;width=980 1000w,https:\/\/imagenes.elpais.com\/resizer\/v2\/O4LUGWN5RFIPDOZRCVCS4HXDWA.jpg?auth=20346cad631cc8b4c5288db08d3131f4c6bfd87cb5e612b4ace5c8f893fae2a2&amp;width=1960 1960w\" alt=\"\" width=\"414\" height=\"233\" \/><p class=\"wp-caption-text\">Maqueta de la nueva Casa Blanca de Trump, con el sal\u00f3n de baile a la derecha de la imagen. Foto John McDonnell (AP)<\/p><\/div><figcaption class=\"a_m_p\" aria-hidden=\"true\"><\/figcaption><\/figure>\n<p>&nbsp;<\/p>\n<p class=\"\">Por ahora, los casetones, columnas y candelabros dorados del espacio (muy parecidos al sal\u00f3n de baile de Mar-a-Lago) existen solamente en los\u00a0<a href=\"https:\/\/www.archpaper.com\/2025\/08\/trump-ballroom-white-house\/\" rel=\"\" data-link-track-dtm=\"\" data-mrf-link=\"https:\/\/www.archpaper.com\/2025\/08\/trump-ballroom-white-house\/\"><i>renders<\/i>\u00a0del proyecto<\/a>, pero muchos expertos ya han expresado su preocupaci\u00f3n por lo que, guste o no, ser\u00e1 el mayor cambio que ha experimentado la arquitectura de la Casa Blanca desde tiempos del presidente Truman, quien demoli\u00f3 la mayor parte del interior para reformarlo. \u201cS\u00e9 que a nuestro presidente le gustan los superlativos, y esto es superlativo. Nunca antes se hab\u00eda visto algo as\u00ed, en absoluto. Esto eclipsa todo lo que se ha hecho en el inmueble\u201d, declaraba en agosto Edward Lengel, ex historiador jefe de la White House Historical Association, al lamentar en\u00a0<a href=\"https:\/\/www.npr.org\/2025\/08\/03\/nx-s1-5490038\/the-white-house-is-getting-a-new-ballroom-a-former-white-house-historian-reacts\" rel=\"\" data-link-track-dtm=\"\" data-mrf-link=\"https:\/\/www.npr.org\/2025\/08\/03\/nx-s1-5490038\/the-white-house-is-getting-a-new-ballroom-a-former-white-house-historian-reacts\">un programa de la cadena NPR<\/a>\u00a0el desproporcionado tama\u00f1o de un anexo que romper\u00e1 la armon\u00eda del conjunto al \u201crivalizar con el de la residencia presidencial en s\u00ed\u201d.<\/p>\n<p class=\"\"><a title=\"https:\/\/elpais.com\/internacional\/2025-10-21\/trump-tira-la-fachada-del-ala-este-de-la-casa-blanca-para-construir-su-salon-de-baile-de-250-millones-de-dolares.html#?rel=lom\" href=\"https:\/\/elpais.com\/internacional\/2025-10-21\/trump-tira-la-fachada-del-ala-este-de-la-casa-blanca-para-construir-su-salon-de-baile-de-250-millones-de-dolares.html#?rel=lom\" target=\"_self\" rel=\"\" data-link-track-dtm=\"\" data-mrf-link=\"https:\/\/elpais.com\/internacional\/2025-10-21\/trump-tira-la-fachada-del-ala-este-de-la-casa-blanca-para-construir-su-salon-de-baile-de-250-millones-de-dolares.html\">Costar\u00e1 250 millones de d\u00f3lares<\/a>\u00a0y, como Trump quiere inaugurarlo antes de dejar la Casa Blanca en 2029, se ha saltado las consultas que normalmente se llevan a cabo antes de abordar estos proyectos tan aparatosos. El presidente hab\u00eda asegurado que no se alterar\u00eda ninguna de las estructuras ya existentes, pero en las fotos de las obras se ve que las gr\u00faas ya han echado abajo una parte del Ala Este. \u201cCreo que esto va m\u00e1s all\u00e1 de adornar la chimenea de la Casa Blanca con un poco de pan de oro\u201d, opinaba\u00a0<a href=\"https:\/\/www.washingtonpost.com\/politics\/2025\/08\/16\/white-house-renovation-trump-history\/\" rel=\"\" data-link-track-dtm=\"\" data-mrf-link=\"https:\/\/www.washingtonpost.com\/politics\/2025\/08\/16\/white-house-renovation-trump-history\/\">en el\u00a0<i>Washington Post<\/i><\/a>\u00a0el historiador John A. Lawrence, antiguo jefe de gabinete de la dem\u00f3crata Nancy Pelosi. \u201cEn realidad refleja su concepci\u00f3n mon\u00e1rquica y autocr\u00e1tica del cargo\u201d.<\/p>\n<p>&nbsp;<\/p>\n<figure class=\"a_m a_m-v \">\n<p><div style=\"width: 424px\" class=\"wp-caption alignnone\"><img loading=\"lazy\" decoding=\"async\" class=\"_re lazyload a_m-v\" src=\"https:\/\/imagenes.elpais.com\/resizer\/v2\/LF5ZMJIGWZAVVI6YREXY26ATBA.jpg?auth=99fe8803800788870dddf8ff6b1407538fcfdf5638b9a33dd00b07c7d20783c4&amp;width=414\" sizes=\"auto, (min-width:1199px) 1155px,(min-width:1001px) calc(100vw - 44px),(min-width:768px) 767px, 100vw\" srcset=\"https:\/\/imagenes.elpais.com\/resizer\/v2\/LF5ZMJIGWZAVVI6YREXY26ATBA.jpg?auth=99fe8803800788870dddf8ff6b1407538fcfdf5638b9a33dd00b07c7d20783c4&amp;width=414 414w,https:\/\/imagenes.elpais.com\/resizer\/v2\/LF5ZMJIGWZAVVI6YREXY26ATBA.jpg?auth=99fe8803800788870dddf8ff6b1407538fcfdf5638b9a33dd00b07c7d20783c4&amp;width=828 640w,https:\/\/imagenes.elpais.com\/resizer\/v2\/LF5ZMJIGWZAVVI6YREXY26ATBA.jpg?auth=99fe8803800788870dddf8ff6b1407538fcfdf5638b9a33dd00b07c7d20783c4&amp;width=980 1000w,https:\/\/imagenes.elpais.com\/resizer\/v2\/LF5ZMJIGWZAVVI6YREXY26ATBA.jpg?auth=99fe8803800788870dddf8ff6b1407538fcfdf5638b9a33dd00b07c7d20783c4&amp;width=1960 1960w\" alt=\"\" width=\"414\" height=\"419\" \/><p class=\"wp-caption-text\">La rosaleda del jard\u00edn, creada en los a\u00f1os sesenta por la jardinera &#8216;Bunny&#8217; Mellon, fotografiada en 1963. Bettmann (Bettmann Archive)<\/p><\/div><figcaption class=\"a_m_p\" aria-hidden=\"true\"><\/figcaption><\/figure>\n<h3 class=\"\">El jard\u00edn de Jackie<\/h3>\n<p class=\"\">No es la primera vez en lo que va de a\u00f1o que Trump demuestra ser bastante menos nost\u00e1lgico de los viejos tiempos que lo que podr\u00eda sugerir su sal\u00f3n Beaux Arts, un estilo hist\u00f3rico que junto a otros de tipo neocl\u00e1sico adem\u00e1s ha ordenado que sea el preferente para los edificios federales: en agosto, firm\u00f3 la orden ejecutiva\u00a0<a title=\"https:\/\/elpais.com\/icon-design\/2025-02-25\/las-trampas-de-la-arquitectura-civil-bonita-que-promueve-donald-trump.html\" href=\"https:\/\/elpais.com\/icon-design\/2025-02-25\/las-trampas-de-la-arquitectura-civil-bonita-que-promueve-donald-trump.html\" target=\"_self\" rel=\"\" data-link-track-dtm=\"\" data-mrf-link=\"https:\/\/elpais.com\/icon-design\/2025-02-25\/las-trampas-de-la-arquitectura-civil-bonita-que-promueve-donald-trump.html\"><i>\u201cMake Federal Architecture Beautiful Again<\/i><\/a><i>\u201d<\/i>\u00a0\u2014hagamos la arquitectura federal bonita de nuevo\u2014 para favorecer esos estilos cl\u00e1sicos y acabar con la arquitectura \u201cbrutalista\u201d o \u201cmoderna\u201d.<\/p>\n<p class=\"\">Si al anunciar su sal\u00f3n de baile dijo \u201cadorar\u201d el dise\u00f1o de la Casa Blanca, en este segundo mandato el presidente tambi\u00e9n se ha cargado ya uno de los sitios m\u00e1s emblem\u00e1tico de este lugar: la antigua rosaleda del jard\u00edn, creada en los a\u00f1os sesenta por la\u00a0<a href=\"https:\/\/jfk.blogs.archives.gov\/2022\/03\/15\/a-bunny-in-the-rose-garden\/\" rel=\"\" data-link-track-dtm=\"\" data-mrf-link=\"https:\/\/jfk.blogs.archives.gov\/2022\/03\/15\/a-bunny-in-the-rose-garden\/\">jardinera \u201cBunny\u201d Mellon<\/a>\u00a0y reconvertida en lo que ahora podr\u00eda pasar por una plaza dura madrile\u00f1a.<\/p>\n<p class=\"\">Inaugurado el pasado abril a prop\u00f3sito del anuncio de sus aranceles al planeta,\u00a0<a href=\"https:\/\/www.gettyimages.es\/detail\/fotograf%C3%ADa-de-noticias\/metal-tables-and-chairs-along-with-yellow-fotograf%C3%ADa-de-noticias\/2229762446\" rel=\"\" data-link-track-dtm=\"\" data-mrf-link=\"https:\/\/www.gettyimages.es\/detail\/fotograf%C3%ADa-de-noticias\/metal-tables-and-chairs-along-with-yellow-fotograf%C3%ADa-de-noticias\/2229762446\">el patio que mand\u00f3 pavimentar<\/a>\u00a0sobre el c\u00e9sped est\u00e1 dise\u00f1ado, de nuevo, a semejanza del que tiene en Mar-a-Lago, (lo ha decorado con las mismas sombrillas y sillas de exterior), aunque\u00a0<a href=\"https:\/\/x.com\/plathiandc\/status\/1953456816622301615\" rel=\"\" data-link-track-dtm=\"\" data-mrf-link=\"https:\/\/x.com\/plathiandc\/status\/1953456816622301615\">en las redes sociales<\/a>\u00a0tambi\u00e9n lo han comparado con la terraza de un caf\u00e9\u00a0<a href=\"https:\/\/www.google.com\/search?sca_esv=d2b59b7238d5f6ec&amp;sxsrf=AE3TifMVnVwKZQUdYbUdzQcOLa4aK2dNvQ:1757401253188&amp;udm=2&amp;fbs=AIIjpHxU7SXXniUZfeShr2fp4giZ1Y6MJ25_tmWITc7uy4KIetBXe9Do9DAuamxeB-puw_Zt7NylxSslZBY_SJV_6EYF00OuGlbbeq_fI5MmrO6retCo7R6vnWbaTLJEZMG1W3DzaTY8AWvmsNm7DUAuerG5u5J7TidlpirE1rJVnNzqCYzVDh48hf8CZNZJDfGxwDCTunrz&amp;q=panera+bread&amp;sa=X&amp;ved=2ahUKEwjLkbLrjcuPAxUYdaQEHdaALRoQtKgLegQIGxAB&amp;biw=1440&amp;bih=699&amp;dpr=2#vhid=Xg8k7j5m3fyYeM&amp;vssid=mosaic\" rel=\"\" data-link-track-dtm=\"\" data-mrf-link=\"https:\/\/www.google.com\/search?sca_esv=d2b59b7238d5f6ec&amp;sxsrf=AE3TifMVnVwKZQUdYbUdzQcOLa4aK2dNvQ:1757401253188&amp;udm=2&amp;fbs=AIIjpHxU7SXXniUZfeShr2fp4giZ1Y6MJ25_tmWITc7uy4KIetBXe9Do9DAuamxeB-puw_Zt7NylxSslZBY_SJV_6EYF00OuGlbbeq_fI5MmrO6retCo7R6vnWbaTLJEZMG1W3DzaTY8AWvmsNm7DUAuerG5u5J7TidlpirE1rJVnNzqCYzVDh48hf8CZNZJDfGxwDCTunrz&amp;q=panera+bread&amp;sa=X&amp;ved=2ahUKEwjLkbLrjcuPAxUYdaQEHdaALRoQtKgLegQIGxAB&amp;biw=1440&amp;bih=699&amp;dpr=2#vhid=Xg8k7j5m3fyYeM&amp;vssid=mosaic\">Panera Bread<\/a>\u00a0en un campus estudiantil.<\/p>\n<p>&nbsp;<\/p>\n<figure class=\"a_m a_m-h \">\n<p><div style=\"width: 424px\" class=\"wp-caption alignnone\"><img loading=\"lazy\" decoding=\"async\" class=\"_re lazyload a_m-h\" src=\"https:\/\/imagenes.elpais.com\/resizer\/v2\/7X3VMFTFMBBERDEF5HGTKKQ4SU.jpg?auth=9a66896c224cc4219cfe2429f18987d085d1643aef123a85750a4a4b9f1b3a87&amp;width=414\" sizes=\"auto, (min-width:1199px) 1155px,(min-width:1001px) calc(100vw - 44px),(min-width:768px) 767px, 100vw\" srcset=\"https:\/\/imagenes.elpais.com\/resizer\/v2\/7X3VMFTFMBBERDEF5HGTKKQ4SU.jpg?auth=9a66896c224cc4219cfe2429f18987d085d1643aef123a85750a4a4b9f1b3a87&amp;width=414 414w,https:\/\/imagenes.elpais.com\/resizer\/v2\/7X3VMFTFMBBERDEF5HGTKKQ4SU.jpg?auth=9a66896c224cc4219cfe2429f18987d085d1643aef123a85750a4a4b9f1b3a87&amp;width=828 640w,https:\/\/imagenes.elpais.com\/resizer\/v2\/7X3VMFTFMBBERDEF5HGTKKQ4SU.jpg?auth=9a66896c224cc4219cfe2429f18987d085d1643aef123a85750a4a4b9f1b3a87&amp;width=980 1000w,https:\/\/imagenes.elpais.com\/resizer\/v2\/7X3VMFTFMBBERDEF5HGTKKQ4SU.jpg?auth=9a66896c224cc4219cfe2429f18987d085d1643aef123a85750a4a4b9f1b3a87&amp;width=1960 1960w\" alt=\"\" width=\"414\" height=\"276\" \/><p class=\"wp-caption-text\">Trump ha reconvertido la antigua rosaleda en un patio que ha mandado pavimentar sobre el c\u00e9sped dise\u00f1ado a semejanza del que tiene en Mar-a-Lago (incluso lo ha decorado con las mismas sombrillas y sillas de exterior). MANDEL NGAN (AFP via Getty Images)<\/p><\/div><figcaption class=\"a_m_p\" aria-hidden=\"true\"><\/figcaption><\/figure>\n<p>&nbsp;<\/p>\n<p class=\"\">M\u00e1s que una reforma, muchos de sus compatriotas la consideran un aut\u00e9ntico sacrilegio, algo que se entiende mejor si se tiene en cuenta que la rosaleda era uno de los remanentes de los a\u00f1os de Jackie Kennedy, art\u00edfice de la que a\u00fan hoy est\u00e1 considerada una de las mejores fases del interiorismo de la Casa Blanca.<\/p>\n<p class=\"\">En 1961, horrorizada al mudarse all\u00ed y descubrir que la residencia parec\u00eda \u201camueblada por tiendas de descuento\u201d, la entonces primera dama cre\u00f3 un comit\u00e9 de expertos en bellas artes y empez\u00f3 a restaurar el car\u00e1cter hist\u00f3rico del edificio, recomprando para ello algunos de los muebles que hab\u00edan pertenecido a los antiguos presidentes (antes de Jackie, los muebles de la Casa Blanca no estaban protegidos y sol\u00edan salir a subasta) o convenciendo a las familias que los hab\u00edan heredado para que los donasen. Fue ella, por ejemplo, quien recuper\u00f3 los\u00a0<a href=\"https:\/\/www.whitehousehistory.org\/white-house-tour\/the-blue-room\" rel=\"\" data-link-track-dtm=\"\" data-mrf-link=\"https:\/\/www.whitehousehistory.org\/white-house-tour\/the-blue-room\">preciosos sillones de Bellang\u00e9<\/a>\u00a0que el presidente Monroe encarg\u00f3 en 1817 para el Sal\u00f3n Azul, o quien mand\u00f3 colocar en el Despacho Oval el famoso escritorio de roble (<a href=\"https:\/\/www.whitehousehistory.org\/questions\/what-is-the-resolute-desk-and-where-did-it-come-from\" rel=\"\" data-link-track-dtm=\"\" data-mrf-link=\"https:\/\/www.whitehousehistory.org\/questions\/what-is-the-resolute-desk-and-where-did-it-come-from\">el Resolute Desk<\/a>) que la reina Victoria le regal\u00f3 al presidente Rutherford B. Hayes y que desde entonces ha seguido utilizando la mayor\u00eda de los presidentes.<\/p>\n<p class=\"\">Su ambiciosa reforma gust\u00f3 mucho. En febrero de 1962, m\u00e1s de 80 millones de espectadores siguieron la visita guiada que grab\u00f3 Jackie para la cadena CBS, un programa que ciment\u00f3 su fama de mujer de gusto exquisito y por el que adem\u00e1s acab\u00f3 llev\u00e1ndose un Emmy. \u201cEn la Casa Blanca todo debe tener una raz\u00f3n de ser\u201d, explicaba Jackie en la revista\u00a0<i>Life<\/i>\u00a0en esa misma \u00e9poca. \u201cSer\u00eda un sacrilegio solo \u2018redecorarla\u2019, una palabra que detesto. Hay que restaurarla, y eso no tiene nada que ver con la decoraci\u00f3n. Es cuesti\u00f3n de erudici\u00f3n\u201d.<\/p>\n<p>&nbsp;<\/p>\n<figure class=\"a_m a_m-h \">\n<p><div style=\"width: 424px\" class=\"wp-caption alignnone\"><img loading=\"lazy\" decoding=\"async\" class=\"_re lazyload a_m-h\" src=\"https:\/\/imagenes.elpais.com\/resizer\/v2\/BFXB5TNWKFDWBMZQA5PDS4FQ4I.jpg?auth=bb6438c3e25572ddcf766405d350d9c6dfadb3abbd1fa64b672ffa3896e0b7f9&amp;width=414\" sizes=\"auto, (min-width:1199px) 1155px,(min-width:1001px) calc(100vw - 44px),(min-width:768px) 767px, 100vw\" srcset=\"https:\/\/imagenes.elpais.com\/resizer\/v2\/BFXB5TNWKFDWBMZQA5PDS4FQ4I.jpg?auth=bb6438c3e25572ddcf766405d350d9c6dfadb3abbd1fa64b672ffa3896e0b7f9&amp;width=414 414w,https:\/\/imagenes.elpais.com\/resizer\/v2\/BFXB5TNWKFDWBMZQA5PDS4FQ4I.jpg?auth=bb6438c3e25572ddcf766405d350d9c6dfadb3abbd1fa64b672ffa3896e0b7f9&amp;width=828 640w,https:\/\/imagenes.elpais.com\/resizer\/v2\/BFXB5TNWKFDWBMZQA5PDS4FQ4I.jpg?auth=bb6438c3e25572ddcf766405d350d9c6dfadb3abbd1fa64b672ffa3896e0b7f9&amp;width=980 1000w,https:\/\/imagenes.elpais.com\/resizer\/v2\/BFXB5TNWKFDWBMZQA5PDS4FQ4I.jpg?auth=bb6438c3e25572ddcf766405d350d9c6dfadb3abbd1fa64b672ffa3896e0b7f9&amp;width=1960 1960w\" alt=\"\" width=\"414\" height=\"276\" \/><p class=\"wp-caption-text\">Laura Bush en el restaurado Dormitorio Lincoln en 2019. La habitaci\u00f3n fue reamueblada con piezas de la \u00e9poca de Lincoln a partir de fotos y documentos hist\u00f3ricos. The Washington Post (The Washington Post via Getty Im)<\/p><\/div><figcaption class=\"a_m_p\" aria-hidden=\"true\"><\/figcaption><\/figure>\n<p>&nbsp;<\/p>\n<p class=\"\">La misma filosof\u00eda gui\u00f3 a\u00f1os despu\u00e9s a Laura Bush al supervisar la restauraci\u00f3n del <a href=\"https:\/\/www.gettyimages.es\/detail\/fotograf%C3%ADa-de-noticias\/first-lady-laura-bush-stands-in-the-newly-fotograf%C3%ADa-de-noticias\/1134330142?adppopup=true\" rel=\"\" data-link-track-dtm=\"\" data-mrf-link=\"https:\/\/www.gettyimages.es\/detail\/fotograf%C3%ADa-de-noticias\/first-lady-laura-bush-stands-in-the-newly-fotograf%C3%ADa-de-noticias\/1134330142?adppopup=true\">Dormitorio Lincoln<\/a>, vuelto a amueblar con piezas de la \u00e9poca de este presidente a partir de fotos y documentos hist\u00f3ricos. En 2009, los Obama actualizaron la colecci\u00f3n de la Casa Blanca con las pinturas de artistas americanos de la segunda mitad del siglo XX como Edward Hopper, Ed Ruscha, o Jacob Lawrence, el primer afroamericano en formar parte del MoMA, y ensancharon lo que en el edificio se ten\u00eda por hist\u00f3rico o tradicional al incluir piezas de cer\u00e1mica del arte ind\u00edgena americano.<\/p>\n<p class=\"\">Con Trump, el criterio que manda es el oro.<\/p>\n<\/div>\n<div id=\"me-dis\" class=\"me _pf\">\n<div class=\"me_bg\">\n<div class=\"me-dis _pa _df\">\n<div class=\"me-dis_c\">\n<h2 class=\"me-dis_t\"><\/h2>\n<p>&nbsp;<\/p>\n<div class=\"me-dis_l\"><\/div>\n<p>&nbsp;<\/p>\n<p class=\"lk\">\n<p><span id=\"capping-arrow\" class=\"arrow\"><\/span><\/div>\n<\/div>\n<\/div>\n<\/div>\n","protected":false},"excerpt":{"rendered":"<p>&nbsp; &nbsp; Trump lleva a cabo el mayor cambio que ha experimentado la residencia presidencial desde Harry S. Truman y muchos ven en su mastod\u00f3ntico&hellip;<\/p>\n","protected":false},"author":99,"featured_media":537307,"comment_status":"open","ping_status":"open","sticky":false,"template":"","format":"standard","meta":{"footnotes":""},"categories":[24],"tags":[],"class_list":["post-537306","post","type-post","status-publish","format-standard","has-post-thumbnail","hentry","category-mundo"],"_links":{"self":[{"href":"https:\/\/diarioelpopular.com\/index.php\/wp-json\/wp\/v2\/posts\/537306","targetHints":{"allow":["GET"]}}],"collection":[{"href":"https:\/\/diarioelpopular.com\/index.php\/wp-json\/wp\/v2\/posts"}],"about":[{"href":"https:\/\/diarioelpopular.com\/index.php\/wp-json\/wp\/v2\/types\/post"}],"author":[{"embeddable":true,"href":"https:\/\/diarioelpopular.com\/index.php\/wp-json\/wp\/v2\/users\/99"}],"replies":[{"embeddable":true,"href":"https:\/\/diarioelpopular.com\/index.php\/wp-json\/wp\/v2\/comments?post=537306"}],"version-history":[{"count":1,"href":"https:\/\/diarioelpopular.com\/index.php\/wp-json\/wp\/v2\/posts\/537306\/revisions"}],"predecessor-version":[{"id":537308,"href":"https:\/\/diarioelpopular.com\/index.php\/wp-json\/wp\/v2\/posts\/537306\/revisions\/537308"}],"wp:featuredmedia":[{"embeddable":true,"href":"https:\/\/diarioelpopular.com\/index.php\/wp-json\/wp\/v2\/media\/537307"}],"wp:attachment":[{"href":"https:\/\/diarioelpopular.com\/index.php\/wp-json\/wp\/v2\/media?parent=537306"}],"wp:term":[{"taxonomy":"category","embeddable":true,"href":"https:\/\/diarioelpopular.com\/index.php\/wp-json\/wp\/v2\/categories?post=537306"},{"taxonomy":"post_tag","embeddable":true,"href":"https:\/\/diarioelpopular.com\/index.php\/wp-json\/wp\/v2\/tags?post=537306"}],"curies":[{"name":"wp","href":"https:\/\/api.w.org\/{rel}","templated":true}]}}