{"id":537335,"date":"2025-10-23T12:31:44","date_gmt":"2025-10-23T16:31:44","guid":{"rendered":"https:\/\/diarioelpopular.com\/?p=537335"},"modified":"2025-10-23T12:31:44","modified_gmt":"2025-10-23T16:31:44","slug":"con-dos-mermeladas-y-una-bebida-asi-habrian-intentado-envenenar-al-presidente-de-ecuador-daniel-noboa","status":"publish","type":"post","link":"https:\/\/diarioelpopular.com\/index.php\/2025\/10\/23\/con-dos-mermeladas-y-una-bebida-asi-habrian-intentado-envenenar-al-presidente-de-ecuador-daniel-noboa\/","title":{"rendered":"Con dos mermeladas y una bebida: as\u00ed habr\u00edan intentado envenenar al presidente de Ecuador, Daniel Noboa"},"content":{"rendered":"<p><img loading=\"lazy\" decoding=\"async\" class=\"alignnone size-custom-big-size wp-image-537336\" src=\"https:\/\/diarioelpopular.com\/wp-content\/uploads\/2025\/10\/Screen-Shot-2025-10-23-at-12.29.57-PM-1200x958.png\" alt=\"\" width=\"1200\" height=\"958\" srcset=\"https:\/\/diarioelpopular.com\/wp-content\/uploads\/2025\/10\/Screen-Shot-2025-10-23-at-12.29.57-PM-1200x958.png 1200w, https:\/\/diarioelpopular.com\/wp-content\/uploads\/2025\/10\/Screen-Shot-2025-10-23-at-12.29.57-PM-300x239.png 300w, https:\/\/diarioelpopular.com\/wp-content\/uploads\/2025\/10\/Screen-Shot-2025-10-23-at-12.29.57-PM-768x613.png 768w, https:\/\/diarioelpopular.com\/wp-content\/uploads\/2025\/10\/Screen-Shot-2025-10-23-at-12.29.57-PM-636x508.png 636w, https:\/\/diarioelpopular.com\/wp-content\/uploads\/2025\/10\/Screen-Shot-2025-10-23-at-12.29.57-PM-91x73.png 91w, https:\/\/diarioelpopular.com\/wp-content\/uploads\/2025\/10\/Screen-Shot-2025-10-23-at-12.29.57-PM.png 1024w\" sizes=\"auto, (max-width: 1200px) 100vw, 1200px\" \/><\/p>\n<p>&nbsp;<\/p>\n<ul>\n<li><em><strong>Seg\u00fan las autoridades, intentaron envenenar al presidente Noboa por medio de alimentos artesanales con sustancias qu\u00edmicas \u201cconsideradas altamente peligrosas y potencialmente mortales\u201d. Es su segundo atentado en octubre.<\/strong><\/em><\/li>\n<\/ul>\n<p>&nbsp;<\/p>\n<p class=\"second_blur_0\" data-mrf-recirculation=\"Article - enlaces p\u00e1rrafos\">Un impresionante y reciente hallazgo puso en vilo la seguridad del presidente de Ecuador, Daniel Noboa Az\u00edn, al detectarse la presencia de sustancias qu\u00edmicas \u201cpotencialmente peligrosas\u201d en un obsequio destinado al mandatario.<\/p>\n<p data-mrf-recirculation=\"Article - enlaces p\u00e1rrafos\">Las autoridades confirmaron un presunto intento de envenenamiento que al parecer fue frustrado gracias a la oportuna intervenci\u00f3n del equipo de seguridad presidencial; sin embargo, hasta este mi\u00e9rcoles 22 de octubre se revel\u00f3 p\u00fablicamente la situaci\u00f3n.<\/p>\n<h2 class=\"Entretitulo\">Regalo envenenado en Babahoyo<\/h2>\n<div class=\"paragraph\">\n<p data-mrf-recirculation=\"Article - enlaces p\u00e1rrafos\">El incidente se remonta al pasado viernes 17 de octubre en la ciudad de Babahoyo, donde el presidente Noboa, de 39 a\u00f1os, cumpli\u00f3 una visita oficial en la zona para la entrega de beneficios a productores agropecuarios.<\/p>\n<p data-mrf-recirculation=\"Article - enlaces p\u00e1rrafos\">Seg\u00fan report\u00f3 el medio local\u00a0<i>El Comercio<\/i>, una emprendedora no identificada de la zona le entreg\u00f3 al equipo de protocolo del presidente un paquete con ocho productos artesanales. La rutina de inspecci\u00f3n de los agentes de seguridad dio la voz de alarma.<\/p>\n<p data-mrf-recirculation=\"Article - enlaces p\u00e1rrafos\">Tras la revisi\u00f3n, se hallaron \u201cpresuntas irregularidades en tres de los art\u00edculos que se recibieron\u201d, lo que motiv\u00f3 el inicio inmediato de un proceso de investigaci\u00f3n para determinar el origen y la composici\u00f3n de los productos.<\/p>\n<h2 class=\"Entretitulo\">Qu\u00edmicos peligrosos aislados<\/h2>\n<div class=\"paragraph\">\n<p data-mrf-recirculation=\"Article - enlaces p\u00e1rrafos\">La sospecha apenas se confirm\u00f3 este martes 21 de octubre mediante un informe que estableci\u00f3 la presencia de qu\u00edmicos peligrosos en los alimentos artesanales que le hab\u00edan obsequiado al presidente.<\/p>\n<p data-mrf-recirculation=\"Article - enlaces p\u00e1rrafos\">Desde la Casa Militar ecuatoriana detallaron que los tres productos cuestionados eran una mermelada de tamarindo, una mistela o bebida de cacao y una mermelada de chocolate.<\/p>\n<p data-mrf-recirculation=\"Article - enlaces p\u00e1rrafos\">Inmediatamente, las autoridades activaron el protocolo de emergencia. Los tres frascos fueron aislados y remitidos a laboratorios especializados para el an\u00e1lisis t\u00e9cnico y toxicol\u00f3gico. Los cinco art\u00edculos restantes del obsequio fueron devueltos a la remitente.<\/p>\n<p data-mrf-recirculation=\"Article - enlaces p\u00e1rrafos\">El Grupo de Seguridad T\u00e9cnica precis\u00f3 la identidad de los compuestos hallados. Entre los obsequios se detectaron \u201ccloruro de tionilo, cloroetanol y antraceno\u201d, sustancias qu\u00edmicas \u201cconsideradas altamente peligrosas y potencialmente mortales\u201d.<\/p>\n<p data-mrf-recirculation=\"Article - enlaces p\u00e1rrafos\">Hasta el momento, no se han ofrecido m\u00e1s detalles desde las entidades gubernamentales de Ecuador sobre el avance del proceso investigativo ni se han conocido posibles implicados en este grave suceso.<\/p>\n<h2 class=\"Entretitulo\">Ser\u00eda la segunda vez que atentan contra la vida del presidente Noboa en octubre<\/h2>\n<p><img loading=\"lazy\" decoding=\"async\" class=\"alignnone size-custom-big-size wp-image-537337\" src=\"https:\/\/diarioelpopular.com\/wp-content\/uploads\/2025\/10\/Screen-Shot-2025-10-23-at-12.29.15-PM-1200x898.png\" alt=\"\" width=\"1200\" height=\"898\" srcset=\"https:\/\/diarioelpopular.com\/wp-content\/uploads\/2025\/10\/Screen-Shot-2025-10-23-at-12.29.15-PM-1200x898.png 1200w, https:\/\/diarioelpopular.com\/wp-content\/uploads\/2025\/10\/Screen-Shot-2025-10-23-at-12.29.15-PM-300x224.png 300w, https:\/\/diarioelpopular.com\/wp-content\/uploads\/2025\/10\/Screen-Shot-2025-10-23-at-12.29.15-PM-768x574.png 768w, https:\/\/diarioelpopular.com\/wp-content\/uploads\/2025\/10\/Screen-Shot-2025-10-23-at-12.29.15-PM-636x476.png 636w, https:\/\/diarioelpopular.com\/wp-content\/uploads\/2025\/10\/Screen-Shot-2025-10-23-at-12.29.15-PM-98x73.png 98w, https:\/\/diarioelpopular.com\/wp-content\/uploads\/2025\/10\/Screen-Shot-2025-10-23-at-12.29.15-PM.png 1024w\" sizes=\"auto, (max-width: 1200px) 100vw, 1200px\" \/><\/p>\n<div class=\"paragraph\">\n<p data-mrf-recirculation=\"Article - enlaces p\u00e1rrafos\">\n<p data-mrf-recirculation=\"Article - enlaces p\u00e1rrafos\">El pasado 7 de octubre, el presidente de Ecuador, Daniel Noboa, result\u00f3 ileso de un ataque a disparos contra el veh\u00edculo en el que viajaba en medio de las protestas ind\u00edgenas en rechazo a su gobierno, inform\u00f3 la ministra de Ambiente y Energ\u00eda.<\/p>\n<p data-mrf-recirculation=\"Article - enlaces p\u00e1rrafos\">\u201cAparecieron 500 personas y le estuvieron lanzando piedras (a la caravana) y, obviamente, tambi\u00e9n hay signos de bala en el carro del presidente\u201d, dijo la ministra In\u00e9s Manzano a la prensa y asegur\u00f3 que el mandatario sali\u00f3 sano y salvo.<\/p>\n<p data-mrf-recirculation=\"Article - enlaces p\u00e1rrafos\">Varios videos difundidos por la presidencia mostraron la escena desde el interior de uno de los veh\u00edculos, cuando varios objetos chocan contra los vidrios y alguien grita \u201cagachen la cabeza\u201d.<\/p>\n<p data-mrf-recirculation=\"Article - enlaces p\u00e1rrafos\">Otras im\u00e1genes desde afuera dejaron ver un grupo de manifestantes, algunos de ellos ind\u00edgenas con trajes tradicionales, que lanzaron piedras y palos mientras la caravana avanz\u00f3 en medio del sonido de sirenas.<\/p>\n<p data-mrf-recirculation=\"Article - enlaces p\u00e1rrafos\">El convoy fue atacado cuando se trasladaba hacia la localidad andina de Ca\u00f1ar (sur), donde el mandatario inaugur\u00f3 una planta de tratamiento de agua. M\u00e1s tarde y a 70 kil\u00f3metros de all\u00ed, Noboa particip\u00f3 de un acto p\u00fablico en Cuenca.<\/p>\n<p data-mrf-recirculation=\"Article - enlaces p\u00e1rrafos\">\u201cEsas agresiones no se aceptan en el nuevo Ecuador. La ley se aplica a todos. (&#8230;) No vamos a permitir que un poco (algunos, ndlr) de v\u00e1ndalos eviten que trabajemos por ustedes\u201d, dijo el presidente ante los asistentes en Cuenca en ese entonces.<\/p>\n<p data-mrf-recirculation=\"Article - enlaces p\u00e1rrafos\">\n<\/div>\n<\/div>\n<\/div>\n","protected":false},"excerpt":{"rendered":"<p>&nbsp; Seg\u00fan las autoridades, intentaron envenenar al presidente Noboa por medio de alimentos artesanales con sustancias qu\u00edmicas \u201cconsideradas altamente peligrosas y potencialmente mortales\u201d. Es su&hellip;<\/p>\n","protected":false},"author":99,"featured_media":537336,"comment_status":"open","ping_status":"open","sticky":false,"template":"","format":"standard","meta":{"footnotes":""},"categories":[23],"tags":[],"class_list":["post-537335","post","type-post","status-publish","format-standard","has-post-thumbnail","hentry","category-latinoamerica"],"_links":{"self":[{"href":"https:\/\/diarioelpopular.com\/index.php\/wp-json\/wp\/v2\/posts\/537335","targetHints":{"allow":["GET"]}}],"collection":[{"href":"https:\/\/diarioelpopular.com\/index.php\/wp-json\/wp\/v2\/posts"}],"about":[{"href":"https:\/\/diarioelpopular.com\/index.php\/wp-json\/wp\/v2\/types\/post"}],"author":[{"embeddable":true,"href":"https:\/\/diarioelpopular.com\/index.php\/wp-json\/wp\/v2\/users\/99"}],"replies":[{"embeddable":true,"href":"https:\/\/diarioelpopular.com\/index.php\/wp-json\/wp\/v2\/comments?post=537335"}],"version-history":[{"count":1,"href":"https:\/\/diarioelpopular.com\/index.php\/wp-json\/wp\/v2\/posts\/537335\/revisions"}],"predecessor-version":[{"id":537338,"href":"https:\/\/diarioelpopular.com\/index.php\/wp-json\/wp\/v2\/posts\/537335\/revisions\/537338"}],"wp:featuredmedia":[{"embeddable":true,"href":"https:\/\/diarioelpopular.com\/index.php\/wp-json\/wp\/v2\/media\/537336"}],"wp:attachment":[{"href":"https:\/\/diarioelpopular.com\/index.php\/wp-json\/wp\/v2\/media?parent=537335"}],"wp:term":[{"taxonomy":"category","embeddable":true,"href":"https:\/\/diarioelpopular.com\/index.php\/wp-json\/wp\/v2\/categories?post=537335"},{"taxonomy":"post_tag","embeddable":true,"href":"https:\/\/diarioelpopular.com\/index.php\/wp-json\/wp\/v2\/tags?post=537335"}],"curies":[{"name":"wp","href":"https:\/\/api.w.org\/{rel}","templated":true}]}}