{"id":537348,"date":"2025-10-24T09:28:54","date_gmt":"2025-10-24T13:28:54","guid":{"rendered":"https:\/\/diarioelpopular.com\/?p=537348"},"modified":"2025-10-24T09:28:54","modified_gmt":"2025-10-24T13:28:54","slug":"milei-acusa-al-congreso-de-destituyente-en-el-cierre-de-la-campana-electoral-legislativa","status":"publish","type":"post","link":"https:\/\/diarioelpopular.com\/index.php\/2025\/10\/24\/milei-acusa-al-congreso-de-destituyente-en-el-cierre-de-la-campana-electoral-legislativa\/","title":{"rendered":"Milei acusa al Congreso de \u201cdestituyente\u201d en el cierre de la campa\u00f1a electoral legislativa"},"content":{"rendered":"<div id=\"attachment_537349\" style=\"width: 1210px\" class=\"wp-caption alignnone\"><img loading=\"lazy\" decoding=\"async\" aria-describedby=\"caption-attachment-537349\" class=\"wp-image-537349 size-custom-big-size\" src=\"https:\/\/diarioelpopular.com\/wp-content\/uploads\/2025\/10\/Screen-Shot-2025-10-24-at-9.27.58-AM-1200x555.png\" alt=\"\" width=\"1200\" height=\"555\" srcset=\"https:\/\/diarioelpopular.com\/wp-content\/uploads\/2025\/10\/Screen-Shot-2025-10-24-at-9.27.58-AM-1200x555.png 1200w, https:\/\/diarioelpopular.com\/wp-content\/uploads\/2025\/10\/Screen-Shot-2025-10-24-at-9.27.58-AM-300x139.png 300w, https:\/\/diarioelpopular.com\/wp-content\/uploads\/2025\/10\/Screen-Shot-2025-10-24-at-9.27.58-AM-768x355.png 768w, https:\/\/diarioelpopular.com\/wp-content\/uploads\/2025\/10\/Screen-Shot-2025-10-24-at-9.27.58-AM-1536x711.png 1536w, https:\/\/diarioelpopular.com\/wp-content\/uploads\/2025\/10\/Screen-Shot-2025-10-24-at-9.27.58-AM-636x294.png 636w, https:\/\/diarioelpopular.com\/wp-content\/uploads\/2025\/10\/Screen-Shot-2025-10-24-at-9.27.58-AM-146x68.png 146w, https:\/\/diarioelpopular.com\/wp-content\/uploads\/2025\/10\/Screen-Shot-2025-10-24-at-9.27.58-AM.png 1024w\" sizes=\"auto, (max-width: 1200px) 100vw, 1200px\" \/><p id=\"caption-attachment-537349\" class=\"wp-caption-text\">Javier Milei durante el cierre de campa\u00f1a del partido La Libertad Avanza en Rosario, Argentina, este jueves.\u00a0 \u00a0 \u00a0 \u00a0 \u00a0 \u00a0 \u00a0 \u00a0Foto: EFE<\/p><\/div>\n<p>&nbsp;<\/p>\n<ul>\n<li><em><strong>El presidente ultraderechista se proclama al frente del \u201cprimer gobierno libertario de toda la historia del mundo\u201d<\/strong><\/em><\/li>\n<\/ul>\n<p>&nbsp;<\/p>\n<p class=\"\">La escenograf\u00eda es siempre la misma: se encienden las luces, en los parlantes se escucha \u201cyo soy el le\u00f3n, rugi\u00f3 la bestia en medio de la venida\u201d y Javier Milei avanza entre la multitud hacia el escenario. Salta, sacude las manos, corre de un lado al otro arengando a la gente, \u201cHola a todos\u201d, grita con voz ronca y las vocales arrastradas, enfundado en cuero y empapado en sudor.\u00a0<a title=\"https:\/\/elpais.com\/argentina\/2023-10-19\/milei-cierra-su-campana-como-la-nueva-estrella-de-la-politica-argentina-somos-un-fenomeno-mundial.html\" href=\"https:\/\/elpais.com\/argentina\/2023-10-19\/milei-cierra-su-campana-como-la-nueva-estrella-de-la-politica-argentina-somos-un-fenomeno-mundial.html\" target=\"_self\" rel=\"\" data-link-track-dtm=\"\" data-mrf-link=\"https:\/\/elpais.com\/argentina\/2023-10-19\/milei-cierra-su-campana-como-la-nueva-estrella-de-la-politica-argentina-somos-un-fenomeno-mundial.html\">La rutina le dio grandes satisfacciones en 2023<\/a>, cuando venci\u00f3 al peronismo en 2023. Milei volvi\u00f3 ahora a las fuentes en un intento por\u00a0<a title=\"https:\/\/elpais.com\/argentina\/2025-10-07\/milei-celebra-un-recital-de-rock-ante-15000-personas-para-salvar-la-campana-electoral.html\" href=\"https:\/\/elpais.com\/argentina\/2025-10-07\/milei-celebra-un-recital-de-rock-ante-15000-personas-para-salvar-la-campana-electoral.html\" target=\"_self\" rel=\"\" data-link-track-dtm=\"\" data-mrf-link=\"https:\/\/elpais.com\/argentina\/2025-10-07\/milei-celebra-un-recital-de-rock-ante-15000-personas-para-salvar-la-campana-electoral.html\">recuperar algo de aquella m\u00edstica triunfalista<\/a>\u00a0para las elecciones legislativas del pr\u00f3ximo domingo. Este jueves fue el cierre de campa\u00f1a y Milei eligi\u00f3 Rosario, la tercera ciudad m\u00e1s poblada del pa\u00eds despu\u00e9s de Buenos Aires y C\u00f3rdoba.<\/p>\n<p class=\"\">\u201cSomos el primer gobierno liberal libertario no solo de Argentina, sino de toda la historia del mundo\u201d, dijo Milei. Hizo un repaso de sus logros econ\u00f3micos, acus\u00f3 al peronismo de llevar al pa\u00eds hacia \u201cuna dictadura castrochavista\u201d, denunci\u00f3 que en Rosario \u201cacecha el fantasma del comunismo\u201d y se refiri\u00f3 a Cristina Kirchner, sin nombrarla, como \u201cla condenada\u201d y la \u201creina de la tobillera\u201d, por el dispositivo de seguimiento que porta\u00a0<a title=\"https:\/\/elpais.com\/argentina\/2025-06-17\/cristina-kirchner-inicia-seis-anos-de-prision-domiciliaria-por-corrupcion.html\" href=\"https:\/\/elpais.com\/argentina\/2025-06-17\/cristina-kirchner-inicia-seis-anos-de-prision-domiciliaria-por-corrupcion.html\" target=\"_self\" rel=\"\" data-link-track-dtm=\"\" data-mrf-link=\"https:\/\/elpais.com\/argentina\/2025-06-17\/cristina-kirchner-inicia-seis-anos-de-prision-domiciliaria-por-corrupcion.html\">en su prisi\u00f3n domiciliaria.<\/a><\/p>\n<p class=\"\">Milei carg\u00f3 tambi\u00e9n contra el Congreso, al que acus\u00f3 de destituyente. Seg\u00fan el resumen presidencial, durante el primer a\u00f1o el Gobierno y sus aliados \u201caprobaban todo porque pensaban que iba a salir mal\u201d. \u201cCuando arranc\u00f3 este a\u00f1o y la econom\u00eda ven\u00eda a todo vapor, empezaron a poner en marcha la m\u00e1quina de impedir. A pesar de ello, y un Congreso destituyente, hoy llegamos a las elecciones de pie y a partir del domingo va a cambiar en serio la Argentina\u201d, dijo. La \u00fanica soluci\u00f3n, dijo Milei, es \u201cvotar para cambiarle la cara al Congreso\u201d.<\/p>\n<p class=\"\">Las elecciones legislativas de medio t\u00e9rmino no suelen ser relevantes en Argentina. Es com\u00fan que los oficialismos pierdan sin que se produzca ning\u00fan terremoto pol\u00edtico. Como la renovaci\u00f3n de diputados y senadores es parcial, las relaciones de fuerza apenas se modifican, cualquiera sea el resultado. En este caso, sin embargo, la ultraderecha se siente ante una batalla definitiva.<\/p>\n<p>&nbsp;<\/p>\n<figure class=\"a_m a_m-h \">\n<p><div style=\"width: 424px\" class=\"wp-caption alignnone\"><img loading=\"lazy\" decoding=\"async\" class=\"_re lazyload a_m-h\" src=\"https:\/\/imagenes.elpais.com\/resizer\/v2\/FAXNGLOEIVNC5BAALP4DPVMPSU.jpg?auth=1e822b1a4835ad3521f26dd84f60219b6c997d4c527afb1d66c4b55e638ead8f&amp;width=414\" sizes=\"auto, (min-width:1199px) 1155px,(min-width:1001px) calc(100vw - 44px),(min-width:768px) 767px, 100vw\" srcset=\"https:\/\/imagenes.elpais.com\/resizer\/v2\/FAXNGLOEIVNC5BAALP4DPVMPSU.jpg?auth=1e822b1a4835ad3521f26dd84f60219b6c997d4c527afb1d66c4b55e638ead8f&amp;width=414 414w,https:\/\/imagenes.elpais.com\/resizer\/v2\/FAXNGLOEIVNC5BAALP4DPVMPSU.jpg?auth=1e822b1a4835ad3521f26dd84f60219b6c997d4c527afb1d66c4b55e638ead8f&amp;width=828 640w,https:\/\/imagenes.elpais.com\/resizer\/v2\/FAXNGLOEIVNC5BAALP4DPVMPSU.jpg?auth=1e822b1a4835ad3521f26dd84f60219b6c997d4c527afb1d66c4b55e638ead8f&amp;width=980 1000w,https:\/\/imagenes.elpais.com\/resizer\/v2\/FAXNGLOEIVNC5BAALP4DPVMPSU.jpg?auth=1e822b1a4835ad3521f26dd84f60219b6c997d4c527afb1d66c4b55e638ead8f&amp;width=1960 1960w\" alt=\"\" width=\"414\" height=\"277\" \/><p class=\"wp-caption-text\">Milei se une a la multitud durante una manifestaci\u00f3n en apoyo a los candidatos de su partido antes de las pr\u00f3ximas elecciones.\u00a0 \u00a0Foto Rodrigo Abd (AP)<\/p><\/div><figcaption class=\"a_m_p\" aria-hidden=\"true\"><\/figcaption><\/figure>\n<p>&nbsp;<\/p>\n<p class=\"\">Sucede que su representaci\u00f3n parlamentaria es raqu\u00edtica, producto del poco m\u00e1s del 30% que Milei sac\u00f3 en la primera vuelta presidencial de 2023. Como su partido era nuevo, hace dos a\u00f1os parti\u00f3 de cero. La expectativa de la Casa Rosada es alcanzar ahora al menos el tercio que necesita en ambas c\u00e1maras\u00a0<a title=\"https:\/\/elpais.com\/argentina\/2025-09-04\/el-congreso-rechaza-un-veto-de-milei-y-repone-la-ley-de-emergencia-en-discapacidad.html\" href=\"https:\/\/elpais.com\/argentina\/2025-09-04\/el-congreso-rechaza-un-veto-de-milei-y-repone-la-ley-de-emergencia-en-discapacidad.html\" target=\"_self\" rel=\"\" data-link-track-dtm=\"\" data-mrf-link=\"https:\/\/elpais.com\/argentina\/2025-09-04\/el-congreso-rechaza-un-veto-de-milei-y-repone-la-ley-de-emergencia-en-discapacidad.html\">para defender los vetos que Milei ha aplicado a las leyes<\/a>\u00a0aprobadas por la oposici\u00f3n que considera contrarias a sus intereses.<\/p>\n<p class=\"\">Para impulsar leyes propias, sin embargo, estar\u00e1 obligado a negociar con la oposici\u00f3n considerada dialoguista aunque el domingo consiga un triunfo arrollador. La expectativa est\u00e1 lejos de eso. El Gobierno lleva dos meses sumido en un fango de problemas: perdi\u00f3 por v\u00ednculos con el narco a su principal candidato en Buenos Aires,\u00a0<a title=\"https:\/\/elpais.com\/argentina\/2025-10-23\/milei-sufre-la-renuncia-de-otro-ministro-a-72-horas-de-las-elecciones-legislativas.html\" href=\"https:\/\/elpais.com\/argentina\/2025-10-23\/milei-sufre-la-renuncia-de-otro-ministro-a-72-horas-de-las-elecciones-legislativas.html\" target=\"_self\" rel=\"\" data-link-track-dtm=\"\" data-mrf-link=\"https:\/\/elpais.com\/argentina\/2025-10-23\/milei-sufre-la-renuncia-de-otro-ministro-a-72-horas-de-las-elecciones-legislativas.html\">renunciaron dos ministros solo en esta semana<\/a>\u00a0y la econom\u00eda anda a los tumbos.<\/p>\n<p class=\"\">Si el tipo de cambio y la inflaci\u00f3n no se han disparado, ha sido por la mano generosa de Donald Trump, que <a title=\"https:\/\/elpais.com\/argentina\/2025-10-22\/la-trampa-de-trump.html\" href=\"https:\/\/elpais.com\/argentina\/2025-10-22\/la-trampa-de-trump.html\" target=\"_self\" rel=\"\" data-link-track-dtm=\"\" data-mrf-link=\"https:\/\/elpais.com\/argentina\/2025-10-22\/la-trampa-de-trump.html\">ofreci\u00f3 40.000 millones de d\u00f3lares para ayudar a su amigo.<\/a> Milei no hizo menci\u00f3n alguna al republicano en su discurso ni se refiri\u00f3 a los problemas econ\u00f3micos que hoy le quitan el sue\u00f1o. Su gabinete fue esta noche \u201cel mejor de toda la historia\u201d, cada uno de sus ministros \u201cbrillantes\u201d y sus diputados \u201cleones en el Congreso\u201d. \u201cNecesitamos que nos acompa\u00f1en\u201d, pidi\u00f3 una y otra vez.<\/p>\n<h3 class=\"\">La campa\u00f1a del peronismo<\/h3>\n<p class=\"\">A la grandilocuencia de la ultraderecha, el peronismo opuso una campa\u00f1a de m\u00ednimos, confiando en que basta con observar en silencio los enredos del presidente para sumar votos. La campa\u00f1a del principal partido de la oposici\u00f3n ha estado dominada por el eslogan \u201cHay que frenar a Milei\u201d. Acusan al presidente ultraderechista de gobernar \u201ccon crueldad\u201d por los impopulares recortes realizados en \u00e1reas sensibles como jubilaciones, discapacidad, ciencia, salud y educaci\u00f3n p\u00fablica.<\/p>\n<p class=\"\">El gran acto de cierre se celebr\u00f3 en la provincia de Buenos Aires, el basti\u00f3n electoral del peronismo. El pasado 7 de septiembre, este movimiento pol\u00edtico\u00a0<a title=\"https:\/\/elpais.com\/argentina\/2025-09-08\/el-peronismo-arrasa-en-buenos-aires-y-desafia-la-gobernabilidad-de-milei.html\" href=\"https:\/\/elpais.com\/argentina\/2025-09-08\/el-peronismo-arrasa-en-buenos-aires-y-desafia-la-gobernabilidad-de-milei.html\" target=\"_self\" rel=\"\" data-link-track-dtm=\"\" data-mrf-link=\"https:\/\/elpais.com\/argentina\/2025-09-08\/el-peronismo-arrasa-en-buenos-aires-y-desafia-la-gobernabilidad-de-milei.html\">gan\u00f3 por un mill\u00f3n de votos a La Libertad Avanza\u00a0<\/a>en las elecciones legislativas provinciales y busca repetir el triunfo el pr\u00f3ximo 26 de octubre.<\/p>\n<p>&nbsp;<\/p>\n<figure class=\"a_m a_m-h \">\n<p><div style=\"width: 424px\" class=\"wp-caption alignnone\"><img loading=\"lazy\" decoding=\"async\" class=\"_re lazyload a_m-h\" src=\"https:\/\/imagenes.elpais.com\/resizer\/v2\/TM2OB7JNAFPLVFYQ6PIFTZEXDA.jpg?auth=9fffcf95ff94de432030d45ec61cd66a47504922a09327ab14ed44c2f2cc47e0&amp;width=414\" sizes=\"auto, (min-width:1199px) 1155px,(min-width:1001px) calc(100vw - 44px),(min-width:768px) 767px, 100vw\" srcset=\"https:\/\/imagenes.elpais.com\/resizer\/v2\/TM2OB7JNAFPLVFYQ6PIFTZEXDA.jpg?auth=9fffcf95ff94de432030d45ec61cd66a47504922a09327ab14ed44c2f2cc47e0&amp;width=414 414w,https:\/\/imagenes.elpais.com\/resizer\/v2\/TM2OB7JNAFPLVFYQ6PIFTZEXDA.jpg?auth=9fffcf95ff94de432030d45ec61cd66a47504922a09327ab14ed44c2f2cc47e0&amp;width=828 640w,https:\/\/imagenes.elpais.com\/resizer\/v2\/TM2OB7JNAFPLVFYQ6PIFTZEXDA.jpg?auth=9fffcf95ff94de432030d45ec61cd66a47504922a09327ab14ed44c2f2cc47e0&amp;width=980 1000w,https:\/\/imagenes.elpais.com\/resizer\/v2\/TM2OB7JNAFPLVFYQ6PIFTZEXDA.jpg?auth=9fffcf95ff94de432030d45ec61cd66a47504922a09327ab14ed44c2f2cc47e0&amp;width=1960 1960w\" alt=\"\" width=\"414\" height=\"277\" \/><p class=\"wp-caption-text\">Axel Kicillof durante un evento de cierre de campa\u00f1a en la provincia de Buenos Aires, este jueves. Foto JUAN IGNACIO RONCORONI (EFE)<\/p><\/div><figcaption class=\"a_m_p\" aria-hidden=\"true\"><\/figcaption><\/figure>\n<p>&nbsp;<\/p>\n<p class=\"\">El gobernador bonaerense, el peronista Axel Kicillof, y el excandidato presidencial Sergio Massa, se mostraron juntos en el escenario montado en la Universidad de San Mart\u00edn. La elecci\u00f3n del lugar fue estrat\u00e9gica: las universidades p\u00fablicas fueron las primeras en movilizar a los argentinos contra el desguace del Estado iniciado por Milei con grandes manifestaciones. La defensa de la educaci\u00f3n superior se ha convertido en uno de los caballitos de batalla de la oposici\u00f3n, que ha aprobado una ley para aumentar su financiaci\u00f3n que <a title=\"https:\/\/elpais.com\/argentina\/2025-10-22\/milei-paraliza-las-leyes-que-dan-mas-fondos-a-universidades-y-hospitales-pediatricos.html\" href=\"https:\/\/elpais.com\/argentina\/2025-10-22\/milei-paraliza-las-leyes-que-dan-mas-fondos-a-universidades-y-hospitales-pediatricos.html\" target=\"_self\" rel=\"\" data-link-track-dtm=\"\" data-mrf-link=\"https:\/\/elpais.com\/argentina\/2025-10-22\/milei-paraliza-las-leyes-que-dan-mas-fondos-a-universidades-y-hospitales-pediatricos.html\">Milei mantiene suspendida.<\/a><\/p>\n<p class=\"\">Kicillof arremeti\u00f3 con dureza contra Milei y contra el programa econ\u00f3mico que dirige su ministro Luis Caputo: \u201cCon la nuestra, la tuya, la de todos: se est\u00e1n timbeando [rifando] el pa\u00eds a la vista de todo el mundo. Ni liberar ni libertario ni austriaco: vinieron a fundir, endeudar y fugar la Argentina\u201d, afirm\u00f3. El gobernador peronista critic\u00f3 a Milei de vender como novedoso un modelo de ajuste que ya se hab\u00eda aplicado muchas veces antes en Argentina: \u201cLo nuevo, la motosierra, era una estafa en TikTok\u201d.<\/p>\n<p class=\"\">En la capital argentina, los candidatos peronistas eligieron un club de barrio del sur de la ciudad para su acto de cierre. Banderas de las distintas agrupaciones peronistas ondeaban junto a pancartas que ped\u00edan la liberaci\u00f3n de Kirchner, condenada a seis a\u00f1os de c\u00e1rcel por corrupci\u00f3n. Los militantes corearon consignas contra Milei y contra su alineamiento incondicional con Estados Unidos. \u201cPatria s\u00ed, colonia no\u201d, gritaron tras la proyecci\u00f3n de un v\u00eddeo que criticaba a la titular del FMI, Kristalina Georgieva, y al presidente estadounidense, Donald Trump, por su injerencia en la campa\u00f1a argentina.<\/p>\n<p class=\"\">\u201cCualquier acuerdo que haga Milei con [el secretario del Tesoro] Scott Bessent o con Donald Trump y que no pase por el Congreso, va a ser declarado nulo\u201d, prometi\u00f3 el candidato a diputado Ita\u00ed Hagman. La ciudad de Buenos Aires es un territorio hostil para el peronismo. En 2023, Milei se impuso en 14 de las 15 comunas de la ciudad de Buenos Aires. Pero dos a\u00f1os despu\u00e9s, esta fuerza opositora aspira a recuperar parte de los votos que perdi\u00f3 en ese momento en barrios populares como Nueva Pompeya, en el extremo sur.<\/p>\n","protected":false},"excerpt":{"rendered":"<p>&nbsp; El presidente ultraderechista se proclama al frente del \u201cprimer gobierno libertario de toda la historia del mundo\u201d &nbsp; La escenograf\u00eda es siempre la misma:&hellip;<\/p>\n","protected":false},"author":99,"featured_media":537349,"comment_status":"open","ping_status":"open","sticky":false,"template":"","format":"standard","meta":{"footnotes":""},"categories":[23],"tags":[],"class_list":["post-537348","post","type-post","status-publish","format-standard","has-post-thumbnail","hentry","category-latinoamerica"],"_links":{"self":[{"href":"https:\/\/diarioelpopular.com\/index.php\/wp-json\/wp\/v2\/posts\/537348","targetHints":{"allow":["GET"]}}],"collection":[{"href":"https:\/\/diarioelpopular.com\/index.php\/wp-json\/wp\/v2\/posts"}],"about":[{"href":"https:\/\/diarioelpopular.com\/index.php\/wp-json\/wp\/v2\/types\/post"}],"author":[{"embeddable":true,"href":"https:\/\/diarioelpopular.com\/index.php\/wp-json\/wp\/v2\/users\/99"}],"replies":[{"embeddable":true,"href":"https:\/\/diarioelpopular.com\/index.php\/wp-json\/wp\/v2\/comments?post=537348"}],"version-history":[{"count":1,"href":"https:\/\/diarioelpopular.com\/index.php\/wp-json\/wp\/v2\/posts\/537348\/revisions"}],"predecessor-version":[{"id":537350,"href":"https:\/\/diarioelpopular.com\/index.php\/wp-json\/wp\/v2\/posts\/537348\/revisions\/537350"}],"wp:featuredmedia":[{"embeddable":true,"href":"https:\/\/diarioelpopular.com\/index.php\/wp-json\/wp\/v2\/media\/537349"}],"wp:attachment":[{"href":"https:\/\/diarioelpopular.com\/index.php\/wp-json\/wp\/v2\/media?parent=537348"}],"wp:term":[{"taxonomy":"category","embeddable":true,"href":"https:\/\/diarioelpopular.com\/index.php\/wp-json\/wp\/v2\/categories?post=537348"},{"taxonomy":"post_tag","embeddable":true,"href":"https:\/\/diarioelpopular.com\/index.php\/wp-json\/wp\/v2\/tags?post=537348"}],"curies":[{"name":"wp","href":"https:\/\/api.w.org\/{rel}","templated":true}]}}