{"id":537355,"date":"2025-10-24T09:43:00","date_gmt":"2025-10-24T13:43:00","guid":{"rendered":"https:\/\/diarioelpopular.com\/?p=537355"},"modified":"2025-10-24T09:43:00","modified_gmt":"2025-10-24T13:43:00","slug":"por-que-europa-no-elimina-el-cambio-de-hora-los-temores-de-una-desincronizacion","status":"publish","type":"post","link":"https:\/\/diarioelpopular.com\/index.php\/2025\/10\/24\/por-que-europa-no-elimina-el-cambio-de-hora-los-temores-de-una-desincronizacion\/","title":{"rendered":"\u00bfPor qu\u00e9 Europa no elimina el cambio de hora? Los temores de una desincronizaci\u00f3n"},"content":{"rendered":"<div id=\"attachment_537357\" style=\"width: 1210px\" class=\"wp-caption alignnone\"><img loading=\"lazy\" decoding=\"async\" aria-describedby=\"caption-attachment-537357\" class=\"wp-image-537357 size-custom-big-size\" src=\"https:\/\/diarioelpopular.com\/wp-content\/uploads\/2025\/10\/Screen-Shot-2025-10-24-at-9.42.15-AM-1200x801.png\" alt=\"\" width=\"1200\" height=\"801\" srcset=\"https:\/\/diarioelpopular.com\/wp-content\/uploads\/2025\/10\/Screen-Shot-2025-10-24-at-9.42.15-AM-1200x801.png 1200w, https:\/\/diarioelpopular.com\/wp-content\/uploads\/2025\/10\/Screen-Shot-2025-10-24-at-9.42.15-AM-300x200.png 300w, https:\/\/diarioelpopular.com\/wp-content\/uploads\/2025\/10\/Screen-Shot-2025-10-24-at-9.42.15-AM-768x513.png 768w, https:\/\/diarioelpopular.com\/wp-content\/uploads\/2025\/10\/Screen-Shot-2025-10-24-at-9.42.15-AM-636x425.png 636w, https:\/\/diarioelpopular.com\/wp-content\/uploads\/2025\/10\/Screen-Shot-2025-10-24-at-9.42.15-AM-109x73.png 109w, https:\/\/diarioelpopular.com\/wp-content\/uploads\/2025\/10\/Screen-Shot-2025-10-24-at-9.42.15-AM.png 1024w\" sizes=\"auto, (max-width: 1200px) 100vw, 1200px\" \/><p id=\"caption-attachment-537357\" class=\"wp-caption-text\">Un reloj en la estaci\u00f3n de Berl\u00edn-Alexanderplatz, en una imagen de archivo. Christoph Soeder (dpa\/Getty Images)<\/p><\/div>\n<p>&nbsp;<\/p>\n<ul>\n<li><em><strong>Los Estados miembro no logran un consenso en torno a cu\u00e1les son los riesgos de mantener la hora acorde a la geograf\u00eda<\/strong><\/em><\/li>\n<\/ul>\n<p>&nbsp;<\/p>\n<p class=\"\">El anuncio del presidente del Gobierno espa\u00f1ol, <a title=\"https:\/\/elpais.com\/espana\/2025-10-20\/el-gobierno-propone-acabar-con-el-cambio-de-hora-estacional-desde-2026.html\" href=\"https:\/\/elpais.com\/espana\/2025-10-20\/el-gobierno-propone-acabar-con-el-cambio-de-hora-estacional-desde-2026.html\" target=\"_blank\" rel=\"noopener noreferrer\" data-link-track-dtm=\"\" data-mrf-link=\"https:\/\/elpais.com\/espana\/2025-10-20\/el-gobierno-propone-acabar-con-el-cambio-de-hora-estacional-desde-2026.html\">Pedro S\u00e1nchez, de retomar el debate sobre la abolici\u00f3n del cambio estacional<\/a>\u00a0de hora ha devuelto a la actualidad un tema que resurge cada primavera y oto\u00f1o. Este domingo, los espa\u00f1oles y sus vecinos europeos volver\u00e1n a retrasar los relojes una hora, mientras la\u00a0<a title=\"https:\/\/elpais.com\/sociedad\/2025-10-20\/la-propuesta-de-sanchez-de-acabar-con-el-cambio-horario-un-debate-recurrente-en-europa-y-entre-los-expertos.html\" href=\"https:\/\/elpais.com\/sociedad\/2025-10-20\/la-propuesta-de-sanchez-de-acabar-con-el-cambio-horario-un-debate-recurrente-en-europa-y-entre-los-expertos.html\" target=\"_blank\" rel=\"noopener noreferrer\" data-link-track-dtm=\"\" data-mrf-link=\"https:\/\/elpais.com\/sociedad\/2025-10-20\/la-propuesta-de-sanchez-de-acabar-con-el-cambio-horario-un-debate-recurrente-en-europa-y-entre-los-expertos.html\">discusi\u00f3n sobre si mantener o eliminar esta pr\u00e1ctica<\/a>\u00a0permanece estancada, a la espera de evidencias sobre su impacto econ\u00f3mico, un estudio que deber\u00eda haber encargado la Comisi\u00f3n Europea.<\/p>\n<p class=\"\">En los \u00faltimos a\u00f1os, varios Estados miembros, como Espa\u00f1a,\u00a0<a title=\"https:\/\/www.consilium.europa.eu\/en\/policies\/seasonal-time-changes\/\" href=\"https:\/\/www.consilium.europa.eu\/en\/policies\/seasonal-time-changes\/\" target=\"_blank\" rel=\"noopener noreferrer\" data-link-track-dtm=\"\" data-mrf-link=\"https:\/\/www.consilium.europa.eu\/en\/policies\/seasonal-time-changes\/\">han planteado poner fin al cambio horario<\/a>. Sin embargo, los gobiernos no logran alcanzar un consenso sobre sus preferencias y son conscientes de que, sin coordinaci\u00f3n, el mercado com\u00fan se ver\u00eda perjudicado. La Comisi\u00f3n ha prometido en los \u00faltimos meses realizar un estudio de evaluaci\u00f3n de impacto, pero no hay noticias de que esos trabajos hayan comenzado. Sin consenso, los pa\u00edses seguir\u00e1n reajustando las manecillas del reloj.<\/p>\n<div id=\"elpais_gpt-INTEXT\" data-google-query-id=\"CNHjtPr6vJADFT_GdgUd15UFKQ\">\n<div id=\"google_ads_iframe_7811748\/elpais_web\/sociedad_5__container__\" class=\"primisslate\">\n<div id=\"primis_container_div_68fb81ab4ddbd\">\n<p class=\"\">La cuesti\u00f3n volvi\u00f3 a cobrar fuerza en 2018, cuando una\u00a0<a title=\"https:\/\/elpais.com\/internacional\/2018\/08\/30\/actualidad\/1535619026_263003.html\" href=\"https:\/\/elpais.com\/internacional\/2018\/08\/30\/actualidad\/1535619026_263003.html\" target=\"_blank\" rel=\"noopener noreferrer\" data-link-track-dtm=\"\" data-mrf-link=\"https:\/\/elpais.com\/internacional\/2018\/08\/30\/actualidad\/1535619026_263003.html\">consulta p\u00fablica mostr\u00f3 que el 84% de los europeos<\/a>\u00a0era partidario de abolir el cambio de hora. En respuesta, la Comisi\u00f3n Europea propuso suprimirlo ya al a\u00f1o siguiente, con la intenci\u00f3n de demostrar que Bruselas pod\u00eda reaccionar con agilidad ante las demandas ciudadanas. Sin embargo, la propuesta qued\u00f3 paralizada pocos meses despu\u00e9s: los ministros de Transporte reclamaron m\u00e1s tiempo para debatir sus implicaciones. El\u00a0<a title=\"https:\/\/elpais.com\/sociedad\/2019\/03\/26\/actualidad\/1553593263_821044.html\" href=\"https:\/\/elpais.com\/sociedad\/2019\/03\/26\/actualidad\/1553593263_821044.html\" target=\"_blank\" rel=\"noopener noreferrer\" data-link-track-dtm=\"\" data-mrf-link=\"https:\/\/elpais.com\/sociedad\/2019\/03\/26\/actualidad\/1553593263_821044.html\">Parlamento Europeo retom\u00f3 el asunto en 2019<\/a>\u00a0y vot\u00f3 a favor de acabar con el cambio horario a partir de 2021. Una vez m\u00e1s, sin el acuerdo de Los Veintisiete, la medida nunca lleg\u00f3 a aplicarse.<\/p>\n<p class=\"\">Seg\u00fan Jos\u00e9 \u00c1ngel L\u00f3pez, investigador especializado en las instituciones de la Uni\u00f3n Europea, podr\u00eda ser un buen momento para volver a plantear el tema, ya que los pa\u00edses revisan estas directivas cada cinco a\u00f1os. Pero, advierte, \u201cla medida necesitar\u00e1 el apoyo por\u00a0<a title=\"https:\/\/www.consilium.europa.eu\/es\/council-eu\/voting-system\/qualified-majority\/\" href=\"https:\/\/www.consilium.europa.eu\/es\/council-eu\/voting-system\/qualified-majority\/\" target=\"_blank\" rel=\"noopener noreferrer\" data-link-track-dtm=\"\" data-mrf-link=\"https:\/\/www.consilium.europa.eu\/es\/council-eu\/voting-system\/qualified-majority\/\">mayor\u00eda cualificada en el Consejo de la Uni\u00f3n Europea<\/a>\u201d. En la pr\u00e1ctica, eso implica que al menos 15 pa\u00edses \u2014que representen como m\u00ednimo el 65% de la poblaci\u00f3n comunitaria\u2014 deber\u00e1n votar a favor para iniciar el procedimiento que permitir\u00eda derogar la directiva en vigor desde 2001, que establece el actual sistema de cambio de hora.<\/p>\n<h3 class=\"\">La hora del desacuerdo<\/h3>\n<p class=\"\">El bloqueo persiste en el Consejo de la UE. \u201cEl problema no es Bruselas, sino la falta de coordinaci\u00f3n entre los Estados\u201d, matiza el historiador y experto en Derecho Internacional Julio Guinea Bonillo. \u201cLos pa\u00edses saben que desincronizar sus horarios puede acarrear p\u00e9rdidas econ\u00f3micas importantes\u201d.<\/p>\n<p class=\"\">Polonia, durante su turno de presidencia del Consejo de la UE en 2025, intent\u00f3 reactivar el debate. En abril, propuso adoptar un horario \u00fanico \u2014el de verano\u2014 con una revisi\u00f3n bianual. En junio, volvi\u00f3 a poner el tema sobre la mesa en el Consejo de Transporte, Telecomunicaciones y Energ\u00eda. Seg\u00fan\u00a0<a title=\"https:\/\/www.gov.pl\/web\/rozwoj-technologia\/wstrzymanie-sezonowych-zmian-czasu-w-ue-z-konkretnymi-decyzjami-komisja-europejska-zleca-kluczowa-analize\" href=\"https:\/\/www.gov.pl\/web\/rozwoj-technologia\/wstrzymanie-sezonowych-zmian-czasu-w-ue-z-konkretnymi-decyzjami-komisja-europejska-zleca-kluczowa-analize\" target=\"_blank\" rel=\"noopener noreferrer\" data-link-track-dtm=\"\" data-mrf-link=\"https:\/\/www.gov.pl\/web\/rozwoj-technologia\/wstrzymanie-sezonowych-zmian-czasu-w-ue-z-konkretnymi-decyzjami-komisja-europejska-zleca-kluczowa-analize\">informaci\u00f3n oficial del Gobierno polaco<\/a>, la Comisi\u00f3n se comprometi\u00f3 entonces a elaborar un an\u00e1lisis de impacto sobre la medida.<\/p>\n<p class=\"\">Un portavoz comunitario ha informado a este diario que \u201cse est\u00e1 preparando un estudio para apoyar la toma de decisiones, analizando los diferentes escenarios de aplicaci\u00f3n\u201d. Sin embargo, no hay ninguna confirmaci\u00f3n de las instituciones europeas de que esos trabajos se hayan iniciado.<\/p>\n<h3 class=\"\">Historia de la sincronizaci\u00f3n<\/h3>\n<p class=\"\">El horario de verano se introdujo por primera vez durante la Primera Guerra Mundial: en 1916 Alemania y el\u00a0<a title=\"https:\/\/elpais.com\/internacional\/2024-09-30\/hacia-un-imperio-austrohungaro-iliberal.html\" href=\"https:\/\/elpais.com\/internacional\/2024-09-30\/hacia-un-imperio-austrohungaro-iliberal.html\" target=\"_blank\" rel=\"noopener noreferrer\" data-link-track-dtm=\"\" data-mrf-link=\"https:\/\/elpais.com\/internacional\/2024-09-30\/hacia-un-imperio-austrohungaro-iliberal.html\">Imperio austroh\u00fangaro<\/a>\u00a0lo adoptaron para ahorrar combustible. Poco despu\u00e9s, lo hizo el Reino Unido. La pr\u00e1ctica se abandon\u00f3 al finalizar la guerra, pero se generaliz\u00f3 de nuevo durante la Segunda. En ese contexto, el dictador Francisco Franco, aliado de Hitler,\u00a0<a title=\"https:\/\/elpais.com\/sociedad\/2024-10-26\/de-toda-la-vida-la-costumbre-del-cambio-de-hora-en-espana-tiene-medio-siglo.html\" href=\"https:\/\/elpais.com\/sociedad\/2024-10-26\/de-toda-la-vida-la-costumbre-del-cambio-de-hora-en-espana-tiene-medio-siglo.html\" target=\"_blank\" rel=\"noopener noreferrer\" data-link-track-dtm=\"\" data-mrf-link=\"https:\/\/elpais.com\/sociedad\/2024-10-26\/de-toda-la-vida-la-costumbre-del-cambio-de-hora-en-espana-tiene-medio-siglo.html\">adelant\u00f3 la hora espa\u00f1ola para sincronizarla con la Alemania nazi<\/a>: el 7 de marzo de 1940, el<i>\u00a0Bolet\u00edn Oficial del Estado<\/i>\u00a0public\u00f3 la orden que establec\u00eda ese cambio.<\/p>\n<p class=\"\">Desde entonces, la pen\u00ednsula Ib\u00e9rica vive desfasada respecto a su posici\u00f3n geogr\u00e1fica. \u201cHasta 1940,\u00a0<a title=\"https:\/\/elpais.com\/sociedad\/2013\/09\/25\/actualidad\/1380137001_972870.html\" href=\"https:\/\/elpais.com\/sociedad\/2013\/09\/25\/actualidad\/1380137001_972870.html\" target=\"_blank\" rel=\"noopener noreferrer\" data-link-track-dtm=\"\" data-mrf-link=\"https:\/\/elpais.com\/sociedad\/2013\/09\/25\/actualidad\/1380137001_972870.html\">nuestra hora oficial era la del meridiano de Greenwich<\/a>, la que realmente nos corresponde\u201d, recuerda el investigador Guinea. Francia y B\u00e9lgica comparten esta anomal\u00eda, al usar el horario central europeo (UTC+1) pese a encontrarse en el huso de UTC+0. Portugal, en cambio, prob\u00f3 en los a\u00f1os noventa con ese horario, pero rectific\u00f3 tres a\u00f1os despu\u00e9s debido a las quejas ciudadanas, pues los amaneceres en invierno eran demasiado tard\u00edos. \u201cFue una lecci\u00f3n de prudencia para la Pen\u00ednsula\u201d, comenta el historiador.<\/p>\n<p class=\"\">La pr\u00e1ctica moderna del cambio horario se consolid\u00f3 tras la crisis del petr\u00f3leo de los a\u00f1os setenta, cuando Europa buscaba ahorrar energ\u00eda aprovechando mejor la luz solar. Ante el caos horario, se armoniz\u00f3 el cambio estacional en toda la UE: la\u00a0<a title=\"https:\/\/eur-lex.europa.eu\/eli\/dir\/2000\/84\/oj\/eng\" href=\"https:\/\/eur-lex.europa.eu\/eli\/dir\/2000\/84\/oj\/eng\" target=\"_blank\" rel=\"noopener noreferrer\" data-link-track-dtm=\"\" data-mrf-link=\"https:\/\/eur-lex.europa.eu\/eli\/dir\/2000\/84\/oj\/eng\">directiva 2000\/84<\/a>\u00a0fij\u00f3 que los relojes se ajustar\u00edan el \u00faltimo domingo de marzo y el \u00faltimo de octubre.<\/p>\n<h3 class=\"\">Un debate m\u00e1s geoecon\u00f3mico que geopol\u00edtico<\/h3>\n<p class=\"\">El debate actual no es una cuesti\u00f3n ideol\u00f3gica, sino pr\u00e1ctica. \u201cNo estamos ante un problema geopol\u00edtico, sino geoecon\u00f3mico\u201d, resume Guinea. La eliminaci\u00f3n del cambio horario permitir\u00eda a cada pa\u00eds elegir su hora permanente, pero esa libertad conlleva un riesgo: romper la sincronizaci\u00f3n del mercado interior.<\/p>\n<p class=\"\">Sectores como el transporte, la log\u00edstica, las finanzas, el\u00a0<i>software<\/i>\u00a0o las n\u00f3minas dependen de que los pa\u00edses operen en un marco temporal similar. Por ejemplo, una descoordinaci\u00f3n en la abolici\u00f3n del cambio de la hora entre vecinos como Espa\u00f1a, Francia y Portugal podr\u00eda generar costes significativos para empresas y ciudadanos. \u201cLa coordinaci\u00f3n es fundamental\u201d, insiste Guinea, \u201calgo en lo que la Uni\u00f3n Europea no siempre es \u00e1gil\u201d. Sin ella, advierte, las nuevas fronteras no ser\u00edan geogr\u00e1ficas, sino horarias.<\/p>\n<\/div>\n<\/div>\n<\/div>\n","protected":false},"excerpt":{"rendered":"<p>&nbsp; Los Estados miembro no logran un consenso en torno a cu\u00e1les son los riesgos de mantener la hora acorde a la geograf\u00eda &nbsp; El&hellip;<\/p>\n","protected":false},"author":99,"featured_media":537357,"comment_status":"open","ping_status":"open","sticky":false,"template":"","format":"standard","meta":{"footnotes":""},"categories":[24],"tags":[],"class_list":["post-537355","post","type-post","status-publish","format-standard","has-post-thumbnail","hentry","category-mundo"],"_links":{"self":[{"href":"https:\/\/diarioelpopular.com\/index.php\/wp-json\/wp\/v2\/posts\/537355","targetHints":{"allow":["GET"]}}],"collection":[{"href":"https:\/\/diarioelpopular.com\/index.php\/wp-json\/wp\/v2\/posts"}],"about":[{"href":"https:\/\/diarioelpopular.com\/index.php\/wp-json\/wp\/v2\/types\/post"}],"author":[{"embeddable":true,"href":"https:\/\/diarioelpopular.com\/index.php\/wp-json\/wp\/v2\/users\/99"}],"replies":[{"embeddable":true,"href":"https:\/\/diarioelpopular.com\/index.php\/wp-json\/wp\/v2\/comments?post=537355"}],"version-history":[{"count":1,"href":"https:\/\/diarioelpopular.com\/index.php\/wp-json\/wp\/v2\/posts\/537355\/revisions"}],"predecessor-version":[{"id":537358,"href":"https:\/\/diarioelpopular.com\/index.php\/wp-json\/wp\/v2\/posts\/537355\/revisions\/537358"}],"wp:featuredmedia":[{"embeddable":true,"href":"https:\/\/diarioelpopular.com\/index.php\/wp-json\/wp\/v2\/media\/537357"}],"wp:attachment":[{"href":"https:\/\/diarioelpopular.com\/index.php\/wp-json\/wp\/v2\/media?parent=537355"}],"wp:term":[{"taxonomy":"category","embeddable":true,"href":"https:\/\/diarioelpopular.com\/index.php\/wp-json\/wp\/v2\/categories?post=537355"},{"taxonomy":"post_tag","embeddable":true,"href":"https:\/\/diarioelpopular.com\/index.php\/wp-json\/wp\/v2\/tags?post=537355"}],"curies":[{"name":"wp","href":"https:\/\/api.w.org\/{rel}","templated":true}]}}