{"id":537394,"date":"2025-10-25T11:16:16","date_gmt":"2025-10-25T15:16:16","guid":{"rendered":"https:\/\/diarioelpopular.com\/?p=537394"},"modified":"2025-10-25T11:16:16","modified_gmt":"2025-10-25T15:16:16","slug":"todos-los-negros-son-extranjeros-para-mi-gente-el-silencio-del-ice-ante-su-funcionario-en-dallas-que-lleva-una-cuenta-de-x-supremacista","status":"publish","type":"post","link":"https:\/\/diarioelpopular.com\/index.php\/2025\/10\/25\/todos-los-negros-son-extranjeros-para-mi-gente-el-silencio-del-ice-ante-su-funcionario-en-dallas-que-lleva-una-cuenta-de-x-supremacista\/","title":{"rendered":"\u201cTodos los negros son extranjeros para mi gente\u201d: el silencio del ICE ante su funcionario en Dallas que lleva una cuenta de X supremacista"},"content":{"rendered":"<p><img loading=\"lazy\" decoding=\"async\" class=\"alignnone size-custom-big-size wp-image-537395\" src=\"https:\/\/diarioelpopular.com\/wp-content\/uploads\/2025\/10\/Screen-Shot-2025-10-25-at-11.15.40-AM-1200x808.png\" alt=\"\" width=\"1200\" height=\"808\" srcset=\"https:\/\/diarioelpopular.com\/wp-content\/uploads\/2025\/10\/Screen-Shot-2025-10-25-at-11.15.40-AM-1200x808.png 1200w, https:\/\/diarioelpopular.com\/wp-content\/uploads\/2025\/10\/Screen-Shot-2025-10-25-at-11.15.40-AM-300x202.png 300w, https:\/\/diarioelpopular.com\/wp-content\/uploads\/2025\/10\/Screen-Shot-2025-10-25-at-11.15.40-AM-768x517.png 768w, https:\/\/diarioelpopular.com\/wp-content\/uploads\/2025\/10\/Screen-Shot-2025-10-25-at-11.15.40-AM-636x428.png 636w, https:\/\/diarioelpopular.com\/wp-content\/uploads\/2025\/10\/Screen-Shot-2025-10-25-at-11.15.40-AM-80x55.png 80w, https:\/\/diarioelpopular.com\/wp-content\/uploads\/2025\/10\/Screen-Shot-2025-10-25-at-11.15.40-AM-108x73.png 108w, https:\/\/diarioelpopular.com\/wp-content\/uploads\/2025\/10\/Screen-Shot-2025-10-25-at-11.15.40-AM.png 1024w\" sizes=\"auto, (max-width: 1200px) 100vw, 1200px\" \/><\/p>\n<p>&nbsp;<\/p>\n<ul>\n<li><em><strong>Ocho meses despu\u00e9s de que \u2018The Texas Observer\u2019 revelara que un fiscal de inmigraci\u00f3n gestionaba una cuenta con contenido racista, un congresista denuncia que la agencia federal no responde sobre el tema ni aclara si el abogado sigue en su puesto<\/strong><\/em><\/li>\n<\/ul>\n<p>&nbsp;<\/p>\n<p class=\"\">El pasado lunes, el congresista dem\u00f3crata por Texas Marc Veasey lleg\u00f3 al edificio del Servicio de Inmigraci\u00f3n y Control de Aduanas (ICE, por sus siglas en ingl\u00e9s) <a title=\"https:\/\/elpais.com\/us\/migracion\/2025-09-25\/ojala-esto-les-cause-verdadero-terror-la-amenaza-escrita-contra-agentes-del-ice-que-dejo-el-tirador-de-dallas.html\" href=\"https:\/\/elpais.com\/us\/migracion\/2025-09-25\/ojala-esto-les-cause-verdadero-terror-la-amenaza-escrita-contra-agentes-del-ice-que-dejo-el-tirador-de-dallas.html\" target=\"_self\" rel=\"\" data-link-track-dtm=\"\" data-mrf-link=\"https:\/\/elpais.com\/us\/migracion\/2025-09-25\/ojala-esto-les-cause-verdadero-terror-la-amenaza-escrita-contra-agentes-del-ice-que-dejo-el-tirador-de-dallas.html\">en Dallas<\/a>\u00a0para exigir respuestas despu\u00e9s de ocho meses de silencio.<\/p>\n<p class=\"\">Quer\u00eda saber qu\u00e9 ha hecho la agencia federal con James Joseph Rodden, un abogado y asesor jur\u00eddico adjunto de ICE que fue identificado como operador de una cuenta en la red social X que, durante a\u00f1os, ha publicado contenido racista, incluyendo mensajes como \u201cEstados Unidos es una naci\u00f3n blanca, fundada por blancos\u201d y \u201cno soy comunista, soy fascista\u201d.<\/p>\n<p class=\"\">\u201cTengo cartas m\u00edas y de otros miembros del Congreso y simplemente estamos pidiendo respuestas\u201d, declar\u00f3 Veasey. Pero no las obtuvo. A pesar de tener autoridad como miembro del Congreso para realizar visitas de supervisi\u00f3n sin previo aviso a las instalaciones del Departamento de Seguridad Nacional, le negaron la entrada. \u201cHay mucho secretismo y juegos en este momento\u201d, dijo al respecto.<\/p>\n<p class=\"\">La visita forma parte de una campa\u00f1a de presi\u00f3n que el congresista encabeza desde febrero pasado, cuando la revista\u00a0<i>The<\/i>\u00a0<i>Texas Observer<\/i>\u00a0vincul\u00f3 a Rodden con la cuenta @GlomarResponder. Rodden, de 44 a\u00f1os, act\u00faa como fiscal en\u00a0<a title=\"https:\/\/elpais.com\/us\/migracion\/2025-10-13\/joshua-schroeder-el-primer-abogado-sancionado-por-el-gobierno-por-defender-un-migrante-ahora-lucha-por-la-independencia-judicial.html\" href=\"https:\/\/elpais.com\/us\/migracion\/2025-10-13\/joshua-schroeder-el-primer-abogado-sancionado-por-el-gobierno-por-defender-un-migrante-ahora-lucha-por-la-independencia-judicial.html\" target=\"_self\" rel=\"\" data-link-track-dtm=\"\" data-mrf-link=\"https:\/\/elpais.com\/us\/migracion\/2025-10-13\/joshua-schroeder-el-primer-abogado-sancionado-por-el-gobierno-por-defender-un-migrante-ahora-lucha-por-la-independencia-judicial.html\">las cortes de inmigraci\u00f3n<\/a>\u00a0de Dallas, peleando a favor en casos de deportaci\u00f3n. Sin embargo, la investigaci\u00f3n lo situ\u00f3 como responsable de dicho perfil, que desde 2012 publica como \u201cTodos los negros son extranjeros para mi gente\u201d y \u201cLos migrantes son todos criminales\u201d.<\/p>\n<p class=\"\">Cuando reporteros de la revista texana abordaron a Rodden en un pasillo de la corte de inmigraci\u00f3n de Dallas, su \u00fanica respuesta fue: \u201cLlamen a mi oficina de prensa\u201d.<\/p>\n<p>&nbsp;<\/p>\n<figure class=\"a_m a_m-h \">\n<p><div style=\"width: 424px\" class=\"wp-caption alignnone\"><img loading=\"lazy\" decoding=\"async\" class=\"_re lazyload a_m-h\" src=\"https:\/\/imagenes.elpais.com\/resizer\/v2\/LLYFVQS6NBGRVHVTIRDKFN4AXE.jpg?auth=263c488cdd81b838679accb0d75bdb411d098961617bdcb593c4812c3a5f27c0&amp;width=414\" sizes=\"auto, (min-width:1199px) 1155px,(min-width:1001px) calc(100vw - 44px),(min-width:768px) 767px, 100vw\" srcset=\"https:\/\/imagenes.elpais.com\/resizer\/v2\/LLYFVQS6NBGRVHVTIRDKFN4AXE.jpg?auth=263c488cdd81b838679accb0d75bdb411d098961617bdcb593c4812c3a5f27c0&amp;width=414 414w,https:\/\/imagenes.elpais.com\/resizer\/v2\/LLYFVQS6NBGRVHVTIRDKFN4AXE.jpg?auth=263c488cdd81b838679accb0d75bdb411d098961617bdcb593c4812c3a5f27c0&amp;width=828 640w,https:\/\/imagenes.elpais.com\/resizer\/v2\/LLYFVQS6NBGRVHVTIRDKFN4AXE.jpg?auth=263c488cdd81b838679accb0d75bdb411d098961617bdcb593c4812c3a5f27c0&amp;width=980 1000w,https:\/\/imagenes.elpais.com\/resizer\/v2\/LLYFVQS6NBGRVHVTIRDKFN4AXE.jpg?auth=263c488cdd81b838679accb0d75bdb411d098961617bdcb593c4812c3a5f27c0&amp;width=1960 1960w\" alt=\"\" width=\"414\" height=\"215\" \/><p class=\"wp-caption-text\">Izquierda: Captura de pantalla de la bandera de camuflaje &#8220;Piel de Rana&#8221; M1942 publicada como banner de Facebook de Jim Rodden. Derecha: Captura de pantalla de la publicaci\u00f3n de Glomar Responder con la misma imagen de la bandera de camuflaje &#8220;Piel de Rana&#8221; M1942.ICE<\/p><\/div><figcaption class=\"a_m_p\" aria-hidden=\"true\"><\/figcaption><\/figure>\n<p>&nbsp;<\/p>\n<p class=\"\">Despu\u00e9s de la publicaci\u00f3n del art\u00edculo de investigaci\u00f3n, la cuenta fue configurada como privada, aunque permanece activa. Al intentar seguirla para monitorear su actividad, la solicitud no fue aprobada. La cuenta tambi\u00e9n ha perdido alcance: de superar los 17.000 seguidores en febrero, ahora cuenta con 15.940. Sin embargo, el\u00a0<i>Observer<\/i>\u00a0ha reportado que contin\u00faa publicando regularmente sobre temas de inmigraci\u00f3n. \u201c\u00bfQu\u00e9 tal si deportamos a todas las personas que no pertenecen aqu\u00ed, en lugar de convertir vecindarios agradables en colmenas de bichos del tercer mundo?\u201d, escribi\u00f3 el 28 de junio.<\/p>\n<p class=\"\">Un portavoz de ICE asegur\u00f3 al\u00a0<i>Observer<\/i>\u00a0en febrero que la agencia \u201cno comentar\u00e1 sobre el contenido de este art\u00edculo pendiente de una investigaci\u00f3n adicional, incluyendo si el due\u00f1o de la cuenta referenciada es un empleado actual\u201d. Agreg\u00f3 que ICE \u201cmantiene a sus empleados bajo los m\u00e1s altos est\u00e1ndares de profesionalismo y toma en serio todas las alegaciones de conducta inapropiada\u201d. Cinco d\u00edas despu\u00e9s, Veasey envi\u00f3 una carta al entonces director interino adjunto de ICE, Kenneth Genalo, exigiendo \u201cun relato completo y transparente de las acciones que su agencia est\u00e1 tomando para investigar este asunto\u201d y solicitando respuesta en 30 d\u00edas.<\/p>\n<p class=\"\">Los congresistas Jamie Raskin de Maryland y Bennie G. Thompson de Misisipi tambi\u00e9n enviaron cartas exigiendo informaci\u00f3n. Un abogado de Massachusetts, J. Whitfield Larrabee, present\u00f3 quejas formales ante la Oficina de Asesor\u00eda Disciplinaria en Washington, y ante la Oficina de Responsabilidad Profesional del ICE, solicitando una investigaci\u00f3n y la suspensi\u00f3n de Rodden del ejercicio de la abogac\u00eda.<\/p>\n<p class=\"\">En marzo, ICE respondi\u00f3 a Veasey que la Oficina de Responsabilidad Profesional de la agencia \u201ccomprende la seriedad de las alegaciones y se asegurar\u00e1 de que se aborden de manera apropiada, justa y expedita\u201d. Asimismo, explicaron que este tipo de investigaciones se completan en unos 120 d\u00edas y que no pod\u00edan compartir informaci\u00f3n adicional al respecto.<\/p>\n<p class=\"\">\u201cAunque aprecio recibir cualquier respuesta, la falta de detalle y claridad sobre la investigaci\u00f3n inicial simplemente no es suficiente\u201d, se\u00f1al\u00f3 Veasey en un comunicado. \u201cEsta es una persona con el poder de impactar y da\u00f1ar significativamente las vidas de las personas. Esta Administraci\u00f3n ha mostrado un patr\u00f3n preocupante de no cumplir con el Estado de derecho, ignorar los derechos de los ciudadanos, los titulares de la tarjeta verde, y atacar a las comunidades negras y de personas de color\u201d, a\u00f1adi\u00f3.<\/p>\n<p>&nbsp;<\/p>\n<figure class=\"a_m a_m-h c_m--nf\"><span class=\"_db a_m_w _pr lb_btn\"><img loading=\"lazy\" decoding=\"async\" class=\"_re lazyload a_m-h\" src=\"https:\/\/imagenes.elpais.com\/resizer\/v2\/AEK7X3W4I5BOBAOCFRXR5C6WIY.jpg?auth=31aac3a21ed6d2bcdd086c26da0f59bcb6fa1dd0d765c81e8cecb2f25ceee371&amp;width=414\" sizes=\"auto, (min-width:1199px) 1155px,(min-width:1001px) calc(100vw - 44px),(min-width:768px) 767px, 100vw\" srcset=\"https:\/\/imagenes.elpais.com\/resizer\/v2\/AEK7X3W4I5BOBAOCFRXR5C6WIY.jpg?auth=31aac3a21ed6d2bcdd086c26da0f59bcb6fa1dd0d765c81e8cecb2f25ceee371&amp;width=414 414w,https:\/\/imagenes.elpais.com\/resizer\/v2\/AEK7X3W4I5BOBAOCFRXR5C6WIY.jpg?auth=31aac3a21ed6d2bcdd086c26da0f59bcb6fa1dd0d765c81e8cecb2f25ceee371&amp;width=828 640w,https:\/\/imagenes.elpais.com\/resizer\/v2\/AEK7X3W4I5BOBAOCFRXR5C6WIY.jpg?auth=31aac3a21ed6d2bcdd086c26da0f59bcb6fa1dd0d765c81e8cecb2f25ceee371&amp;width=980 1000w,https:\/\/imagenes.elpais.com\/resizer\/v2\/AEK7X3W4I5BOBAOCFRXR5C6WIY.jpg?auth=31aac3a21ed6d2bcdd086c26da0f59bcb6fa1dd0d765c81e8cecb2f25ceee371&amp;width=1960 1960w\" width=\"414\" height=\"227\" \/><\/span><figcaption class=\"a_m_p\" aria-hidden=\"true\"><span class=\"a_m_m\">ICE<\/span><\/figcaption><\/figure>\n<p class=\"\">Ese mismo mes, un grupo de manifestantes se reuni\u00f3 en un parque frente al edificio federal en el centro de Dallas donde se encuentran las cortes de inmigraci\u00f3n. Sosteniendo carteles y gritando con meg\u00e1fonos, exigieron que Rodden fuera despedido y que \u201ctodos sus casos de deportaci\u00f3n sean investigados\u201d.<\/p>\n<p class=\"\">Ocho meses m\u00e1s tarde, Veasey no ha recibido actualizaci\u00f3n sobre el caso. \u201cEs rid\u00edculo que haya un supremacista blanco trabajando en una instalaci\u00f3n del ICE\u201d, dijo el lunes. \u201cEso no tiene absolutamente ning\u00fan sentido aparte del hecho de que quieren enviar\u00a0<a title=\"https:\/\/elpais.com\/us\/2025-02-27\/la-extrema-derecha-estadounidense-celebra-la-nueva-cupula-del-fbi.html\" href=\"https:\/\/elpais.com\/us\/2025-02-27\/la-extrema-derecha-estadounidense-celebra-la-nueva-cupula-del-fbi.html\" target=\"_self\" rel=\"\" data-link-track-dtm=\"\" data-mrf-link=\"https:\/\/elpais.com\/us\/2025-02-27\/la-extrema-derecha-estadounidense-celebra-la-nueva-cupula-del-fbi.html\">una se\u00f1al a los otros supremacistas blancos y otras personas del Ku Klux Klan de que bajo esta Administraci\u00f3n las cosas van a ser diferentes<\/a>\u00a0y no tendr\u00e1n que preocuparse por perder sus empleos\u201d.<\/p>\n<p class=\"\">Todav\u00eda no est\u00e1 claro si Rodden contin\u00faa siendo empleado del ICE. No ha comparecido en varias audiencias judiciales que ten\u00eda programadas. Un abogado de inmigraci\u00f3n local cont\u00f3 que \u201cRodden no ha sido visto en las cortes del Ejecutivo de Revisi\u00f3n de Inmigraci\u00f3n, pero la Oficina del Asesor Legal Principal tampoco ha confirmado si fue despedido. Incluso los abogados del Gobierno con los que he hablado no pueden obtener una respuesta clara sobre eso\u201d. El silencio se acumula.<\/p>\n","protected":false},"excerpt":{"rendered":"<p>&nbsp; Ocho meses despu\u00e9s de que \u2018The Texas Observer\u2019 revelara que un fiscal de inmigraci\u00f3n gestionaba una cuenta con contenido racista, un congresista denuncia que&hellip;<\/p>\n","protected":false},"author":99,"featured_media":537395,"comment_status":"open","ping_status":"open","sticky":false,"template":"","format":"standard","meta":{"footnotes":""},"categories":[24],"tags":[],"class_list":["post-537394","post","type-post","status-publish","format-standard","has-post-thumbnail","hentry","category-mundo"],"_links":{"self":[{"href":"https:\/\/diarioelpopular.com\/index.php\/wp-json\/wp\/v2\/posts\/537394","targetHints":{"allow":["GET"]}}],"collection":[{"href":"https:\/\/diarioelpopular.com\/index.php\/wp-json\/wp\/v2\/posts"}],"about":[{"href":"https:\/\/diarioelpopular.com\/index.php\/wp-json\/wp\/v2\/types\/post"}],"author":[{"embeddable":true,"href":"https:\/\/diarioelpopular.com\/index.php\/wp-json\/wp\/v2\/users\/99"}],"replies":[{"embeddable":true,"href":"https:\/\/diarioelpopular.com\/index.php\/wp-json\/wp\/v2\/comments?post=537394"}],"version-history":[{"count":1,"href":"https:\/\/diarioelpopular.com\/index.php\/wp-json\/wp\/v2\/posts\/537394\/revisions"}],"predecessor-version":[{"id":537396,"href":"https:\/\/diarioelpopular.com\/index.php\/wp-json\/wp\/v2\/posts\/537394\/revisions\/537396"}],"wp:featuredmedia":[{"embeddable":true,"href":"https:\/\/diarioelpopular.com\/index.php\/wp-json\/wp\/v2\/media\/537395"}],"wp:attachment":[{"href":"https:\/\/diarioelpopular.com\/index.php\/wp-json\/wp\/v2\/media?parent=537394"}],"wp:term":[{"taxonomy":"category","embeddable":true,"href":"https:\/\/diarioelpopular.com\/index.php\/wp-json\/wp\/v2\/categories?post=537394"},{"taxonomy":"post_tag","embeddable":true,"href":"https:\/\/diarioelpopular.com\/index.php\/wp-json\/wp\/v2\/tags?post=537394"}],"curies":[{"name":"wp","href":"https:\/\/api.w.org\/{rel}","templated":true}]}}