{"id":537406,"date":"2025-10-26T10:12:45","date_gmt":"2025-10-26T14:12:45","guid":{"rendered":"https:\/\/diarioelpopular.com\/?p=537406"},"modified":"2025-10-26T10:12:45","modified_gmt":"2025-10-26T14:12:45","slug":"los-cubanos-deportados-por-trump-a-mexico-afrontan-un-destino-incierto-y-sin-garantias","status":"publish","type":"post","link":"https:\/\/diarioelpopular.com\/index.php\/2025\/10\/26\/los-cubanos-deportados-por-trump-a-mexico-afrontan-un-destino-incierto-y-sin-garantias\/","title":{"rendered":"Los cubanos deportados por Trump a M\u00e9xico afrontan un destino incierto y sin garant\u00edas"},"content":{"rendered":"<div id=\"attachment_537407\" style=\"width: 1210px\" class=\"wp-caption alignnone\"><img loading=\"lazy\" decoding=\"async\" aria-describedby=\"caption-attachment-537407\" class=\"wp-image-537407 size-custom-big-size\" src=\"https:\/\/diarioelpopular.com\/wp-content\/uploads\/2025\/10\/Screen-Shot-2025-10-26-at-10.11.34-AM-1200x815.png\" alt=\"\" width=\"1200\" height=\"815\" srcset=\"https:\/\/diarioelpopular.com\/wp-content\/uploads\/2025\/10\/Screen-Shot-2025-10-26-at-10.11.34-AM-1200x815.png 1200w, https:\/\/diarioelpopular.com\/wp-content\/uploads\/2025\/10\/Screen-Shot-2025-10-26-at-10.11.34-AM-300x204.png 300w, https:\/\/diarioelpopular.com\/wp-content\/uploads\/2025\/10\/Screen-Shot-2025-10-26-at-10.11.34-AM-768x522.png 768w, https:\/\/diarioelpopular.com\/wp-content\/uploads\/2025\/10\/Screen-Shot-2025-10-26-at-10.11.34-AM-636x432.png 636w, https:\/\/diarioelpopular.com\/wp-content\/uploads\/2025\/10\/Screen-Shot-2025-10-26-at-10.11.34-AM-80x55.png 80w, https:\/\/diarioelpopular.com\/wp-content\/uploads\/2025\/10\/Screen-Shot-2025-10-26-at-10.11.34-AM-107x73.png 107w, https:\/\/diarioelpopular.com\/wp-content\/uploads\/2025\/10\/Screen-Shot-2025-10-26-at-10.11.34-AM.png 1024w\" sizes=\"auto, (max-width: 1200px) 100vw, 1200px\" \/><p id=\"caption-attachment-537407\" class=\"wp-caption-text\">Migrantes caminan tras ser deportados en Villahermosa, en junio de 2024. Foto Felix Marquez (AP)<\/p><\/div>\n<p>&nbsp;<\/p>\n<p>&nbsp;<\/p>\n<ul>\n<li><em><strong>Estados Unidos est\u00e1 expulsando de forma sistem\u00e1tica al sur de la frontera a migrantes que la isla se niega a recibir. Hay pocas certezas sobre el n\u00famero de deportados y tambi\u00e9n sobre su estatus en M\u00e9xico<\/strong><\/em><\/li>\n<\/ul>\n<p>&nbsp;<\/p>\n<p class=\"\">Tres d\u00edas llevaba Laudel Camacho Ricardo durmiendo en las calles de\u00a0<a title=\"https:\/\/elpais.com\/mexico\/2025-10-02\/las-caravanas-migrantes-ya-no-quieren-ir-a-estados-unidos.html\" href=\"https:\/\/elpais.com\/mexico\/2025-10-02\/las-caravanas-migrantes-ya-no-quieren-ir-a-estados-unidos.html\" target=\"_self\" rel=\"\" data-link-track-dtm=\"\" data-mrf-link=\"https:\/\/elpais.com\/mexico\/2025-10-02\/las-caravanas-migrantes-ya-no-quieren-ir-a-estados-unidos.html\">Tapachula<\/a>, en el sur de M\u00e9xico, cuando se decidi\u00f3 a vender su cadena de oro y un reloj por 20 d\u00f3lares (poco m\u00e1s de 350 pesos mexicanos), una ganga. Un precio en que nunca los hubiese dado a no ser por el hambre, que le apretaba el est\u00f3mago y ya comenzaba a arder. \u201cHan sido d\u00edas muy duros, a veces prefer\u00eda morir\u201d, confiesa. \u201cVerme en un pa\u00eds ajeno, sin conocer a nadie, sin recursos y con hambre, signific\u00f3 un dolor tan grande que lo recordar\u00e9 de por vida\u201d. Ya no era el emigrante cubano, trabajador de un almac\u00e9n de Texas, que hac\u00eda tan poco hab\u00eda sido. En una semana pas\u00f3 a ser el deportado en Chiapas, sin dinero, tel\u00e9fono o documentos de identificaci\u00f3n, tal como lo dejaron los oficiales del Servicio de Control de Inmigraci\u00f3n y Aduanas de Estados Unidos (ICE) del otro lado de la frontera.<\/p>\n<p class=\"\">Tiene 55 a\u00f1os, el pelo entrecano y lleva tatuada en el centro del pecho la imagen de la Estatua de la Libertad, una silueta hecha a base de la tinta azulverdosa e inconfundible de la c\u00e1rcel. Fueron 22 a\u00f1os en total los que pas\u00f3 encerrado en los calabozos cubanos por su activismo pol\u00edtico, por su trabajo como periodista independiente y por sus reclamos al castrismo. Sus tatuajes han sido lo \u00fanico de lo que no han podido despojarlo: ni el Gobierno cubano cada vez que lo encerraba, ni el gobierno estadounidense cuando el 16 de septiembre de 2025 le notific\u00f3 una cita con inmigraci\u00f3n y lo dej\u00f3 en uno de los centros de detenci\u00f3n que hoy son <a title=\"https:\/\/elpais.com\/us\/migracion\/2025-07-21\/voy-a-pedir-mi-deportacion-no-aguanto-aqui-un-dia-mas-la-vida-de-ocho-migrantes-en-una-celda-de-un-centro-de-detencion-de-texas.html\" href=\"https:\/\/elpais.com\/us\/migracion\/2025-07-21\/voy-a-pedir-mi-deportacion-no-aguanto-aqui-un-dia-mas-la-vida-de-ocho-migrantes-en-una-celda-de-un-centro-de-detencion-de-texas.html\" target=\"_self\" rel=\"\" data-link-track-dtm=\"\" data-mrf-link=\"https:\/\/elpais.com\/us\/migracion\/2025-07-21\/voy-a-pedir-mi-deportacion-no-aguanto-aqui-un-dia-mas-la-vida-de-ocho-migrantes-en-una-celda-de-un-centro-de-detencion-de-texas.html\">las catacumbas de su pol\u00edtica migratoria.<\/a><\/p>\n<p class=\"\">Luego, sin devolverle siquiera su pasaporte, lo dejaron en las manos de las autoridades mexicanas. El 23 de septiembre, un tiempo<i>\u00a0<\/i>expr\u00e9s comparado con los meses que algunos permanecen bajo custodia del ICE, Laudel fue deportado en un autob\u00fas a M\u00e9xico, como est\u00e1 llegando la mayor\u00eda de los cubanos que el gobierno de La Habana no recibe.<\/p>\n<p class=\"\">En las negociaciones con Barack Obama, como parte del restablecimiento de relaciones diplom\u00e1ticas hace diez a\u00f1os, Ra\u00fal Castro comenz\u00f3 a admitir deportados, pero el Gobierno de la isla se atribuye el derecho de escoger a qui\u00e9n recibe de vuelta y a qui\u00e9n no. Hasta hoy resultan indescifrables las razones por las que un migrante cubano desembarca en La Habana, otro en Tabasco y\u00a0<a title=\"https:\/\/elpais.com\/us\/migracion\/2025-10-18\/roberto-mosquera-exjefe-de-los-latin-kings-en-miami-entra-en-huelga-de-hambre-en-la-carcel-a-la-que-fue-deportado-en-africa.html\" href=\"https:\/\/elpais.com\/us\/migracion\/2025-10-18\/roberto-mosquera-exjefe-de-los-latin-kings-en-miami-entra-en-huelga-de-hambre-en-la-carcel-a-la-que-fue-deportado-en-africa.html\" target=\"_self\" rel=\"\" data-link-track-dtm=\"\" data-mrf-link=\"https:\/\/elpais.com\/us\/migracion\/2025-10-18\/roberto-mosquera-exjefe-de-los-latin-kings-en-miami-entra-en-huelga-de-hambre-en-la-carcel-a-la-que-fue-deportado-en-africa.html\">otro en el lejano Esuatini.<\/a><\/p>\n<p>&nbsp;<\/p>\n<figure class=\"a_m a_m-h \">\n<p><div style=\"width: 424px\" class=\"wp-caption alignnone\"><img loading=\"lazy\" decoding=\"async\" class=\"_re lazyload a_m-h\" src=\"https:\/\/imagenes.elpais.com\/resizer\/v2\/U7RCYCBZFNC6BB5EEH4WFI5ZYQ.jpg?auth=87627c165e4a8fc4b36fa4029f61874340da8aac3554cb35be03285818884990&amp;width=414\" sizes=\"auto, (min-width:1199px) 1155px,(min-width:1001px) calc(100vw - 44px),(min-width:768px) 767px, 100vw\" srcset=\"https:\/\/imagenes.elpais.com\/resizer\/v2\/U7RCYCBZFNC6BB5EEH4WFI5ZYQ.jpg?auth=87627c165e4a8fc4b36fa4029f61874340da8aac3554cb35be03285818884990&amp;width=414 414w,https:\/\/imagenes.elpais.com\/resizer\/v2\/U7RCYCBZFNC6BB5EEH4WFI5ZYQ.jpg?auth=87627c165e4a8fc4b36fa4029f61874340da8aac3554cb35be03285818884990&amp;width=828 640w,https:\/\/imagenes.elpais.com\/resizer\/v2\/U7RCYCBZFNC6BB5EEH4WFI5ZYQ.jpg?auth=87627c165e4a8fc4b36fa4029f61874340da8aac3554cb35be03285818884990&amp;width=980 1000w,https:\/\/imagenes.elpais.com\/resizer\/v2\/U7RCYCBZFNC6BB5EEH4WFI5ZYQ.jpg?auth=87627c165e4a8fc4b36fa4029f61874340da8aac3554cb35be03285818884990&amp;width=1960 1960w\" alt=\"\" width=\"414\" height=\"276\" \/><p class=\"wp-caption-text\">Laudel Camacho Ricardo, en Tapachula, en octubre de 2025.<\/p><\/div><figcaption class=\"a_m_p\" aria-hidden=\"true\"><\/figcaption><\/figure>\n<p>&nbsp;<\/p>\n<p class=\"\">Una de las tesis que circula es que el Gobierno cubano est\u00e1 aceptando mayormente a los ciudadanos de\u00a0<a title=\"https:\/\/elpais.com\/us\/actualidad\/2024-09-24\/mas-de-850000-cubanos-llegaron-a-estados-unidos-desde-2022-en-el-exodo-mas-grande-de-la-historia-de-cuba.html\" href=\"https:\/\/elpais.com\/us\/actualidad\/2024-09-24\/mas-de-850000-cubanos-llegaron-a-estados-unidos-desde-2022-en-el-exodo-mas-grande-de-la-historia-de-cuba.html\" target=\"_self\" rel=\"\" data-link-track-dtm=\"\" data-mrf-link=\"https:\/\/elpais.com\/us\/actualidad\/2024-09-24\/mas-de-850000-cubanos-llegaron-a-estados-unidos-desde-2022-en-el-exodo-mas-grande-de-la-historia-de-cuba.html\">\u00e9xodos migratorios m\u00e1s recientes<\/a>, que no tengan antecedentes criminales graves, pero es algo indemostrable. Hay personas que han terminado recalando en pa\u00edses africanos o M\u00e9xico indistintamente. Laudel, por su parte, no cargaba con ninguna culpa criminal sobre sus hombros. Hab\u00eda sorteado el peligro del mar en una balsa r\u00fastica desde Coj\u00edmar, en La Habana, y hab\u00eda llegado hac\u00eda un a\u00f1o y ocho meses a Estados Unidos, donde viv\u00eda con el estatus de I-220 B u orden de deportaci\u00f3n, el mismo con el que permanecen en Estados Unidos unos 42.000 cubanos.<\/p>\n<p class=\"\">Aun as\u00ed, muchos agradecen ser deportados a M\u00e9xico y no a Cuba, colapsado por\u00a0<a title=\"https:\/\/elpais.com\/america\/2025-08-17\/sobrevivir-en-la-cuba-mas-desigual.html\" href=\"https:\/\/elpais.com\/america\/2025-08-17\/sobrevivir-en-la-cuba-mas-desigual.html\" target=\"_self\" rel=\"\" data-link-track-dtm=\"\" data-mrf-link=\"https:\/\/elpais.com\/america\/2025-08-17\/sobrevivir-en-la-cuba-mas-desigual.html\">la peor crisis econ\u00f3mica de todos sus tiempos<\/a>, e incluso lo prefieren antes que terminar en \u00c1frica. Alexander Rodr\u00edguez, un cubano de 52 a\u00f1os que estuvo preso unos diez a\u00f1os en Estados Unidos y que hoy apenas sale de casa por temor a una detenci\u00f3n, asegura que en caso de una expulsi\u00f3n lo mejor ser\u00eda irse a su pa\u00eds, donde tiene primos y t\u00edos, pero el gobierno de Miguel D\u00edaz-Canel no lo acepta. \u201cEs mejor estar ah\u00ed que en \u00c1frica. Si me mandan para M\u00e9xico tambi\u00e9n est\u00e1 bien. Pero si me mandan a \u00c1frica, \u00bfqu\u00e9 hago con esta edad en uno de esos pa\u00edses?\u201d.<\/p>\n<p class=\"\">Aunque la mandataria Claudia Sheinbaum ha descartado que hubiese alg\u00fan tipo de negociaci\u00f3n que convirtiera a M\u00e9xico en ese \u201ctercer pa\u00eds seguro\u201d para deportados, lo cierto es que La Habana ha recibido desde enero unos mil cubanos de vuelta y el resto, en su mayor\u00eda, ha terminado expulsado a territorio mexicano. La revista <i>The Economist<\/i> report\u00f3 que \u201cal menos 731 nacionales cubanos hab\u00edan sido deportados a terceros pa\u00edses\u201d hasta agosto de 2025, la cifra m\u00e1s alta registrada p\u00fablicamente. Seg\u00fan los datos disponibles del Deportation Data Project, que recopila y publica conjuntos de datos an\u00f3nimos del gobierno estadounidense obtenidos mediante la Ley de Libertad de Informaci\u00f3n (FOIA) o a partir de registros publicados de forma proactiva, desde el 20 de enero hasta finales de julio de este a\u00f1o, unos 640 cubanos han sido deportados a M\u00e9xico. Ese mismo mes, Sheinbaum declar\u00f3 que hab\u00edan recibido unos 6.525 extranjeros, sin especificar sus nacionalidades.<\/p>\n<p class=\"\">Numerosas organizaciones han denunciado el peligro al que se exponen estos migrantes. \u201cSon pr\u00e1cticas que dejan a\u00a0<a title=\"https:\/\/elpais.com\/mexico\/2025-04-04\/venezolanos-atrapados-en-mexico-entre-trump-y-maduro-teniamos-el-sueno-americano-no-se-dio.html\" href=\"https:\/\/elpais.com\/mexico\/2025-04-04\/venezolanos-atrapados-en-mexico-entre-trump-y-maduro-teniamos-el-sueno-americano-no-se-dio.html\" target=\"_self\" rel=\"\" data-link-track-dtm=\"\" data-mrf-link=\"https:\/\/elpais.com\/mexico\/2025-04-04\/venezolanos-atrapados-en-mexico-entre-trump-y-maduro-teniamos-el-sueno-americano-no-se-dio.html\">muchas personas en un limbo legal<\/a>, sin documentaci\u00f3n ni acceso a servicios b\u00e1sicos, y las exponen a extorsi\u00f3n, violencia y trata, especialmente en el sur de M\u00e9xico, donde los riesgos para los migrantes son altos\u201d, asegura Mar\u00eda Jos\u00e9 Espinosa, experta en pol\u00edtica exterior y directora ejecutiva del Centro para la Participaci\u00f3n y la Defensa de los Derechos Humanos en las Am\u00e9ricas (CEDA). \u201cEl costo humano es devastador y, en muchos casos, irreversible. Estas pol\u00edticas desgarran familias\u201d.<\/p>\n<h3 class=\"\">El camino a la legalizaci\u00f3n en M\u00e9xico<\/h3>\n<p class=\"\">Es la primera vez que\u00a0<a title=\"https:\/\/elpais.com\/us\/2025-09-08\/los-cubanos-de-florida-divididos-tras-nueve-meses-de-trump-en-el-poder-actua-como-fidel.html\" href=\"https:\/\/elpais.com\/us\/2025-09-08\/los-cubanos-de-florida-divididos-tras-nueve-meses-de-trump-en-el-poder-actua-como-fidel.html\" target=\"_self\" rel=\"\" data-link-track-dtm=\"\" data-mrf-link=\"https:\/\/elpais.com\/us\/2025-09-08\/los-cubanos-de-florida-divididos-tras-nueve-meses-de-trump-en-el-poder-actua-como-fidel.html\">la comunidad cubana<\/a>\u00a0se enfrenta a la dura pol\u00edtica migratoria estadounidense, despu\u00e9s de d\u00e9cadas viviendo bajo el amparo de la Ley de Ajuste cubano. En Florida, donde la mayor\u00eda apost\u00f3 por llevar a Trump una vez m\u00e1s a la Casa Blanca, el terror de las deportaciones tom\u00f3 el rostro de la c\u00e1rcel de\u00a0<a title=\"https:\/\/elpais.com\/us\/migracion\/2025-09-18\/la-misteriosa-desaparicion-de-cientos-de-inmigrantes-detenidos-en-alligator-alcatraz.html\" href=\"https:\/\/elpais.com\/us\/migracion\/2025-09-18\/la-misteriosa-desaparicion-de-cientos-de-inmigrantes-detenidos-en-alligator-alcatraz.html\" target=\"_self\" rel=\"\" data-link-track-dtm=\"\" data-mrf-link=\"https:\/\/elpais.com\/us\/migracion\/2025-09-18\/la-misteriosa-desaparicion-de-cientos-de-inmigrantes-detenidos-en-alligator-alcatraz.html\">Alligator Alcatraz<\/a>, pero lo cierto es que las calles de ciudades como Miami se han vuelto el principal peligro para los indocumentados.<\/p>\n<p>&nbsp;<\/p>\n<figure class=\"a_m a_m-h \">\n<p><div style=\"width: 424px\" class=\"wp-caption alignnone\"><img loading=\"lazy\" decoding=\"async\" class=\"_re lazyload a_m-h\" src=\"https:\/\/imagenes.elpais.com\/resizer\/v2\/AGVSHQFSMVCWXPFG74GWCQVGZA.jpg?auth=dc26f63329e0c1949342e030977a2c83c43d5a6dccbee601709037e799b20073&amp;width=414\" sizes=\"auto, (min-width:1199px) 1155px,(min-width:1001px) calc(100vw - 44px),(min-width:768px) 767px, 100vw\" srcset=\"https:\/\/imagenes.elpais.com\/resizer\/v2\/AGVSHQFSMVCWXPFG74GWCQVGZA.jpg?auth=dc26f63329e0c1949342e030977a2c83c43d5a6dccbee601709037e799b20073&amp;width=414 414w,https:\/\/imagenes.elpais.com\/resizer\/v2\/AGVSHQFSMVCWXPFG74GWCQVGZA.jpg?auth=dc26f63329e0c1949342e030977a2c83c43d5a6dccbee601709037e799b20073&amp;width=828 640w,https:\/\/imagenes.elpais.com\/resizer\/v2\/AGVSHQFSMVCWXPFG74GWCQVGZA.jpg?auth=dc26f63329e0c1949342e030977a2c83c43d5a6dccbee601709037e799b20073&amp;width=980 1000w,https:\/\/imagenes.elpais.com\/resizer\/v2\/AGVSHQFSMVCWXPFG74GWCQVGZA.jpg?auth=dc26f63329e0c1949342e030977a2c83c43d5a6dccbee601709037e799b20073&amp;width=1960 1960w\" alt=\"\" width=\"414\" height=\"276\" \/><p class=\"wp-caption-text\">Migrantes esperan en un refugio en Tapachula, en abril de 2025. Foto Jose Torres (Anadolu via Getty Images)<\/p><\/div><figcaption class=\"a_m_p\" aria-hidden=\"true\"><\/figcaption><\/figure>\n<p>&nbsp;<\/p>\n<p class=\"\">Thomas Kennedy, activista de inmigraci\u00f3n y analista de pol\u00edticas de la Coalici\u00f3n de Inmigrantes de Florida, asegura que en el Estado el tipo de redadas es menos escandaloso que en Chicago o California. \u201cPero ac\u00e1 lo que pasa es lo que yo llamo una redada constante\u201d, se\u00f1ala. El gobierno de Ron DeSantis, con el <a title=\"https:\/\/elpais.com\/us\/migracion\/2025-09-29\/carceles-que-operan-como-centros-de-detencion-una-zona-gris-que-se-extiende-con-trump.html\" href=\"https:\/\/elpais.com\/us\/migracion\/2025-09-29\/carceles-que-operan-como-centros-de-detencion-una-zona-gris-que-se-extiende-con-trump.html\" target=\"_self\" rel=\"\" data-link-track-dtm=\"\" data-mrf-link=\"https:\/\/elpais.com\/us\/migracion\/2025-09-29\/carceles-que-operan-como-centros-de-detencion-una-zona-gris-que-se-extiende-con-trump.html\">programa 287(g)<\/a>, que otorga a la polic\u00eda local y estatal facultades federales de inmigraci\u00f3n, ha empoderado a la patrulla de carretera para arrestar a muchas personas. En el Estado donde los cubanos son el grupo extranjero m\u00e1s grande, no obstante, no son ellos los m\u00e1s afectados por las detenciones del ICE, sino\u00a0<a title=\"https:\/\/elpais.com\/us\/migracion\/2025-10-08\/familias-separadas-y-perfilamiento-racial-las-deportaciones-de-trump-desgarran-a-los-mayas-de-florida.html\" href=\"https:\/\/elpais.com\/us\/migracion\/2025-10-08\/familias-separadas-y-perfilamiento-racial-las-deportaciones-de-trump-desgarran-a-los-mayas-de-florida.html\" target=\"_self\" rel=\"\" data-link-track-dtm=\"\" data-mrf-link=\"https:\/\/elpais.com\/us\/migracion\/2025-10-08\/familias-separadas-y-perfilamiento-racial-las-deportaciones-de-trump-desgarran-a-los-mayas-de-florida.html\">los guatemaltecos<\/a>\u00a0y mexicanos.<\/p>\n<p class=\"\">Aun as\u00ed, los \u00faltimos diez meses de gobierno republicano han sido devastadores para muchos cubanos cuyos familiares naturalizados no dudaron en darle su voto a Trump. En este tiempo, seg\u00fan Espinosa, la pol\u00edtica migratoria de Estados Unidos \u201cha pasado de la protecci\u00f3n al castigo\u201d. \u201cSe elimin\u00f3 el programa de parole humanitario, se revocaron permisos de trabajo y se ampliaron las deportaciones a pa\u00edses como M\u00e9xico e incluso a \u00c1frica. Cientos de miles de cubanos que entraron regularmente hoy corren riesgo de detenci\u00f3n o expulsi\u00f3n, mientras otros viven con miedo a perderlo todo, y otros esperan en la isla poder reunirse con sus familiares en Estados Unidos. Lo que estamos viendo es un retroceso hist\u00f3rico: despu\u00e9s de d\u00e9cadas en las que los cubanos fueron acogidos en este pa\u00eds, ahora muchos viven en limbo, sin protecci\u00f3n ni un camino claro hacia adelante\u201d, sostiene.<\/p>\n<p class=\"\">As\u00ed sobrevive Laudel en M\u00e9xico. Despu\u00e9s de varios d\u00edas en la calle, fueron otros cubanos los que lo ayudaron en Tapachula a sortear su primer tiempo como deportado. \u201cLlegu\u00e9 a pedirle comida o dinero a algunos cubanos que ve\u00eda pasar. Estaba sin ba\u00f1arme y durmiendo escondido donde me cog\u00eda la noche\u201d, cuenta. Despu\u00e9s, esos mismos cubanos fueron quienes le ofrecieron techo, hasta que pueda encontrar un trabajo, algo que tampoco le resulta sencillo. \u201cNo tengo documentos y eso empeora mi situaci\u00f3n. Hay trabajo, pero sin documentaci\u00f3n es imposible para un migrante\u201d, asegura.<\/p>\n<p class=\"\">Irene Pascual, abogada de inmigraci\u00f3n en M\u00e9xico, dijo a EL PA\u00cdS que lo primero que debe hacer un deportado es presentarse antes de los 30 d\u00edas ante las autoridades mexicanas de migraci\u00f3n. La letrada tambi\u00e9n explic\u00f3 que la ley mexicana establece tres formas de regularizaci\u00f3n, ya sea por v\u00ednculo familiar, por razones humanitarias o por documento vencido, que se aplican a personas con historial migratorio previo.<\/p>\n<p class=\"\">\u201cLa mayor\u00eda de las personas no tienen familiares ni historial, entonces deben solicitar refugio ante la Comisi\u00f3n Mexicana de Ayuda a Refugiados (COMAR)\u201d, sostiene Pascual. \u201cMuchos cubanos cumplen con los requisitos de persecuci\u00f3n y temor de vida o de ser privados de la libertad si regresan, pero cada caso es distinto. De igual forma, solicitar refugio es un derecho humano y constitucional. Es la autoridad, COMAR, la que decide en el proceso si la persona ser\u00e1 reconocida como refugiada y gozar\u00e1 de los beneficios\u201d.<\/p>\n<p class=\"\">Muchos migrantes desde Tapachula denuncian no solo largos periodos de espera o demoras por parte de COMAR, sino tambi\u00e9n denegaciones de tr\u00e1mites y corrupci\u00f3n. Algunos aseguran que han tenido que pagar hasta m\u00e1s de 1.000 d\u00f3lares por sus documentos legales. Laudel, por el momento, ya se present\u00f3 ante COMAR, donde le han dicho que deber\u00e1 aguardar entre cuatro y cinco meses por una respuesta a su caso. No piensa regresar a Cuba, donde las autoridades han amenazado a la familia con devolverlo a la c\u00e1rcel. Tampoco hay posibilidad de un retorno a los Estados Unidos. El destino, incierto, ahora est\u00e1 en M\u00e9xico.<\/p>\n","protected":false},"excerpt":{"rendered":"<p>&nbsp; &nbsp; Estados Unidos est\u00e1 expulsando de forma sistem\u00e1tica al sur de la frontera a migrantes que la isla se niega a recibir. Hay pocas&hellip;<\/p>\n","protected":false},"author":99,"featured_media":537407,"comment_status":"open","ping_status":"open","sticky":false,"template":"","format":"standard","meta":{"footnotes":""},"categories":[23],"tags":[],"class_list":["post-537406","post","type-post","status-publish","format-standard","has-post-thumbnail","hentry","category-latinoamerica"],"_links":{"self":[{"href":"https:\/\/diarioelpopular.com\/index.php\/wp-json\/wp\/v2\/posts\/537406","targetHints":{"allow":["GET"]}}],"collection":[{"href":"https:\/\/diarioelpopular.com\/index.php\/wp-json\/wp\/v2\/posts"}],"about":[{"href":"https:\/\/diarioelpopular.com\/index.php\/wp-json\/wp\/v2\/types\/post"}],"author":[{"embeddable":true,"href":"https:\/\/diarioelpopular.com\/index.php\/wp-json\/wp\/v2\/users\/99"}],"replies":[{"embeddable":true,"href":"https:\/\/diarioelpopular.com\/index.php\/wp-json\/wp\/v2\/comments?post=537406"}],"version-history":[{"count":1,"href":"https:\/\/diarioelpopular.com\/index.php\/wp-json\/wp\/v2\/posts\/537406\/revisions"}],"predecessor-version":[{"id":537408,"href":"https:\/\/diarioelpopular.com\/index.php\/wp-json\/wp\/v2\/posts\/537406\/revisions\/537408"}],"wp:featuredmedia":[{"embeddable":true,"href":"https:\/\/diarioelpopular.com\/index.php\/wp-json\/wp\/v2\/media\/537407"}],"wp:attachment":[{"href":"https:\/\/diarioelpopular.com\/index.php\/wp-json\/wp\/v2\/media?parent=537406"}],"wp:term":[{"taxonomy":"category","embeddable":true,"href":"https:\/\/diarioelpopular.com\/index.php\/wp-json\/wp\/v2\/categories?post=537406"},{"taxonomy":"post_tag","embeddable":true,"href":"https:\/\/diarioelpopular.com\/index.php\/wp-json\/wp\/v2\/tags?post=537406"}],"curies":[{"name":"wp","href":"https:\/\/api.w.org\/{rel}","templated":true}]}}