{"id":537429,"date":"2025-10-27T12:07:33","date_gmt":"2025-10-27T16:07:33","guid":{"rendered":"https:\/\/diarioelpopular.com\/?p=537429"},"modified":"2025-10-27T12:07:33","modified_gmt":"2025-10-27T16:07:33","slug":"los-latinos-acorralados-por-trump-a-la-persecucion-migratoria-se-suma-el-cierre-del-gobierno","status":"publish","type":"post","link":"https:\/\/diarioelpopular.com\/index.php\/2025\/10\/27\/los-latinos-acorralados-por-trump-a-la-persecucion-migratoria-se-suma-el-cierre-del-gobierno\/","title":{"rendered":"Los latinos, acorralados por Trump: a la persecuci\u00f3n migratoria se suma el cierre del Gobierno"},"content":{"rendered":"<div id=\"attachment_537430\" style=\"width: 1210px\" class=\"wp-caption alignnone\"><img loading=\"lazy\" decoding=\"async\" aria-describedby=\"caption-attachment-537430\" class=\"wp-image-537430 size-custom-big-size\" src=\"https:\/\/diarioelpopular.com\/wp-content\/uploads\/2025\/10\/Screen-Shot-2025-10-27-at-12.06.41-PM-1200x803.png\" alt=\"\" width=\"1200\" height=\"803\" srcset=\"https:\/\/diarioelpopular.com\/wp-content\/uploads\/2025\/10\/Screen-Shot-2025-10-27-at-12.06.41-PM-1200x803.png 1200w, https:\/\/diarioelpopular.com\/wp-content\/uploads\/2025\/10\/Screen-Shot-2025-10-27-at-12.06.41-PM-300x201.png 300w, https:\/\/diarioelpopular.com\/wp-content\/uploads\/2025\/10\/Screen-Shot-2025-10-27-at-12.06.41-PM-768x514.png 768w, https:\/\/diarioelpopular.com\/wp-content\/uploads\/2025\/10\/Screen-Shot-2025-10-27-at-12.06.41-PM-636x425.png 636w, https:\/\/diarioelpopular.com\/wp-content\/uploads\/2025\/10\/Screen-Shot-2025-10-27-at-12.06.41-PM-80x55.png 80w, https:\/\/diarioelpopular.com\/wp-content\/uploads\/2025\/10\/Screen-Shot-2025-10-27-at-12.06.41-PM-109x73.png 109w, https:\/\/diarioelpopular.com\/wp-content\/uploads\/2025\/10\/Screen-Shot-2025-10-27-at-12.06.41-PM.png 1024w\" sizes=\"auto, (max-width: 1200px) 100vw, 1200px\" \/><p id=\"caption-attachment-537430\" class=\"wp-caption-text\">Banco de alimentos de la Iglesia Cristiana Central en Indian\u00e1polis, el 25 de octubre. Obed Lamy (AP)<\/p><\/div>\n<p>&nbsp;<\/p>\n<ul>\n<li><em><strong>La comunidad hispana es una de las m\u00e1s afectadas por la falta de acuerdo para aprobar el presupuesto federal, el cual deja en vilo su acceso a subsidios cruciales de alimentaci\u00f3n y salud<\/strong><\/em><\/li>\n<\/ul>\n<p>&nbsp;<\/p>\n<p class=\"\">Como si no fuera suficiente ser el blanco de una persecuci\u00f3n migratoria en la que\u00a0<a title=\"https:\/\/elpais.com\/us\/migracion\/2025-08-14\/trump-defiende-el-uso-de-perfiles-raciales-para-detener-a-inmigrantes.html\" href=\"https:\/\/elpais.com\/us\/migracion\/2025-08-14\/trump-defiende-el-uso-de-perfiles-raciales-para-detener-a-inmigrantes.html\" target=\"_self\" rel=\"\" data-link-track-dtm=\"\" data-mrf-link=\"https:\/\/elpais.com\/us\/migracion\/2025-08-14\/trump-defiende-el-uso-de-perfiles-raciales-para-detener-a-inmigrantes.html\">el perfilamiento racial ha sido avalado<\/a>\u00a0por el presidente Donald Trump,\u00a0<a title=\"https:\/\/elpais.com\/internacional\/2025-10-22\/el-cierre-del-gobierno-de-estados-unidos-bate-marcas-sin-visos-de-solucionarse.html\" href=\"https:\/\/elpais.com\/internacional\/2025-10-22\/el-cierre-del-gobierno-de-estados-unidos-bate-marcas-sin-visos-de-solucionarse.html\" target=\"_self\" rel=\"\" data-link-track-dtm=\"\" data-mrf-link=\"https:\/\/elpais.com\/internacional\/2025-10-22\/el-cierre-del-gobierno-de-estados-unidos-bate-marcas-sin-visos-de-solucionarse.html\">el cierre parcial del Gobierno de Estados Unidos \u2014que se inici\u00f3 el 1 de octubre<\/a>\u00a0y va camino de superar el r\u00e9cord hist\u00f3rico de 2018-2019\u2014, ha puesto en riesgo el acceso a los programas de comida y salud de una gran parte de la poblaci\u00f3n latina de Estados Unidos. Millones de trabajadores han dejado de recibir su sueldo por causa\u00a0<span style=\"box-sizing: border-box; margin: 0px; padding: 0px;\">de<a href=\"https:\/\/elpais.com\/us\/2025-09-30\/cierre-del-gobierno-en-estados-unidos-que-significa-y-cual-puede-ser-su-impacto.html\" target=\"_blank\" rel=\"noopener\"> la<\/a><\/span><a title=\"https:\/\/elpais.com\/us\/2025-09-30\/cierre-del-gobierno-en-estados-unidos-que-significa-y-cual-puede-ser-su-impacto.html\" href=\"https:\/\/elpais.com\/us\/2025-09-30\/cierre-del-gobierno-en-estados-unidos-que-significa-y-cual-puede-ser-su-impacto.html\" rel=\"\" data-link-track-dtm=\"\" data-mrf-link=\"https:\/\/elpais.com\/us\/2025-09-30\/cierre-del-gobierno-en-estados-unidos-que-significa-y-cual-puede-ser-su-impacto.html\">\u00a0clausura,<\/a>\u00a0pero tambi\u00e9n ha dejado sin fondos a\u00a0<a title=\"https:\/\/elpais.com\/us\/2025-10-22\/mas-de-40-millones-de-personas-estan-en-riesgo-de-perder-los-cupones-de-alimentos-del-snap-por-el-cierre-de-gobierno.html\" href=\"https:\/\/elpais.com\/us\/2025-10-22\/mas-de-40-millones-de-personas-estan-en-riesgo-de-perder-los-cupones-de-alimentos-del-snap-por-el-cierre-de-gobierno.html\" rel=\"\" data-link-track-dtm=\"\" data-mrf-link=\"https:\/\/elpais.com\/us\/2025-10-22\/mas-de-40-millones-de-personas-estan-en-riesgo-de-perder-los-cupones-de-alimentos-del-snap-por-el-cierre-de-gobierno.html\">los programas de ayudas a la alimentaci\u00f3n<\/a>\u00a0y a la sanidad para la poblaci\u00f3n m\u00e1s vulnerable. Entre este grupo, los latinos son una porci\u00f3n importante.<\/p>\n<p class=\"\">\u201cEste cierre gubernamental es un ataque directo a las familias latinas que mantienen el pa\u00eds en funcionamiento. Desde empleados federales y peque\u00f1os empresarios hasta familias que dependen de programas de nutrici\u00f3n y salud, m\u00e1s de 15 millones de latinos son los m\u00e1s afectados por la disfunci\u00f3n de Washington\u201d, han advertido desde la organizaci\u00f3n Voto Latino.<\/p>\n<p class=\"\">Entre los funcionarios federales que ven peligrar su salario, ya que desde el Gobierno solo se ha asegurado el de los trabajadores que se consideran esenciales, hay unos 300.000 latinos, el 10,5% de todos los empleados p\u00fablicos federales.<\/p>\n<p class=\"\">El mayor escollo de las negociaciones se refiere a los recortes a los programas de sanidad p\u00fablica, como Medicaid, destinado a la poblaci\u00f3n de menos ingresos, y Medicare, para los de mayor edad, y a la eliminaci\u00f3n de los subsidios que permiten el acceso a seguros m\u00e9dicos m\u00e1s baratos. Los dem\u00f3cratas se han negado a apoyar unos presupuestos que dejar\u00edan a millones de personas\u00a0<a title=\"https:\/\/elpais.com\/us\/migracion\/2025-05-28\/la-gran-y-hermosa-ley-fiscal-de-trump-dejara-sin-atencion-medica-a-millones-de-ninos-latinos.html\" href=\"https:\/\/elpais.com\/us\/migracion\/2025-05-28\/la-gran-y-hermosa-ley-fiscal-de-trump-dejara-sin-atencion-medica-a-millones-de-ninos-latinos.html\" target=\"_self\" rel=\"\" data-link-track-dtm=\"\" data-mrf-link=\"https:\/\/elpais.com\/us\/migracion\/2025-05-28\/la-gran-y-hermosa-ley-fiscal-de-trump-dejara-sin-atencion-medica-a-millones-de-ninos-latinos.html\">sin acceso a la sanidad\u00a0<\/a>y los republicanos denuncian falsamente que la oposici\u00f3n quiere poner esos beneficios al alcance de los migrantes que residen indocumentados en el pa\u00eds.<\/p>\n<p class=\"\">La disputa est\u00e1 llevando a que se interrumpan servicios esenciales para la comunidad latina, ya que es un sector de la poblaci\u00f3n que m\u00e1s los utiliza. Un ejemplo es la telessalud accesible. Un 30% de la poblaci\u00f3n que depende de ello para las necesidades m\u00e9dicas es latina, lo que significa que, de continuar el cierre, dos millones de latinos enfrentar\u00e1n obst\u00e1culos para acceder a atenci\u00f3n m\u00e9dica esencial, seg\u00fan denuncia Voto Latino.<\/p>\n<p class=\"\">Casi el 18% de los latinos no mayores no tienen seguro m\u00e9dico y el 55% tiene un seguro insuficiente, lo que significa que las interrupciones en Medicare y las cl\u00ednicas comunitarias afectar\u00e1n especialmente a las familias latinas.<\/p>\n<p class=\"\">En el pulso que mantienen dem\u00f3cratas y republicanos\u00a0<a title=\"https:\/\/elpais.com\/us\/2025-10-24\/la-pelea-en-el-centro-del-cierre-de-gobierno-la-ley-de-salud-aca-y-el-enorme-aumento-de-primas-para-millones-de-estadounidenses.html\" href=\"https:\/\/elpais.com\/us\/2025-10-24\/la-pelea-en-el-centro-del-cierre-de-gobierno-la-ley-de-salud-aca-y-el-enorme-aumento-de-primas-para-millones-de-estadounidenses.html\" target=\"_self\" rel=\"\" data-link-track-dtm=\"\" data-mrf-link=\"https:\/\/elpais.com\/us\/2025-10-24\/la-pelea-en-el-centro-del-cierre-de-gobierno-la-ley-de-salud-aca-y-el-enorme-aumento-de-primas-para-millones-de-estadounidenses.html\">est\u00e1 en juego la continuidad de los subsidios que se aprobaron durante la pandemia<\/a> para abaratar los costes de los seguros de salud en un pa\u00eds en el que las cuentas m\u00e9dicas alcanzan cantidades estratosf\u00e9ricas que las familias de menos ingresos no pueden pagar. Gracias a los subsidios que se aplican en el mercado de seguros de salud de la Ley de Cuidado de Salud Asequible (ACA), el programa que cre\u00f3 Barack Obama (el llamado Obamacare), millones de latinos que trabajan en empleos de bajos salarios que no ofrecen beneficios de salud pueden acceder a la atenci\u00f3n m\u00e9dica. Desde que se promulg\u00f3 la ACA, la cantidad de latinos que contratan su seguro a trav\u00e9s de este mercado se ha triplicado, alcanzando a m\u00e1s de cinco millones de personas.<\/p>\n<p>&nbsp;<\/p>\n<figure class=\"a_m a_m-h \">\n<p><div style=\"width: 424px\" class=\"wp-caption alignnone\"><img loading=\"lazy\" decoding=\"async\" class=\"_re lazyload a_m-h\" src=\"https:\/\/imagenes.elpais.com\/resizer\/v2\/3KZTN3UR2FCD5IFWMN677GKRBQ.jpg?auth=b02486a2d1bf9a883bba1eae3679f7f6f130a71ee13c0ac268cc999f14c16a6e&amp;width=414\" sizes=\"auto, (min-width:1199px) 1155px,(min-width:1001px) calc(100vw - 44px),(min-width:768px) 767px, 100vw\" srcset=\"https:\/\/imagenes.elpais.com\/resizer\/v2\/3KZTN3UR2FCD5IFWMN677GKRBQ.jpg?auth=b02486a2d1bf9a883bba1eae3679f7f6f130a71ee13c0ac268cc999f14c16a6e&amp;width=414 414w,https:\/\/imagenes.elpais.com\/resizer\/v2\/3KZTN3UR2FCD5IFWMN677GKRBQ.jpg?auth=b02486a2d1bf9a883bba1eae3679f7f6f130a71ee13c0ac268cc999f14c16a6e&amp;width=828 640w,https:\/\/imagenes.elpais.com\/resizer\/v2\/3KZTN3UR2FCD5IFWMN677GKRBQ.jpg?auth=b02486a2d1bf9a883bba1eae3679f7f6f130a71ee13c0ac268cc999f14c16a6e&amp;width=980 1000w,https:\/\/imagenes.elpais.com\/resizer\/v2\/3KZTN3UR2FCD5IFWMN677GKRBQ.jpg?auth=b02486a2d1bf9a883bba1eae3679f7f6f130a71ee13c0ac268cc999f14c16a6e&amp;width=1960 1960w\" alt=\"Las Madrinas de los Seguros\" width=\"414\" height=\"276\" \/><p class=\"wp-caption-text\">Sede de &#8216;Las Madrinas de los Seguros&#8217;, en Miami, en diciembre de 2023.Rebecca Blackwell (AP)<\/p><\/div><figcaption class=\"a_m_p\" aria-hidden=\"true\"><\/figcaption><\/figure>\n<h3 class=\"\">Mil d\u00f3lares m\u00e1s al mes<\/h3>\n<p class=\"\">La eliminaci\u00f3n de los subsidios va a suponer una media de incremento de mil d\u00f3lares mensuales para sus seguros, lo que obligar\u00e1 a muchos de ellos a quedarse sin cobertura m\u00e9dica, como advierten desde la organizaci\u00f3n latina UnidosUS. \u201cPara la comunidad latina, lo que est\u00e1 en juego es inmenso. Estos cr\u00e9ditos fiscales no son solo n\u00fameros en una p\u00e1gina. Son la raz\u00f3n por la que un padre no puede llevar a su hijo al m\u00e9dico. Un trabajador no puede renovar su receta m\u00e9dica, o una abuela no puede ir al m\u00e9dico sin saltarse comidas\u201d, afirm\u00f3 Janet Murgu\u00eda, presidenta de UnidosUS, en una conferencia celebrada la semana pasada con otras organizaciones y legisladores dem\u00f3cratas para advertir de los riesgos de eliminar las ayudas.<\/p>\n<p class=\"\">El presupuesto que quiere aprobar el Gobierno de Trump contempla una reducci\u00f3n de impuestos para las grandes fortunas y, a cambio, el mayor recorte de financiaci\u00f3n para<a title=\"https:\/\/elpais.com\/us\/2025-07-24\/medicaid-bajo-la-nueva-ley-de-trump-como-afectara-a-los-migrantes-y-a-las-personas-con-discapacidad.html\" href=\"https:\/\/elpais.com\/us\/2025-07-24\/medicaid-bajo-la-nueva-ley-de-trump-como-afectara-a-los-migrantes-y-a-las-personas-con-discapacidad.html\" target=\"_self\" rel=\"\" data-link-track-dtm=\"\" data-mrf-link=\"https:\/\/elpais.com\/us\/2025-07-24\/medicaid-bajo-la-nueva-ley-de-trump-como-afectara-a-los-migrantes-y-a-las-personas-con-discapacidad.html\">\u00a0el programa Medicaid.\u00a0<\/a>Los latinos tambi\u00e9n ser\u00edan los m\u00e1s afectados. Aproximadamente 20 millones de latinos, o alrededor del 30% de todos los beneficiarios de Medicaid, dependen de este programa para su atenci\u00f3n m\u00e9dica, a pesar de que los latinos representan solo el 20% de la poblaci\u00f3n estadounidense. \u201cNuestra comunidad depende de Medicaid para cubrir las necesidades, y sin \u00e9l, las familias enfrentar\u00e1n consecuencias devastadoras\u201d, a\u00f1adi\u00f3 Murgu\u00eda.<\/p>\n<p class=\"\">Otros dos programas cuyos recortes contempla el Gobierno y que enfrentan la falta de fondos por el cierre tambi\u00e9n afectan mayormente a la comunidad latina. El Gobierno anunci\u00f3 este fin de semana que se suspende el programa de SNAP, (<a title=\"https:\/\/elpais.com\/us\/2025-09-04\/los-cambios-a-snap-comienzan-y-millones-de-estadounidenses-pierden-sus-ayudas-para-comprar-alimentos.html\" href=\"https:\/\/elpais.com\/us\/2025-09-04\/los-cambios-a-snap-comienzan-y-millones-de-estadounidenses-pierden-sus-ayudas-para-comprar-alimentos.html\" rel=\"\" data-link-track-dtm=\"\" data-mrf-link=\"https:\/\/elpais.com\/us\/2025-09-04\/los-cambios-a-snap-comienzan-y-millones-de-estadounidenses-pierden-sus-ayudas-para-comprar-alimentos.html\">Programa de Asistencia Nutricional Suplementaria<\/a>), que ofrece cupones de alimentaci\u00f3n a las familias de bajos ingresos. Con 10 millones de beneficiarios, la comunidad latina es una de las m\u00e1s afectadas. Tambi\u00e9n est\u00e1 en riesgo el\u00a0<a title=\"https:\/\/elpais.com\/us\/2025-10-08\/el-cierre-del-gobierno-pone-en-jaque-un-programa-de-ayuda-alimentaria-del-que-dependen-siete-millones-de-familias.html\" href=\"https:\/\/elpais.com\/us\/2025-10-08\/el-cierre-del-gobierno-pone-en-jaque-un-programa-de-ayuda-alimentaria-del-que-dependen-siete-millones-de-familias.html\" target=\"_self\" rel=\"\" data-link-track-dtm=\"\" data-mrf-link=\"https:\/\/elpais.com\/us\/2025-10-08\/el-cierre-del-gobierno-pone-en-jaque-un-programa-de-ayuda-alimentaria-del-que-dependen-siete-millones-de-familias.html\">WIC, el programa especial de nutrici\u00f3n suplementaria para mujeres,\u00a0<\/a>beb\u00e9s y ni\u00f1os, que proporciona vales para comprar f\u00f3rmula infantil, frutas y verduras frescas, leche baja en grasa y otros alimentos b\u00e1sicos saludables que a menudo est\u00e1n fuera del alcance de los hogares de bajos ingresos.<\/p>\n<p class=\"\">Gina, hondure\u00f1a que vive en Jackson, Misisipi, cuenta por tel\u00e9fono que muchos de los amigos latinos que tiene dependen del SNAP para llevar comida a la mesa. En un momento en el que tratan de evitar cruzarse con los agentes migratorios, el programa es m\u00e1s necesario que nunca. \u201cMuchos reciben los cupones del programa SNAP y ahora temen perderlo, porque es lo que ayuda a la alimentaci\u00f3n de los ni\u00f1os, sobre todo en un momento tan dif\u00edcil como el actual. A las personas les da miedo acudir al trabajo y la econom\u00eda est\u00e1 dif\u00edcil\u201d, afirma.<\/p>\n<p class=\"\">Tres millones de latinos se benefician de WIC y otros 10 millones dependen de SNAP para alimentar a sus familias. \u201cCada d\u00eda que se prolonga el cierre, su acceso a estos beneficios esenciales se vuelve m\u00e1s incierto\u201d, sostiene Murgu\u00eda.<\/p>\n","protected":false},"excerpt":{"rendered":"<p>&nbsp; La comunidad hispana es una de las m\u00e1s afectadas por la falta de acuerdo para aprobar el presupuesto federal, el cual deja en vilo&hellip;<\/p>\n","protected":false},"author":99,"featured_media":537430,"comment_status":"open","ping_status":"open","sticky":false,"template":"","format":"standard","meta":{"footnotes":""},"categories":[24],"tags":[],"class_list":["post-537429","post","type-post","status-publish","format-standard","has-post-thumbnail","hentry","category-mundo"],"_links":{"self":[{"href":"https:\/\/diarioelpopular.com\/index.php\/wp-json\/wp\/v2\/posts\/537429","targetHints":{"allow":["GET"]}}],"collection":[{"href":"https:\/\/diarioelpopular.com\/index.php\/wp-json\/wp\/v2\/posts"}],"about":[{"href":"https:\/\/diarioelpopular.com\/index.php\/wp-json\/wp\/v2\/types\/post"}],"author":[{"embeddable":true,"href":"https:\/\/diarioelpopular.com\/index.php\/wp-json\/wp\/v2\/users\/99"}],"replies":[{"embeddable":true,"href":"https:\/\/diarioelpopular.com\/index.php\/wp-json\/wp\/v2\/comments?post=537429"}],"version-history":[{"count":1,"href":"https:\/\/diarioelpopular.com\/index.php\/wp-json\/wp\/v2\/posts\/537429\/revisions"}],"predecessor-version":[{"id":537431,"href":"https:\/\/diarioelpopular.com\/index.php\/wp-json\/wp\/v2\/posts\/537429\/revisions\/537431"}],"wp:featuredmedia":[{"embeddable":true,"href":"https:\/\/diarioelpopular.com\/index.php\/wp-json\/wp\/v2\/media\/537430"}],"wp:attachment":[{"href":"https:\/\/diarioelpopular.com\/index.php\/wp-json\/wp\/v2\/media?parent=537429"}],"wp:term":[{"taxonomy":"category","embeddable":true,"href":"https:\/\/diarioelpopular.com\/index.php\/wp-json\/wp\/v2\/categories?post=537429"},{"taxonomy":"post_tag","embeddable":true,"href":"https:\/\/diarioelpopular.com\/index.php\/wp-json\/wp\/v2\/tags?post=537429"}],"curies":[{"name":"wp","href":"https:\/\/api.w.org\/{rel}","templated":true}]}}