{"id":537472,"date":"2025-10-28T10:47:50","date_gmt":"2025-10-28T14:47:50","guid":{"rendered":"https:\/\/diarioelpopular.com\/?p=537472"},"modified":"2025-10-28T10:47:50","modified_gmt":"2025-10-28T14:47:50","slug":"regresar-al-lugar-del-atentado-bajo-la-amenaza-de-nuevos-ataques-en-guayaquil","status":"publish","type":"post","link":"https:\/\/diarioelpopular.com\/index.php\/2025\/10\/28\/regresar-al-lugar-del-atentado-bajo-la-amenaza-de-nuevos-ataques-en-guayaquil\/","title":{"rendered":"Regresar al lugar del atentado bajo la amenaza de nuevos ataques en Guayaquil"},"content":{"rendered":"<div id=\"attachment_537473\" style=\"width: 1210px\" class=\"wp-caption alignnone\"><img loading=\"lazy\" decoding=\"async\" aria-describedby=\"caption-attachment-537473\" class=\"wp-image-537473 size-custom-big-size\" src=\"https:\/\/diarioelpopular.com\/wp-content\/uploads\/2025\/10\/Screen-Shot-2025-10-28-at-10.47.02-AM-1200x725.png\" alt=\"\" width=\"1200\" height=\"725\" srcset=\"https:\/\/diarioelpopular.com\/wp-content\/uploads\/2025\/10\/Screen-Shot-2025-10-28-at-10.47.02-AM-1200x725.png 1200w, https:\/\/diarioelpopular.com\/wp-content\/uploads\/2025\/10\/Screen-Shot-2025-10-28-at-10.47.02-AM-300x181.png 300w, https:\/\/diarioelpopular.com\/wp-content\/uploads\/2025\/10\/Screen-Shot-2025-10-28-at-10.47.02-AM-768x464.png 768w, https:\/\/diarioelpopular.com\/wp-content\/uploads\/2025\/10\/Screen-Shot-2025-10-28-at-10.47.02-AM-636x384.png 636w, https:\/\/diarioelpopular.com\/wp-content\/uploads\/2025\/10\/Screen-Shot-2025-10-28-at-10.47.02-AM-121x73.png 121w, https:\/\/diarioelpopular.com\/wp-content\/uploads\/2025\/10\/Screen-Shot-2025-10-28-at-10.47.02-AM.png 1024w\" sizes=\"auto, (max-width: 1200px) 100vw, 1200px\" \/><p id=\"caption-attachment-537473\" class=\"wp-caption-text\">Bomberos y agentes de seguridad inspeccionan los da\u00f1os de la explosi\u00f3n de un autom\u00f3vil en Guayaquil, Ecuador, el martes 14 de octubre de 2025.\u00a0 Foto Cesar Munoz (AP)<\/p><\/div>\n<p>&nbsp;<\/p>\n<p>&nbsp;<\/p>\n<ul>\n<li><em><strong>Tras una semana no hay personas vinculadas formalmente con la explosi\u00f3n, ni como autores materiales ni intelectuales<\/strong><\/em><\/li>\n<\/ul>\n<p>&nbsp;<\/p>\n<p class=\"\">El eco de la explosi\u00f3n a\u00fan retumba en las calles de Guayaquil. Hab\u00eda transcurrido\u00a0<a title=\"https:\/\/elpais.com\/america\/2025-10-15\/una-sucesion-de-ataques-con-explosivos-agrava-la-crisis-de-violencia-en-ecuador.html\" href=\"https:\/\/elpais.com\/america\/2025-10-15\/una-sucesion-de-ataques-con-explosivos-agrava-la-crisis-de-violencia-en-ecuador.html\" target=\"_self\" rel=\"\" data-link-track-dtm=\"\" data-mrf-link=\"https:\/\/elpais.com\/america\/2025-10-15\/una-sucesion-de-ataques-con-explosivos-agrava-la-crisis-de-violencia-en-ecuador.html\">una semana desde el \u00faltimo coche bomba<\/a>\u00a0y, sin embargo, el miedo sigue impregnado en los que a diario transitan por el lugar. La ciudad,<a title=\"https:\/\/elpais.com\/america\/2025-03-07\/asesinadas-22-personas-en-una-zona-urbana-de-guayaquil-en-una-escalada-sin-freno-de-la-violencia-en-ecuador.html\" href=\"https:\/\/elpais.com\/america\/2025-03-07\/asesinadas-22-personas-en-una-zona-urbana-de-guayaquil-en-una-escalada-sin-freno-de-la-violencia-en-ecuador.html\" target=\"_self\" rel=\"\" data-link-track-dtm=\"\" data-mrf-link=\"https:\/\/elpais.com\/america\/2025-03-07\/asesinadas-22-personas-en-una-zona-urbana-de-guayaquil-en-una-escalada-sin-freno-de-la-violencia-en-ecuador.html\">\u00a0siempre bulliciosa y en constante movimiento,<\/a> se convirti\u00f3 en escenario de guerra: un muerto, 30 heridos y una comunidad marcada por el miedo.<\/p>\n<p class=\"\">Aunque los negocios vuelven a abrir, cercados con cintas de \u201cpeligro\u201d, con restos de vidrio esparcidos y el tr\u00e1fico va retomando su marcha, la normalidad es solo una fachada. \u201cNo queda m\u00e1s que venir a trabajar, pero con mucho m\u00e1s cuidado\u201d, dice Jos\u00e9 G\u00f3mez, enfermero que camina por esas calles desde hace tres a\u00f1os.<\/p>\n<p class=\"\">Para quienes viven del comercio, la huella del atentado est\u00e1 marcada en el miedo. \u201cEl coche bomba demostr\u00f3 que la violencia ya no se queda en los barrios conflictivos, ahora est\u00e1 en el centro, en los lugares que antes consider\u00e1bamos seguros\u201d, explica Guillermo Clavijo, vendedor que ha visto c\u00f3mo el consumo se desploma en los \u00faltimos d\u00edas.<\/p>\n<p class=\"\">La situaci\u00f3n se ha complicado a\u00fan m\u00e1s con las alertas falsas que, desde el atentado, han sido una constante: siete reportes de explosivos, algunos en veh\u00edculos abandonados, otros en mochilas o maletas dejadas en plena calle, todos resultaron ser falsos. Uno de los casos m\u00e1s impactantes involucr\u00f3 un veh\u00edculo de un militar cuyo sistema de encendido fue bloqueado por su pareja. Cada uno de estos incidentes ha bastado para paralizar zonas enteras, movilizar a la polic\u00eda, cerrar negocios, suspender clases y servicios. El p\u00e1nico ha secuestrado la vida cotidiana de la ciudad.<\/p>\n<div id=\"elpais_gpt-INTEXT\" data-google-query-id=\"CNrg27OQx5ADFZPdGAIdu_AeWw\">\n<div id=\"google_ads_iframe_7811748\/elpais_america_web_5__container__\" class=\"primisslate\">\n<div id=\"primis_container_div_6900d6559cca4\">\n<p class=\"\">Guayaquil, la ciudad m\u00e1s violenta de Ecuador,\u00a0<a title=\"https:\/\/elpais.com\/america\/2025-03-02\/ecuador-se-situa-como-el-pais-mas-violento-de-america-latina-un-asesinato-cada-hora.html\" href=\"https:\/\/elpais.com\/america\/2025-03-02\/ecuador-se-situa-como-el-pais-mas-violento-de-america-latina-un-asesinato-cada-hora.html\" target=\"_self\" rel=\"\" data-link-track-dtm=\"\" data-mrf-link=\"https:\/\/elpais.com\/america\/2025-03-02\/ecuador-se-situa-como-el-pais-mas-violento-de-america-latina-un-asesinato-cada-hora.html\">que concentra el 30% de los homicidios del pa\u00eds,<\/a> ha pasado a ser tambi\u00e9n el epicentro de una nueva forma de terrorismo urbano. En el \u00faltimo mes, cuatro coches bomba han explotado en la ciudad y cinco en lo que va del a\u00f1o. El responsable del \u00faltimo ataque, seg\u00fan las autoridades, es la organizaci\u00f3n criminal Los Lobos, un grupo involucrado en narcotr\u00e1fico, extorsi\u00f3n, sicariato, secuestros y miner\u00eda ilegal.<\/p>\n<p class=\"\">Los Lobos, que emergieron con fuerza a partir de 2021,<a title=\"https:\/\/elpais.com\/america\/2024-01-13\/los-choneros-los-lobos-o-los-lagartos-asi-se-gestaron-las-22-bandas-mas-peligrosas-de-ecuador.html\" href=\"https:\/\/elpais.com\/america\/2024-01-13\/los-choneros-los-lobos-o-los-lagartos-asi-se-gestaron-las-22-bandas-mas-peligrosas-de-ecuador.html\" target=\"_self\" rel=\"\" data-link-track-dtm=\"\" data-mrf-link=\"https:\/\/elpais.com\/america\/2024-01-13\/los-choneros-los-lobos-o-los-lagartos-asi-se-gestaron-las-22-bandas-mas-peligrosas-de-ecuador.html\">\u00a0se disputan el control del crimen con Los Choneros,\u00a0<\/a>pero han logrado forjar alianzas con el cartel mexicano Jalisco Nueva Generaci\u00f3n, desafiando el dominio que Sinaloa hab\u00eda mantenido en el pa\u00eds.<\/p>\n<p class=\"\">El ministro del Interior, Jhon Reimberg, explic\u00f3 que el atentado es una represalia contra los operativos militares en la zona andina de Buenos Aires, en Imbabura, donde se desmantelaron actividades ilegales de extracci\u00f3n de oro, en las que estar\u00edan involucrados Los Lobos y grupos disidentes de las antiguas terroristas FARC.<\/p>\n<p class=\"\">La hip\u00f3tesis de las autoridades cobr\u00f3 fuerza cuando, gracias a las c\u00e1maras de seguridad, se pudo seguir el recorrido de la camioneta que explot\u00f3 el 14 de octubre frente al centro comercial del norte de Guayaquil. La trazabilidad llev\u00f3 a la polic\u00eda hasta el barrio San Francisco, uno de los bastiones de Los Lobos. Sin embargo, hasta ahora, no hay personas vinculadas formalmente con la explosi\u00f3n, ni como autores materiales ni intelectuales.<\/p>\n<p class=\"\">Este ataque es solo el \u00faltimo de una serie de atentados que demuestran c\u00f3mo Guayaquil vive bajo una constante amenaza. En lo que va del a\u00f1o, han estallado cinco coches bomba y m\u00e1s de una docena de artefactos explosivos han sido lanzados contra locales comerciales y viviendas extorsionadas por pandillas.<a title=\"https:\/\/elpais.com\/america\/2024-01-12\/violencia-sin-freno-en-guayaquil-la-ciudad-fantasma-donde-un-tatuaje-te-convierte-en-sospechoso.html\" href=\"https:\/\/elpais.com\/america\/2024-01-12\/violencia-sin-freno-en-guayaquil-la-ciudad-fantasma-donde-un-tatuaje-te-convierte-en-sospechoso.html\" target=\"_self\" rel=\"\" data-link-track-dtm=\"\" data-mrf-link=\"https:\/\/elpais.com\/america\/2024-01-12\/violencia-sin-freno-en-guayaquil-la-ciudad-fantasma-donde-un-tatuaje-te-convierte-en-sospechoso.html\">\u00a0Uno de los m\u00e1s graves ocurri\u00f3 el 3 de junio en La Bah\u00eda<\/a>, el coraz\u00f3n comercial del puerto. El principal sospechoso fue detenido en Isla Trinitaria, uno de los sectores m\u00e1s peligrosos de la ciudad, y el caso tom\u00f3 un giro a\u00fan m\u00e1s extra\u00f1o cuando, seg\u00fan denuncias del legislador corre\u00edsta Juan Andr\u00e9s Gonz\u00e1lez y del alcalde Aquiles \u00c1lvarez, un Porsche Cayenne lleg\u00f3 a la casa donde se hab\u00eda realizado el allanamiento minutos despu\u00e9s de la detenci\u00f3n.<\/p>\n<p class=\"\">El veh\u00edculo, captado por las c\u00e1maras de seguridad, estacion\u00f3 frente a la casa allanada. Una mujer descendi\u00f3 del Porsche y entr\u00f3 al mismo domicilio donde hab\u00edan estado los militares. En un primer vistazo, la presencia de un autom\u00f3vil de lujo en una de las zonas m\u00e1s empobrecidas y conflictivas de la ciudad resulta ins\u00f3lita, pero lo que es a\u00fan m\u00e1s desconcertante es la identidad del due\u00f1o.<\/p>\n<p class=\"\">El Porsche Cayenne est\u00e1 registrado a nombre de Industrial Molinera,\u00a0<a title=\"https:\/\/elpais.com\/america\/2025-10-15\/el-gobierno-de-noboa-despliega-5000-militares-mas-para-reprimir-las-protestas-en-ecuador.html\" href=\"https:\/\/elpais.com\/america\/2025-10-15\/el-gobierno-de-noboa-despliega-5000-militares-mas-para-reprimir-las-protestas-en-ecuador.html\" target=\"_self\" rel=\"\" data-link-track-dtm=\"\" data-mrf-link=\"https:\/\/elpais.com\/america\/2025-10-15\/el-gobierno-de-noboa-despliega-5000-militares-mas-para-reprimir-las-protestas-en-ecuador.html\">una de las empresas de la familia del presidente Daniel Noboa.<\/a>\u00a0El silencio del Gobierno ante esta conexi\u00f3n ha sido ensordecedor. Tras una semana de evasivas, un abogado de la empresa intent\u00f3 dar explicaciones, asegurando que el veh\u00edculo se encontraba all\u00ed por \u201cun favor a una empleada de la compa\u00f1\u00eda\u201d, quien reside en el piso superior de la casa allanada, y que la llevaron en el autom\u00f3vil porque tuvo una emergencia familiar.<\/p>\n<p class=\"\">\u201cAqu\u00ed hay dudas muy fuertes\u201d, denunci\u00f3 el alcalde de Guayaquil, Aquiles \u00c1lvarez, al se\u00f1alar que la investigaci\u00f3n contra el principal sospechoso de la explosi\u00f3n en La Bah\u00eda por terrorismo no avanz\u00f3, ya que la Fiscal\u00eda decidi\u00f3 no acusarlo por falta de pruebas. \u201cAhora est\u00e1 libre y, desde su liberaci\u00f3n, han ocurrido tres nuevas explosiones\u201d, agreg\u00f3 \u00c1lvarez, evidenciando la creciente preocupaci\u00f3n por la impunidad en los casos de terrorismo.<\/p>\n<\/div>\n<\/div>\n<\/div>\n","protected":false},"excerpt":{"rendered":"<p>&nbsp; &nbsp; Tras una semana no hay personas vinculadas formalmente con la explosi\u00f3n, ni como autores materiales ni intelectuales &nbsp; El eco de la explosi\u00f3n&hellip;<\/p>\n","protected":false},"author":99,"featured_media":537473,"comment_status":"open","ping_status":"open","sticky":false,"template":"","format":"standard","meta":{"footnotes":""},"categories":[23],"tags":[],"class_list":["post-537472","post","type-post","status-publish","format-standard","has-post-thumbnail","hentry","category-latinoamerica"],"_links":{"self":[{"href":"https:\/\/diarioelpopular.com\/index.php\/wp-json\/wp\/v2\/posts\/537472","targetHints":{"allow":["GET"]}}],"collection":[{"href":"https:\/\/diarioelpopular.com\/index.php\/wp-json\/wp\/v2\/posts"}],"about":[{"href":"https:\/\/diarioelpopular.com\/index.php\/wp-json\/wp\/v2\/types\/post"}],"author":[{"embeddable":true,"href":"https:\/\/diarioelpopular.com\/index.php\/wp-json\/wp\/v2\/users\/99"}],"replies":[{"embeddable":true,"href":"https:\/\/diarioelpopular.com\/index.php\/wp-json\/wp\/v2\/comments?post=537472"}],"version-history":[{"count":1,"href":"https:\/\/diarioelpopular.com\/index.php\/wp-json\/wp\/v2\/posts\/537472\/revisions"}],"predecessor-version":[{"id":537474,"href":"https:\/\/diarioelpopular.com\/index.php\/wp-json\/wp\/v2\/posts\/537472\/revisions\/537474"}],"wp:featuredmedia":[{"embeddable":true,"href":"https:\/\/diarioelpopular.com\/index.php\/wp-json\/wp\/v2\/media\/537473"}],"wp:attachment":[{"href":"https:\/\/diarioelpopular.com\/index.php\/wp-json\/wp\/v2\/media?parent=537472"}],"wp:term":[{"taxonomy":"category","embeddable":true,"href":"https:\/\/diarioelpopular.com\/index.php\/wp-json\/wp\/v2\/categories?post=537472"},{"taxonomy":"post_tag","embeddable":true,"href":"https:\/\/diarioelpopular.com\/index.php\/wp-json\/wp\/v2\/tags?post=537472"}],"curies":[{"name":"wp","href":"https:\/\/api.w.org\/{rel}","templated":true}]}}