{"id":537500,"date":"2025-10-29T10:15:25","date_gmt":"2025-10-29T14:15:25","guid":{"rendered":"https:\/\/diarioelpopular.com\/?p=537500"},"modified":"2025-10-29T10:15:25","modified_gmt":"2025-10-29T14:15:25","slug":"la-administracion-trump-relega-a-responsables-del-ice-por-no-cumplir-cuotas-de-deportacion","status":"publish","type":"post","link":"https:\/\/diarioelpopular.com\/index.php\/2025\/10\/29\/la-administracion-trump-relega-a-responsables-del-ice-por-no-cumplir-cuotas-de-deportacion\/","title":{"rendered":"La Administraci\u00f3n Trump relega a responsables del ICE por no cumplir cuotas de deportaci\u00f3n"},"content":{"rendered":"<div id=\"attachment_537501\" style=\"width: 1210px\" class=\"wp-caption alignnone\"><img loading=\"lazy\" decoding=\"async\" aria-describedby=\"caption-attachment-537501\" class=\"wp-image-537501 size-custom-big-size\" src=\"https:\/\/diarioelpopular.com\/wp-content\/uploads\/2025\/10\/Screen-Shot-2025-10-29-at-10.13.23-AM-1200x809.png\" alt=\"\" width=\"1200\" height=\"809\" srcset=\"https:\/\/diarioelpopular.com\/wp-content\/uploads\/2025\/10\/Screen-Shot-2025-10-29-at-10.13.23-AM-1200x809.png 1200w, https:\/\/diarioelpopular.com\/wp-content\/uploads\/2025\/10\/Screen-Shot-2025-10-29-at-10.13.23-AM-300x202.png 300w, https:\/\/diarioelpopular.com\/wp-content\/uploads\/2025\/10\/Screen-Shot-2025-10-29-at-10.13.23-AM-768x518.png 768w, https:\/\/diarioelpopular.com\/wp-content\/uploads\/2025\/10\/Screen-Shot-2025-10-29-at-10.13.23-AM-636x429.png 636w, https:\/\/diarioelpopular.com\/wp-content\/uploads\/2025\/10\/Screen-Shot-2025-10-29-at-10.13.23-AM-80x55.png 80w, https:\/\/diarioelpopular.com\/wp-content\/uploads\/2025\/10\/Screen-Shot-2025-10-29-at-10.13.23-AM-108x73.png 108w, https:\/\/diarioelpopular.com\/wp-content\/uploads\/2025\/10\/Screen-Shot-2025-10-29-at-10.13.23-AM.png 1024w\" sizes=\"auto, (max-width: 1200px) 100vw, 1200px\" \/><p id=\"caption-attachment-537501\" class=\"wp-caption-text\">Al estilo de la Alemania nazi los agentes del ICE en Nueva York, arrestando gente. Foto Eduardo Munoz (REUTERS)<\/p><\/div>\n<p>&nbsp;<\/p>\n<ul>\n<li><em><strong>El Gobierno dar\u00e1 m\u00e1s poder a la Patrulla Fronteriza para que use sus t\u00e1cticas agresivas contra los migrantes<\/strong><\/em><\/li>\n<\/ul>\n<p>&nbsp;<\/p>\n<p class=\"\">La Administraci\u00f3n de Donald Trump no est\u00e1 satisfecha con el ritmo de las\u00a0<a title=\"https:\/\/elpais.com\/us\/migracion\/2025-10-28\/estados-unidos-abre-la-puerta-a-la-deportacion-de-migrantes-a-sus-bases-militares-en-el-extranjero.html\" href=\"https:\/\/elpais.com\/us\/migracion\/2025-10-28\/estados-unidos-abre-la-puerta-a-la-deportacion-de-migrantes-a-sus-bases-militares-en-el-extranjero.html\" target=\"_self\" rel=\"\" data-link-track-dtm=\"\" data-mrf-link=\"https:\/\/elpais.com\/us\/migracion\/2025-10-28\/estados-unidos-abre-la-puerta-a-la-deportacion-de-migrantes-a-sus-bases-militares-en-el-extranjero.html\">deportaciones<\/a>\u00a0y por ello va a sustituir a algunos de los responsables del<a title=\"https:\/\/elpais.com\/us\/migracion\/2025-10-20\/como-el-ice-ha-expandido-su-poder-migratorio-en-los-primeros-10-meses-del-gobierno-de-trump.html\" href=\"https:\/\/elpais.com\/us\/migracion\/2025-10-20\/como-el-ice-ha-expandido-su-poder-migratorio-en-los-primeros-10-meses-del-gobierno-de-trump.html\" target=\"_self\" rel=\"\" data-link-track-dtm=\"\" data-mrf-link=\"https:\/\/elpais.com\/us\/migracion\/2025-10-20\/como-el-ice-ha-expandido-su-poder-migratorio-en-los-primeros-10-meses-del-gobierno-de-trump.html\">\u00a0Servicio de Inmigraci\u00f3n y Control de Aduanas\u00a0<\/a>(ICE, por las siglas en ingl\u00e9s) por funcionarios de la Patrulla Fronteriza (CBP), cuyas t\u00e1cticas son m\u00e1s agresivas que las ya empleadas por los agentes del ICE.<\/p>\n<p class=\"\">El Gobierno no ha anunciado los cambios, pero varios medios han reportado que una docena de directores del ICE, que cuenta con 25 oficinas locales en todo el pa\u00eds, ser\u00e1n reasignados en los pr\u00f3ximos d\u00edas. Al menos la mitad de las vacantes ser\u00e1n ocupadas por funcionarios del CBP.<\/p>\n<div id=\"elpais_gpt-INTEXT\" data-google-query-id=\"CJyA24bKyZADFc3t9QIdlnABCg\">\n<div id=\"google_ads_iframe_7811748\/elpais_us_web\/migracion_5__container__\" class=\"primisslate\">\n<div id=\"primis_container_div_69021f3830eea\">\n<p class=\"\">\u201cLa mentalidad es que la CBP hace lo que se le dice, y la Administraci\u00f3n cree que el ICE no est\u00e1 haciendo su trabajo\u201d, declar\u00f3 un funcionario del Departamento de Seguridad Nacional (DHS), del que dependen las dos agencias, a la cadena CBS. \u201cAs\u00ed que la CBP lo har\u00e1\u201d.<\/p>\n<p class=\"\">Los jefes del ICE en Denver, Los \u00c1ngeles, Filadelfia, Phoenix y San Diego ya han sido relevados de sus trabajos y trasladados a otros puestos dentro de la agencia federal, seg\u00fan report\u00f3 el\u00a0<a title=\"https:\/\/www.washingtonexaminer.com\/news\/3864929\/trump-administration-quietly-purges-ice-leaders-in-five-cities-sources\/\" href=\"https:\/\/www.washingtonexaminer.com\/news\/3864929\/trump-administration-quietly-purges-ice-leaders-in-five-cities-sources\/\" target=\"_blank\" rel=\"noopener\" data-link-track-dtm=\"\" data-mrf-link=\"https:\/\/www.washingtonexaminer.com\/news\/3864929\/trump-administration-quietly-purges-ice-leaders-in-five-cities-sources\/\"><i>Washington Examiner<\/i><\/a><i>.<\/i><\/p>\n<p class=\"\">Mientras las encuestas m\u00e1s recientes revelan que la mayor\u00eda de la poblaci\u00f3n considera\u00a0<a title=\"https:\/\/elpais.com\/us\/migracion\/2025-10-24\/la-opinion-favorable-a-trump-entre-los-latinos-cae-drasticamente-del-44-al-25.html\" href=\"https:\/\/elpais.com\/us\/migracion\/2025-10-24\/la-opinion-favorable-a-trump-entre-los-latinos-cae-drasticamente-del-44-al-25.html\" target=\"_self\" rel=\"\" data-link-track-dtm=\"\" data-mrf-link=\"https:\/\/elpais.com\/us\/migracion\/2025-10-24\/la-opinion-favorable-a-trump-entre-los-latinos-cae-drasticamente-del-44-al-25.html\">demasiado agresiva la campa\u00f1a de detenciones de migrantes,<\/a> el Gobierno lleva meses mostrando su frustraci\u00f3n por lo contrario. El principal arquitecto de la pol\u00edtica de deportaci\u00f3n de Trump, el jefe adjunto de gabinete de la Casa Blanca, Stephen Miller, fij\u00f3 hace meses un objetivo de 3.000 detenciones por d\u00eda, pero la media de septiembre, \u00faltimo mes del que hay datos, es de 1.178 arrestos. Al ritmo actual, el ICE no va a poder cumplir con la meta de deportar a un mill\u00f3n de migrantes al a\u00f1o, como Trump se hab\u00eda propuesto para lograr la mayor deportaci\u00f3n de la historia que desea.<\/p>\n<p class=\"\">El hecho de dar un papel m\u00e1s relevante al CBP prueba que el Ejecutivo apuesta por una campa\u00f1a m\u00e1s agresiva que la actual. Los agentes fronterizos han protagonizado las escenas m\u00e1s brutales de las detenciones de migrantes en ciudades como Chicago y Los \u00c1ngeles.<\/p>\n<p class=\"\">En Chicago, a principios de octubre, agentes de la Patrulla Fronteriza descendieron en r\u00e1pel desde un helic\u00f3ptero Black Hawk hasta un edificio de apartamentos mientras las familias dorm\u00edan, como parte de la\u00a0<i>Operaci\u00f3n<\/i>\u00a0<i>Midway Blitz<\/i> contra los migrantes. Adem\u00e1s, el responsable de la CBP en las operaciones antiinmigraci\u00f3n en esa ciudad, Greg Bovino, viol\u00f3 varias \u00f3rdenes judiciales que prohib\u00edan las t\u00e1cticas violentas al lanzar una botella de gases lacrim\u00f3genos contra los manifestantes que protestaban por las detenciones, como ha quedado registrado en v\u00eddeos.<\/p>\n<p class=\"\">La\u00a0<i>Operaci\u00f3n Midway Blitz<\/i>\u00a0result\u00f3 en m\u00e1s de 1.800 arrestos y denuncias de uso excesivo de la fuerza. En una denuncia presentada a principios de octubre ante el tribunal de distrito del norte de Illinois, varios medios de comunicaci\u00f3n, manifestantes y miembros del clero acusaron a los agentes de inmigraci\u00f3n de \u201cun patr\u00f3n de brutalidad extrema\u201d destinado a \u201csilenciar a la prensa y a los civiles\u201d. A ra\u00edz de esa demanda, la jueza Sara Ellis prohibi\u00f3 a los oficiales usar gas lacrim\u00f3geno y otros agentes qu\u00edmicos contra una multitud sin antes emitir dos advertencias.<\/p>\n<p class=\"\">Bovino y otros oficiales hicieron caso omiso a dicha orden. Por ello, la magistrada Ellis pidi\u00f3 este martes que Bovino presente ante el tribunal todos los informes de uso de la fuerza de los agentes de la Patrulla Fronteriza involucrados en el operativo de Chicago desde el 2 de septiembre. Adem\u00e1s, la jueza le orden\u00f3 que, de ahora en adelante, acuda a la corte al final de cada d\u00eda laborable para entregarle personalmente un reporte sobre las detenciones y los incidentes de esa jornada.<\/p>\n<p class=\"\">Bovino, que reporta directamente a la secretaria del DHS, Kristi Noem, ha defendido la desmedida violencia con la que los agentes atacaron a los manifestantes en Chicago usando gas lacrim\u00f3geno y balas de pimienta y ha calificado su actuaci\u00f3n como \u201cejemplar\u201d. El funcionario del CBP elabor\u00f3 junto a Corey Lewandowski, asesor de Noem, la lista de los directores del ICE que ser\u00e1n relegados.<\/p>\n<h3 class=\"\">De la frontera al resto del pa\u00eds<\/h3>\n<p class=\"\">La CBP tradicionalmente ha actuado solo en un radio de 100 millas (160 km) de la frontera, pero desde que Trump regres\u00f3 a la Casa Blanca, la agencia ha participado en operaciones contra la migraci\u00f3n rebasando esos l\u00edmites.<\/p>\n<p class=\"\">La CBP ha desplegado a m\u00e1s de 1.500 agentes para arrestar inmigrantes en ciudades de todo el pa\u00eds y ayudar con las deportaciones, seg\u00fan declar\u00f3 a NBC News el jefe de la Patrulla Fronteriza, Mike Banks. En comparaci\u00f3n, hay 8.500 agentes del ICE trabajando en las operaciones. Una de las ventajas para impulsar las detenciones es que la CBP puede aportar m\u00e1s recursos a la campa\u00f1a antiinmigraci\u00f3n de los que el ICE carece, como los helic\u00f3pteros Black Hawk.<\/p>\n<p class=\"\">Adem\u00e1s, hay una diferencia de enfoque, al menos en la teor\u00eda. El ICE asegura que su objetivo es\u00a0<a title=\"https:\/\/elpais.com\/us\/migracion\/2025-06-18\/menos-del-10-de-los-inmigrantes-detenidos-por-el-ice-desde-octubre-habian-sido-condenados-por-delitos-graves.html\" href=\"https:\/\/elpais.com\/us\/migracion\/2025-06-18\/menos-del-10-de-los-inmigrantes-detenidos-por-el-ice-desde-octubre-habian-sido-condenados-por-delitos-graves.html\" target=\"_self\" rel=\"\" data-link-track-dtm=\"\" data-mrf-link=\"https:\/\/elpais.com\/us\/migracion\/2025-06-18\/menos-del-10-de-los-inmigrantes-detenidos-por-el-ice-desde-octubre-habian-sido-condenados-por-delitos-graves.html\">detener a los delincuentes<\/a>, a pesar de que una gran mayor\u00eda de quienes\u00a0<a title=\"https:\/\/elpais.com\/us\/migracion\/2025-10-28\/la-administracion-trump-recurre-a-la-marina-para-construir-nuevos-centros-de-detencion-de-migrantes.html\" href=\"https:\/\/elpais.com\/us\/migracion\/2025-10-28\/la-administracion-trump-recurre-a-la-marina-para-construir-nuevos-centros-de-detencion-de-migrantes.html\" target=\"_self\" rel=\"\" data-link-track-dtm=\"\" data-mrf-link=\"https:\/\/elpais.com\/us\/migracion\/2025-10-28\/la-administracion-trump-recurre-a-la-marina-para-construir-nuevos-centros-de-detencion-de-migrantes.html\">se encuentran bajo su custodia\u00a0<\/a>carece de antecedentes penales. Ese, al menos, fue su prop\u00f3sito durante a\u00f1os.<\/p>\n<p class=\"\">El objetivo de la CBP, sin embargo, es detener a todas las personas que no tienen un estatus legal de residentes. Algunos funcionarios del ICE han criticado que mientras ellos gastan tiempo en investigar a quienes van a detener, los agentes fronterizos acuden a las tiendas como Home Depot para hacer redadas masivas.<\/p>\n<p class=\"\">La portavoz de la Casa Blanca Abigail Jackson no quiso hacer comentarios sobre los planes de reestructuraci\u00f3n que primero adelant\u00f3\u00a0<a title=\"https:\/\/www.nytimes.com\/2025\/10\/24\/us\/politics\/trump-deportations-ice.html\" href=\"https:\/\/www.nytimes.com\/2025\/10\/24\/us\/politics\/trump-deportations-ice.html\" target=\"_blank\" rel=\"noopener\" data-link-track-dtm=\"\" data-mrf-link=\"https:\/\/www.nytimes.com\/2025\/10\/24\/us\/politics\/trump-deportations-ice.html\"><i>The New York Times,<\/i><\/a>\u00a0pero dijo en una declaraci\u00f3n que \u201ctodo el equipo del presidente est\u00e1 trabajando en sinton\u00eda para implementar la agenda pol\u00edtica del presidente, y los tremendos resultados, desde asegurar la frontera hasta deportar a migrantes ilegales criminales, hablan por s\u00ed solos\u201d.<\/p>\n<p class=\"\">La Administraci\u00f3n afirma haber deportado a m\u00e1s de 400.000 personas desde que Trump asumi\u00f3 el cargo y espera deportar a un total de 600.000 para el final de su primer a\u00f1o de mandato. Estos datos, sin embargo, incluyen a las personas cuya entrada al pa\u00eds ha sido rechazada en la frontera, por lo que no son deportaciones como tal.<\/p>\n<\/div>\n<\/div>\n<\/div>\n","protected":false},"excerpt":{"rendered":"<p>&nbsp; El Gobierno dar\u00e1 m\u00e1s poder a la Patrulla Fronteriza para que use sus t\u00e1cticas agresivas contra los migrantes &nbsp; La Administraci\u00f3n de Donald Trump&hellip;<\/p>\n","protected":false},"author":99,"featured_media":537501,"comment_status":"open","ping_status":"open","sticky":false,"template":"","format":"standard","meta":{"footnotes":""},"categories":[24],"tags":[],"class_list":["post-537500","post","type-post","status-publish","format-standard","has-post-thumbnail","hentry","category-mundo"],"_links":{"self":[{"href":"https:\/\/diarioelpopular.com\/index.php\/wp-json\/wp\/v2\/posts\/537500","targetHints":{"allow":["GET"]}}],"collection":[{"href":"https:\/\/diarioelpopular.com\/index.php\/wp-json\/wp\/v2\/posts"}],"about":[{"href":"https:\/\/diarioelpopular.com\/index.php\/wp-json\/wp\/v2\/types\/post"}],"author":[{"embeddable":true,"href":"https:\/\/diarioelpopular.com\/index.php\/wp-json\/wp\/v2\/users\/99"}],"replies":[{"embeddable":true,"href":"https:\/\/diarioelpopular.com\/index.php\/wp-json\/wp\/v2\/comments?post=537500"}],"version-history":[{"count":1,"href":"https:\/\/diarioelpopular.com\/index.php\/wp-json\/wp\/v2\/posts\/537500\/revisions"}],"predecessor-version":[{"id":537502,"href":"https:\/\/diarioelpopular.com\/index.php\/wp-json\/wp\/v2\/posts\/537500\/revisions\/537502"}],"wp:featuredmedia":[{"embeddable":true,"href":"https:\/\/diarioelpopular.com\/index.php\/wp-json\/wp\/v2\/media\/537501"}],"wp:attachment":[{"href":"https:\/\/diarioelpopular.com\/index.php\/wp-json\/wp\/v2\/media?parent=537500"}],"wp:term":[{"taxonomy":"category","embeddable":true,"href":"https:\/\/diarioelpopular.com\/index.php\/wp-json\/wp\/v2\/categories?post=537500"},{"taxonomy":"post_tag","embeddable":true,"href":"https:\/\/diarioelpopular.com\/index.php\/wp-json\/wp\/v2\/tags?post=537500"}],"curies":[{"name":"wp","href":"https:\/\/api.w.org\/{rel}","templated":true}]}}