{"id":537548,"date":"2025-10-30T10:24:43","date_gmt":"2025-10-30T14:24:43","guid":{"rendered":"https:\/\/diarioelpopular.com\/?p=537548"},"modified":"2025-10-30T10:24:43","modified_gmt":"2025-10-30T14:24:43","slug":"la-desesperanza-de-buscar-desaparecidos-en-mexico-tambien-toca-a-las-familias-de-los-policias","status":"publish","type":"post","link":"https:\/\/diarioelpopular.com\/index.php\/2025\/10\/30\/la-desesperanza-de-buscar-desaparecidos-en-mexico-tambien-toca-a-las-familias-de-los-policias\/","title":{"rendered":"La desesperanza de buscar desaparecidos en M\u00e9xico tambi\u00e9n toca a las familias de los polic\u00edas"},"content":{"rendered":"<div id=\"attachment_537549\" style=\"width: 1210px\" class=\"wp-caption alignnone\"><img loading=\"lazy\" decoding=\"async\" aria-describedby=\"caption-attachment-537549\" class=\"wp-image-537549 size-custom-big-size\" src=\"https:\/\/diarioelpopular.com\/wp-content\/uploads\/2025\/10\/Screen-Shot-2025-10-30-at-10.23.51-AM-1200x902.png\" alt=\"\" width=\"1200\" height=\"902\" srcset=\"https:\/\/diarioelpopular.com\/wp-content\/uploads\/2025\/10\/Screen-Shot-2025-10-30-at-10.23.51-AM-1200x902.png 1200w, https:\/\/diarioelpopular.com\/wp-content\/uploads\/2025\/10\/Screen-Shot-2025-10-30-at-10.23.51-AM-300x226.png 300w, https:\/\/diarioelpopular.com\/wp-content\/uploads\/2025\/10\/Screen-Shot-2025-10-30-at-10.23.51-AM-768x578.png 768w, https:\/\/diarioelpopular.com\/wp-content\/uploads\/2025\/10\/Screen-Shot-2025-10-30-at-10.23.51-AM-636x478.png 636w, https:\/\/diarioelpopular.com\/wp-content\/uploads\/2025\/10\/Screen-Shot-2025-10-30-at-10.23.51-AM-97x73.png 97w, https:\/\/diarioelpopular.com\/wp-content\/uploads\/2025\/10\/Screen-Shot-2025-10-30-at-10.23.51-AM.png 1024w\" sizes=\"auto, (max-width: 1200px) 100vw, 1200px\" \/><p id=\"caption-attachment-537549\" class=\"wp-caption-text\">Colectivo Guerreros Buscadores de Jalisco en b\u00fasqueda de restos humanos, en Ixtlahuac\u00e1n de los Membrillos, el 14 de octubre. Foto Marco Antonio L\u00f3pez Romero<\/p><\/div>\n<p>&nbsp;<\/p>\n<p>&nbsp;<\/p>\n<ul>\n<li><em><strong>Jalisco es el estado con m\u00e1s agentes sin localizar, con 84 casos en seis a\u00f1os. Se han hallado 42 que fueron asesinados<\/strong><\/em><\/li>\n<\/ul>\n<p>&nbsp;<\/p>\n<p class=\"\">Ana busca a su hermana con una extra\u00f1a sensaci\u00f3n dentro. \u201cEs un poco como no buscarla, hace tiempo que s\u00e9 que no la voy a encontrar\u201d, dice antes de entrar junto a sus compa\u00f1eros del\u00a0<a title=\"https:\/\/elpais.com\/mexico\/2025-04-24\/asesinada-una-madre-buscadora-del-colectivo-del-rancho-de-teuchitlan-si-tenia-amenazas-no-querian-que-encontrara-a-su-hijo.html\" href=\"https:\/\/elpais.com\/mexico\/2025-04-24\/asesinada-una-madre-buscadora-del-colectivo-del-rancho-de-teuchitlan-si-tenia-amenazas-no-querian-que-encontrara-a-su-hijo.html\" target=\"_self\" rel=\"\" data-link-track-dtm=\"\" data-mrf-link=\"https:\/\/elpais.com\/mexico\/2025-04-24\/asesinada-una-madre-buscadora-del-colectivo-del-rancho-de-teuchitlan-si-tenia-amenazas-no-querian-que-encontrara-a-su-hijo.html\">colectivo Guerreros Buscadores de Jalisco<\/a>\u00a0a una casa diminuta y abandonada en el fraccionamiento Valle de Los Olivos, al sur de Guadalajara. Ana habla minutos antes de que el grupo comience a fracturar el piso de cemento con un rotomartillo y cavar y cavar y cavar.<\/p>\n<p class=\"\">Es complejo explicar c\u00f3mo alguien puede buscar sin esperanza, que pareciera el principio fundamental de una b\u00fasqueda. Pero viendo el contexto, Ana no luce pesimista, sino forjada por los golpes de realidad. Jalisco es\u00a0<a title=\"https:\/\/elpais.com\/mexico\/2025-03-23\/mexico-el-pais-que-desaparece-sin-rastro-de-125000-personas.html\" href=\"https:\/\/elpais.com\/mexico\/2025-03-23\/mexico-el-pais-que-desaparece-sin-rastro-de-125000-personas.html\" target=\"_self\" rel=\"\" data-link-track-dtm=\"\" data-mrf-link=\"https:\/\/elpais.com\/mexico\/2025-03-23\/mexico-el-pais-que-desaparece-sin-rastro-de-125000-personas.html\">el estado con m\u00e1s desaparecidos de M\u00e9xico, con al menos <\/a>15.943 personas que no han sido localizadas.<\/p>\n<p class=\"\">Tres de los cinco hijos de Virginia Mu\u00f1oz Gonz\u00e1lez, empleada como polic\u00eda de Guadalajara, estaban afuera de su casa en la colonia Heliodoro Hern\u00e1ndez, al noreste de la ciudad, cuando varias camionetas con hombres armados se detuvieron enfrente. Era el 3 de abril de 2021. Los ni\u00f1os corrieron adentro de la casa, pero el \u00faltimo, entonces un ni\u00f1o de 12 a\u00f1os, no alcanz\u00f3 a cerrar la puerta porque los hombres ya estaban detr\u00e1s. Virginia, entonces de 40 a\u00f1os, sali\u00f3 de su rec\u00e1mara. \u201c\u00bfVicky?\u201d, le pregunt\u00f3 uno de los sujetos.<\/p>\n<p class=\"\">\u201cYo pienso que si ella no hubiera contestado que s\u00ed, no se la hubieran llevado, porque otros hombres entraron enseguida, no estaban seguros de cu\u00e1l era la casa. Pero es algo de instinto, si est\u00e1n tus hijos, no quieres que les pase nada, por eso no se resisti\u00f3\u201d, dice Ana, hermana de Virginia. \u201cAhorita regresa\u201d, le dijo uno de los hombres a los menores que suplicaban que no se la llevaran.<\/p>\n<p class=\"\">Ah\u00ed inici\u00f3 el recorrido de la desesperanza para la familia de la polic\u00eda reci\u00e9n ascendida a segundo comandante y con una trayectoria de 20 a\u00f1os en el cuerpo de Guadalajara, donde lleg\u00f3 a formar parte del Grupo de \u00c9lite Lobos. No import\u00f3 su antig\u00fcedad, ni su rango, ni su trayectoria, no import\u00f3 que fueran sus compa\u00f1eros de a\u00f1os, no import\u00f3 incluso ser la compa\u00f1era de patrulla, para que uno tras otro negaran conocer a Virginia y la borraran de la historia de la corporaci\u00f3n.<\/p>\n<p>&nbsp;<\/p>\n<figure class=\"a_m a_m-h \">\n<p><div style=\"width: 424px\" class=\"wp-caption alignnone\"><img loading=\"lazy\" decoding=\"async\" class=\"_re lazyload a_m-h\" src=\"https:\/\/imagenes.elpais.com\/resizer\/v2\/3RCRDB7AONE77OXV3NNJU56Z3M.jpg?auth=a47e5770eeec7496e1a275aae09242340eac9ea90bf0552ceeab290567884ded&amp;width=414\" sizes=\"auto, (min-width:1199px) 1155px,(min-width:1001px) calc(100vw - 44px),(min-width:768px) 767px, 100vw\" srcset=\"https:\/\/imagenes.elpais.com\/resizer\/v2\/3RCRDB7AONE77OXV3NNJU56Z3M.jpg?auth=a47e5770eeec7496e1a275aae09242340eac9ea90bf0552ceeab290567884ded&amp;width=414 414w,https:\/\/imagenes.elpais.com\/resizer\/v2\/3RCRDB7AONE77OXV3NNJU56Z3M.jpg?auth=a47e5770eeec7496e1a275aae09242340eac9ea90bf0552ceeab290567884ded&amp;width=828 640w,https:\/\/imagenes.elpais.com\/resizer\/v2\/3RCRDB7AONE77OXV3NNJU56Z3M.jpg?auth=a47e5770eeec7496e1a275aae09242340eac9ea90bf0552ceeab290567884ded&amp;width=980 1000w,https:\/\/imagenes.elpais.com\/resizer\/v2\/3RCRDB7AONE77OXV3NNJU56Z3M.jpg?auth=a47e5770eeec7496e1a275aae09242340eac9ea90bf0552ceeab290567884ded&amp;width=1960 1960w\" alt=\"\" width=\"414\" height=\"238\" \/><p class=\"wp-caption-text\">Ana camina hacia el interior de una vivienda abandonada del fraccionamiento Valle de Los Olivos, en Ixtlahuac\u00e1n de los Membrillos, el 14 de octubre de 2025. Foto Marco Antonio L\u00f3pez Romero<\/p><\/div><figcaption class=\"a_m_p\" aria-hidden=\"true\"><\/figcaption><\/figure>\n<p>&nbsp;<\/p>\n<p class=\"\">Aunque Virginia Mu\u00f1oz existi\u00f3, por supuesto. Quedan los registros de su n\u00f3mina en la Plataforma Nacional de Transparencia, las declaraciones de la Fiscal\u00eda General de Jalisco, donde aseguran que la siguen buscando e incluso una investigaci\u00f3n de la ahora Fiscal\u00eda General de la Rep\u00fablica por la desaparici\u00f3n de una polic\u00eda en activo. Este es tambi\u00e9n el Estado donde\u00a0<a title=\"https:\/\/elpais.com\/mexico\/2025-03-30\/carolina-robledo-sociologa-teuchitlan-es-la-manifestacion-de-una-maquinaria-preparada-para-deshacerse-de-cuerpos.html\" href=\"https:\/\/elpais.com\/mexico\/2025-03-30\/carolina-robledo-sociologa-teuchitlan-es-la-manifestacion-de-una-maquinaria-preparada-para-deshacerse-de-cuerpos.html\" target=\"_blank\" rel=\"noopener noreferrer\" data-link-track-dtm=\"\" data-mrf-link=\"https:\/\/elpais.com\/mexico\/2025-03-30\/carolina-robledo-sociologa-teuchitlan-es-la-manifestacion-de-una-maquinaria-preparada-para-deshacerse-de-cuerpos.html\">m\u00e1s elementos de seguridad desaparecen<\/a>.<\/p>\n<p class=\"\">\u201cYo creo que la Polic\u00eda de Guadalajara est\u00e1 involucrada, por eso nos tratan as\u00ed,\u00a0<a title=\"https:\/\/elpais.com\/mexico\/2025-03-12\/las-imagenes-del-campo-de-reclutamiento-y-desaparicion-forzada-de-teuchitlan.html\" href=\"https:\/\/elpais.com\/mexico\/2025-03-12\/las-imagenes-del-campo-de-reclutamiento-y-desaparicion-forzada-de-teuchitlan.html\" target=\"_self\" rel=\"\" data-link-track-dtm=\"\" data-mrf-link=\"https:\/\/elpais.com\/mexico\/2025-03-12\/las-imagenes-del-campo-de-reclutamiento-y-desaparicion-forzada-de-teuchitlan.html\">por eso no la buscan, por eso no creo que pueda encontrarla<\/a>\u201d, dice Ana.<\/p>\n<h3 class=\"\">La crisis<\/h3>\n<p class=\"\">De 2019 a la fecha han desaparecido 84 elementos de seguridad en Jalisco, entre polic\u00edas municipales y estatales. Han sido localizados 42, de acuerdo con datos de la Fiscal\u00eda estatal obtenidos por Transparencia. La informaci\u00f3n no especifica de los localizados cu\u00e1ntos fueron hallados sin vida. Sin embargo, seg\u00fan los registros period\u00edsticos y el conteo de la organizaci\u00f3n Causa Com\u00fan de Polic\u00edas Asesinados \u2013que registra 147 homicidios de polic\u00edas en Jalisco entre 2018 y 2024\u2013 se infiere que la mayor\u00eda de los encontrados fueron asesinados.<\/p>\n<p class=\"\">El caso m\u00e1s reciente fue en Teocaltiche, al norte de la entidad, el 18 de febrero de este a\u00f1o, cuando desaparecieron ocho elementos municipales y un civil que los trasladaba a Guadalajara para realizar los ex\u00e1menes de control de confianza. Un d\u00eda despu\u00e9s fueron halladas 14 bolsas con los cuerpos desmembrados de cuatro polic\u00edas. Los otros cuatro agentes y el chofer siguen sin ser localizados. La Polic\u00eda Municipal de Teocaltiche fue intervenida por este caso y desarmada para interrogar a los agentes. La seguridad qued\u00f3 a cargo de la Polic\u00eda del Estado durante unas semanas, de acuerdo con el gobernador del estado, Pablo Lemus.<\/p>\n<p class=\"\">Recientemente, el mandatario dio a conocer que el mismo proceso se aplic\u00f3 con la Polic\u00eda del Municipio de La Huerta, ya que encontraron indicios que apuntaban a que elementos de la corporaci\u00f3n estaban involucrados en una desaparici\u00f3n forzada.<\/p>\n<p class=\"\">De los 42 polic\u00edas que se encuentran desaparecidos, 32 pertenecen a polic\u00edas de diversos municipios de Jalisco, mientras que 10 son estatales, de acuerdo con la Fiscal\u00eda.<\/p>\n<p>&nbsp;<\/p>\n<figure class=\"a_m a_m-h \">\n<p><div style=\"width: 424px\" class=\"wp-caption alignnone\"><img loading=\"lazy\" decoding=\"async\" class=\"_re lazyload a_m-h\" src=\"https:\/\/imagenes.elpais.com\/resizer\/v2\/NPVKQKSQ3ZF5LPROKC23IZKQOA.jpg?auth=b28a1153537367954cfacc22d9a208f6fd5dd8ecabb04b113780d372a76e012e&amp;width=414\" sizes=\"auto, (min-width:1199px) 1155px,(min-width:1001px) calc(100vw - 44px),(min-width:768px) 767px, 100vw\" srcset=\"https:\/\/imagenes.elpais.com\/resizer\/v2\/NPVKQKSQ3ZF5LPROKC23IZKQOA.jpg?auth=b28a1153537367954cfacc22d9a208f6fd5dd8ecabb04b113780d372a76e012e&amp;width=414 414w,https:\/\/imagenes.elpais.com\/resizer\/v2\/NPVKQKSQ3ZF5LPROKC23IZKQOA.jpg?auth=b28a1153537367954cfacc22d9a208f6fd5dd8ecabb04b113780d372a76e012e&amp;width=828 640w,https:\/\/imagenes.elpais.com\/resizer\/v2\/NPVKQKSQ3ZF5LPROKC23IZKQOA.jpg?auth=b28a1153537367954cfacc22d9a208f6fd5dd8ecabb04b113780d372a76e012e&amp;width=980 1000w,https:\/\/imagenes.elpais.com\/resizer\/v2\/NPVKQKSQ3ZF5LPROKC23IZKQOA.jpg?auth=b28a1153537367954cfacc22d9a208f6fd5dd8ecabb04b113780d372a76e012e&amp;width=1960 1960w\" alt=\"\" width=\"414\" height=\"234\" \/><p class=\"wp-caption-text\">Colectivo Madres Buscadoras de Jalisco durante una b\u00fasqueda dentro de viviendas abandonadas de Ixtlahuac\u00e1n de los Mebrillos, en Jalisco. Foto Marco Antonio L\u00f3pez Romero<\/p><\/div><figcaption class=\"a_m_p\" aria-hidden=\"true\"><\/figcaption><\/figure>\n<h3 class=\"\">La onda expansiva de la desaparici\u00f3n<\/h3>\n<p class=\"\">Poco m\u00e1s de dos a\u00f1os despu\u00e9s de la desaparici\u00f3n de Virginia, el 23 de septiembre del 2023, fue secuestrado en Tlaquepaque Gregorio Bernardo Mu\u00f1oz mientras arreglaba una bicicleta. El sobrino de Ana y de Virginia ten\u00eda entonces 21 a\u00f1os. El padre del chico, Humberto Mu\u00f1oz, a pesar de estar ciego, comenz\u00f3 entonces la b\u00fasqueda de su hijo. El 1 de noviembre un comando armado tambi\u00e9n se lo llev\u00f3 de su domicilio en la colonia Miravalle.<\/p>\n<p class=\"\">Hasta el momento no se sabe nada ni de Virginia, ni de su hermano Humberto, ni del hijo de este, Gregorio.<\/p>\n<p class=\"\">\u201cYo busco para que los dem\u00e1s encuentren, por todos los desaparecidos, para que mi mam\u00e1 no salga porque ya est\u00e1 grande y aunque quiere estar en las b\u00fasquedas sus piernas ya no aguantan\u201d, dice Ana, que va con los Guerreros Buscadores de una casa en otra en las que sospechan que puede haber fosas. Una de estas est\u00e1 en el Valle de Los Olivos, donde cavaron hasta un metro de profundidad, retiraron una piedra grande y vieron la dentadura de una osamenta.<\/p>\n<p class=\"\">\u201cEntonces hay que dejar de cavar y llamar a la Polic\u00eda para que resguarden la escena hasta que llegue el Servicio M\u00e9dico Forense\u201d, dice Ana, la mujer que busca sin esperanza, pero que igual encuentra.<\/p>\n","protected":false},"excerpt":{"rendered":"<p>&nbsp; &nbsp; Jalisco es el estado con m\u00e1s agentes sin localizar, con 84 casos en seis a\u00f1os. Se han hallado 42 que fueron asesinados &nbsp;&hellip;<\/p>\n","protected":false},"author":99,"featured_media":537549,"comment_status":"open","ping_status":"open","sticky":false,"template":"","format":"standard","meta":{"footnotes":""},"categories":[23],"tags":[],"class_list":["post-537548","post","type-post","status-publish","format-standard","has-post-thumbnail","hentry","category-latinoamerica"],"_links":{"self":[{"href":"https:\/\/diarioelpopular.com\/index.php\/wp-json\/wp\/v2\/posts\/537548","targetHints":{"allow":["GET"]}}],"collection":[{"href":"https:\/\/diarioelpopular.com\/index.php\/wp-json\/wp\/v2\/posts"}],"about":[{"href":"https:\/\/diarioelpopular.com\/index.php\/wp-json\/wp\/v2\/types\/post"}],"author":[{"embeddable":true,"href":"https:\/\/diarioelpopular.com\/index.php\/wp-json\/wp\/v2\/users\/99"}],"replies":[{"embeddable":true,"href":"https:\/\/diarioelpopular.com\/index.php\/wp-json\/wp\/v2\/comments?post=537548"}],"version-history":[{"count":1,"href":"https:\/\/diarioelpopular.com\/index.php\/wp-json\/wp\/v2\/posts\/537548\/revisions"}],"predecessor-version":[{"id":537550,"href":"https:\/\/diarioelpopular.com\/index.php\/wp-json\/wp\/v2\/posts\/537548\/revisions\/537550"}],"wp:featuredmedia":[{"embeddable":true,"href":"https:\/\/diarioelpopular.com\/index.php\/wp-json\/wp\/v2\/media\/537549"}],"wp:attachment":[{"href":"https:\/\/diarioelpopular.com\/index.php\/wp-json\/wp\/v2\/media?parent=537548"}],"wp:term":[{"taxonomy":"category","embeddable":true,"href":"https:\/\/diarioelpopular.com\/index.php\/wp-json\/wp\/v2\/categories?post=537548"},{"taxonomy":"post_tag","embeddable":true,"href":"https:\/\/diarioelpopular.com\/index.php\/wp-json\/wp\/v2\/tags?post=537548"}],"curies":[{"name":"wp","href":"https:\/\/api.w.org\/{rel}","templated":true}]}}