{"id":537609,"date":"2025-11-01T16:22:24","date_gmt":"2025-11-01T20:22:24","guid":{"rendered":"https:\/\/diarioelpopular.com\/?p=537609"},"modified":"2025-11-01T16:22:24","modified_gmt":"2025-11-01T20:22:24","slug":"estoy-enojada-con-mi-presidente-los-votantes-de-trump-en-florida-afrontan-los-efectos-de-sus-politicas-a-un-ano-de-las-elecciones","status":"publish","type":"post","link":"https:\/\/diarioelpopular.com\/index.php\/2025\/11\/01\/estoy-enojada-con-mi-presidente-los-votantes-de-trump-en-florida-afrontan-los-efectos-de-sus-politicas-a-un-ano-de-las-elecciones\/","title":{"rendered":"\u201cEstoy enojada con mi presidente\u201d: los votantes de Trump en Florida afrontan los efectos de sus pol\u00edticas a un a\u00f1o de las elecciones"},"content":{"rendered":"<div id=\"attachment_537610\" style=\"width: 646px\" class=\"wp-caption alignnone\"><img loading=\"lazy\" decoding=\"async\" aria-describedby=\"caption-attachment-537610\" class=\"wp-image-537610 size-custom-full-size\" src=\"https:\/\/diarioelpopular.com\/wp-content\/uploads\/2025\/11\/Screen-Shot-2025-11-01-at-4.21.28-PM-636x423.png\" alt=\"\" width=\"636\" height=\"423\" srcset=\"https:\/\/diarioelpopular.com\/wp-content\/uploads\/2025\/11\/Screen-Shot-2025-11-01-at-4.21.28-PM-636x423.png 636w, https:\/\/diarioelpopular.com\/wp-content\/uploads\/2025\/11\/Screen-Shot-2025-11-01-at-4.21.28-PM-300x200.png 300w, https:\/\/diarioelpopular.com\/wp-content\/uploads\/2025\/11\/Screen-Shot-2025-11-01-at-4.21.28-PM-768x511.png 768w, https:\/\/diarioelpopular.com\/wp-content\/uploads\/2025\/11\/Screen-Shot-2025-11-01-at-4.21.28-PM-1200x798.png 1200w, https:\/\/diarioelpopular.com\/wp-content\/uploads\/2025\/11\/Screen-Shot-2025-11-01-at-4.21.28-PM-110x73.png 110w, https:\/\/diarioelpopular.com\/wp-content\/uploads\/2025\/11\/Screen-Shot-2025-11-01-at-4.21.28-PM.png 1024w\" sizes=\"auto, (max-width: 636px) 100vw, 636px\" \/><p id=\"caption-attachment-537610\" class=\"wp-caption-text\">Gente espera fuera de un centro de detenci\u00f3n del ICE, en Miramar, Florida, el 22 de octubre. Lynne Sladky (AP)<\/p><\/div>\n<p>&nbsp;<\/p>\n<div class=\"a_e_txt _df\">\n<ul>\n<li class=\"a_st\"><em><strong>Golpeados por los recortes, la agenda migratoria y un cierre de Gobierno sin final a la vista, quienes apoyaron al racista republicano en las elecciones de 2024 sienten una mezcla de culpa, rabia y desconcierto<\/strong><\/em><\/li>\n<\/ul>\n<\/div>\n<div class=\"a_e_m\"><\/div>\n<div><\/div>\n<div>\n<p class=\"\">A un a\u00f1o de las elecciones que dieron a Donald Trump la llave de la Casa Blanca por segunda vez, muchos votantes latinos de Florida que apostaron por \u00e9l y sellaron sin lugar a dudas\u00a0<a title=\"https:\/\/elpais.com\/us\/2024-11-06\/los-resultados-de-las-elecciones-en-florida-donald-trump-afianza-la-victoria-en-casa.html\" href=\"https:\/\/elpais.com\/us\/2024-11-06\/los-resultados-de-las-elecciones-en-florida-donald-trump-afianza-la-victoria-en-casa.html\" target=\"_self\" rel=\"\" data-link-track-dtm=\"\" data-mrf-link=\"https:\/\/elpais.com\/us\/2024-11-06\/los-resultados-de-las-elecciones-en-florida-donald-trump-afianza-la-victoria-en-casa.html\">el estatus del Estado como basti\u00f3n republicano<\/a>, hoy, luego de ver el desastre causado, cuestionan su decisi\u00f3n.<\/p>\n<p class=\"\">El demag\u00f3gico discurso de prosperidad econ\u00f3mica y orden que lo elev\u00f3 a la presidencia y ha continuado desde que ocupa el Despacho Oval, choca con una realidad que no ha mejorado para miles de las familias m\u00e1s desfavorecidas. Con el paso de los meses, la frustraci\u00f3n y el arrepentimiento han crecido enormemente entre aquellos que hoy enfrentan una realidad marcada por el creciente costo de la vida, los recortes sociales y una agenda migratoria que ha desgarrado por completo a la comunidad hispana.<\/p>\n<p class=\"\">A lo largo y ancho del Estado, el desencanto en las palabras de residentes, due\u00f1os de negocios y activistas comunitarios se hace palpable ante la interrupci\u00f3n en las ayudas del Gobierno como resultado del cierre de la Administraci\u00f3n federal sin final a la vista, el alza imparable en los alquileres y la persistente inflaci\u00f3n.<\/p>\n<p class=\"\">Aunque <a title=\"https:\/\/elpais.com\/us\/2025-10-31\/dos-jueces-ordenan-que-el-gobierno-continue-pagando-los-cupones-de-alimentos-de-millones-de-personas-pese-al-cierre-de-la-administracion.html\" href=\"https:\/\/elpais.com\/us\/2025-10-31\/dos-jueces-ordenan-que-el-gobierno-continue-pagando-los-cupones-de-alimentos-de-millones-de-personas-pese-al-cierre-de-la-administracion.html\" target=\"_self\" rel=\"\" data-link-track-dtm=\"\" data-mrf-link=\"https:\/\/elpais.com\/us\/2025-10-31\/dos-jueces-ordenan-que-el-gobierno-continue-pagando-los-cupones-de-alimentos-de-millones-de-personas-pese-al-cierre-de-la-administracion.html\">dos jueces han opinado que el Gobierno debe continuar financiando<\/a> una de las ayudas cuya suspensi\u00f3n estaba prevista para este 1 de noviembre, es probable que los 42 millones de estadounidenses que dependen del Programa de Asistencia Nutricional Suplementaria (SNAP, por sus siglas en ingl\u00e9s) para poder comer reciban las prestaciones incompletas o con retrasos. Si es que el Gobierno acata la orden de las cortes.<\/p>\n<p class=\"\">Las consecuencias de esos retrasos, o la posible cancelaci\u00f3n del programa, se sentir\u00e1n especialmente en el condado de Miami-Dade, donde el giro del voto latino de dem\u00f3crata a republicano fue clave para el triunfo trumpista el a\u00f1o pasado. Aqu\u00ed, seg\u00fan cifras de la alcald\u00eda, unos 215.000 hogares en Miami-Dade (cerca del 24%) dependen de SNAP, una de las tasas m\u00e1s altas de beneficiarios del pa\u00eds. Esto representa m\u00e1s de medio mill\u00f3n de personas.<\/p>\n<p class=\"\">Alexis Maria, madre soltera de 35 a\u00f1os nacida en West Palm Beach que trabaja como asistente m\u00e9dico, es una de ellas. La estadounidense dice que vot\u00f3 por Trump porque pens\u00f3 que tendr\u00eda un mejor l\u00edder. \u201cLa \u00faltima vez que Trump fue presidente, gan\u00e9 m\u00e1s dinero que nunca en mi carrera. Los precios eran bajos. La gasolina era barata. Recuerdo haberme ido de vacaciones. Las tasas de inter\u00e9s eran m\u00e1s bajas. Ahora todo est\u00e1 fuera de control. Ni siquiera puedo pagar el aire que respiramos. Ahora veo que tom\u00e9 la decisi\u00f3n equivocada\u201d, apunta.<\/p>\n<p class=\"\">Mar\u00eda recibe cupones de alimentos desde que naci\u00f3 su primer hijo. Tiene dos, uno de 12 a\u00f1os y otro de 6. \u201cEl Gobierno es la raz\u00f3n por la cual hemos podido comer la mayor parte del mes, y la otra mitad, estoy contando centavos para sobrevivir, con los precios de los alimentos y el alquiler\u201d, dice. La madre est\u00e1 preocupada por el anuncio de que SNAP quedar\u00eda suspendido a partir de este s\u00e1bado, aunque dos jueces le han dado un respiro, siempre y cuando el Gobierno no ignore los tribunales. Si no, con el alto costo de los alimentos y sin cupones, sus hijos \u201cno tendr\u00e1n qu\u00e9 comer\u201d.<\/p>\n<p class=\"\">La mujer asegura que ha estado buscando informaci\u00f3n sobre<a title=\"https:\/\/elpais.com\/us\/2024-09-04\/nueva-york-registra-un-record-de-visitas-a-despensas-de-comida-y-comedores-gratuitos.html\" href=\"https:\/\/elpais.com\/us\/2024-09-04\/nueva-york-registra-un-record-de-visitas-a-despensas-de-comida-y-comedores-gratuitos.html\" target=\"_self\" rel=\"\" data-link-track-dtm=\"\" data-mrf-link=\"https:\/\/elpais.com\/us\/2024-09-04\/nueva-york-registra-un-record-de-visitas-a-despensas-de-comida-y-comedores-gratuitos.html\">\u00a0lugares donde hacen donaciones de comida<\/a>, como iglesias y organizaciones de ayuda, e incluso ha tenido que faltar al trabajo para poder ir a buscar alimentos. \u201cAhora necesito ir tres veces por semana para alimentar a mi familia, y las filas cada semana han sido m\u00e1s largas. Esto resume por qu\u00e9 estoy enojada con mi presidente. Sus decisiones ahora est\u00e1n afectando a la clase baja y media. Solo benefician a los ricos\u201d, opina.<\/p>\n<p>&nbsp;<\/p>\n<figure class=\"a_m a_m-h \">\n<p><div style=\"width: 424px\" class=\"wp-caption alignnone\"><img loading=\"lazy\" decoding=\"async\" class=\"_re lazyload a_m-h\" src=\"https:\/\/imagenes.elpais.com\/resizer\/v2\/MYG2B2SKOZO6PHXJLAZMOW3YDU.jpg?auth=44c4bc663543c80e4e94cb3e4b60864a7955f0022a8089a3838eb005c1f6bbf1&amp;width=414\" sizes=\"auto, (min-width:1199px) 1155px,(min-width:1001px) calc(100vw - 44px),(min-width:768px) 767px, 100vw\" srcset=\"https:\/\/imagenes.elpais.com\/resizer\/v2\/MYG2B2SKOZO6PHXJLAZMOW3YDU.jpg?auth=44c4bc663543c80e4e94cb3e4b60864a7955f0022a8089a3838eb005c1f6bbf1&amp;width=414 414w,https:\/\/imagenes.elpais.com\/resizer\/v2\/MYG2B2SKOZO6PHXJLAZMOW3YDU.jpg?auth=44c4bc663543c80e4e94cb3e4b60864a7955f0022a8089a3838eb005c1f6bbf1&amp;width=828 640w,https:\/\/imagenes.elpais.com\/resizer\/v2\/MYG2B2SKOZO6PHXJLAZMOW3YDU.jpg?auth=44c4bc663543c80e4e94cb3e4b60864a7955f0022a8089a3838eb005c1f6bbf1&amp;width=980 1000w,https:\/\/imagenes.elpais.com\/resizer\/v2\/MYG2B2SKOZO6PHXJLAZMOW3YDU.jpg?auth=44c4bc663543c80e4e94cb3e4b60864a7955f0022a8089a3838eb005c1f6bbf1&amp;width=1960 1960w\" alt=\"\" width=\"414\" height=\"276\" \/><p class=\"wp-caption-text\">Simone Matthew of the American Federation of Government Employees volunteers at a food distribution center organized by the union and Feeding South Florida to assist federal employees during the government shutdown, Tuesday, Oct. 28, 2025, in Dania Beach, Fla. (AP Photo\/Rebecca Blackwell)Rebecca Blackwell (AP)<\/p><\/div><figcaption class=\"a_m_p\" aria-hidden=\"true\"><\/figcaption><\/figure>\n<p>&nbsp;<\/p>\n<p class=\"\">Casos como el de Mar\u00eda ilustran c\u00f3mo los sistem\u00e1ticos recortes federales, encarnados por el Departamento de Eficiencia Gubernamental (<a title=\"https:\/\/elpais.com\/internacional\/2025-05-30\/conflictos-de-interes-una-motosierra-y-menos-recortes-de-los-prometidos-el-legado-de-elon-musk-en-washington-en-la-hora-de-su-adios.html\" href=\"https:\/\/elpais.com\/internacional\/2025-05-30\/conflictos-de-interes-una-motosierra-y-menos-recortes-de-los-prometidos-el-legado-de-elon-musk-en-washington-en-la-hora-de-su-adios.html\" target=\"_self\" rel=\"\" data-link-track-dtm=\"\" data-mrf-link=\"https:\/\/elpais.com\/internacional\/2025-05-30\/conflictos-de-interes-una-motosierra-y-menos-recortes-de-los-prometidos-el-legado-de-elon-musk-en-washington-en-la-hora-de-su-adios.html\">el famoso DOGE impulsado por Elon Musk<\/a>\u00a0en los primeros meses de la Administraci\u00f3n), y el cierre del Gobierno, que ha cumplido un mes este s\u00e1bado, afectan directamente a los ciudadanos. El Congreso no ha logrado ponerse de acuerdo para aprobar el presupuesto del nuevo a\u00f1o fiscal, que comenz\u00f3 el 1 de octubre.<\/p>\n<p class=\"\">En el Congreso, los legisladores dem\u00f3cratas est\u00e1n presionando para que el presupuesto incluya\u00a0<a title=\"https:\/\/elpais.com\/us\/2025-10-24\/la-pelea-en-el-centro-del-cierre-de-gobierno-la-ley-de-salud-aca-y-el-enorme-aumento-de-primas-para-millones-de-estadounidenses.html\" href=\"https:\/\/elpais.com\/us\/2025-10-24\/la-pelea-en-el-centro-del-cierre-de-gobierno-la-ley-de-salud-aca-y-el-enorme-aumento-de-primas-para-millones-de-estadounidenses.html\" target=\"_self\" rel=\"\" data-link-track-dtm=\"\" data-mrf-link=\"https:\/\/elpais.com\/us\/2025-10-24\/la-pelea-en-el-centro-del-cierre-de-gobierno-la-ley-de-salud-aca-y-el-enorme-aumento-de-primas-para-millones-de-estadounidenses.html\">una extensi\u00f3n de los subsidios del\u00a0<i>Obamacare,\u00a0<\/i>o ACA<\/a> (Ley de Cuidados Asequibles), aprobados durante la pandemia, que reducen el costo de los seguros m\u00e9dicos, y est\u00e1n a punto de vencer; tambi\u00e9n piden revertir recortes a Medicaid, el programa de salud p\u00fablica para personas mayores, con bajos ingresos o discapacidad. La Administraci\u00f3n Trump y pr\u00e1cticamente toda la bancada republicana se han mantenido firmes en el mensaje que culpa exclusivamente a los dem\u00f3cratas de la suspensi\u00f3n del Gobierno,\u00a0<a title=\"https:\/\/elpais.com\/us\/migracion\/2025-10-03\/trump-insiste-en-un-bulo-sobre-migrantes-para-justificar-el-cierre-de-gobierno.html\" href=\"https:\/\/elpais.com\/us\/migracion\/2025-10-03\/trump-insiste-en-un-bulo-sobre-migrantes-para-justificar-el-cierre-de-gobierno.html\" target=\"_self\" rel=\"\" data-link-track-dtm=\"\" data-mrf-link=\"https:\/\/elpais.com\/us\/migracion\/2025-10-03\/trump-insiste-en-un-bulo-sobre-migrantes-para-justificar-el-cierre-de-gobierno.html\">acus\u00e1ndolos falsamente de querer dar sanidad gratuita a inmigrantes indocumentados.<\/a><\/p>\n<p class=\"\">Con ello buscan ganar la batalla de la opini\u00f3n p\u00fablica, aunque todas las encuestas apuntan a que no est\u00e1 funcionando. Las demandas que luego llevaron a las sentencias sobre el programa de asistencia alimentaria han sido otro duro golpe a los argumentos del Gobierno, pues refutan la idea de que est\u00e1 completamente maniatado por los dem\u00f3cratas.<\/p>\n<p class=\"\">Pero la pol\u00edtica real no suele ser tan blanca y negra, menos a\u00fan en Florida. As\u00ed que mientras los partidos se acusan mutuamente por el estancamiento que est\u00e1 a punto de convertirse en el periodo m\u00e1s largo en el que el Gobierno ha estado cerrado, algunos votantes como Erick Pita, un cubano de 51 a\u00f1os que lleva 20 a\u00f1os en Estados Unidos, coinciden con la visi\u00f3n de los republicanos. \u201cLa culpa es de los dem\u00f3cratas, que est\u00e1n usando las dificultades de la poblaci\u00f3n como una herramienta de presi\u00f3n para conseguir algo que desean pol\u00edticamente\u201d, opina. \u00c9l no recibe cupones de alimentos, pero sus padres s\u00ed.<\/p>\n<h3 class=\"\">\u201cYo no vot\u00e9 por nada de eso\u201d<\/h3>\n<p class=\"\">Otros, en cambio, centran sus cr\u00edticas en la falta de acci\u00f3n concreta desde ambos bandos. Vanessa Brito, una analista electoral y activista comunitaria de Miami de 42 a\u00f1os que ha estado informando a trav\u00e9s de sus redes sociales sobre lo que supondr\u00eda el fin de los beneficios de SNAP, dice que ambos partidos pol\u00edticos \u201cest\u00e1n m\u00e1s preocupados por c\u00f3mo ganar la pr\u00f3xima elecci\u00f3n que en ayudar\u201d a quienes lo necesitan, a quienes se han visto afectados por las pol\u00edticas de esta Administraci\u00f3n. Brito ha sido consultora pol\u00edtica para ambos partidos, pero dice que ha decidido enfocar su experiencia en comprender mejor a los votantes y asesorar a las campa\u00f1as sobre c\u00f3mo comunicarse de forma m\u00e1s efectiva con ellos.<\/p>\n<p class=\"\">\u201cEs evidente que [las personas] est\u00e1n confundidas y algunos no parecen culpar directamente a la Administraci\u00f3n actual, pero tampoco se apresuran a culpar a los dem\u00f3cratas. La ira y el miedo dominan, lo cual despolitiza todo. Para un condado como Miami-Dade, que tiene una de las concentraciones m\u00e1s altas de personas mayores que reciben SNAP \u2014en su mayor\u00eda hispanos\u2014, eso es muy revelador\u201d, indica Brito. \u201cUn impacto econ\u00f3mico directo genera ira y miedo, y eso crea un espacio en el que los votantes o residentes buscan apoyo de quien sea que pueda ofrec\u00e9rselo. En este momento, no les importa qui\u00e9n tiene la culpa. Les importa que los pol\u00edticos de ambos partidos est\u00e1n m\u00e1s enfocados en enfrentarse entre ellos que en ayudarlos\u201d.<\/p>\n<p class=\"\">Entre sus seguidores hay historias personales que reflejan angustia y arrepentimiento. Uno de ellos es Michael Lyras, estadounidense de 44 a\u00f1os, quien vive en el condado de Volusia, cerca de Orlando, en el centro de Florida. Lyras estudi\u00f3 consejer\u00eda en adicciones en la universidad, pero actualmente est\u00e1 discapacitado y recibe cupones de alimentos. Vot\u00f3 por Trump \u201clas tres veces\u201d, pero asegura que est\u00e1 disgustado por c\u00f3mo van las cosas: \u201cMe arrepiento enormemente de mi \u00faltimo voto\u201d.<\/p>\n<p class=\"\">\u201cEra necesario hacer cambios, pero no de esta manera, sacrificando nuestros derechos y libertades civiles que est\u00e1n consagrados en nuestra Constituci\u00f3n\u201d, a\u00f1ade Lyras. \u201cEst\u00e1 convirtiendo esto en\u00a0<a title=\"https:\/\/elpais.com\/us\/2025-10-30\/el-pentagono-formara-a-miles-de-soldados-de-la-guardia-nacional-en-control-de-disturbios-civiles.html\" href=\"https:\/\/elpais.com\/us\/2025-10-30\/el-pentagono-formara-a-miles-de-soldados-de-la-guardia-nacional-en-control-de-disturbios-civiles.html\" target=\"_self\" rel=\"\" data-link-track-dtm=\"\" data-mrf-link=\"https:\/\/elpais.com\/us\/2025-10-30\/el-pentagono-formara-a-miles-de-soldados-de-la-guardia-nacional-en-control-de-disturbios-civiles.html\">un estado policial<\/a>\u00a0y est\u00e1 actuando como un autoritario. Yo no vot\u00e9 por nada de eso\u201d.<\/p>\n<p class=\"\">Para algunos votantes, el golpe definitivo ha sido ver a vecinos o seres queridos atrapados en una maquinaria de deportaci\u00f3n que consideran injusta. Sienten una mezcla de culpa, rabia y desconcierto.<\/p>\n<p class=\"\">El cubano Pita dice que est\u00e1 \u201cdecepcionado\u201d por la agenda migratoria de la Administraci\u00f3n Trump, que considera \u201cuna manipulaci\u00f3n pol\u00edtica republicana\u201d. \u201cSi dices que vas a deportar a todos los delincuentes, hasta los migrantes, como yo, est\u00e1n felices con eso. Por eso el voto latino se orient\u00f3 hacia Trump. La gente estaba de acuerdo con lo que le estaban diciendo en la campa\u00f1a, que era: \u2018Voy a salir de todos los delincuentes\u2019. Pero lo que est\u00e1 haciendo es otra cosa, muy cruel y muy mal, y lo van a pagar caro\u201d.<\/p>\n<p>&nbsp;<\/p>\n<figure class=\"a_m a_m-h \">\n<p><div style=\"width: 424px\" class=\"wp-caption alignnone\"><img loading=\"lazy\" decoding=\"async\" class=\"_re lazyload a_m-h\" src=\"https:\/\/imagenes.elpais.com\/resizer\/v2\/NZW4QUGP7BDKFHNBDDAYDMP3IM.jpg?auth=ca1093a5ad8f0f494a39444f20d69b7e1b6502fdc05ba107c7bce4e897e89874&amp;width=414\" sizes=\"auto, (min-width:1199px) 1155px,(min-width:1001px) calc(100vw - 44px),(min-width:768px) 767px, 100vw\" srcset=\"https:\/\/imagenes.elpais.com\/resizer\/v2\/NZW4QUGP7BDKFHNBDDAYDMP3IM.jpg?auth=ca1093a5ad8f0f494a39444f20d69b7e1b6502fdc05ba107c7bce4e897e89874&amp;width=414 414w,https:\/\/imagenes.elpais.com\/resizer\/v2\/NZW4QUGP7BDKFHNBDDAYDMP3IM.jpg?auth=ca1093a5ad8f0f494a39444f20d69b7e1b6502fdc05ba107c7bce4e897e89874&amp;width=828 640w,https:\/\/imagenes.elpais.com\/resizer\/v2\/NZW4QUGP7BDKFHNBDDAYDMP3IM.jpg?auth=ca1093a5ad8f0f494a39444f20d69b7e1b6502fdc05ba107c7bce4e897e89874&amp;width=980 1000w,https:\/\/imagenes.elpais.com\/resizer\/v2\/NZW4QUGP7BDKFHNBDDAYDMP3IM.jpg?auth=ca1093a5ad8f0f494a39444f20d69b7e1b6502fdc05ba107c7bce4e897e89874&amp;width=1960 1960w\" alt=\"\" width=\"414\" height=\"264\" \/><p class=\"wp-caption-text\">Ayuda alimentaria del Banco de Alimentos Second Harvest, en Altamonte Springs, Florida, el 31 de octubre. Paul Hennessy (Anadolu v\u00eda Getty Images)<\/p><\/div><figcaption class=\"a_m_p\" aria-hidden=\"true\"><\/figcaption><\/figure>\n<p>&nbsp;<\/p>\n<p class=\"\">Noviembre fue la primera vez que Pita votaba por Trump. \u201cNo me gusta Trump, ni su forma, ni sus ideas. No es presidenciable en el sentido de la norma ni la etiqueta, pero ve\u00eda horrible a la Administraci\u00f3n anterior, lo que hab\u00eda estaba muy mal y el pa\u00eds iba por un mal camino\u201d, explica, en referencia al Gobierno del dem\u00f3crata Joe Biden.<\/p>\n<p class=\"\">Pero no todos los votantes republicanos se sienten decepcionados. Algunos, como Kimberly Delgado, de 28 a\u00f1os, mantienen su apoyo al presidente a pesar de las dificultades a las que se enfrentan. \u201cLo que me motiv\u00f3 a votar por Trump fueron las leyes migratorias que estaba implementando, y tambi\u00e9n porque los \u00faltimos cuatro a\u00f1os con los dem\u00f3cratas en la presidencia fueron un desastre\u201d, explica.<\/p>\n<p class=\"\">Delgado, residente de Weston, al noreste de Miami, dice que aunque ella trabaja en una funeraria y su esposo tambi\u00e9n trabaja a tiempo completo, no les alcanza para alimentar a sus dos hijos, y desde hace cuatro a\u00f1os reciben sellos de alimentos. Delgado, quien naci\u00f3 en EE UU de padres cubanos, asume que la situaci\u00f3n con el cierre del Gobierno va a ser dif\u00edcil para muchos como ellos, que trabajan a tiempo completo, y aun as\u00ed, por el alto costo de la vida, necesitan la ayuda.<\/p>\n<h3 class=\"\">Reacci\u00f3n local<\/h3>\n<p class=\"\">La alcaldesa de Miami-Dade, la dem\u00f3crata Daniella Levine Cava, hizo un llamado esta semana a los congresistas de Florida para extender los subsidios federales de salud y utilizar fondos de emergencia para \u201cprogramas vitales como la alimentaci\u00f3n, vivienda y servicios de salud\u201d.<\/p>\n<p class=\"\">La congresista republicana de Miami\u00a0<a title=\"https:\/\/elpais.com\/us\/migracion\/2024-07-31\/de-la-dignidad-a-la-mano-dura-los-giros-en-materia-migratoria-de-la-congresista-maria-elvira-salazar.html\" href=\"https:\/\/elpais.com\/us\/migracion\/2024-07-31\/de-la-dignidad-a-la-mano-dura-los-giros-en-materia-migratoria-de-la-congresista-maria-elvira-salazar.html\" target=\"_self\" rel=\"\" data-link-track-dtm=\"\" data-mrf-link=\"https:\/\/elpais.com\/us\/migracion\/2024-07-31\/de-la-dignidad-a-la-mano-dura-los-giros-en-materia-migratoria-de-la-congresista-maria-elvira-salazar.html\">Mar\u00eda Elvira Salazar<\/a>, que representa al Distrito 27, que incluye una vasta \u00e1rea de Miami-Dade, copatrocin\u00f3 un proyecto de ley, Keep SNAP Funded Act, que, tal como han ordenado los dos jueces este viernes, abogaba por usar fondos de emergencia para financiar el programa de ayuda alimentaria.<\/p>\n<p class=\"\">A la vez, los principales bancos de alimentos y organizaciones sin fines de lucro del sur del Estado \u2014como Feeding South Florida, Farm Share y United Way\u2014 han intensificado distribuciones de comida y campa\u00f1as de donaciones. Lo mismo han hecho decenas de bancos de alimentos m\u00e1s peque\u00f1os e iglesias se han preparado para un aumento en la demanda.<\/p>\n<p class=\"\">Brito opina que, aunque la Administraci\u00f3n sea republicana, en el fondo ambos lados del espectro pol\u00edtico son responsables de la crisis actual, y que las personas m\u00e1s vulnerables son las m\u00e1s afectadas. El resultado, m\u00e1s que repudio o apoyo a cualquier lado, parece estar siendo la apat\u00eda. \u201cUn partido va al extremo, y el otro responde al otro extremo, mientras la mayor\u00eda de la gente se siente como mendigos pol\u00edticos. A los dos partidos se les olvid\u00f3 que la gente se mata trabajando simplemente para sobrevivir\u201d.<\/p>\n<\/div>\n","protected":false},"excerpt":{"rendered":"<p>&nbsp; Golpeados por los recortes, la agenda migratoria y un cierre de Gobierno sin final a la vista, quienes apoyaron al racista republicano en las&hellip;<\/p>\n","protected":false},"author":99,"featured_media":537610,"comment_status":"open","ping_status":"open","sticky":false,"template":"","format":"standard","meta":{"footnotes":""},"categories":[24],"tags":[],"class_list":["post-537609","post","type-post","status-publish","format-standard","has-post-thumbnail","hentry","category-mundo"],"_links":{"self":[{"href":"https:\/\/diarioelpopular.com\/index.php\/wp-json\/wp\/v2\/posts\/537609","targetHints":{"allow":["GET"]}}],"collection":[{"href":"https:\/\/diarioelpopular.com\/index.php\/wp-json\/wp\/v2\/posts"}],"about":[{"href":"https:\/\/diarioelpopular.com\/index.php\/wp-json\/wp\/v2\/types\/post"}],"author":[{"embeddable":true,"href":"https:\/\/diarioelpopular.com\/index.php\/wp-json\/wp\/v2\/users\/99"}],"replies":[{"embeddable":true,"href":"https:\/\/diarioelpopular.com\/index.php\/wp-json\/wp\/v2\/comments?post=537609"}],"version-history":[{"count":1,"href":"https:\/\/diarioelpopular.com\/index.php\/wp-json\/wp\/v2\/posts\/537609\/revisions"}],"predecessor-version":[{"id":537611,"href":"https:\/\/diarioelpopular.com\/index.php\/wp-json\/wp\/v2\/posts\/537609\/revisions\/537611"}],"wp:featuredmedia":[{"embeddable":true,"href":"https:\/\/diarioelpopular.com\/index.php\/wp-json\/wp\/v2\/media\/537610"}],"wp:attachment":[{"href":"https:\/\/diarioelpopular.com\/index.php\/wp-json\/wp\/v2\/media?parent=537609"}],"wp:term":[{"taxonomy":"category","embeddable":true,"href":"https:\/\/diarioelpopular.com\/index.php\/wp-json\/wp\/v2\/categories?post=537609"},{"taxonomy":"post_tag","embeddable":true,"href":"https:\/\/diarioelpopular.com\/index.php\/wp-json\/wp\/v2\/tags?post=537609"}],"curies":[{"name":"wp","href":"https:\/\/api.w.org\/{rel}","templated":true}]}}