{"id":537719,"date":"2025-11-05T10:47:31","date_gmt":"2025-11-05T14:47:31","guid":{"rendered":"https:\/\/diarioelpopular.com\/?p=537719"},"modified":"2025-11-05T10:47:31","modified_gmt":"2025-11-05T14:47:31","slug":"la-historica-deportacion-de-trump-ha-llevado-el-terror-a-las-calles-pero-mantiene-insatisfecho-al-racista-de-la-casa-blanca","status":"publish","type":"post","link":"https:\/\/diarioelpopular.com\/index.php\/2025\/11\/05\/la-historica-deportacion-de-trump-ha-llevado-el-terror-a-las-calles-pero-mantiene-insatisfecho-al-racista-de-la-casa-blanca\/","title":{"rendered":"La \u2018hist\u00f3rica\u2019 deportaci\u00f3n de Trump ha llevado el terror a las calles, pero mantiene insatisfecho al racista de la Casa Blanca"},"content":{"rendered":"<div id=\"attachment_537720\" style=\"width: 1210px\" class=\"wp-caption alignnone\"><img loading=\"lazy\" decoding=\"async\" aria-describedby=\"caption-attachment-537720\" class=\"wp-image-537720 size-custom-big-size\" src=\"https:\/\/diarioelpopular.com\/wp-content\/uploads\/2025\/11\/Screen-Shot-2025-11-05-at-9.45.34-AM-1200x803.png\" alt=\"\" width=\"1200\" height=\"803\" srcset=\"https:\/\/diarioelpopular.com\/wp-content\/uploads\/2025\/11\/Screen-Shot-2025-11-05-at-9.45.34-AM-1200x803.png 1200w, https:\/\/diarioelpopular.com\/wp-content\/uploads\/2025\/11\/Screen-Shot-2025-11-05-at-9.45.34-AM-300x201.png 300w, https:\/\/diarioelpopular.com\/wp-content\/uploads\/2025\/11\/Screen-Shot-2025-11-05-at-9.45.34-AM-768x514.png 768w, https:\/\/diarioelpopular.com\/wp-content\/uploads\/2025\/11\/Screen-Shot-2025-11-05-at-9.45.34-AM-636x425.png 636w, https:\/\/diarioelpopular.com\/wp-content\/uploads\/2025\/11\/Screen-Shot-2025-11-05-at-9.45.34-AM-80x55.png 80w, https:\/\/diarioelpopular.com\/wp-content\/uploads\/2025\/11\/Screen-Shot-2025-11-05-at-9.45.34-AM-109x73.png 109w, https:\/\/diarioelpopular.com\/wp-content\/uploads\/2025\/11\/Screen-Shot-2025-11-05-at-9.45.34-AM.png 1024w\" sizes=\"auto, (max-width: 1200px) 100vw, 1200px\" \/><p id=\"caption-attachment-537720\" class=\"wp-caption-text\">Su expresi\u00f3n habla por s\u00ed sola. Agentes del ICE detienen agresivamente a un migrante al salir de su audiencia en la corte de Manhattan, Nueva York, el 27 de octubre. Foto David Dee Delgado (REUTERS)<\/p><\/div>\n<p>&nbsp;<\/p>\n<p>&nbsp;<\/p>\n<ul>\n<li><strong><em>Los miles de abusos en las detenciones, la controvertida legalidad de las \u00f3rdenes ejecutivas y las batallas judiciales han definido la pol\u00edtica migratoria de la segunda Administraci\u00f3n del mat\u00f3n republicano<\/em><\/strong><\/li>\n<\/ul>\n<p>&nbsp;<\/p>\n<p class=\"\">Donald Trump no est\u00e1 conforme con los resultados de la campa\u00f1a contra la inmigraci\u00f3n que inici\u00f3 nada m\u00e1s instalarse en la Casa Blanca tras ganar las elecciones hace un a\u00f1o.\u00a0<a title=\"https:\/\/elpais.com\/us\/migracion\/2025-10-20\/como-el-ice-ha-expandido-su-poder-migratorio-en-los-primeros-10-meses-del-gobierno-de-trump.html\" href=\"https:\/\/elpais.com\/us\/migracion\/2025-10-20\/como-el-ice-ha-expandido-su-poder-migratorio-en-los-primeros-10-meses-del-gobierno-de-trump.html\" target=\"_self\" rel=\"\" data-link-track-dtm=\"\" data-mrf-link=\"https:\/\/elpais.com\/us\/migracion\/2025-10-20\/como-el-ice-ha-expandido-su-poder-migratorio-en-los-primeros-10-meses-del-gobierno-de-trump.html\">Las redadas del Servicio de Inmigraci\u00f3n y Control de Aduanas<\/a>\u00a0(ICE, por sus siglas en ingl\u00e9s) \u201cno han ido suficientemente lejos\u201d, dijo el s\u00e1bado en una entrevista en el programa 60 minutos de la cadena CBS, donde defendi\u00f3 el uso de las t\u00e1cticas agresivas de los agentes, que han provocado protestas por todo el pa\u00eds.<\/p>\n<p class=\"\">El Gobierno afirma haber deportado a m\u00e1s de 400.000 personas desde que Trump asumi\u00f3 el cargo, una cifra elevada pero que no alcanza el mill\u00f3n de expulsiones anheladas por el republicano y que ha resultado m\u00e1s dif\u00edcil de lo que cre\u00eda.<\/p>\n<p class=\"\">Ya lo hab\u00eda anunciado en la campa\u00f1a electoral: si ganaba, llevar\u00eda a cabo la mayor deportaci\u00f3n de la historia. En sus primeros 100 d\u00edas, el republicano aprob\u00f3 175 medidas relacionadas con la inmigraci\u00f3n. La mayor\u00eda de las acciones estuvieron encaminadas a aumentar las deportaciones, pero tambi\u00e9n se cerraron las fronteras y minaron los programas de asilo y de refugiados. El Gobierno ha convertido en indocumentados a quienes no lo eran, expulsado del pa\u00eds a trabajadores sin haber cometido ning\u00fan delito, separado familias y detenido incluso a ciudadanos estadounidenses.<\/p>\n<p class=\"\">\u201cHa sido mucho m\u00e1s agresivo de lo que nadie esperaba, m\u00e1s brutal. Ha actuado pr\u00e1cticamente sin respeto por la ley, violando los derechos de las personas y recibiendo advertencias casi semanales de los tribunales, incluso de los jueces que \u00e9l mismo nombr\u00f3, de que sus acciones son ilegales\u201d, afirma Matt Barreto, profesor de Ciencias Pol\u00edticas de la Universidad de California en Los \u00c1ngeles (UCLA).<\/p>\n<p class=\"\">Muchas de sus acciones se discuten en los tribunales y tras sus primeros 10 meses de mandato, es casi imposible registrar todos los fallos que jueces de distrito y tribunales de apelaci\u00f3n han ido dictando. Algunas de las decisiones han acabado en el\u00a0<a title=\"https:\/\/elpais.com\/us\/migracion\/2025-10-03\/el-tribunal-supremo-permite-que-la-administracion-trump-cancele-el-tps-de-300000-venezolanos.html\" href=\"https:\/\/elpais.com\/us\/migracion\/2025-10-03\/el-tribunal-supremo-permite-que-la-administracion-trump-cancele-el-tps-de-300000-venezolanos.html\" target=\"_self\" rel=\"\" data-link-track-dtm=\"\" data-mrf-link=\"https:\/\/elpais.com\/us\/migracion\/2025-10-03\/el-tribunal-supremo-permite-que-la-administracion-trump-cancele-el-tps-de-300000-venezolanos.html\">Tribunal Supremo, que, con una mayor\u00eda de jueces conservadores,\u00a0<\/a>ha respaldado varias de las iniciativas de Trump, como<a title=\"https:\/\/elpais.com\/internacional\/2025-09-08\/el-supremo-de-estados-unidos-autoriza-que-continuen-las-redadas-indiscriminadas-contra-inmigrantes-en-los-angeles.html\" href=\"https:\/\/elpais.com\/internacional\/2025-09-08\/el-supremo-de-estados-unidos-autoriza-que-continuen-las-redadas-indiscriminadas-contra-inmigrantes-en-los-angeles.html\" target=\"_self\" rel=\"\" data-link-track-dtm=\"\" data-mrf-link=\"https:\/\/elpais.com\/internacional\/2025-09-08\/el-supremo-de-estados-unidos-autoriza-que-continuen-las-redadas-indiscriminadas-contra-inmigrantes-en-los-angeles.html\">\u00a0la utilizaci\u00f3n del perfil racial\u00a0<\/a>de un individuo (ya sea su aspecto f\u00edsico o lugar de trabajo) para justificar su detenci\u00f3n.<\/p>\n<p class=\"\">La obstinaci\u00f3n del presidente por lograr deportaciones de magnitudes hist\u00f3ricas ha propiciado que destine la ingente suma de 170.000 millones de d\u00f3lares para el control de la inmigraci\u00f3n en su \u201cgran y hermosa\u201d reforma fiscal, aprobada en julio. Se dedicar\u00e1 a aumentar las redadas que se han multiplicado por todo el pa\u00eds, as\u00ed como la capacidad de detenci\u00f3n, con la construcci\u00f3n de nuevos centros migratorios.<\/p>\n<p>&nbsp;<\/p>\n<figure class=\"a_m a_m-h \">\n<p><div style=\"width: 424px\" class=\"wp-caption alignnone\"><img loading=\"lazy\" decoding=\"async\" class=\"_re lazyload a_m-h\" src=\"https:\/\/imagenes.elpais.com\/resizer\/v2\/S5EV3UNBKFI3FLPYRBU7VBFN4A.jpg?auth=c76d18d4c406d71abe7206212a36aa67664dd2e4d735bc02a7ac2bba568d33b3&amp;width=414\" sizes=\"auto, (min-width:1199px) 1155px,(min-width:1001px) calc(100vw - 44px),(min-width:768px) 767px, 100vw\" srcset=\"https:\/\/imagenes.elpais.com\/resizer\/v2\/S5EV3UNBKFI3FLPYRBU7VBFN4A.jpg?auth=c76d18d4c406d71abe7206212a36aa67664dd2e4d735bc02a7ac2bba568d33b3&amp;width=414 414w,https:\/\/imagenes.elpais.com\/resizer\/v2\/S5EV3UNBKFI3FLPYRBU7VBFN4A.jpg?auth=c76d18d4c406d71abe7206212a36aa67664dd2e4d735bc02a7ac2bba568d33b3&amp;width=828 640w,https:\/\/imagenes.elpais.com\/resizer\/v2\/S5EV3UNBKFI3FLPYRBU7VBFN4A.jpg?auth=c76d18d4c406d71abe7206212a36aa67664dd2e4d735bc02a7ac2bba568d33b3&amp;width=980 1000w,https:\/\/imagenes.elpais.com\/resizer\/v2\/S5EV3UNBKFI3FLPYRBU7VBFN4A.jpg?auth=c76d18d4c406d71abe7206212a36aa67664dd2e4d735bc02a7ac2bba568d33b3&amp;width=1960 1960w\" alt=\"\" width=\"414\" height=\"277\" \/><p class=\"wp-caption-text\">Protesta cerca de las instalaciones del ICE en Broadview, Illinois, el 1 de noviembre. Foto Leah Millis (REUTERS)<\/p><\/div><figcaption class=\"a_m_p\" aria-hidden=\"true\"><\/figcaption><\/figure>\n<p>&nbsp;<\/p>\n<p class=\"\">\u201cUno de los mayores cambios de la Administraci\u00f3n de Trump ha sido el desplazamiento de la aplicaci\u00f3n de las leyes de inmigraci\u00f3n hacia el interior de Estados Unidos. Bajo la Administraci\u00f3n anterior, el objetivo principal era reducir el n\u00famero de llegadas a la frontera\u201d, apunta Kathleen Bush-Joseph, analista del Migration Policy Institute (MPI).<\/p>\n<p class=\"\">Ya en enero, el republicano cerr\u00f3 los pasos de entrada y la Patrulla Fronteriza (CBP), solo registr\u00f3 en septiembre 279 detenciones diarias, un 95% menos que el promedio diario durante el Gobierno de Joe Biden, seg\u00fan datos oficiales. Al trasladar a los agentes de inmigraci\u00f3n al interior del pa\u00eds, Trump ha abierto la veda para la caza de migrantes.<\/p>\n<p class=\"\">Durante la Administraci\u00f3n anterior se priorizaba la detenci\u00f3n de los indocumentados que hubieran cometido delitos. Tambi\u00e9n Trump anunci\u00f3 que se dedicar\u00eda a expulsar a los criminales, \u201clo peor de lo peor\u201d, pero lo cierto es que el t\u00e9rmino indocumentado, bajo su mandato, ha pasado a ser sin\u00f3nimo de delincuente. Solo el 35% de los detenidos por el ICE tiene antecedentes penales, en comparaci\u00f3n con el 65% de octubre de 2024.<\/p>\n<p class=\"\">El balance num\u00e9rico de detenciones puede que no convenza al presidente, pero ha alcanzado n\u00fameros r\u00e9cord. Cuando Trump regres\u00f3 a la Casa Blanca, en enero de 2025, hab\u00eda 39.000 detenidos bajo custodia del ICE. A finales de agosto, la cifra llegaba a 61.000 y podr\u00eda alcanzar los 107.000 en enero de 2026, seg\u00fan los datos del MPI. La media de septiembre, \u00faltimo mes del que hay datos, es de 1.178 arrestos por d\u00eda, que a\u00fan quedan lejos de los 3.000 diarios que se ha propuesto el cerebro de la pol\u00edtica migratoria de la Casa Blanca, Stephen Miller.<\/p>\n<p class=\"\">La proliferaci\u00f3n de las redadas del ICE ha extendido el temor entre la comunidad migrante, que ha visto c\u00f3mo los lugares que se consideraban \u201csensibles\u201d y donde los agentes no pod\u00edan intervenir, como las iglesias, las escuelas y los hospitales, han dejado de estar protegidos. V\u00eddeos que muestran a los funcionarios deteniendo a padres que dejan a sus hijos en las escuelas, provocando el p\u00e1nico entre los estudiantes, se han vuelto virales en las redes sociales.<\/p>\n<p class=\"\">Uno de los lugares m\u00e1s frecuentados por los agentes son las cortes de inmigraci\u00f3n. Los funcionarios aprovechan la comparecencia de los migrantes que acuden a cumplir con sus controles peri\u00f3dicos para detenerlos. Lo que era una cita para seguir los requisitos legales impuestos desde la Administraci\u00f3n, se convierte en una trampa fatal.<\/p>\n<h3 class=\"\">Objetivo: las ciudades dem\u00f3cratas<\/h3>\n<p class=\"\">Las<a title=\"https:\/\/elpais.com\/internacional\/2025-10-06\/las-ciudades-democratas-de-estados-unidos-se-rebelan-contra-los-intentos-de-trump-de-controlarlas-con-tropas.html\" href=\"https:\/\/elpais.com\/internacional\/2025-10-06\/las-ciudades-democratas-de-estados-unidos-se-rebelan-contra-los-intentos-de-trump-de-controlarlas-con-tropas.html\" target=\"_self\" rel=\"\" data-link-track-dtm=\"\" data-mrf-link=\"https:\/\/elpais.com\/internacional\/2025-10-06\/las-ciudades-democratas-de-estados-unidos-se-rebelan-contra-los-intentos-de-trump-de-controlarlas-con-tropas.html\">\u00a0ciudades gobernadas por dem\u00f3cratas<\/a>\u00a0han sido el blanco de las mayores operaciones contra la inmigraci\u00f3n. Trump ha enviado tropas de la Guardia Nacional para reforzar una supuesta crisis de delincuencia causada por los indocumentados en Los \u00c1ngeles, Washington D.C. y Memphis.<\/p>\n<p class=\"\">En Chicago<i>,<\/i>\u00a0los ciudadanos protagonizaron una de las mayores protestas contra los agresivos m\u00e9todos de los agentes que participaron en las redadas de<a title=\"https:\/\/elpais.com\/us\/migracion\/2025-10-07\/chicago-convertida-en-zona-de-guerra-por-el-terror-migratorio.html\" href=\"https:\/\/elpais.com\/us\/migracion\/2025-10-07\/chicago-convertida-en-zona-de-guerra-por-el-terror-migratorio.html\" target=\"_self\" rel=\"\" data-link-track-dtm=\"\" data-mrf-link=\"https:\/\/elpais.com\/us\/migracion\/2025-10-07\/chicago-convertida-en-zona-de-guerra-por-el-terror-migratorio.html\">\u00a0la llamada\u00a0<i>Operaci\u00f3n Midway Blitz<\/i>,<\/a>\u00a0en la que utilizaron hasta helic\u00f3pteros Blackhawk para las detenciones. Los funcionarios federales lanzaron balas de pimienta y gases lacrim\u00f3genos contra los manifestantes que se hab\u00edan concentrado frente al centro de detenci\u00f3n de Broadview, un suburbio donde la mayor\u00eda de la poblaci\u00f3n es negra y latina, para denunciar las condiciones en que mantienen a los detenidos.<\/p>\n<p class=\"\">En centros de detenci\u00f3n como el de Broadview se hacinan ni\u00f1os, embarazadas,\u00a0<a title=\"https:\/\/elpais.com\/us\/migracion\/2025-09-19\/los-indocumentados-victimas-de-delitos-se-quedan-sin-proteccion-contra-las-deportaciones.html\" href=\"https:\/\/elpais.com\/us\/migracion\/2025-09-19\/los-indocumentados-victimas-de-delitos-se-quedan-sin-proteccion-contra-las-deportaciones.html\" target=\"_self\" rel=\"\" data-link-track-dtm=\"\" data-mrf-link=\"https:\/\/elpais.com\/us\/migracion\/2025-09-19\/los-indocumentados-victimas-de-delitos-se-quedan-sin-proteccion-contra-las-deportaciones.html\">v\u00edctimas de abusos<\/a>\u00a0y migrantes sin ning\u00fan antecedente penal. Los detenidos y las organizaciones que los defienden denuncian las condiciones insalubres, la malnutrici\u00f3n, la imposibilidad de acceder a medicamentos y atenci\u00f3n m\u00e9dica. Muchos duermen en el suelo, sin apenas ropa de abrigo, con luces intensas que no se apagan durante la noche y hacen imposible el descanso. Tampoco les permiten hablar con sus abogados o su familia, seg\u00fan las denuncias.<\/p>\n<p class=\"\">Las deficientes condiciones en que se mantiene a los detenidos han sido apuntadas como una posible causa de que en el a\u00f1o fiscal de 2025 hayan fallecido 23 personas bajo custodia del ICE, la mayor cantidad en 20 a\u00f1os. Varios familiares denunciaron que los fallecidos no padec\u00edan ninguna enfermedad cuando fueron detenidos.<\/p>\n<p>&nbsp;<\/p>\n<figure class=\"a_m a_m-h \">\n<p><div style=\"width: 424px\" class=\"wp-caption alignnone\"><img loading=\"lazy\" decoding=\"async\" class=\"_re lazyload a_m-h\" src=\"https:\/\/imagenes.elpais.com\/resizer\/v2\/LRC45U6YGVMGVO4O43BFPUE2GU.jpg?auth=80f399ec16ef5ed30a27144e0d7bcfe57ca2bf5554d6485001b35cddc9e076c8&amp;width=414\" sizes=\"auto, (min-width:1199px) 1155px,(min-width:1001px) calc(100vw - 44px),(min-width:768px) 767px, 100vw\" srcset=\"https:\/\/imagenes.elpais.com\/resizer\/v2\/LRC45U6YGVMGVO4O43BFPUE2GU.jpg?auth=80f399ec16ef5ed30a27144e0d7bcfe57ca2bf5554d6485001b35cddc9e076c8&amp;width=414 414w,https:\/\/imagenes.elpais.com\/resizer\/v2\/LRC45U6YGVMGVO4O43BFPUE2GU.jpg?auth=80f399ec16ef5ed30a27144e0d7bcfe57ca2bf5554d6485001b35cddc9e076c8&amp;width=828 640w,https:\/\/imagenes.elpais.com\/resizer\/v2\/LRC45U6YGVMGVO4O43BFPUE2GU.jpg?auth=80f399ec16ef5ed30a27144e0d7bcfe57ca2bf5554d6485001b35cddc9e076c8&amp;width=980 1000w,https:\/\/imagenes.elpais.com\/resizer\/v2\/LRC45U6YGVMGVO4O43BFPUE2GU.jpg?auth=80f399ec16ef5ed30a27144e0d7bcfe57ca2bf5554d6485001b35cddc9e076c8&amp;width=1960 1960w\" alt=\"Detenci\u00f3n de migrantes em Broadview, Illinois, en una foto de archivo.\" width=\"414\" height=\"277\" \/><p class=\"wp-caption-text\">Traslado de migrantes en el centro de detenci\u00f3n del ICE en Broadview, Illinois, el 16 de septiembre. Foto Jim Vondruska (REUTERS)<\/p><\/div><figcaption class=\"a_m_p\" aria-hidden=\"true\"><\/figcaption><\/figure>\n<p>&nbsp;<\/p>\n<p class=\"\">Los centros del ICE no dan abasto para acoger a los detenidos, por lo que se han reabierto c\u00e1rceles que estaban cerradas y levantado nuevas, como la controvertida Alligator Alcatraz, en Florida, sobre la que se han interpuesto demandas por tener a los presos en condiciones inhumanas y haber sido construida sin estudios medioambientales en una zona de humedales protegida. Pero la Administraci\u00f3n tiene previsto crear m\u00e1s centros similares, para lo que va a destinar 45.000 millones de d\u00f3lares. La falta de espacio para asimilar el aumento de los arrestos ha llevado a la Administraci\u00f3n a recurrir a las dos mayores empresas privadas de prisiones, CoreCivic y Geo Group, grandes donantes a la campa\u00f1a presidencial de Trump, para que gestionen centros donde alojarlos.<\/p>\n<p class=\"\">La reclusi\u00f3n en los centros es el proceso previo a la deportaci\u00f3n. Una vez detenidos, es cada vez menos probable que los inmigrantes sean liberados. El porcentaje de personas liberadas bajo fianza, libertad condicional o supervisi\u00f3n disminuy\u00f3 del 26% en octubre de 2024, al 3% en septiembre de 2025, seg\u00fan los datos del MPI. De hecho, el 90% de las personas detenidas por el ICE en septiembre de 2025 fueron deportadas directamente desde el centro de detenci\u00f3n, en comparaci\u00f3n con el 63% de un a\u00f1o antes.<\/p>\n<h3 class=\"\">Sin protecci\u00f3n ante las deportaciones<\/h3>\n<p class=\"\">Las asociaciones de defensa de los migrantes denuncian que las expulsiones se producen sin dar a los detenidos el debido proceso. Ya en marzo, Trump ech\u00f3 mano de la Ley de Enemigos Extranjeros, de 1889, para deportar sin proceso a El Salvador a m\u00e1s de 200 migrantes que consideraba miembros de las pandillas criminales latinoamericanas Tren de Aragua y MS-13.<\/p>\n<p class=\"\">Nunca se presentaron pruebas y muchos de los deportados, que fueron encerrados en el infame Centro de Confinamiento de Terroristas (CECOT), carec\u00edan de antecedentes penales. Algunos, como el ya c\u00e9lebre\u00a0<a title=\"https:\/\/elpais.com\/us\/migracion\/2025-09-08\/el-cerco-judicial-se-cierra-sobre-kilmar-abrego-garcia.html#?rel=mas\" href=\"https:\/\/elpais.com\/us\/migracion\/2025-09-08\/el-cerco-judicial-se-cierra-sobre-kilmar-abrego-garcia.html#?rel=mas\" target=\"_self\" rel=\"\" data-link-track-dtm=\"\" data-mrf-link=\"https:\/\/elpais.com\/us\/migracion\/2025-09-08\/el-cerco-judicial-se-cierra-sobre-kilmar-abrego-garcia.html\">Kilmar Abrego Garc\u00eda<\/a>, salvadore\u00f1o que mantiene una batalla legal con el Gobierno y se ha convertido en el s\u00edmbolo de las deportaciones injustas, incluso contaban con protecciones judiciales que prohib\u00edan su deportaci\u00f3n.<\/p>\n<p>&nbsp;<\/p>\n<figure class=\"a_m a_m-h \">\n<p><div style=\"width: 424px\" class=\"wp-caption alignnone\"><img loading=\"lazy\" decoding=\"async\" class=\"_re lazyload a_m-h\" src=\"https:\/\/imagenes.elpais.com\/resizer\/v2\/EQ55DF6R2ZJ5TCTKZPWZNQOUM4.jpg?auth=78d9161190d7c61026d131a25f62fe8f499e57d111cfb097c242f1ef0d56f856&amp;width=414\" sizes=\"auto, (min-width:1199px) 1155px,(min-width:1001px) calc(100vw - 44px),(min-width:768px) 767px, 100vw\" srcset=\"https:\/\/imagenes.elpais.com\/resizer\/v2\/EQ55DF6R2ZJ5TCTKZPWZNQOUM4.jpg?auth=78d9161190d7c61026d131a25f62fe8f499e57d111cfb097c242f1ef0d56f856&amp;width=414 414w,https:\/\/imagenes.elpais.com\/resizer\/v2\/EQ55DF6R2ZJ5TCTKZPWZNQOUM4.jpg?auth=78d9161190d7c61026d131a25f62fe8f499e57d111cfb097c242f1ef0d56f856&amp;width=828 640w,https:\/\/imagenes.elpais.com\/resizer\/v2\/EQ55DF6R2ZJ5TCTKZPWZNQOUM4.jpg?auth=78d9161190d7c61026d131a25f62fe8f499e57d111cfb097c242f1ef0d56f856&amp;width=980 1000w,https:\/\/imagenes.elpais.com\/resizer\/v2\/EQ55DF6R2ZJ5TCTKZPWZNQOUM4.jpg?auth=78d9161190d7c61026d131a25f62fe8f499e57d111cfb097c242f1ef0d56f856&amp;width=1960 1960w\" alt=\"\" width=\"414\" height=\"276\" \/><p class=\"wp-caption-text\">Kilmar Abrego Garc\u00eda, al centro, en una manifestaci\u00f3n en la oficina local del Servicio de Inmigraci\u00f3n y Control de Aduanas en Baltimore, el 25 de agosto. Foto Stephanie Scarbrough (AP)<\/p><\/div><figcaption class=\"a_m_p\" aria-hidden=\"true\"><\/figcaption><\/figure>\n<p>&nbsp;<\/p>\n<p class=\"\">\u201cEsto se ha convertido en una cuesti\u00f3n de democracia. [Trump] est\u00e1 utilizando sus pol\u00edticas migratorias para socavar la democracia en Estados Unidos, desafiando \u00f3rdenes judiciales e ignorando leyes aprobadas por el Congreso\u201d, sostiene Barreto de la Universidad de California en Los \u00c1ngeles.<\/p>\n<p class=\"\">Adem\u00e1s, para ampliar el espectro de personas deportables, el Gobierno ha eliminado legislaciones que conced\u00edan el estatus legal de residente permanente y permisos de trabajo a millones de personas. Entre otros, ha cancelado programas como el\u00a0<i>parole\u00a0<\/i>humanitario o\u00a0<a title=\"https:\/\/elpais.com\/us\/migracion\/2025-11-03\/los-venezolanos-ante-la-eliminacion-del-tps-el-7-de-noviembre-lo-pierdo-todo.html\" href=\"https:\/\/elpais.com\/us\/migracion\/2025-11-03\/los-venezolanos-ante-la-eliminacion-del-tps-el-7-de-noviembre-lo-pierdo-todo.html\" target=\"_self\" rel=\"\" data-link-track-dtm=\"\" data-mrf-link=\"https:\/\/elpais.com\/us\/migracion\/2025-11-03\/los-venezolanos-ante-la-eliminacion-del-tps-el-7-de-noviembre-lo-pierdo-todo.html\">el Estatus de Protecci\u00f3n Temporal (TPS),\u00a0<\/a>que se crearon para acoger a ciudadanos que hu\u00edan de sus pa\u00edses por circunstancias como conflictos armados, desastres naturales, pobreza y crisis pol\u00edticas. Cientos de miles de nicarag\u00fcenses, haitianos, cubanos y venezolanos han visto c\u00f3mo, de un d\u00eda para otro, han perdido la protecci\u00f3n frente a las deportaciones.<\/p>\n<p class=\"\">Para aquellos que no pueden ser expulsados a sus pa\u00edses de origen porque no los aceptan, la Administraci\u00f3n, con el benepl\u00e1cito del Tribunal Supremo,\u00a0<a title=\"https:\/\/elpais.com\/us\/migracion\/2025-08-07\/la-maquinaria-de-estados-unidos-para-encontrar-terceros-paises-a-donde-deportar-migrantes-coge-impulso.html\" href=\"https:\/\/elpais.com\/us\/migracion\/2025-08-07\/la-maquinaria-de-estados-unidos-para-encontrar-terceros-paises-a-donde-deportar-migrantes-coge-impulso.html\" target=\"_self\" rel=\"\" data-link-track-dtm=\"\" data-mrf-link=\"https:\/\/elpais.com\/us\/migracion\/2025-08-07\/la-maquinaria-de-estados-unidos-para-encontrar-terceros-paises-a-donde-deportar-migrantes-coge-impulso.html\">los est\u00e1 enviando a terceros pa\u00edses<\/a>\u00a0como los africanos Ruanda, Sud\u00e1n del Sur y Esuatini, donde no se respetan los derechos humanos y de cuyos gobiernos no obtienen garant\u00edas de lo que les suceder\u00e1 a los deportados.<\/p>\n<p class=\"\">La agresividad de la pol\u00edtica migratoria que ha marcado los primeros 10 meses de Gobierno de Trump ha transformado completamente la vida de millones de migrantes, pero tambi\u00e9n la de los propios ciudadanos. \u201cLa pol\u00edtica de control migratorio de la Administraci\u00f3n Trump est\u00e1 afectando los derechos de los estadounidenses, como hemos visto en las detenciones, pero tambi\u00e9n ha cambiado la forma de vida: ahora llevan consigo documentos de identidad\u00a0<a title=\"https:\/\/elpais.com\/us\/migracion\/2025-09-27\/cuatro-migrantes-demandan-al-gobierno-de-trump-tras-ser-ilegalmente-detenidos-en-washington.html\" href=\"https:\/\/elpais.com\/us\/migracion\/2025-09-27\/cuatro-migrantes-demandan-al-gobierno-de-trump-tras-ser-ilegalmente-detenidos-en-washington.html\" target=\"_self\" rel=\"\" data-link-track-dtm=\"\" data-mrf-link=\"https:\/\/elpais.com\/us\/migracion\/2025-09-27\/cuatro-migrantes-demandan-al-gobierno-de-trump-tras-ser-ilegalmente-detenidos-en-washington.html\">por temor a ser arrestados o detenidos<\/a>\u201c, asegura Bush-Joseph del MPI. \u201dEso no era lo que la gente esperaba\u201d.<\/p>\n","protected":false},"excerpt":{"rendered":"<p>&nbsp; &nbsp; Los miles de abusos en las detenciones, la controvertida legalidad de las \u00f3rdenes ejecutivas y las batallas judiciales han definido la pol\u00edtica migratoria&hellip;<\/p>\n","protected":false},"author":99,"featured_media":537720,"comment_status":"open","ping_status":"open","sticky":false,"template":"","format":"standard","meta":{"footnotes":""},"categories":[24],"tags":[],"class_list":["post-537719","post","type-post","status-publish","format-standard","has-post-thumbnail","hentry","category-mundo"],"_links":{"self":[{"href":"https:\/\/diarioelpopular.com\/index.php\/wp-json\/wp\/v2\/posts\/537719","targetHints":{"allow":["GET"]}}],"collection":[{"href":"https:\/\/diarioelpopular.com\/index.php\/wp-json\/wp\/v2\/posts"}],"about":[{"href":"https:\/\/diarioelpopular.com\/index.php\/wp-json\/wp\/v2\/types\/post"}],"author":[{"embeddable":true,"href":"https:\/\/diarioelpopular.com\/index.php\/wp-json\/wp\/v2\/users\/99"}],"replies":[{"embeddable":true,"href":"https:\/\/diarioelpopular.com\/index.php\/wp-json\/wp\/v2\/comments?post=537719"}],"version-history":[{"count":1,"href":"https:\/\/diarioelpopular.com\/index.php\/wp-json\/wp\/v2\/posts\/537719\/revisions"}],"predecessor-version":[{"id":537721,"href":"https:\/\/diarioelpopular.com\/index.php\/wp-json\/wp\/v2\/posts\/537719\/revisions\/537721"}],"wp:featuredmedia":[{"embeddable":true,"href":"https:\/\/diarioelpopular.com\/index.php\/wp-json\/wp\/v2\/media\/537720"}],"wp:attachment":[{"href":"https:\/\/diarioelpopular.com\/index.php\/wp-json\/wp\/v2\/media?parent=537719"}],"wp:term":[{"taxonomy":"category","embeddable":true,"href":"https:\/\/diarioelpopular.com\/index.php\/wp-json\/wp\/v2\/categories?post=537719"},{"taxonomy":"post_tag","embeddable":true,"href":"https:\/\/diarioelpopular.com\/index.php\/wp-json\/wp\/v2\/tags?post=537719"}],"curies":[{"name":"wp","href":"https:\/\/api.w.org\/{rel}","templated":true}]}}