{"id":537738,"date":"2025-11-05T11:32:28","date_gmt":"2025-11-05T15:32:28","guid":{"rendered":"https:\/\/diarioelpopular.com\/?p=537738"},"modified":"2025-11-05T11:32:28","modified_gmt":"2025-11-05T15:32:28","slug":"presidente-de-miss-universe-tomo-medidas-contra-directivo-que-agredio-a-la-representante-de-mexico-no-permitire-que-ninguna-sea-humillada","status":"publish","type":"post","link":"https:\/\/diarioelpopular.com\/index.php\/2025\/11\/05\/presidente-de-miss-universe-tomo-medidas-contra-directivo-que-agredio-a-la-representante-de-mexico-no-permitire-que-ninguna-sea-humillada\/","title":{"rendered":"Presidente de Miss Universe tom\u00f3 medidas contra directivo que agredi\u00f3 a la representante de M\u00e9xico: \u201cNo permitir\u00e9 que ninguna sea humillada\u201d"},"content":{"rendered":"<p><img loading=\"lazy\" decoding=\"async\" class=\"alignnone size-custom-big-size wp-image-537739\" src=\"https:\/\/diarioelpopular.com\/wp-content\/uploads\/2025\/11\/Screen-Shot-2025-11-05-at-10.24.22-AM-1200x866.png\" alt=\"\" width=\"1200\" height=\"866\" srcset=\"https:\/\/diarioelpopular.com\/wp-content\/uploads\/2025\/11\/Screen-Shot-2025-11-05-at-10.24.22-AM-1200x866.png 1200w, https:\/\/diarioelpopular.com\/wp-content\/uploads\/2025\/11\/Screen-Shot-2025-11-05-at-10.24.22-AM-300x217.png 300w, https:\/\/diarioelpopular.com\/wp-content\/uploads\/2025\/11\/Screen-Shot-2025-11-05-at-10.24.22-AM-768x554.png 768w, https:\/\/diarioelpopular.com\/wp-content\/uploads\/2025\/11\/Screen-Shot-2025-11-05-at-10.24.22-AM-636x459.png 636w, https:\/\/diarioelpopular.com\/wp-content\/uploads\/2025\/11\/Screen-Shot-2025-11-05-at-10.24.22-AM-101x73.png 101w, https:\/\/diarioelpopular.com\/wp-content\/uploads\/2025\/11\/Screen-Shot-2025-11-05-at-10.24.22-AM.png 1024w\" sizes=\"auto, (max-width: 1200px) 100vw, 1200px\" \/><\/p>\n<p>&nbsp;<\/p>\n<p>&nbsp;<\/p>\n<div id=\"\" class=\"portlet-boundary portlet-static-end content-viewer-portlet last full-access norestricted\">\n<div class=\"ecr_articulo_titulo_multimedia art_30580453\">\n<div class=\"block-headline\">\n<ul>\n<li class=\"lead cita\" data-mrf-recirculation=\"Article - enlaces p\u00e1rrafos\"><em><strong>Tras la demedida y abusiva agresi\u00f3n verbal a F\u00e1tima Bosch, Miss Universe M\u00e9xico, el presidente del certamen anunci\u00f3 que se emprender\u00e1n acciones corporativas y legales contra el fundador de Miss Grand International, quien protagoniz\u00f3 el altercado con la candidata.<\/strong><\/em><\/li>\n<\/ul>\n<\/div>\n<\/div>\n<\/div>\n<div id=\"\" class=\"portlet-boundary portlet-static-end htmlcontainer-portlet\">\n<div>\n<div id=\"powerbeans-widget\" class=\"pb-tw light\" data-current-content=\"https:\/\/www.elcolombiano.com\/internacional\/miss-universe-tomo-medidas-tras-agresion-verbal-representante-de-mexico-CO30580453\" data-should-refetch=\"false\" data-refetching=\"false\" data-mounted=\"true\" data-fetched=\"true\">\n<div class=\"App !beans-px-[16px] !beans-pt-[12px] !beans-pb-[8px] beans-bg-primary beans-relative beans-flex beans-justify-around beans-flex-row beans-items-center beans-rounded-xl beans-py-1 beans-px-3 beans-drop-shadow-md\">\n<div id=\"powerbeans-player-container\" class=\"beans-w-full beans-h-[auto] beans-z-[6] beans-bottom-0 beans-left-0 beans-relative\" role=\"region\" aria-label=\"Escuchar el resumen del articulo\">\n<div class=\"beans-flex beans-flex-col !beans-w-full\">\n<div><\/div>\n<div class=\"beans-flex beans-flex-col\">\n<div class=\"beans-flex beans-grow\">\n<div class=\"beans-flex beans-mr-[12px]\">\n<div class=\"beans-ml-[3px] beans-flex beans-justify-center\"><\/div>\n<\/div>\n<div class=\"beans-flex beans-flex-col beans-grow\">\n<div class=\"beans-flex beans-gap-[4px] beans-w-full\">\n<p data-mrf-recirculation=\"Article - enlaces p\u00e1rrafos\">Una\u00a0fuerte pol\u00e9mica sacudi\u00f3 el certamen Miss Universe 2025\u00a0en Tailandia, luego de que el empresario y\u00a0fundador de Miss Grand International (MGI), Nawat Itsaragrisil, agrediera verbalmente\u00a0e intimidara p\u00fablicamente a F\u00e1tima Bosch, representante de M\u00e9xico,\u00a0en medio de un evento oficial.<\/p>\n<p data-mrf-recirculation=\"Article - enlaces p\u00e1rrafos\">Seg\u00fan m\u00faltiples v\u00eddeos difundidos en redes sociales, Nawat le cuestion\u00f3 a Bosch si no pensaba \u201cpublicar nada\u201d para promocionar a Tailandia, y posteriormente le dijo:\u00a0\u201cSi sigues las \u00f3rdenes de tu director nacional, eres una cabeza hueca\u201d\u00a0e incluso\u00a0llam\u00f3 al personal de seguridad para retirarla del lugar.<\/p>\n<p data-mrf-recirculation=\"Article - enlaces p\u00e1rrafos\">El hecho que sucedi\u00f3 previo a la ceremonia de imposici\u00f3n de bandas de las candidatas\u00a0gener\u00f3 gran indignaci\u00f3n inmediata entre las delegadas e incluso de la actual reina universal Victoria Kj\u00e6r, al punto de que la organizaci\u00f3n Miss Universe tom\u00f3 medidas para distanciarse de MGI, un certamen tailand\u00e9s que ha ganado popularidad en Asia y mantiene una relaci\u00f3n de competencia con Miss Universe.<\/p>\n<p data-mrf-recirculation=\"Article - enlaces p\u00e1rrafos\">Ra\u00fal Rocha, presidente y copropietario de Miss Universe Organization (MUO),\u00a0se pronunci\u00f3 a trav\u00e9s de un comunicado en el que expres\u00f3\u00a0su \u201cgran indignaci\u00f3n y repudio\u201d hacia Nawat.<\/p>\n<p data-mrf-recirculation=\"Article - enlaces p\u00e1rrafos\">\u201cQuiero expresar\u00a0mi solidaridad y apoyo incondicional a todas las delegadas que representan a los 122 pa\u00edses en el certamen\u00a0de Miss Universe, en el cual Tailandia es nuestro pa\u00eds anfitri\u00f3n.\u00a0No permitir\u00e9 que los valores de respeto y dignidad hacia la mujer sean violentados.\u00a0Lamentablemente, Nawat ha olvidado el significado de lo que es ser un verdadero anfitri\u00f3n\u201d, afirm\u00f3 Rocha.<\/p>\n<p data-mrf-recirculation=\"Article - enlaces p\u00e1rrafos\">El empresario mexicano asegur\u00f3 que\u00a0\u201cno permitir\u00e1 que ninguna de las delegadas sea atacada o humillada\u201d\u00a0y orden\u00f3 posponer el evento de colocaci\u00f3n de bandas.<\/p>\n<p data-mrf-recirculation=\"Article - enlaces p\u00e1rrafos\">Tambi\u00e9n anunci\u00f3 que\u00a0la participaci\u00f3n de Nawat en los eventos oficiales\u00a0del certamen n\u00famero 74 de Miss Universe\u00a0ser\u00e1 \u201cmuy limitada o nula\u201d.<\/p>\n<p data-mrf-recirculation=\"Article - enlaces p\u00e1rrafos\">\u201cQuiero dejar de manifiesto que di la instrucci\u00f3n de posponer el evento de colocaci\u00f3n de bandas y en el que se origin\u00f3 este lamentable hecho, para evitar precisamente la interacci\u00f3n con\u00a0Nawat, quien, en su deseo de siempre protagonizar, gener\u00f3 este acto. Y quiero dejar en claro, una vez m\u00e1s, que las \u00fanicas que deben brillar son nuestras delegadas de Miss Universe que representan a cada uno de sus pa\u00edses dignamente\u201d, agreg\u00f3 Rocha.<\/p>\n<p data-mrf-recirculation=\"Article - enlaces p\u00e1rrafos\">Asimismo,\u00a0el presidente de MUO indic\u00f3 que la organizaci\u00f3n emprender\u00e1 acciones legales y corporativas contra los deplorables actos cometidos por el presidente de MGI.<\/p>\n<p data-mrf-recirculation=\"Article - enlaces p\u00e1rrafos\">\u201cHe instruido a nuestro CEO, Mario Bucaro, para que emita un comunicado en nombre de la organizaci\u00f3n Miss Universe, donde detalle todas las acciones corporativas y legales que llevaremos a cabo como consecuencia y resultado de\u00a0la serie de actos malintencionados cometidos por parte de Nawat\u201d, anunci\u00f3.<\/p>\n<p data-mrf-recirculation=\"Article - enlaces p\u00e1rrafos\">Rocha tambi\u00e9n inform\u00f3 que una\u00a0delegaci\u00f3n de ejecutivos de Miss Universe Organization,\u00a0encabezada por Mario B\u00facaro y Ronald Day,\u00a0viaj\u00f3 de inmediato a Tailandia para tomar el control del evento y garantizar la seguridad y el bienestar de las concursantes.<\/p>\n<p data-mrf-recirculation=\"Article - enlaces p\u00e1rrafos\">El mensaje concluy\u00f3 reafirmando el compromiso de la organizaci\u00f3n con el respeto y la dignidad de las mujeres: \u201cLos valores de respeto y dignidad a la mujer no son negociables y\u00a0diferimos contundentemente de MGI. Reitero que Miss Universe es una plataforma de empoderamiento a la mujer y que se han escuchado sus voces en el mundo\u201d.<\/p>\n<p data-mrf-recirculation=\"Article - enlaces p\u00e1rrafos\">Por su parte,\u00a0F\u00e1tima Bosch, Miss Universe M\u00e9xico 2025, confirm\u00f3 que continuar\u00e1 en la competencia\u00a0y agradeci\u00f3 el apoyo recibido. \u201cS\u00f3lo decirle a todo mi pa\u00eds que aqu\u00ed estoy. No tengo miedo de alzar mi voz. Estoy aqu\u00ed m\u00e1s fuerte que nunca,\u00a0yo tengo un prop\u00f3sito, tengo cosas que decir, tengo espacios que ocupar\u201d, afirm\u00f3 la modelo de 25 a\u00f1os.<\/p>\n<p data-mrf-recirculation=\"Article - enlaces p\u00e1rrafos\">\u201cYo no soy una mu\u00f1eca para estarla maquillando, peinando y cambi\u00e1ndole la ropa.\u00a0Yo vine aqu\u00ed a ser una voz para todas las mujeres y todas las ni\u00f1as que luchan por causas. Y bueno, decirle a mi pa\u00eds que estoy comprometida completamente en esto como el d\u00eda uno, y mientras haya Miss Universe, M\u00e9xico tiene representante\u201d, indic\u00f3 la concursante ante los medios.<\/p>\n<p data-mrf-recirculation=\"Article - enlaces p\u00e1rrafos\">La desagradable controversia\u00a0ha generado repercusi\u00f3n internacional y un amplio debate en redes sociales sobre el trato hacia las concursantes.\u00a0La organizaci\u00f3n de Miss Universe Colombia se pronunci\u00f3 sobre el incidente y asegur\u00f3 que \u201cno nos deben imponer cosas o situaciones que nos incomoden\u201d, respaldando a la representante mexicana.<\/p>\n<p data-mrf-recirculation=\"Article - enlaces p\u00e1rrafos\">\n<\/div>\n<\/div>\n<\/div>\n<\/div>\n<\/div>\n<\/div>\n<\/div>\n<\/div>\n<\/div>\n<\/div>\n","protected":false},"excerpt":{"rendered":"<p>&nbsp; &nbsp; Tras la demedida y abusiva agresi\u00f3n verbal a F\u00e1tima Bosch, Miss Universe M\u00e9xico, el presidente del certamen anunci\u00f3 que se emprender\u00e1n acciones corporativas&hellip;<\/p>\n","protected":false},"author":99,"featured_media":537739,"comment_status":"open","ping_status":"open","sticky":false,"template":"","format":"standard","meta":{"footnotes":""},"categories":[23],"tags":[],"class_list":["post-537738","post","type-post","status-publish","format-standard","has-post-thumbnail","hentry","category-latinoamerica"],"_links":{"self":[{"href":"https:\/\/diarioelpopular.com\/index.php\/wp-json\/wp\/v2\/posts\/537738","targetHints":{"allow":["GET"]}}],"collection":[{"href":"https:\/\/diarioelpopular.com\/index.php\/wp-json\/wp\/v2\/posts"}],"about":[{"href":"https:\/\/diarioelpopular.com\/index.php\/wp-json\/wp\/v2\/types\/post"}],"author":[{"embeddable":true,"href":"https:\/\/diarioelpopular.com\/index.php\/wp-json\/wp\/v2\/users\/99"}],"replies":[{"embeddable":true,"href":"https:\/\/diarioelpopular.com\/index.php\/wp-json\/wp\/v2\/comments?post=537738"}],"version-history":[{"count":1,"href":"https:\/\/diarioelpopular.com\/index.php\/wp-json\/wp\/v2\/posts\/537738\/revisions"}],"predecessor-version":[{"id":537740,"href":"https:\/\/diarioelpopular.com\/index.php\/wp-json\/wp\/v2\/posts\/537738\/revisions\/537740"}],"wp:featuredmedia":[{"embeddable":true,"href":"https:\/\/diarioelpopular.com\/index.php\/wp-json\/wp\/v2\/media\/537739"}],"wp:attachment":[{"href":"https:\/\/diarioelpopular.com\/index.php\/wp-json\/wp\/v2\/media?parent=537738"}],"wp:term":[{"taxonomy":"category","embeddable":true,"href":"https:\/\/diarioelpopular.com\/index.php\/wp-json\/wp\/v2\/categories?post=537738"},{"taxonomy":"post_tag","embeddable":true,"href":"https:\/\/diarioelpopular.com\/index.php\/wp-json\/wp\/v2\/tags?post=537738"}],"curies":[{"name":"wp","href":"https:\/\/api.w.org\/{rel}","templated":true}]}}