{"id":537789,"date":"2025-11-07T10:42:25","date_gmt":"2025-11-07T14:42:25","guid":{"rendered":"https:\/\/diarioelpopular.com\/?p=537789"},"modified":"2025-11-07T10:42:25","modified_gmt":"2025-11-07T14:42:25","slug":"historia-de-una-ruptura-asi-se-deterioraron-las-relaciones-diplomaticas-entre-peru-y-mexico","status":"publish","type":"post","link":"https:\/\/diarioelpopular.com\/index.php\/2025\/11\/07\/historia-de-una-ruptura-asi-se-deterioraron-las-relaciones-diplomaticas-entre-peru-y-mexico\/","title":{"rendered":"Historia de una ruptura: as\u00ed se deterioraron las relaciones diplom\u00e1ticas entre Per\u00fa y M\u00e9xico"},"content":{"rendered":"<div id=\"attachment_537790\" style=\"width: 1210px\" class=\"wp-caption alignnone\"><img loading=\"lazy\" decoding=\"async\" aria-describedby=\"caption-attachment-537790\" class=\"wp-image-537790 size-custom-big-size\" src=\"https:\/\/diarioelpopular.com\/wp-content\/uploads\/2025\/11\/Screen-Shot-2025-11-07-at-9.41.14-AM-1200x786.png\" alt=\"\" width=\"1200\" height=\"786\" srcset=\"https:\/\/diarioelpopular.com\/wp-content\/uploads\/2025\/11\/Screen-Shot-2025-11-07-at-9.41.14-AM-1200x786.png 1200w, https:\/\/diarioelpopular.com\/wp-content\/uploads\/2025\/11\/Screen-Shot-2025-11-07-at-9.41.14-AM-300x196.png 300w, https:\/\/diarioelpopular.com\/wp-content\/uploads\/2025\/11\/Screen-Shot-2025-11-07-at-9.41.14-AM-768x503.png 768w, https:\/\/diarioelpopular.com\/wp-content\/uploads\/2025\/11\/Screen-Shot-2025-11-07-at-9.41.14-AM-85x55.png 85w, https:\/\/diarioelpopular.com\/wp-content\/uploads\/2025\/11\/Screen-Shot-2025-11-07-at-9.41.14-AM-1536x1006.png 1536w, https:\/\/diarioelpopular.com\/wp-content\/uploads\/2025\/11\/Screen-Shot-2025-11-07-at-9.41.14-AM-636x417.png 636w, https:\/\/diarioelpopular.com\/wp-content\/uploads\/2025\/11\/Screen-Shot-2025-11-07-at-9.41.14-AM-111x73.png 111w, https:\/\/diarioelpopular.com\/wp-content\/uploads\/2025\/11\/Screen-Shot-2025-11-07-at-9.41.14-AM.png 1024w\" sizes=\"auto, (max-width: 1200px) 100vw, 1200px\" \/><p id=\"caption-attachment-537790\" class=\"wp-caption-text\">Guardia policial en la embajada de M\u00e9xico en Per\u00fa, en Lima, el 3 de noviembre. Foto Martin Mejia (AP)<\/p><\/div>\n<p>&nbsp;<\/p>\n<p>&nbsp;<\/p>\n<ul>\n<li><em><strong>El encono entre las dos naciones, que lanzaron juntas la Alianza del Pac\u00edfico, se ha agravado desde el apoyo de L\u00f3pez Obrador y Sheinbaum a Pedro Castillo<\/strong><\/em><\/li>\n<\/ul>\n<p>&nbsp;<\/p>\n<p class=\"\">Las relaciones diplom\u00e1ticas entre Per\u00fa y M\u00e9xico se deterioraron hasta la ruptura en solo 34 meses tras doscientos a\u00f1os de comuni\u00f3n. Los gobernantes de ambos pa\u00edses se han lanzado dardos p\u00fablicamente, retirado \u2014y expulsado\u2014 a sus embajadores, y se han ausentado \u2014o dejado sin invitaci\u00f3n\u2014 a citas de envergadura como la toma de posesi\u00f3n de Claudia Sheinbaum o la cumbre del Asia Pac\u00edfico (APEC) de 2024 realizada en Lima.<\/p>\n<p class=\"\">No existe una postal de cordialidad entre las autoridades de ambos pa\u00edses. Los peruanos necesitan, desde el a\u00f1o pasado, un visado para ingresar a territorio mexicano. Por poco sucede lo mismo a la inversa, pero el Gobierno peruano decidi\u00f3 recular por cuestiones econ\u00f3micas.<\/p>\n<p class=\"\">La cuerda no ha dejado de tensarse desde que M\u00e9xico se convirti\u00f3 en el gran escudo de Pedro Castillo en la regi\u00f3n. El pa\u00eds le otorg\u00f3 a la esposa e hijos del expresidente el asilo despu\u00e9s de que\u00a0<a title=\"https:\/\/elpais.com\/america\/2025-03-05\/empieza-el-juicio-contra-pedro-castillo-por-el-autogolpe-de-estado-en-peru-jamas-cometi-delito-de-rebelion.html\" href=\"https:\/\/elpais.com\/america\/2025-03-05\/empieza-el-juicio-contra-pedro-castillo-por-el-autogolpe-de-estado-en-peru-jamas-cometi-delito-de-rebelion.html\" target=\"_self\" rel=\"\" data-link-track-dtm=\"\" data-mrf-link=\"https:\/\/elpais.com\/america\/2025-03-05\/empieza-el-juicio-contra-pedro-castillo-por-el-autogolpe-de-estado-en-peru-jamas-cometi-delito-de-rebelion.html\">este fuera encarcelado por su autogolpe fallido de diciembre de 2022<\/a>. Los mandatarios mexicanos, Andr\u00e9s Manuel L\u00f3pez Obrador y Claudia Sheinbaum, no han dejado de clamar por la inocencia de Castillo y de exigir su liberaci\u00f3n, incluso al punto de sostener reuniones con sus abogados. A la par, no han cesado sus cuestionamientos a sus hom\u00f3logos peruanos, a quienes han desconocido.<\/p>\n<p class=\"\">Ambas naciones, cunas de dos civilizaciones milenarias, se han enfrascado en un conflicto ideol\u00f3gico que la diplomacia no ha sido capaz de enfriar. El Congreso peruano ha declarado\u00a0<i>persona non grata<\/i>\u00a0<a title=\"https:\/\/elpais.com\/mexico\/2023-05-22\/el-congreso-de-peru-declara-a-lopez-obrador-persona-non-grata-y-profundiza-la-crisis-bilateral-con-colombia.html\" href=\"https:\/\/elpais.com\/mexico\/2023-05-22\/el-congreso-de-peru-declara-a-lopez-obrador-persona-non-grata-y-profundiza-la-crisis-bilateral-con-colombia.html\" target=\"_self\" rel=\"\" data-link-track-dtm=\"\" data-mrf-link=\"https:\/\/elpais.com\/mexico\/2023-05-22\/el-congreso-de-peru-declara-a-lopez-obrador-persona-non-grata-y-profundiza-la-crisis-bilateral-con-colombia.html\">a L\u00f3pez Obrador en mayo de 2023<\/a>\u00a0y a Sheinbaum la tarde de este jueves. Las relaciones diplom\u00e1ticas, que hab\u00edan quedado reducidas a encargados de negocio, acaban\u00a0<a title=\"https:\/\/elpais.com\/mexico\/2025-11-03\/peru-rompe-relaciones-diplomaticas-con-mexico-por-el-asilo-a-la-ex-primera-ministra-de-pedro-castillo.html\" href=\"https:\/\/elpais.com\/mexico\/2025-11-03\/peru-rompe-relaciones-diplomaticas-con-mexico-por-el-asilo-a-la-ex-primera-ministra-de-pedro-castillo.html\" target=\"_blank\" rel=\"noopener noreferrer\" data-link-track-dtm=\"\" data-mrf-link=\"https:\/\/elpais.com\/mexico\/2025-11-03\/peru-rompe-relaciones-diplomaticas-con-mexico-por-el-asilo-a-la-ex-primera-ministra-de-pedro-castillo.html\">de romperse esta semana<\/a>\u00a0tras un anuncio expreso de la Canciller\u00eda peruana.<\/p>\n<p class=\"\">El 2012 luce lejano. M\u00e9xico y Per\u00fa impulsaron\u00a0<a title=\"https:\/\/elpais.com\/internacional\/2012\/06\/06\/actualidad\/1339006403_059797.html\" href=\"https:\/\/elpais.com\/internacional\/2012\/06\/06\/actualidad\/1339006403_059797.html\" target=\"_self\" rel=\"\" data-link-track-dtm=\"\" data-mrf-link=\"https:\/\/elpais.com\/internacional\/2012\/06\/06\/actualidad\/1339006403_059797.html\">entonces la creaci\u00f3n de la Alianza del Pac\u00edfico<\/a>\u00a0junto a Chile y Colombia. En 2023 hubo que\u00a0<a title=\"https:\/\/elpais.com\/chile\/2023-06-28\/chile-recibe-la-presidencia-de-la-alianza-del-pacifico-tras-la-negativa-del-traspaso-de-mexico-a-peru.html\" href=\"https:\/\/elpais.com\/chile\/2023-06-28\/chile-recibe-la-presidencia-de-la-alianza-del-pacifico-tras-la-negativa-del-traspaso-de-mexico-a-peru.html\" target=\"_self\" rel=\"\" data-link-track-dtm=\"\" data-mrf-link=\"https:\/\/elpais.com\/chile\/2023-06-28\/chile-recibe-la-presidencia-de-la-alianza-del-pacifico-tras-la-negativa-del-traspaso-de-mexico-a-peru.html\">cederle la presidencia provisional a Chile<\/a>\u00a0por el repudio del Ejecutivo de L\u00f3pez Obrador al Gobierno de Dina Boluarte. Fue gracias a ese puente diplom\u00e1tico que Per\u00fa recibi\u00f3 la presidencia\u00a0<i>pro-t\u00e9mpore<\/i>. No habr\u00eda podido llevarse a cabo de otra manera.<\/p>\n<p class=\"\">La larga tradici\u00f3n de M\u00e9xico de conceder asilos a perseguidos pol\u00edticos ha sido nuevamente el motivo de ruptura. M\u00e9xico otorg\u00f3 el beneficio a Betssy Ch\u00e1vez, la exprimera ministra de Pedro Castillo, acusada de haber tramado el quiebre democr\u00e1tico. \u201cLos procedimientos legales contra ella han estado llenos de irregularidades\u201d, se\u00f1al\u00f3 este martes Pablo Monroy, director general para Am\u00e9rica Latina de la Canciller\u00eda mexicana y embajador mexicano en Lima hasta que fue expulsado en 2022.<\/p>\n<p class=\"\">Este jueves, mientras el Congreso\u00a0<a title=\"https:\/\/elpais.com\/mexico\/2025-11-06\/peru-declara-persona-non-grata-a-sheinbaum-y-escala-su-conflicto-con-mexico.html\" href=\"https:\/\/elpais.com\/mexico\/2025-11-06\/peru-declara-persona-non-grata-a-sheinbaum-y-escala-su-conflicto-con-mexico.html\" target=\"_self\" rel=\"\" data-link-track-dtm=\"\" data-mrf-link=\"https:\/\/elpais.com\/mexico\/2025-11-06\/peru-declara-persona-non-grata-a-sheinbaum-y-escala-su-conflicto-con-mexico.html\">declaraba a Sheinbaum\u00a0<i>persona non grata<\/i><\/a>, en una de las salas del Poder Judicial entraba en la recta final el juicio de Castillo por su fallido autogolpe. La Fiscal\u00eda ha ratificado su acusaci\u00f3n, por la que solicita 34 a\u00f1os de c\u00e1rcel para el exmandatario y 25 a\u00f1os para Betssy Ch\u00e1vez en caso de que se les condene por rebeli\u00f3n. Su pena solo podr\u00eda reducirse si el juez opta por el delito de conspiraci\u00f3n. \u201cYa vamos a llegar a 80 sesiones sin que el fiscal me diga d\u00f3nde est\u00e1n las armas\u201d, ironiz\u00f3 Pedro Castillo en la \u00faltima audiencia. La defensa del expresidente ha sido la misma desde el inicio: el delito de rebeli\u00f3n no existe porque no se consum\u00f3. No hubo muertos y nadie se levant\u00f3 en armas.<\/p>\n<p>&nbsp;<\/p>\n<figure class=\"a_m a_m-h \">\n<p><div style=\"width: 424px\" class=\"wp-caption alignnone\"><img loading=\"lazy\" decoding=\"async\" class=\"_re lazyload a_m-h\" src=\"https:\/\/imagenes.elpais.com\/resizer\/v2\/5U7IWLWJEVFDPMYMCYXROF5EUU.jpg?auth=db812e40d5d1064f3a54c2487650cfde2dd8016dff580083c4e5427cc2b5636a&amp;width=414\" sizes=\"auto, (min-width:1199px) 1155px,(min-width:1001px) calc(100vw - 44px),(min-width:768px) 767px, 100vw\" srcset=\"https:\/\/imagenes.elpais.com\/resizer\/v2\/5U7IWLWJEVFDPMYMCYXROF5EUU.jpg?auth=db812e40d5d1064f3a54c2487650cfde2dd8016dff580083c4e5427cc2b5636a&amp;width=414 414w,https:\/\/imagenes.elpais.com\/resizer\/v2\/5U7IWLWJEVFDPMYMCYXROF5EUU.jpg?auth=db812e40d5d1064f3a54c2487650cfde2dd8016dff580083c4e5427cc2b5636a&amp;width=828 640w,https:\/\/imagenes.elpais.com\/resizer\/v2\/5U7IWLWJEVFDPMYMCYXROF5EUU.jpg?auth=db812e40d5d1064f3a54c2487650cfde2dd8016dff580083c4e5427cc2b5636a&amp;width=980 1000w,https:\/\/imagenes.elpais.com\/resizer\/v2\/5U7IWLWJEVFDPMYMCYXROF5EUU.jpg?auth=db812e40d5d1064f3a54c2487650cfde2dd8016dff580083c4e5427cc2b5636a&amp;width=1960 1960w\" alt=\"\" width=\"414\" height=\"276\" \/><p class=\"wp-caption-text\">Pedro Castillo y Betssy Ch\u00e1vez en Lima, en noviembre de 2022. @BetssyChavez<\/p><\/div><figcaption class=\"a_m_p\" aria-hidden=\"true\"><\/figcaption><\/figure>\n<p>&nbsp;<\/p>\n<p class=\"\">Para el Gobierno mexicano, Castillo y Ch\u00e1vez son v\u00edctimas de un acoso injusto y de una hostilidad hacia pol\u00edticos de izquierdas. El Gobierno peruano, en cambio, cree que se trata de una \u201cinaceptable injerencia\u201d que merece la ruptura de las relaciones. Una medida in\u00e9dita en Torre Tagle, la sede de la canciller\u00eda peruana, que no reaccion\u00f3 as\u00ed en los a\u00f1os noventa cuando Colombia\u00a0<a title=\"https:\/\/elpais.com\/internacional\/2019\/04\/17\/actualidad\/1555505137_764885.html\" href=\"https:\/\/elpais.com\/internacional\/2019\/04\/17\/actualidad\/1555505137_764885.html\" target=\"_self\" rel=\"\" data-link-track-dtm=\"\" data-mrf-link=\"https:\/\/elpais.com\/internacional\/2019\/04\/17\/actualidad\/1555505137_764885.html\">asil\u00f3 al expresidente Alan Garc\u00eda<\/a>, ni tampoco cuando Alberto Fujimori se refugi\u00f3 en Jap\u00f3n despu\u00e9s\u00a0<a title=\"https:\/\/elpais.com\/america\/2024-09-16\/el-dia-que-fujimori-renuncio-por-fax-desde-tokio.html\" href=\"https:\/\/elpais.com\/america\/2024-09-16\/el-dia-que-fujimori-renuncio-por-fax-desde-tokio.html\" target=\"_blank\" rel=\"noopener noreferrer\" data-link-track-dtm=\"\" data-mrf-link=\"https:\/\/elpais.com\/america\/2024-09-16\/el-dia-que-fujimori-renuncio-por-fax-desde-tokio.html\">de renunciar por fax en el 2000<\/a>. En los \u00faltimos tiempos no elev\u00f3 la voz cuando la exprimera dama Nadine Heredia se refugi\u00f3 en la embajada de Brasil en Lima, ni tampoco cuando Eliane Karp, tambi\u00e9n exprimera dama, viaj\u00f3 a Israel para escapar de la justicia.<\/p>\n<p class=\"\">\u201cEl presidente peruano, elegido por nadie, pretende dar lecciones de democracia a M\u00e9xico\u201d, ha se\u00f1alado el diario mexicano\u00a0<i>La Jornada<\/i>, simpatizante con el oficialismo. Y es que efectivamente, Jos\u00e9 Jer\u00ed, con apenas semanas en el cargo, es un presidente interino que no result\u00f3 victorioso en las urnas. Reemplaz\u00f3 a Dina Boluarte, tras su vacancia, por presidir el Congreso. Ni siquiera obtuvo una curul con el voto popular. Ingres\u00f3 a la C\u00e1mara como suplente.<\/p>\n<p class=\"\">Acusado de violaci\u00f3n sexual a inicios de a\u00f1o, Jer\u00ed ha optado por imitar el modo Bukele: se ha mostrado dr\u00e1stico con los presos, visitando penales en camisa blanca y patrullando Lima en helic\u00f3ptero. Ha intentado conectar con las masas, cargando a divinidades populares como el Se\u00f1or de los Milagros, vestido con una t\u00fanica morada; felicitando a Universitario de Deportes, el \u00faltimo campe\u00f3n del f\u00fatbol peruano, pero sobre todo registrando cada uno de sus pasos en las redes sociales. Si Dina Boluarte elimin\u00f3 su cuenta de X una vez que asumi\u00f3 el poder, Jer\u00ed la usa con frecuencia, respondiendo a sus detractores, pero sin otorgar entrevistas. Un show sin interrupciones que ya cuenta <a title=\"https:\/\/elpais.com\/america\/2025-10-16\/el-rapero-eduardo-ruiz-saenz-primera-victima-de-la-represion-del-gobierno-interino-de-peru.html\" href=\"https:\/\/elpais.com\/america\/2025-10-16\/el-rapero-eduardo-ruiz-saenz-primera-victima-de-la-represion-del-gobierno-interino-de-peru.html\" target=\"_self\" rel=\"\" data-link-track-dtm=\"\" data-mrf-link=\"https:\/\/elpais.com\/america\/2025-10-16\/el-rapero-eduardo-ruiz-saenz-primera-victima-de-la-represion-del-gobierno-interino-de-peru.html\">con un manifestante asesinado<\/a>\u00a0por la represi\u00f3n.<\/p>\n<p class=\"\">Plantarse frente al Gobierno mexicano por haber concedido el asilo a Ch\u00e1vez va en sinton\u00eda con su accionar. Para el internacionalista \u00d3scar Vidarte, incumplir nuestros compromisos internacionales solo abona al caos. \u201cHacernos respetar violando el derecho internacional; ser firmes rompiendo relaciones diplom\u00e1ticas. As\u00ed de b\u00e1sicos son algunos de nuestros pol\u00edticos. Y creen que decir esto es defender a M\u00e9xico\u201d, sostiene.<\/p>\n<p class=\"\">En junio de 2023, Betssy Ch\u00e1vez fue detenida durante una transmisi\u00f3n en vivo en TikTok. Pr\u00e1cticamente gui\u00f3 a la Polic\u00eda con su transmisi\u00f3n. Aquella vez dijo que la prisi\u00f3n no supon\u00eda ning\u00fan estigma para ella, porque l\u00edderes como Nelson Mandela y Jos\u00e9 Mujica hab\u00edan pasado algunas temporadas tras los barrotes. \u201cSi quieren hacerme presidenciable, ya saben ad\u00f3nde mandarme\u201d, ret\u00f3 a sus adversarios. Hoy sigue a la espera del salvoconducto para no ser procesada en el Per\u00fa. En tanto, las relaciones entre dos pa\u00edses, catalogados como hermanos, se siguen resquebrajando. La \u00fanica posibilidad a la vista para resanarse: el cambio de mando que habr\u00e1 en el pa\u00eds sudamericano en 2026.<\/p>\n","protected":false},"excerpt":{"rendered":"<p>&nbsp; &nbsp; El encono entre las dos naciones, que lanzaron juntas la Alianza del Pac\u00edfico, se ha agravado desde el apoyo de L\u00f3pez Obrador y&hellip;<\/p>\n","protected":false},"author":99,"featured_media":537790,"comment_status":"open","ping_status":"open","sticky":false,"template":"","format":"standard","meta":{"footnotes":""},"categories":[23],"tags":[],"class_list":["post-537789","post","type-post","status-publish","format-standard","has-post-thumbnail","hentry","category-latinoamerica"],"_links":{"self":[{"href":"https:\/\/diarioelpopular.com\/index.php\/wp-json\/wp\/v2\/posts\/537789","targetHints":{"allow":["GET"]}}],"collection":[{"href":"https:\/\/diarioelpopular.com\/index.php\/wp-json\/wp\/v2\/posts"}],"about":[{"href":"https:\/\/diarioelpopular.com\/index.php\/wp-json\/wp\/v2\/types\/post"}],"author":[{"embeddable":true,"href":"https:\/\/diarioelpopular.com\/index.php\/wp-json\/wp\/v2\/users\/99"}],"replies":[{"embeddable":true,"href":"https:\/\/diarioelpopular.com\/index.php\/wp-json\/wp\/v2\/comments?post=537789"}],"version-history":[{"count":1,"href":"https:\/\/diarioelpopular.com\/index.php\/wp-json\/wp\/v2\/posts\/537789\/revisions"}],"predecessor-version":[{"id":537791,"href":"https:\/\/diarioelpopular.com\/index.php\/wp-json\/wp\/v2\/posts\/537789\/revisions\/537791"}],"wp:featuredmedia":[{"embeddable":true,"href":"https:\/\/diarioelpopular.com\/index.php\/wp-json\/wp\/v2\/media\/537790"}],"wp:attachment":[{"href":"https:\/\/diarioelpopular.com\/index.php\/wp-json\/wp\/v2\/media?parent=537789"}],"wp:term":[{"taxonomy":"category","embeddable":true,"href":"https:\/\/diarioelpopular.com\/index.php\/wp-json\/wp\/v2\/categories?post=537789"},{"taxonomy":"post_tag","embeddable":true,"href":"https:\/\/diarioelpopular.com\/index.php\/wp-json\/wp\/v2\/tags?post=537789"}],"curies":[{"name":"wp","href":"https:\/\/api.w.org\/{rel}","templated":true}]}}