{"id":537792,"date":"2025-11-07T10:48:12","date_gmt":"2025-11-07T14:48:12","guid":{"rendered":"https:\/\/diarioelpopular.com\/?p=537792"},"modified":"2025-11-07T10:48:12","modified_gmt":"2025-11-07T14:48:12","slug":"la-vigilia-dominical-en-alligator-alcatraz-crece-en-desafio-a-la-politica-migratoria-de-trump","status":"publish","type":"post","link":"https:\/\/diarioelpopular.com\/index.php\/2025\/11\/07\/la-vigilia-dominical-en-alligator-alcatraz-crece-en-desafio-a-la-politica-migratoria-de-trump\/","title":{"rendered":"La vigilia dominical en Alligator Alcatraz crece en desaf\u00edo a la pol\u00edtica migratoria de Trump"},"content":{"rendered":"<div id=\"attachment_537793\" style=\"width: 1210px\" class=\"wp-caption alignnone\"><img loading=\"lazy\" decoding=\"async\" aria-describedby=\"caption-attachment-537793\" class=\"wp-image-537793 size-custom-big-size\" src=\"https:\/\/diarioelpopular.com\/wp-content\/uploads\/2025\/11\/Screen-Shot-2025-11-07-at-9.47.11-AM-1200x786.png\" alt=\"\" width=\"1200\" height=\"786\" srcset=\"https:\/\/diarioelpopular.com\/wp-content\/uploads\/2025\/11\/Screen-Shot-2025-11-07-at-9.47.11-AM-1200x786.png 1200w, https:\/\/diarioelpopular.com\/wp-content\/uploads\/2025\/11\/Screen-Shot-2025-11-07-at-9.47.11-AM-300x197.png 300w, https:\/\/diarioelpopular.com\/wp-content\/uploads\/2025\/11\/Screen-Shot-2025-11-07-at-9.47.11-AM-768x503.png 768w, https:\/\/diarioelpopular.com\/wp-content\/uploads\/2025\/11\/Screen-Shot-2025-11-07-at-9.47.11-AM-85x55.png 85w, https:\/\/diarioelpopular.com\/wp-content\/uploads\/2025\/11\/Screen-Shot-2025-11-07-at-9.47.11-AM-1536x1007.png 1536w, https:\/\/diarioelpopular.com\/wp-content\/uploads\/2025\/11\/Screen-Shot-2025-11-07-at-9.47.11-AM-636x417.png 636w, https:\/\/diarioelpopular.com\/wp-content\/uploads\/2025\/11\/Screen-Shot-2025-11-07-at-9.47.11-AM-111x73.png 111w, https:\/\/diarioelpopular.com\/wp-content\/uploads\/2025\/11\/Screen-Shot-2025-11-07-at-9.47.11-AM.png 1024w\" sizes=\"auto, (max-width: 1200px) 100vw, 1200px\" \/><p id=\"caption-attachment-537793\" class=\"wp-caption-text\">Asistentes a la vigilia a las afueras de Alligator Alcatraz, el 2 de noviembre. Foto Marco Bello<\/p><\/div>\n<p>&nbsp;<\/p>\n<ul>\n<li><em><strong>L\u00edderes y creyentes de diferentes fes se re\u00fanen cada domingo a las puertas del centro de detenci\u00f3n de Florida para mostrar su solidaridad con los afectados por la campa\u00f1a antimigrante del Gobierno<\/strong><\/em><\/li>\n<\/ul>\n<p>&nbsp;<\/p>\n<p class=\"\">A unos 90 kil\u00f3metros de Miami, en una curva solitaria de la carretera Tamiami Trail rodeada de humedales y sin se\u00f1al de celular, despu\u00e9s de pasar los negocios de paseos en hidrodeslizador y\u00a0<a title=\"https:\/\/elpais.com\/us\/migracion\/2025-08-23\/en-el-corazon-de-los-miccosukee-la-tribu-indigena-que-logro-el-cierre-de-alligator-alcatraz.html\" href=\"https:\/\/elpais.com\/us\/migracion\/2025-08-23\/en-el-corazon-de-los-miccosukee-la-tribu-indigena-que-logro-el-cierre-de-alligator-alcatraz.html\" target=\"_self\" rel=\"\" data-link-track-dtm=\"\" data-mrf-link=\"https:\/\/elpais.com\/us\/migracion\/2025-08-23\/en-el-corazon-de-los-miccosukee-la-tribu-indigena-que-logro-el-cierre-de-alligator-alcatraz.html\">la aldea de la tribu Miccosukee<\/a>, un cartel azul anuncia que se aproxima el centro de detenci\u00f3n Alligator Alcatraz. La se\u00f1al oficial est\u00e1 tachada por un graffiti: \u201c<i>Fuck ICE<\/i>\u201d.<\/p>\n<p class=\"\">El pasado domingo por la tarde, en el tramo de carretera frente al remoto centro en medio de los manglares de los Everglades, se reunieron m\u00e1s de 200 personas para exigir su cierre y denunciar\u00a0<a title=\"https:\/\/elpais.com\/us\/migracion\/2025-07-21\/hrw-denuncia-condiciones-desgarradoras-en-centros-de-detencion-de-inmigrantes-en-florida.html\" href=\"https:\/\/elpais.com\/us\/migracion\/2025-07-21\/hrw-denuncia-condiciones-desgarradoras-en-centros-de-detencion-de-inmigrantes-en-florida.html\" target=\"_self\" rel=\"\" data-link-track-dtm=\"\" data-mrf-link=\"https:\/\/elpais.com\/us\/migracion\/2025-07-21\/hrw-denuncia-condiciones-desgarradoras-en-centros-de-detencion-de-inmigrantes-en-florida.html\">el trato a los inmigrantes detenidos en Estados Unidos<\/a>. Estas vigilias frente al centro \u2014ubicado en el antiguo aeropuerto Dade-Collier\u2014 se realizan desde hace 14 domingos consecutivos, y se han convertido en un punto de encuentro para activistas, religiosos y familiares de detenidos. El 2 de noviembre coincidieron con una jornada nacional de protesta: el D\u00eda de Acci\u00f3n \u201cDesaparecidos en Am\u00e9rica\u201d, que convoc\u00f3 m\u00e1s de 140 eventos en todo el pa\u00eds.<\/p>\n<p class=\"\"><a title=\"https:\/\/elpais.com\/us\/migracion\/2025-06-25\/alligator-alcatraz-florida-levanta-un-centro-de-detencion-de-inmigrantes-en-los-everglades.html\" href=\"https:\/\/elpais.com\/us\/migracion\/2025-06-25\/alligator-alcatraz-florida-levanta-un-centro-de-detencion-de-inmigrantes-en-los-everglades.html\" target=\"_self\" rel=\"\" data-link-track-dtm=\"\" data-mrf-link=\"https:\/\/elpais.com\/us\/migracion\/2025-06-25\/alligator-alcatraz-florida-levanta-un-centro-de-detencion-de-inmigrantes-en-los-everglades.html\">Desde su inauguraci\u00f3n<\/a>\u00a0expr\u00e9s en julio, Alligator Alcatraz se ha convertido en un s\u00edmbolo nacional de las pol\u00edticas migratorias del Gobierno de Donald Trump. En esta vigilia, fieles y activistas reunidos se sumaron al clamor nacional por el cierre de todos los centros de detenci\u00f3n para inmigrantes y el fin de las redadas del Servicio de Inmigraci\u00f3n y Control de Aduanas (ICE, por sus siglas en ingl\u00e9s).<\/p>\n<p class=\"\">Algunos participantes llegaron en autobuses desde Fort Myers y Naples, en la costa oeste de Florida. Otros vinieron en autos desde Miami, Fort Lauderdale, Palm Beach, y otras ciudades de la costa este. Los asistentes forman un semic\u00edrculo en un trozo de tierra que, de tanto uso, se ha quedado sin yerba y que las lluvias han vuelto en un lodazal. Algunos colocan sillas plegables y toldos; otros tienen esteras para sentarse en el suelo, pero la mayor\u00eda se queda de pie sobre el fango. Casi todos portan carteles con mensajes en ingl\u00e9s como \u201cNing\u00fan humano es ilegal\u201d, \u201cAbolir ICE\u201d o \u201cDetengan los abusos, detenciones y deportaciones\u201d.<\/p>\n<p class=\"\">Noelle Damico, de Workers Circle, quien organiza las vigilias en Alligator Alcatraz, explica que la movilizaci\u00f3n del pasado domingo incluy\u00f3 tambi\u00e9n protestas frente a tiendas de Home Depot y\u00a0<a title=\"https:\/\/elpais.com\/us\/2025-10-25\/el-dia-de-muertos-cruza-la-frontera-de-la-mano-de-una-pareja-de-tucson.html\" href=\"https:\/\/elpais.com\/us\/2025-10-25\/el-dia-de-muertos-cruza-la-frontera-de-la-mano-de-una-pareja-de-tucson.html\" target=\"_self\" rel=\"\" data-link-track-dtm=\"\" data-mrf-link=\"https:\/\/elpais.com\/us\/2025-10-25\/el-dia-de-muertos-cruza-la-frontera-de-la-mano-de-una-pareja-de-tucson.html\">altares del D\u00eda de Muertos<\/a>, en memoria de quienes han fallecido este a\u00f1o bajo custodia de las autoridades migratorias.<\/p>\n<p>&nbsp;<\/p>\n<figure class=\"a_m a_m-h \">\n<p><div style=\"width: 424px\" class=\"wp-caption alignnone\"><img loading=\"lazy\" decoding=\"async\" class=\"_re lazyload a_m-h\" src=\"https:\/\/imagenes.elpais.com\/resizer\/v2\/TSWAEE6OLNDS3PIVSA3OBYDQBQ.jpg?auth=b0ea843717fbb897d5f349c7a0fa12627c14263cd32c0977022f62d358db8ade&amp;width=414\" sizes=\"auto, (min-width:1199px) 1155px,(min-width:1001px) calc(100vw - 44px),(min-width:768px) 767px, 100vw\" srcset=\"https:\/\/imagenes.elpais.com\/resizer\/v2\/TSWAEE6OLNDS3PIVSA3OBYDQBQ.jpg?auth=b0ea843717fbb897d5f349c7a0fa12627c14263cd32c0977022f62d358db8ade&amp;width=414 414w,https:\/\/imagenes.elpais.com\/resizer\/v2\/TSWAEE6OLNDS3PIVSA3OBYDQBQ.jpg?auth=b0ea843717fbb897d5f349c7a0fa12627c14263cd32c0977022f62d358db8ade&amp;width=828 640w,https:\/\/imagenes.elpais.com\/resizer\/v2\/TSWAEE6OLNDS3PIVSA3OBYDQBQ.jpg?auth=b0ea843717fbb897d5f349c7a0fa12627c14263cd32c0977022f62d358db8ade&amp;width=980 1000w,https:\/\/imagenes.elpais.com\/resizer\/v2\/TSWAEE6OLNDS3PIVSA3OBYDQBQ.jpg?auth=b0ea843717fbb897d5f349c7a0fa12627c14263cd32c0977022f62d358db8ade&amp;width=1960 1960w\" alt=\"Una asistente coloca flores frente a un altar durante una vigilia frente a la entrada de Alligator Alcatraz\" width=\"414\" height=\"277\" \/><p class=\"wp-caption-text\">Altar de la vigilia frente a la entrada del centro de detenci\u00f3n de migrantes. Foto Marco Bello<\/p><\/div><figcaption class=\"a_m_p\" aria-hidden=\"true\"><\/figcaption><\/figure>\n<p>&nbsp;<\/p>\n<p class=\"\">\u201cLa gente no se queda de brazos cruzados. Cada semana a la vigilia llegan nuevas personas que luego regresan a sus comunidades y comparten la experiencia, y se han iniciado nuevas vigilias en Sarasota, Orlando, Tallahassee y en otras partes del pa\u00eds\u201d, indica Damico. Hace poco m\u00e1s de una semana, realizaron una llamada de capacitaci\u00f3n sobre c\u00f3mo organizar una vigilia, a la que se inscribieron m\u00e1s de 4.000 individuos. \u201cEsas personas se lo contaron a otras y ahora se est\u00e1n regando como p\u00f3lvora, desde Alaska hasta Haw\u00e1i, desde Oklahoma hasta Florida y Boston, y siguen expandi\u00e9ndose. Queremos que cualquiera que quiera, pueda organizar una vigilia\u201d, agrega.<\/p>\n<p class=\"\">El creciente movimiento ha mantenido el foco sobre el centro, que ha estado rodeado de controversia desde su origen. Alligator Alcatraz fue construido con carpas de lona en apenas ocho d\u00edas a finales de junio y comenz\u00f3 a recibir detenidos desde comienzos de julio, tras\u00a0<a title=\"https:\/\/elpais.com\/us\/migracion\/2025-07-01\/trump-visita-alligator-alcatraz-el-nuevo-centro-de-detencion-para-migrantes-en-florida-les-vamos-a-ensenar-como-huir-de-un-caiman-si-se-escapan.html\" href=\"https:\/\/elpais.com\/us\/migracion\/2025-07-01\/trump-visita-alligator-alcatraz-el-nuevo-centro-de-detencion-para-migrantes-en-florida-les-vamos-a-ensenar-como-huir-de-un-caiman-si-se-escapan.html\" target=\"_self\" rel=\"\" data-link-track-dtm=\"\" data-mrf-link=\"https:\/\/elpais.com\/us\/migracion\/2025-07-01\/trump-visita-alligator-alcatraz-el-nuevo-centro-de-detencion-para-migrantes-en-florida-les-vamos-a-ensenar-como-huir-de-un-caiman-si-se-escapan.html\">una visita de espaldarazo del presidente Donald Trump<\/a>. Ha enfrentado m\u00faltiples denuncias por malas condiciones, falta de acceso a abogados y tribunales de inmigraci\u00f3n, as\u00ed como por da\u00f1os ambientales. Grupos ecologistas y la tribu Miccosukee \u2014que considera esta zona su territorio ancestral\u2014 presentaron una demanda alegando que la operaci\u00f3n causar\u00eda un da\u00f1o irreparable al fr\u00e1gil ecosistema de los Everglades. En agosto, una jueza orden\u00f3 desmantelar el campamento, pero el Estado apel\u00f3 y el caso qued\u00f3 en el limbo tras el cierre del Gobierno federal. Mientras tanto, el centro contin\u00faa operando.<\/p>\n<p class=\"\">El nombre de la jornada nacional, \u201cDesaparecidos en Am\u00e9rica\u201d, alude a las denuncias de los grupos de defensa de los inmigrantes de que cientos de personas detenidas no aparecen en la base de datos en l\u00ednea del ICE y sus abogados y familiares desconocen su paradero. Una demanda de la Uni\u00f3n Americana de Libertades Civiles (ACLU) se refiere a Alligator Alcatraz como \u201cun agujero negro\u201d, con personas \u201cdesaparecidas\u201d, y \u201cfuera del radar\u201d del sistema migratorio.<\/p>\n<h3 class=\"\">Una vigilia en el coraz\u00f3n de los Everglades<\/h3>\n<p class=\"\">La vigilia dominical transcurre con un tono solemne, apenas interrumpido por el claxon ocasional de alg\u00fan auto que pasa por la carretera. El pastor Roy Terry, de la Iglesia Metodista Cornerstone United, de Naples, act\u00faa como maestro de ceremonias y va cediendo el \u00fanico micr\u00f3fono disponible a quienes van a compartir testimonios, oraciones y canciones. L\u00edderes religiosos de distintas iglesias y credos, activistas proinmigrantes y familiares de detenidos se turnan para dirigirse a la multitud. Del otro lado de la carretera, guardias armados y polic\u00edas custodian la entrada, mientras una observadora legal de la ACLU examina atentamente la interacci\u00f3n entre los participantes.<\/p>\n<p>&nbsp;<\/p>\n<figure class=\"a_m a_m-h \">\n<p><div style=\"width: 424px\" class=\"wp-caption alignnone\"><img loading=\"lazy\" decoding=\"async\" class=\"_re lazyload a_m-h\" src=\"https:\/\/imagenes.elpais.com\/resizer\/v2\/5CDSZ4KATFBAHGMHUGTI4OSFH4.jpg?auth=0ebf684ba1b9fe984f4755789358b65691e2f83b951c152443c3e44ea4fdc01f&amp;width=414\" sizes=\"auto, (min-width:1199px) 1155px,(min-width:1001px) calc(100vw - 44px),(min-width:768px) 767px, 100vw\" srcset=\"https:\/\/imagenes.elpais.com\/resizer\/v2\/5CDSZ4KATFBAHGMHUGTI4OSFH4.jpg?auth=0ebf684ba1b9fe984f4755789358b65691e2f83b951c152443c3e44ea4fdc01f&amp;width=414 414w,https:\/\/imagenes.elpais.com\/resizer\/v2\/5CDSZ4KATFBAHGMHUGTI4OSFH4.jpg?auth=0ebf684ba1b9fe984f4755789358b65691e2f83b951c152443c3e44ea4fdc01f&amp;width=828 640w,https:\/\/imagenes.elpais.com\/resizer\/v2\/5CDSZ4KATFBAHGMHUGTI4OSFH4.jpg?auth=0ebf684ba1b9fe984f4755789358b65691e2f83b951c152443c3e44ea4fdc01f&amp;width=980 1000w,https:\/\/imagenes.elpais.com\/resizer\/v2\/5CDSZ4KATFBAHGMHUGTI4OSFH4.jpg?auth=0ebf684ba1b9fe984f4755789358b65691e2f83b951c152443c3e44ea4fdc01f&amp;width=1960 1960w\" alt=\"Una ambulancia sale de Alligator Alcatraz, en Ochopee, Florida, EEUU\" width=\"414\" height=\"276\" \/><p class=\"wp-caption-text\">Una ambulancia sale de Alligator Alcatraz el 2 de noviembre. Foto Marco Bello<\/p><\/div><figcaption class=\"a_m_p\" aria-hidden=\"true\"><\/figcaption><\/figure>\n<p>&nbsp;<\/p>\n<p class=\"\">Uno a uno, se suceden las oraciones y los testimonios cargados de emoci\u00f3n, entre ellos el de Arianne Betancourt, residente de Miami de 32 a\u00f1os. La joven relat\u00f3 que su padre, Justo Betancourt, se encuentra detenido en este centro desde la semana pasada. El hombre, de origen cubano y residente en Estados Unidos desde hace 36 a\u00f1os, hab\u00eda cumplido una condena en prisi\u00f3n y se encontraba en libertad condicional. Sin embargo, al presentarse a un chequeo rutinario con el ICE, fue arrestado. Anegada en llanto, Arianne dijo que su padre \u201ccometi\u00f3 un error, pero\u00a0<a title=\"https:\/\/elpais.com\/us\/migracion\/2025-08-09\/criminales-de-por-vida-los-inmigrantes-que-cumplieron-sus-condenas-y-trump-quiere-deportar.html\" href=\"https:\/\/elpais.com\/us\/migracion\/2025-08-09\/criminales-de-por-vida-los-inmigrantes-que-cumplieron-sus-condenas-y-trump-quiere-deportar.html\" target=\"_self\" rel=\"\" data-link-track-dtm=\"\" data-mrf-link=\"https:\/\/elpais.com\/us\/migracion\/2025-08-09\/criminales-de-por-vida-los-inmigrantes-que-cumplieron-sus-condenas-y-trump-quiere-deportar.html\">ya cumpli\u00f3 su condena<\/a>, fue a la escuela, encontr\u00f3 a Jes\u00fas y asiste a la iglesia todos los domingos\u201d. El hombre sufre de diabetes y neuropat\u00eda, y necesita siete medicamentos distintos, pero las autoridades le exigieron que eligiera solo uno, cont\u00f3 la hija. \u201cEsto es ilegal, todas las personas tienen derecho al debido proceso\u201d, declar\u00f3, recibiendo una ovaci\u00f3n de la multitud.<\/p>\n<p class=\"\">El caso de Betancourt no es aislado. En la vigilia se encuentra Mar\u00eda Bilbao, coordinadora del Comit\u00e9 de Servicio de los Amigos Americanos (AFSC), quien forma parte de un grupo que se ha estado reuniendo frente a las oficinas del ICE en Miramar, al norte de Miami \u2014donde fue arrestado Betancourt\u2014 para orar por los detenidos, y dice que en las \u00faltimas semanas ha observado un patr\u00f3n preocupante:\u00a0<a title=\"https:\/\/elpais.com\/us\/migracion\/2025-06-01\/emboscada-antimigrante-en-los-tribunales-buenos-dias-somos-agentes-de-migracion-ya-cerraron-su-caso.html\" href=\"https:\/\/elpais.com\/us\/migracion\/2025-06-01\/emboscada-antimigrante-en-los-tribunales-buenos-dias-somos-agentes-de-migracion-ya-cerraron-su-caso.html\" target=\"_self\" rel=\"\" data-link-track-dtm=\"\" data-mrf-link=\"https:\/\/elpais.com\/us\/migracion\/2025-06-01\/emboscada-antimigrante-en-los-tribunales-buenos-dias-somos-agentes-de-migracion-ya-cerraron-su-caso.html\">el ICE est\u00e1 programando citas durante los fines de semana y deteniendo a esas personas<\/a>. \u201cEso es nuevo. La mayor\u00eda son cubanos de avanzada edad, algunos con problemas de salud. O sea, \u00bfa d\u00f3nde los van a deportar? \u00bfA un tercer pa\u00eds?\u201d, se pregunta.<\/p>\n<p class=\"\">La sensaci\u00f3n de urgencia resuena en l\u00edderes religiosos como el pastor Roy Terry, quien considera que el pa\u00eds atraviesa \u201cuna de las mayores crisis morales de nuestro tiempo\u201d lo que, a su juicio, hace imprescindible \u201calzar la voz y tomar una posici\u00f3n\u201d. Se\u00f1ala que diferentes organizaciones de derechos civiles han enviado al menos cuatro cartas al Estado de Florida solicitando acceso al centro, sin obtener respuesta. \u201cSi hay falta de transparencia, eso indica que hay algo que no quieren que veamos\u201d, subraya.<\/p>\n<p>&nbsp;<\/p>\n<figure class=\"a_m a_m-h \">\n<p><div style=\"width: 424px\" class=\"wp-caption alignnone\"><img loading=\"lazy\" decoding=\"async\" class=\"_re lazyload a_m-h\" src=\"https:\/\/imagenes.elpais.com\/resizer\/v2\/PSLY6W2CORELDODWAZ2LCB74QQ.jpg?auth=6930d347595007662797257280169628b65d74a83762822fde3823f349ccda35&amp;width=414\" sizes=\"auto, (min-width:1199px) 1155px,(min-width:1001px) calc(100vw - 44px),(min-width:768px) 767px, 100vw\" srcset=\"https:\/\/imagenes.elpais.com\/resizer\/v2\/PSLY6W2CORELDODWAZ2LCB74QQ.jpg?auth=6930d347595007662797257280169628b65d74a83762822fde3823f349ccda35&amp;width=414 414w,https:\/\/imagenes.elpais.com\/resizer\/v2\/PSLY6W2CORELDODWAZ2LCB74QQ.jpg?auth=6930d347595007662797257280169628b65d74a83762822fde3823f349ccda35&amp;width=828 640w,https:\/\/imagenes.elpais.com\/resizer\/v2\/PSLY6W2CORELDODWAZ2LCB74QQ.jpg?auth=6930d347595007662797257280169628b65d74a83762822fde3823f349ccda35&amp;width=980 1000w,https:\/\/imagenes.elpais.com\/resizer\/v2\/PSLY6W2CORELDODWAZ2LCB74QQ.jpg?auth=6930d347595007662797257280169628b65d74a83762822fde3823f349ccda35&amp;width=1960 1960w\" alt=\"Asistentes participan en una vigilia frente a la entrada de Alligator Alcatraz, en Ochopee, Florida\" width=\"414\" height=\"276\" \/><p class=\"wp-caption-text\">Acto ecum\u00e9nico por los migrantes durante la vigilia del 2 de noviembre. Foto Marco Bello<\/p><\/div><figcaption class=\"a_m_p\" aria-hidden=\"true\"><\/figcaption><\/figure>\n<p>&nbsp;<\/p>\n<p class=\"\">Hasta ahora, solo sacerdotes de la Iglesia Cat\u00f3lica han recibido permiso para ingresar a Alligator Alcatraz y celebrar misa para los detenidos. La Arquidi\u00f3cesis de Miami no respondi\u00f3 a una solicitud de comentario para este reporte.<\/p>\n<p class=\"\"><a title=\"https:\/\/elpais.com\/us\/migracion\/2025-09-18\/la-misteriosa-desaparicion-de-cientos-de-inmigrantes-detenidos-en-alligator-alcatraz.html\" href=\"https:\/\/elpais.com\/us\/migracion\/2025-09-18\/la-misteriosa-desaparicion-de-cientos-de-inmigrantes-detenidos-en-alligator-alcatraz.html\" target=\"_self\" rel=\"\" data-link-track-dtm=\"\" data-mrf-link=\"https:\/\/elpais.com\/us\/migracion\/2025-09-18\/la-misteriosa-desaparicion-de-cientos-de-inmigrantes-detenidos-en-alligator-alcatraz.html\">El desconcierto sobre el paradero de los detenidos<\/a>\u00a0es un tema recurrente entre quienes acompa\u00f1an estas vigilias. El reverendo Tony Fisher, de la Congregaci\u00f3n Unitaria Universalista del Gran Naples, quien vino en un autob\u00fas con m\u00e1s de 40 personas de su iglesia, cont\u00f3 que esa misma ma\u00f1ana hab\u00eda predicado sobre la angustia de no saber d\u00f3nde est\u00e1n las personas detenidas.<\/p>\n<p class=\"\">\u201cNo puedo imaginarme el estr\u00e9s que eso les genera a las familias, a los abogados, a las propias personas detenidas. No puedo imaginar lo que sienten las familias al no saberlo. [Los detenidos] podr\u00edan estar en El Salvador,\u00a0<a title=\"https:\/\/elpais.com\/us\/migracion\/2025-10-23\/el-gobierno-de-esuatini-reconoce-el-ayuno-del-cubano-deportado-roberto-mosquera-pero-no-lo-califica-como-huelga-de-hambre.html\" href=\"https:\/\/elpais.com\/us\/migracion\/2025-10-23\/el-gobierno-de-esuatini-reconoce-el-ayuno-del-cubano-deportado-roberto-mosquera-pero-no-lo-califica-como-huelga-de-hambre.html\" target=\"_self\" rel=\"\" data-link-track-dtm=\"\" data-mrf-link=\"https:\/\/elpais.com\/us\/migracion\/2025-10-23\/el-gobierno-de-esuatini-reconoce-el-ayuno-del-cubano-deportado-roberto-mosquera-pero-no-lo-califica-como-huelga-de-hambre.html\">en \u00c1frica<\/a>\u00a0\u2014donde tenemos acuerdos para enviar personas\u2014, podr\u00edan estar en Luisiana, o incluso a\u00fan aqu\u00ed\u201d, dice se\u00f1alando hacia la entrada del centro.<\/p>\n<p class=\"\">Las autoridades han negado las acusaciones de malos tratos o condiciones deficientes en los centros de detenci\u00f3n y aseguran que a los detenidos se les proporciona alimentaci\u00f3n adecuada, atenci\u00f3n m\u00e9dica y oportunidades para comunicarse con sus familiares y abogados.<\/p>\n<p class=\"\">Entre los l\u00edderes espirituales que han acompa\u00f1ado las vigilias desde sus inicios est\u00e1 Betty Osceola, miembro de la tribu Miccosukee y una conocida activista por el medioambiente. Como casi todos los domingos, en su camioneta trajo toldos, mesas y equipos de audio; hizo una oraci\u00f3n en su idioma nativo al iniciar la vigilia y ahora est\u00e1 quemando salvia al final de la multitud. El humo oloroso le agrega misticismo a una plegaria que reza un pastor.<\/p>\n<p class=\"\">Hablando con firmeza, Osceola recuerda el peso de la historia: \u201cMis antepasados pasaron por mucho: desplazamientos, masacres intencionales\u201d, comenta. \u201cPasamos por ciclos en los que discriminamos a personas. Estamos en uno de esos ciclos ahora. Este pa\u00eds fue construido por todos y depender\u00e1 de todos seguir avanzando y prosperando. La idea de que Am\u00e9rica es solo para ciertos individuos no tiene sentido en una naci\u00f3n de inmigrantes\u201d.<\/p>\n<p class=\"\">Ya casi al anochecer, cuando la vigilia se acerca a su fin, Damico coloca frente al micr\u00f3fono una peque\u00f1a mesa con manteles de colores y velas, y explica que es un altar por el D\u00eda de Muertos, en honor a las 25 personas que han muerto bajo custodia del ICE este a\u00f1o. Luego lee sus nombres, edades, lugares de origen y d\u00f3nde fallecieron. Algunos entre la multitud se enjuagan las l\u00e1grimas o sacuden la cabeza.<\/p>\n<p>&nbsp;<\/p>\n","protected":false},"excerpt":{"rendered":"<p>&nbsp; L\u00edderes y creyentes de diferentes fes se re\u00fanen cada domingo a las puertas del centro de detenci\u00f3n de Florida para mostrar su solidaridad con&hellip;<\/p>\n","protected":false},"author":99,"featured_media":537793,"comment_status":"open","ping_status":"open","sticky":false,"template":"","format":"standard","meta":{"footnotes":""},"categories":[24],"tags":[],"class_list":["post-537792","post","type-post","status-publish","format-standard","has-post-thumbnail","hentry","category-mundo"],"_links":{"self":[{"href":"https:\/\/diarioelpopular.com\/index.php\/wp-json\/wp\/v2\/posts\/537792","targetHints":{"allow":["GET"]}}],"collection":[{"href":"https:\/\/diarioelpopular.com\/index.php\/wp-json\/wp\/v2\/posts"}],"about":[{"href":"https:\/\/diarioelpopular.com\/index.php\/wp-json\/wp\/v2\/types\/post"}],"author":[{"embeddable":true,"href":"https:\/\/diarioelpopular.com\/index.php\/wp-json\/wp\/v2\/users\/99"}],"replies":[{"embeddable":true,"href":"https:\/\/diarioelpopular.com\/index.php\/wp-json\/wp\/v2\/comments?post=537792"}],"version-history":[{"count":1,"href":"https:\/\/diarioelpopular.com\/index.php\/wp-json\/wp\/v2\/posts\/537792\/revisions"}],"predecessor-version":[{"id":537794,"href":"https:\/\/diarioelpopular.com\/index.php\/wp-json\/wp\/v2\/posts\/537792\/revisions\/537794"}],"wp:featuredmedia":[{"embeddable":true,"href":"https:\/\/diarioelpopular.com\/index.php\/wp-json\/wp\/v2\/media\/537793"}],"wp:attachment":[{"href":"https:\/\/diarioelpopular.com\/index.php\/wp-json\/wp\/v2\/media?parent=537792"}],"wp:term":[{"taxonomy":"category","embeddable":true,"href":"https:\/\/diarioelpopular.com\/index.php\/wp-json\/wp\/v2\/categories?post=537792"},{"taxonomy":"post_tag","embeddable":true,"href":"https:\/\/diarioelpopular.com\/index.php\/wp-json\/wp\/v2\/tags?post=537792"}],"curies":[{"name":"wp","href":"https:\/\/api.w.org\/{rel}","templated":true}]}}