{"id":537801,"date":"2025-11-07T11:05:45","date_gmt":"2025-11-07T15:05:45","guid":{"rendered":"https:\/\/diarioelpopular.com\/?p=537801"},"modified":"2025-11-07T11:05:45","modified_gmt":"2025-11-07T15:05:45","slug":"lo-que-el-hallazgo-de-una-escultura-de-12-000-anos-de-antiguedad-revela-sobre-el-ego-de-nuestros-ancestros","status":"publish","type":"post","link":"https:\/\/diarioelpopular.com\/index.php\/2025\/11\/07\/lo-que-el-hallazgo-de-una-escultura-de-12-000-anos-de-antiguedad-revela-sobre-el-ego-de-nuestros-ancestros\/","title":{"rendered":"Lo que el hallazgo de una escultura de 12.000 a\u00f1os de antig\u00fcedad revela sobre el ego de nuestros ancestros"},"content":{"rendered":"<div id=\"attachment_537802\" style=\"width: 646px\" class=\"wp-caption alignnone\"><img loading=\"lazy\" decoding=\"async\" aria-describedby=\"caption-attachment-537802\" class=\"wp-image-537802 size-custom-full-size\" src=\"https:\/\/diarioelpopular.com\/wp-content\/uploads\/2025\/11\/Screen-Shot-2025-11-07-at-10.04.58-AM-636x353.png\" alt=\"\" width=\"636\" height=\"353\" srcset=\"https:\/\/diarioelpopular.com\/wp-content\/uploads\/2025\/11\/Screen-Shot-2025-11-07-at-10.04.58-AM-636x353.png 636w, https:\/\/diarioelpopular.com\/wp-content\/uploads\/2025\/11\/Screen-Shot-2025-11-07-at-10.04.58-AM-300x167.png 300w, https:\/\/diarioelpopular.com\/wp-content\/uploads\/2025\/11\/Screen-Shot-2025-11-07-at-10.04.58-AM-768x427.png 768w, https:\/\/diarioelpopular.com\/wp-content\/uploads\/2025\/11\/Screen-Shot-2025-11-07-at-10.04.58-AM-131x73.png 131w, https:\/\/diarioelpopular.com\/wp-content\/uploads\/2025\/11\/Screen-Shot-2025-11-07-at-10.04.58-AM.png 864w\" sizes=\"auto, (max-width: 636px) 100vw, 636px\" \/><p id=\"caption-attachment-537802\" class=\"wp-caption-text\">El relieve hallado en el yacimiento arqueol\u00f3gico de Karahantepe muestra afilados rasgos faciales, una nariz peque\u00f1a y ojos hundidos.<\/p><\/div>\n<p>&nbsp;<\/p>\n<p>&nbsp;<\/p>\n<div class=\"css-19j92fr ebmt73l0\" dir=\"ltr\">\n<ul>\n<li class=\"css-1qucyee e17g058b0\" dir=\"ltr\"><em><b>Un notable descubrimiento arqueol\u00f3gico est\u00e1 arrojando luz sobre la forma en que nuestros ancestros se ve\u00edan a s\u00ed mismos.<\/b><\/em><\/li>\n<\/ul>\n<\/div>\n<div class=\"css-19j92fr ebmt73l0\" dir=\"ltr\">\n<p dir=\"ltr\">\n<p class=\"css-1qucyee e17g058b0\" dir=\"ltr\">Un pilar en forma de T con un rostro humano tallado ha sido desenterrado en Karahantepe, un antiguo yacimiento en Sanliurfa, en el sureste de Turqu\u00eda.<\/p>\n<\/div>\n<div class=\"css-19j92fr ebmt73l0\" dir=\"ltr\">\n<p class=\"css-1qucyee e17g058b0\" dir=\"ltr\">Karahantepe es uno de los asentamientos m\u00e1s antiguos conocidos en los que los humanos comenzaron a adoptar un estilo de vida sedentario hace unos 12.000 a\u00f1os.<\/p>\n<\/div>\n<div class=\"css-19j92fr ebmt73l0\" dir=\"ltr\">\n<p class=\"css-1qucyee e17g058b0\" dir=\"ltr\">La representaci\u00f3n del rostro humano, creada durante el Neol\u00edtico \u2014una \u00e9poca anterior a la escritura, cuando la ganader\u00eda apenas estaba surgiendo\u2014 ofrece pistas vitales sobre el pensamiento simb\u00f3lico y los conceptos abstractos en las primeras sociedades humanas.<\/p>\n<\/div>\n<div class=\"css-19j92fr ebmt73l0\" dir=\"ltr\">\n<h2 id=\"Complejidad-art\u00edstica\" class=\"css-7k6m5n eglt09e0\" tabindex=\"-1\">&#8220;Complejidad art\u00edstica&#8221;<\/h2>\n<\/div>\n<div class=\"css-19j92fr ebmt73l0\" dir=\"ltr\">\n<p class=\"css-1qucyee e17g058b0\" dir=\"ltr\">El profesor Necmi Karul, responsable de la excavaci\u00f3n y presente en el yacimiento el d\u00eda del descubrimiento, dijo: &#8220;Hasta ahora, cre\u00edamos que las piedras que desenterr\u00e1bamos representaban humanos, pero esta fue la primera vez que encontramos una representaci\u00f3n facial real. Fue un momento incre\u00edblemente emocionante&#8221;.<\/p>\n<\/div>\n<section class=\"css-j7aurr\" role=\"region\" aria-label=\"Publicidad 2\" aria-hidden=\"true\" data-e2e=\"advertisement\">\n<div id=\"dotcom-mpu\" class=\"dotcom-ad active\" aria-hidden=\"true\">\n<div class=\"dotcom-ad-inner\">\n<div id=\"dotcom-slot-mpu\" class=\"dotcom-slot\" data-google-query-id=\"CJ-Y5aOn4JADFWzM8gcdBlYjqQ\">\n<div id=\"google_ads_iframe_\/4817\/bbcworldservice.live.site.mundo\/mundo_content_1__container__\">Tambi\u00e9n participa la arqueobot\u00e1nica Ceren Kabukcu, de la Universidad de Liverpool, en el Reino Unido, que afirm\u00f3 que el hallazgo es &#8220;un ejemplo evolucionado y altamente calificado de complejidad art\u00edstica&#8221;.<\/div>\n<\/div>\n<\/div>\n<\/div>\n<\/section>\n<div class=\"css-19j92fr ebmt73l0\" dir=\"ltr\">\n<p class=\"css-1qucyee e17g058b0\" dir=\"ltr\">&#8220;Cuantos m\u00e1s ejemplos descubrimos, m\u00e1s nos damos cuenta de que este mundo era mucho m\u00e1s complejo, m\u00e1s all\u00e1 de lo que podemos imaginar&#8221;.<\/p>\n<p dir=\"ltr\">\n<\/div>\n<figure class=\"css-1qn0xuy\">\n<div class=\"css-1gbs0ve\">\n<div style=\"width: 360px\" class=\"wp-caption alignnone\"><img loading=\"lazy\" decoding=\"async\" class=\"css-4ejld5\" src=\"https:\/\/ichef.bbci.co.uk\/ace\/ws\/640\/cpsprodpb\/9584\/live\/722ab660-a82a-11f0-928c-71dbb8619e94.png.webp\" alt=\"Representaci\u00f3n de un rostro humano de 12.000 a\u00f1os de antig\u00fcedad encontrada en el yacimiento de Nahal Ein Gev, en la laderas suroccidentales de los Altos del Gol\u00e1n. \" width=\"350\" height=\"520\" \/><p class=\"wp-caption-text\">Fuente de la imagen,Gabi Laron v\u00eda Cambridge University. Los investigadores encontraron en 2017 una representaci\u00f3n de un rostro humano de 12.000 a\u00f1os de antig\u00fcedad en el yacimiento de Nahal Ein Gev, en la laderas suroccidentales de los Altos del Gol\u00e1n.<\/p><\/div>\n<p class=\"css-by8ykd\" role=\"text\">\n<\/div>\n<\/figure>\n<div class=\"css-19j92fr ebmt73l0\" dir=\"ltr\">\n<p dir=\"ltr\">\n<p class=\"css-1qucyee e17g058b0\" dir=\"ltr\">La talla muestra rasgos faciales afilados, una nariz peque\u00f1a y cuencas oculares profundas.<\/p>\n<\/div>\n<div class=\"css-19j92fr ebmt73l0\" dir=\"ltr\">\n<p class=\"css-1qucyee e17g058b0\" dir=\"ltr\">El profesor Karul advierte contra la suposici\u00f3n de que representa una deidad.<\/p>\n<\/div>\n<div class=\"css-19j92fr ebmt73l0\" dir=\"ltr\">\n<p class=\"css-1qucyee e17g058b0\" dir=\"ltr\">&#8220;Puede que no represente a un dios o a un ser sobrenatural&#8221;, dice. &#8220;Es m\u00e1s probable que simbolice una idea o concepto a trav\u00e9s de la forma humana&#8221;. Y esto se alinea con interpretaciones previas de la transformaci\u00f3n cultural.<\/p>\n<\/div>\n<div class=\"css-19j92fr ebmt73l0\" dir=\"ltr\">\n<p class=\"css-1qucyee e17g058b0\" dir=\"ltr\">&#8220;Los tallados tempranos presentaban en su mayor\u00eda animales&#8221;, dice el profesor Karul. &#8220;Unos siglos despu\u00e9s del cambio a la vida sedentaria, aparecen las estatuas humanas; primero combinadas con animales, luego como figuras independientes. Esto sugiere que los humanos estaban empezando a situarse en el centro del universo&#8221;.<\/p>\n<\/div>\n<div class=\"css-19j92fr ebmt73l0\" dir=\"ltr\">\n<p class=\"css-1qucyee e17g058b0\" dir=\"ltr\">Kabuk\u00e7u destaca la dimensi\u00f3n emocional.<\/p>\n<\/div>\n<div class=\"css-19j92fr ebmt73l0\" dir=\"ltr\">\n<p class=\"css-1qucyee e17g058b0\" dir=\"ltr\">&#8220;No solo tallaron una cara, sino que a\u00f1adieron expresi\u00f3n&#8221;, dice. &#8220;Esa adici\u00f3n de significado apunta a una visi\u00f3n del mundo m\u00e1s compleja&#8221;.<\/p>\n<\/div>\n<div class=\"css-19j92fr ebmt73l0\" dir=\"ltr\">\n<h2 id=\"Conozco-esa-cara\" class=\"css-7k6m5n eglt09e0\" tabindex=\"-1\">&#8220;Conozco esa cara&#8221;<\/h2>\n<\/div>\n<div class=\"css-19j92fr ebmt73l0\" dir=\"ltr\">\n<p class=\"css-1qucyee e17g058b0\" dir=\"ltr\">Las excavaciones en Karahantepe comenzaron en 2019, pero Turqu\u00eda atrajo por primera vez la atenci\u00f3n mundial sobre su herencia prehist\u00f3rica con los descubrimientos en Gobeklitepe, un sitio del que se cree fue un santuario de importancia ritual. Ambos yacimientos fueron ocupados desde aproximadamente el 9600 a. C. hasta el 8000 a. C.<\/p>\n<\/div>\n<div class=\"css-19j92fr ebmt73l0\" dir=\"ltr\">\n<p class=\"css-1qucyee e17g058b0\" dir=\"ltr\">Artefactos similares al rostro de Karahantepe han sido descubiertos en la regi\u00f3n del Levante, que incluye el actual L\u00edbano, Israel y los Territorios Ocupados.<\/p>\n<\/div>\n<div class=\"css-19j92fr ebmt73l0\" dir=\"ltr\">\n<p class=\"css-1qucyee e17g058b0\" dir=\"ltr\">En 2017, investigadores de la Universidad Hebrea de Jerusal\u00e9n desenterraron una representaci\u00f3n humana de 12.000 a\u00f1os de antig\u00fcedad en el sitio arqueol\u00f3gico de Nahal Ein Gev II, en las laderas sudoccidentales de los Altos del Gol\u00e1n.<\/p>\n<\/div>\n<div class=\"css-19j92fr ebmt73l0\" dir=\"ltr\">\n<p class=\"css-1qucyee e17g058b0\" dir=\"ltr\">La profesora Natalie Munro, de la Universidad de Connecticut, en Estados Unidos, que trabaj\u00f3 en ese proyecto, dice que el hallazgo de Karahantepe llam\u00f3 inmediatamente su atenci\u00f3n.<\/p>\n<p dir=\"ltr\">\n<\/div>\n<figure class=\"css-1qn0xuy\">\n<div class=\"css-1gbs0ve\">\n<div style=\"width: 650px\" class=\"wp-caption alignnone\"><img loading=\"lazy\" decoding=\"async\" class=\"css-4ejld5\" src=\"https:\/\/ichef.bbci.co.uk\/ace\/ws\/640\/cpsprodpb\/523c\/live\/df050e80-a79d-11f0-8e16-57fbf5e657fe.jpg.webp\" sizes=\"auto, (min-width: 1008px) 760px, 100vw\" srcset=\"https:\/\/ichef.bbci.co.uk\/ace\/ws\/240\/cpsprodpb\/523c\/live\/df050e80-a79d-11f0-8e16-57fbf5e657fe.jpg.webp 240w, https:\/\/ichef.bbci.co.uk\/ace\/ws\/320\/cpsprodpb\/523c\/live\/df050e80-a79d-11f0-8e16-57fbf5e657fe.jpg.webp 320w, https:\/\/ichef.bbci.co.uk\/ace\/ws\/480\/cpsprodpb\/523c\/live\/df050e80-a79d-11f0-8e16-57fbf5e657fe.jpg.webp 480w, https:\/\/ichef.bbci.co.uk\/ace\/ws\/624\/cpsprodpb\/523c\/live\/df050e80-a79d-11f0-8e16-57fbf5e657fe.jpg.webp 624w, https:\/\/ichef.bbci.co.uk\/ace\/ws\/640\/cpsprodpb\/523c\/live\/df050e80-a79d-11f0-8e16-57fbf5e657fe.jpg.webp 640w\" alt=\"Yacimiento de Karahantepe\" width=\"640\" height=\"360\" \/><p class=\"wp-caption-text\">Fuente de la imagen,Archivo de la excavaci\u00f3n de Karahantepe. Las excavaciones en Karahantepe revelaron muchos otros pilares en forma de T. Se cree que sobre ellos se asentaban techos y edificios comunales, casas y monumentos.<\/p><\/div>\n<p class=\"css-by8ykd\" role=\"text\">\n<\/div>\n<\/figure>\n<div class=\"css-19j92fr ebmt73l0\" dir=\"ltr\">\n<p dir=\"ltr\">\n<p class=\"css-1qucyee e17g058b0\" dir=\"ltr\">&#8220;Cuando vimos la foto, dijimos: &#8216;Conocemos esa cara'&#8221;, dice ella. &#8220;Su forma era muy familiar&#8221;.<\/p>\n<\/div>\n<div class=\"css-19j92fr ebmt73l0\" dir=\"ltr\">\n<p class=\"css-1qucyee e17g058b0\" dir=\"ltr\">&#8220;Su estilo minimalista es sorprendente: unas pocas l\u00edneas que forman un rostro, una ceja y una nariz distintivas, con profundidad lograda mediante el tallado. Se parece mucho al rostro humano de piedra caliza que encontramos en Israel. Sent\u00ed la misma emoci\u00f3n que experimentamos cuando hicimos nuestro propio descubrimiento hace 10 a\u00f1os. Ver una cara tan similar en dos lugares tan distantes es realmente fascinante&#8221;.<\/p>\n<\/div>\n<div class=\"css-19j92fr ebmt73l0\" dir=\"ltr\">\n<h2 id=\"Historia-compartida\" class=\"css-7k6m5n eglt09e0\" tabindex=\"-1\">&#8220;Historia compartida&#8221;<\/h2>\n<\/div>\n<div class=\"css-19j92fr ebmt73l0\" dir=\"ltr\">\n<p class=\"css-1qucyee e17g058b0\" dir=\"ltr\">El Neol\u00edtico temprano experiment\u00f3 un r\u00e1pido cambio cultural en todo Oriente Medio. Pero aunque las comunidades de Anatolia, como las de Karahantepe y Gobeklitepe, y el Levante eran conscientes unas de otras, cada regi\u00f3n desarroll\u00f3 su propia identidad cultural caracter\u00edstica, dice el profesor Karul.<\/p>\n<\/div>\n<div class=\"css-19j92fr ebmt73l0\" dir=\"ltr\">\n<p class=\"css-1qucyee e17g058b0\" dir=\"ltr\">&#8220;Sanliurfa es uno de los reflejos m\u00e1s monumentales de esta era&#8221;, afirma. Y sus sitios contienen los s\u00edmbolos m\u00e1s parecidos a humanos de la \u00e9poca.<\/p>\n<\/div>\n<div class=\"css-19j92fr ebmt73l0\" dir=\"ltr\">\n<p class=\"css-1qucyee e17g058b0\" dir=\"ltr\">La profesora Munro est\u00e1 de acuerdo. &#8220;Nuestra investigaci\u00f3n anterior indicaba que este tipo de arte se mov\u00eda hacia el norte, desde el Levante hacia Anatolia&#8221;, dice. &#8220;El reciente hallazgo en Karahantepe muestra que esa cadena continu\u00f3&#8221;.<\/p>\n<p dir=\"ltr\">\n<\/div>\n<figure class=\"css-1qn0xuy\">\n<div class=\"css-1gbs0ve\">\n<div style=\"width: 650px\" class=\"wp-caption alignnone\"><img loading=\"lazy\" decoding=\"async\" class=\"css-4ejld5\" src=\"https:\/\/ichef.bbci.co.uk\/ace\/ws\/640\/cpsprodpb\/0d1d\/live\/f81e7a90-b973-11f0-a949-2fea9e2120e8.jpg.webp\" sizes=\"auto, (min-width: 1008px) 760px, 100vw\" srcset=\"https:\/\/ichef.bbci.co.uk\/ace\/ws\/240\/cpsprodpb\/0d1d\/live\/f81e7a90-b973-11f0-a949-2fea9e2120e8.jpg.webp 240w, https:\/\/ichef.bbci.co.uk\/ace\/ws\/320\/cpsprodpb\/0d1d\/live\/f81e7a90-b973-11f0-a949-2fea9e2120e8.jpg.webp 320w, https:\/\/ichef.bbci.co.uk\/ace\/ws\/480\/cpsprodpb\/0d1d\/live\/f81e7a90-b973-11f0-a949-2fea9e2120e8.jpg.webp 480w, https:\/\/ichef.bbci.co.uk\/ace\/ws\/624\/cpsprodpb\/0d1d\/live\/f81e7a90-b973-11f0-a949-2fea9e2120e8.jpg.webp 624w, https:\/\/ichef.bbci.co.uk\/ace\/ws\/640\/cpsprodpb\/0d1d\/live\/f81e7a90-b973-11f0-a949-2fea9e2120e8.jpg.webp 640w\" alt=\"Vista a\u00e9rea del yacimiento de Karahantepe\" width=\"640\" height=\"360\" \/><p class=\"wp-caption-text\">Fuente de la imagen,Archivo de la excavaci\u00f3n de Karahantepe. El yacimiento de Karahantepe se extiende por 140.000 metros cuadrados en un paraje dominado por las rocas calizas en un parque nacional turco.<\/p><\/div>\n<p class=\"css-by8ykd\" role=\"text\">\n<\/div>\n<\/figure>\n<div class=\"css-19j92fr ebmt73l0\" dir=\"ltr\">\n<p dir=\"ltr\">\n<p class=\"css-1qucyee e17g058b0\" dir=\"ltr\">Adem\u00e1s del rostro esculpido, las excavaciones en Karahantepe, un yacimiento de 140.000 metros cuadrados situado en la cima de una cresta de piedra caliza dentro de un parque nacional, han revelado muchos otros pilares en forma de T \u2014que se cree que sosten\u00edan los techos de edificios comunales\u2014, hogares y monumentos.<\/p>\n<\/div>\n<div class=\"css-19j92fr ebmt73l0\" dir=\"ltr\">\n<p class=\"css-1qucyee e17g058b0\" dir=\"ltr\">Los expertos coinciden en que es mucho m\u00e1s que un tesoro turco. &#8220;Esto no se trata solo de Anatolia&#8221;, dice el profesor Karul. &#8220;Es un proyecto para la historia compartida de toda la humanidad&#8221;.<\/p>\n<\/div>\n","protected":false},"excerpt":{"rendered":"<p>&nbsp; &nbsp; Un notable descubrimiento arqueol\u00f3gico est\u00e1 arrojando luz sobre la forma en que nuestros ancestros se ve\u00edan a s\u00ed mismos. Un pilar en forma&hellip;<\/p>\n","protected":false},"author":99,"featured_media":537802,"comment_status":"open","ping_status":"open","sticky":false,"template":"","format":"standard","meta":{"footnotes":""},"categories":[24,11354],"tags":[],"class_list":["post-537801","post","type-post","status-publish","format-standard","has-post-thumbnail","hentry","category-mundo","category-sucesos"],"_links":{"self":[{"href":"https:\/\/diarioelpopular.com\/index.php\/wp-json\/wp\/v2\/posts\/537801","targetHints":{"allow":["GET"]}}],"collection":[{"href":"https:\/\/diarioelpopular.com\/index.php\/wp-json\/wp\/v2\/posts"}],"about":[{"href":"https:\/\/diarioelpopular.com\/index.php\/wp-json\/wp\/v2\/types\/post"}],"author":[{"embeddable":true,"href":"https:\/\/diarioelpopular.com\/index.php\/wp-json\/wp\/v2\/users\/99"}],"replies":[{"embeddable":true,"href":"https:\/\/diarioelpopular.com\/index.php\/wp-json\/wp\/v2\/comments?post=537801"}],"version-history":[{"count":1,"href":"https:\/\/diarioelpopular.com\/index.php\/wp-json\/wp\/v2\/posts\/537801\/revisions"}],"predecessor-version":[{"id":537803,"href":"https:\/\/diarioelpopular.com\/index.php\/wp-json\/wp\/v2\/posts\/537801\/revisions\/537803"}],"wp:featuredmedia":[{"embeddable":true,"href":"https:\/\/diarioelpopular.com\/index.php\/wp-json\/wp\/v2\/media\/537802"}],"wp:attachment":[{"href":"https:\/\/diarioelpopular.com\/index.php\/wp-json\/wp\/v2\/media?parent=537801"}],"wp:term":[{"taxonomy":"category","embeddable":true,"href":"https:\/\/diarioelpopular.com\/index.php\/wp-json\/wp\/v2\/categories?post=537801"},{"taxonomy":"post_tag","embeddable":true,"href":"https:\/\/diarioelpopular.com\/index.php\/wp-json\/wp\/v2\/tags?post=537801"}],"curies":[{"name":"wp","href":"https:\/\/api.w.org\/{rel}","templated":true}]}}