{"id":537858,"date":"2025-11-09T16:50:29","date_gmt":"2025-11-09T20:50:29","guid":{"rendered":"https:\/\/diarioelpopular.com\/?p=537858"},"modified":"2025-11-09T16:50:29","modified_gmt":"2025-11-09T20:50:29","slug":"jueza-federal-prohibe-de-manera-permanente-orden-de-trump-de-desplegar-la-guardia-nacional-en-portland","status":"publish","type":"post","link":"https:\/\/diarioelpopular.com\/index.php\/2025\/11\/09\/jueza-federal-prohibe-de-manera-permanente-orden-de-trump-de-desplegar-la-guardia-nacional-en-portland\/","title":{"rendered":"Jueza federal proh\u00edbe de manera permanente orden de Trump de desplegar la Guardia Nacional en Portland"},"content":{"rendered":"<div id=\"attachment_537859\" style=\"width: 1210px\" class=\"wp-caption alignnone\"><img loading=\"lazy\" decoding=\"async\" aria-describedby=\"caption-attachment-537859\" class=\"wp-image-537859 size-custom-big-size\" src=\"https:\/\/diarioelpopular.com\/wp-content\/uploads\/2025\/11\/Screen-Shot-2025-11-09-at-3.49.17-PM-1200x603.png\" alt=\"\" width=\"1200\" height=\"603\" srcset=\"https:\/\/diarioelpopular.com\/wp-content\/uploads\/2025\/11\/Screen-Shot-2025-11-09-at-3.49.17-PM-1200x603.png 1200w, https:\/\/diarioelpopular.com\/wp-content\/uploads\/2025\/11\/Screen-Shot-2025-11-09-at-3.49.17-PM-300x151.png 300w, https:\/\/diarioelpopular.com\/wp-content\/uploads\/2025\/11\/Screen-Shot-2025-11-09-at-3.49.17-PM-768x386.png 768w, https:\/\/diarioelpopular.com\/wp-content\/uploads\/2025\/11\/Screen-Shot-2025-11-09-at-3.49.17-PM-1536x772.png 1536w, https:\/\/diarioelpopular.com\/wp-content\/uploads\/2025\/11\/Screen-Shot-2025-11-09-at-3.49.17-PM-2048x1029.png 2048w, https:\/\/diarioelpopular.com\/wp-content\/uploads\/2025\/11\/Screen-Shot-2025-11-09-at-3.49.17-PM-1990x1000.png 1990w, https:\/\/diarioelpopular.com\/wp-content\/uploads\/2025\/11\/Screen-Shot-2025-11-09-at-3.49.17-PM-636x319.png 636w, https:\/\/diarioelpopular.com\/wp-content\/uploads\/2025\/11\/Screen-Shot-2025-11-09-at-3.49.17-PM-146x73.png 146w, https:\/\/diarioelpopular.com\/wp-content\/uploads\/2025\/11\/Screen-Shot-2025-11-09-at-3.49.17-PM.png 1024w\" sizes=\"auto, (max-width: 1200px) 100vw, 1200px\" \/><p id=\"caption-attachment-537859\" class=\"wp-caption-text\">Redada de ICE en Nueva York caus\u00f3 gran caos<\/p><\/div>\n<p>&nbsp;<\/p>\n<h4 class=\"c-lead__titulo\"><em>&#8211; La situaci\u00f3n es un duro rev\u00e9s para la Casa Blanca en su intenci\u00f3n de contener protestas migratorias.<\/em><\/h4>\n<p>&nbsp;<\/p>\n<p>Una jueza federal de Estados Unidos ha bloqueado, de forma permanente, la decisi\u00f3n de Donald Trump de desplegar tropas de la Guardia Nacional en Portland, Oreg\u00f3n. La sentencia concluye que la medida viola la autoridad de los gobiernos estatal y local.<\/p>\n<p>El fallo representa una importante derrota judicial para el mandatario republicano y supone un punto de inflexi\u00f3n en el debate sobre los l\u00edmites del poder presidencial en contextos de protestas sociales.<\/p>\n<div class=\"paragraph\">La resoluci\u00f3n fue emitida por la jueza Karin Immergut, quien fue designada para el cargo por el propio Trump. Su decisi\u00f3n pone fin a semanas de litigio sobre la autoridad del presidente para enviar fuerzas federales a ciudades sin el consentimiento de sus autoridades.<\/div>\n<div class=\"paragraph\">Immergut dictamin\u00f3 que el mandatario excedi\u00f3 su autoridad al intentar movilizar 200 tropas estatales y federales para responder a las protestas contra agentes de la Patrulla Fronteriza en Portland.<\/div>\n<div class=\"paragraph\">&#8220;Este caso trata sobre si somos una naci\u00f3n de leyes constitucionales o de ley marcial&#8221;, afirm\u00f3 en la audiencia la abogada de la ciudad, Caroline Turco, seg\u00fan reportes de la televisi\u00f3n local.<\/div>\n<div>\n<h2>El argumento de la &#8220;crisis fabricada&#8221;<\/h2>\n<div class=\"paragraph\"><\/div>\n<div class=\"paragraph\">Tanto la ciudad de Portland como el estado de Oreg\u00f3n demandaron al gobierno federal a mediados de septiembre. En su demanda, argumentaron que el despliegue militar se basaba en una &#8220;crisis fabricada&#8221; y advirtieron que la intervenci\u00f3n de tropas solo agravar\u00eda las tensiones.<\/div>\n<div class=\"paragraph\">En su sentencia, la magistrada Immergut se\u00f1al\u00f3 que la administraci\u00f3n federal no logr\u00f3 demostrar que las protestas en la ciudad constituyeran una &#8220;rebeli\u00f3n&#8221;. Tampoco prob\u00f3 que las manifestaciones obstaculizaran de manera significativa la aplicaci\u00f3n de las leyes migratorias.<\/div>\n<div>El Gobierno, por su parte, defendi\u00f3 que actuaba con la intenci\u00f3n de &#8220;proteger activos y personal federal tras disturbios violentos&#8221;. Sin embargo, las autoridades locales sostuvieron que la violencia registrada fue limitada y controlada adecuadamente por la polic\u00eda de Portland.<\/div>\n<div>\n<h2>El camino al Tribunal Supremo<\/h2>\n<div class=\"paragraph\">Con esta decisi\u00f3n, la jueza Immergut convierte en permanentes dos \u00f3rdenes temporales que ya hab\u00eda emitido a principios de mes. La primera imped\u00eda a Trump desplegar la Guardia Nacional de Oreg\u00f3n; la segunda, m\u00e1s amplia, bloqueaba el env\u00edo de fuerzas desde otros estados, como California o Texas.<\/div>\n<div class=\"paragraph\">La Casa Blanca anticip\u00f3 de inmediato que apelar\u00e1 la sentencia. Este movimiento inicia una batalla legal que podr\u00eda escalar hasta el Tribunal Supremo de Estados Unidos.<\/div>\n<div>\n<div class=\"paragraph\">La Casa Blanca anticip\u00f3 de inmediato que apelar\u00e1 la sentencia. Este movimiento inicia una batalla legal que podr\u00eda escalar hasta el Tribunal Supremo de Estados Unidos.<\/div>\n<div class=\"paragraph\">El caso de Portland se enmarca en un contexto m\u00e1s amplio. Desde agosto, Trump ha enviado miles de tropas de la Guardia Nacional y cientos de agentes de distintas dependencias federales a ciudades gobernadas por autoridades dem\u00f3cratas, como Chicago.<\/div>\n<div class=\"paragraph\"><\/div>\n<div class=\"paragraph\">La justificaci\u00f3n para estos despliegues ha sido el &#8220;crimen fuera de control&#8221;. Sin embargo, estas operaciones han priorizado redadas contra migrantes indocumentados, lo que ha generado mayores confrontaciones y manifestaciones masivas.<\/div>\n<\/div>\n<\/div>\n<\/div>\n","protected":false},"excerpt":{"rendered":"<p>&nbsp; &#8211; La situaci\u00f3n es un duro rev\u00e9s para la Casa Blanca en su intenci\u00f3n de contener protestas migratorias. &nbsp; Una jueza federal de Estados&hellip;<\/p>\n","protected":false},"author":99,"featured_media":537859,"comment_status":"open","ping_status":"open","sticky":false,"template":"","format":"standard","meta":{"footnotes":""},"categories":[24],"tags":[],"class_list":["post-537858","post","type-post","status-publish","format-standard","has-post-thumbnail","hentry","category-mundo"],"_links":{"self":[{"href":"https:\/\/diarioelpopular.com\/index.php\/wp-json\/wp\/v2\/posts\/537858","targetHints":{"allow":["GET"]}}],"collection":[{"href":"https:\/\/diarioelpopular.com\/index.php\/wp-json\/wp\/v2\/posts"}],"about":[{"href":"https:\/\/diarioelpopular.com\/index.php\/wp-json\/wp\/v2\/types\/post"}],"author":[{"embeddable":true,"href":"https:\/\/diarioelpopular.com\/index.php\/wp-json\/wp\/v2\/users\/99"}],"replies":[{"embeddable":true,"href":"https:\/\/diarioelpopular.com\/index.php\/wp-json\/wp\/v2\/comments?post=537858"}],"version-history":[{"count":1,"href":"https:\/\/diarioelpopular.com\/index.php\/wp-json\/wp\/v2\/posts\/537858\/revisions"}],"predecessor-version":[{"id":537860,"href":"https:\/\/diarioelpopular.com\/index.php\/wp-json\/wp\/v2\/posts\/537858\/revisions\/537860"}],"wp:featuredmedia":[{"embeddable":true,"href":"https:\/\/diarioelpopular.com\/index.php\/wp-json\/wp\/v2\/media\/537859"}],"wp:attachment":[{"href":"https:\/\/diarioelpopular.com\/index.php\/wp-json\/wp\/v2\/media?parent=537858"}],"wp:term":[{"taxonomy":"category","embeddable":true,"href":"https:\/\/diarioelpopular.com\/index.php\/wp-json\/wp\/v2\/categories?post=537858"},{"taxonomy":"post_tag","embeddable":true,"href":"https:\/\/diarioelpopular.com\/index.php\/wp-json\/wp\/v2\/tags?post=537858"}],"curies":[{"name":"wp","href":"https:\/\/api.w.org\/{rel}","templated":true}]}}