{"id":537875,"date":"2025-11-10T09:39:58","date_gmt":"2025-11-10T13:39:58","guid":{"rendered":"https:\/\/diarioelpopular.com\/?p=537875"},"modified":"2025-11-10T09:40:30","modified_gmt":"2025-11-10T13:40:30","slug":"trump-mamdani-y-el-retrato-de-estados-unidos","status":"publish","type":"post","link":"https:\/\/diarioelpopular.com\/index.php\/2025\/11\/10\/trump-mamdani-y-el-retrato-de-estados-unidos\/","title":{"rendered":"Trump, Mamdani y el retrato de Estados Unidos"},"content":{"rendered":"<div id=\"attachment_537876\" style=\"width: 646px\" class=\"wp-caption alignnone\"><img loading=\"lazy\" decoding=\"async\" aria-describedby=\"caption-attachment-537876\" class=\"wp-image-537876 size-custom-full-size\" src=\"https:\/\/diarioelpopular.com\/wp-content\/uploads\/2025\/11\/Screen-Shot-2025-11-10-at-8.19.38-AM-636x572.png\" alt=\"\" width=\"636\" height=\"572\" srcset=\"https:\/\/diarioelpopular.com\/wp-content\/uploads\/2025\/11\/Screen-Shot-2025-11-10-at-8.19.38-AM-636x572.png 636w, https:\/\/diarioelpopular.com\/wp-content\/uploads\/2025\/11\/Screen-Shot-2025-11-10-at-8.19.38-AM-300x270.png 300w, https:\/\/diarioelpopular.com\/wp-content\/uploads\/2025\/11\/Screen-Shot-2025-11-10-at-8.19.38-AM-81x73.png 81w, https:\/\/diarioelpopular.com\/wp-content\/uploads\/2025\/11\/Screen-Shot-2025-11-10-at-8.19.38-AM.png 656w\" sizes=\"auto, (max-width: 636px) 100vw, 636px\" \/><p id=\"caption-attachment-537876\" class=\"wp-caption-text\">Zohran Mamdani repart\u00eda comida el d\u00eda 7 en una mezquita de San Juan (Puerto Rico).\u00a0 \u00a0 \u00a0 \u00a0 \u00a0 \u00a0 \u00a0 \u00a0 \u00a0 \u00a0 \u00a0 \u00a0Foto Xavier Araujo (AP)<\/p><\/div>\n<p>&nbsp;<\/p>\n<p>&nbsp;<\/p>\n<ul>\n<li><em><strong>El rev\u00e9s electoral del movimiento MAGA intensifica la guerra cultural de Trump y activa una feroz campa\u00f1a de bulos contra el alcalde electo de Nueva York<\/strong><\/em><\/li>\n<\/ul>\n<p>&nbsp;<\/p>\n<p>Donald Trump celebr\u00f3 la semana pasada\u00a0<a title=\"https:\/\/elpais.com\/internacional\/2025-11-06\/donald-trump-ano-1-un-aniversario-agridulce.html\" href=\"https:\/\/elpais.com\/internacional\/2025-11-06\/donald-trump-ano-1-un-aniversario-agridulce.html\" target=\"_blank\" rel=\"noopener noreferrer\" data-link-track-dtm=\"\" data-mrf-link=\"https:\/\/elpais.com\/internacional\/2025-11-06\/donald-trump-ano-1-un-aniversario-agridulce.html\">el primer aniversario de su segundo triunfo electoral<\/a>\u00a0en Estados Unidos con toda la artiller\u00eda pesada de su movimiento. Esto es, una combinaci\u00f3n de amenazas, memes, una machacona cantinela que reivindica los resultados alcanzados \u2015\u201cpromesa hecha, promesa cumplida\u201d\u2015, dardos a sus adversarios pol\u00edticos y mensajes apocal\u00edpticos.<\/p>\n<p>Uno de ellos lo lanz\u00f3\u00a0<a title=\"https:\/\/elpais.com\/noticias\/stephen-kevin-bannon\/\" href=\"https:\/\/elpais.com\/noticias\/stephen-kevin-bannon\/\" target=\"_blank\" rel=\"noopener noreferrer\" data-link-track-dtm=\"\" data-mrf-link=\"https:\/\/elpais.com\/noticias\/stephen-kevin-bannon\/\">Steve Bannon,<\/a> exasesor del magnate republicano e ide\u00f3logo de su andamiaje pol\u00edtico. \u201cSi no ganamos, este pa\u00eds se dirigir\u00e1 a una guerra civil. \u00bfVen lo radicales que son? \u00bfVen c\u00f3mo odian a Estados Unidos y a los ciudadanos estadounidenses?\u201d. Las palabras del estratega populista, pronunciadas durante un evento ultraconservador, no cuentan con el menor asidero en la realidad, pero tienen un prop\u00f3sito n\u00edtido. Pretenden abonar a la campa\u00f1a permanente en la que est\u00e1 sumido Trump y que se nutre de la explotaci\u00f3n de los sentimientos de confrontaci\u00f3n y rabia en las redes sociales.<\/p>\n<p class=\"\">Bannon, que el pasado febrero\u00a0<a title=\"https:\/\/elpais.com\/internacional\/2025-02-11\/steve-bannon-se-declara-culpable-de-un-delito-grave-de-estafa-para-evitar-ir-a-la-carcel.html\" href=\"https:\/\/elpais.com\/internacional\/2025-02-11\/steve-bannon-se-declara-culpable-de-un-delito-grave-de-estafa-para-evitar-ir-a-la-carcel.html\" target=\"_blank\" rel=\"noopener noreferrer\" data-link-track-dtm=\"\" data-mrf-link=\"https:\/\/elpais.com\/internacional\/2025-02-11\/steve-bannon-se-declara-culpable-de-un-delito-grave-de-estafa-para-evitar-ir-a-la-carcel.html\">se declar\u00f3 culpable de estafa para evitar la c\u00e1rcel<\/a>, fue m\u00e1s all\u00e1 al advertir, sin aportar ninguna prueba, de los riesgos de un retroceso del trumpismo. \u201cDios es testigo de que si perdemos las elecciones intermedias y perdemos el a\u00f1o 2028, algunos en esta sala ir\u00e1n a prisi\u00f3n, incluido yo mismo\u201d, dijo. En los \u00faltimos d\u00edas\u00a0<a title=\"https:\/\/elpais.com\/internacional\/2025-11-05\/quien-ha-votado-a-mamdani-las-elecciones-de-nueva-york-en-seis-graficos.html\" href=\"https:\/\/elpais.com\/internacional\/2025-11-05\/quien-ha-votado-a-mamdani-las-elecciones-de-nueva-york-en-seis-graficos.html\" target=\"_blank\" rel=\"noopener noreferrer\" data-link-track-dtm=\"\" data-mrf-link=\"https:\/\/elpais.com\/internacional\/2025-11-05\/quien-ha-votado-a-mamdani-las-elecciones-de-nueva-york-en-seis-graficos.html\">las elecciones en Nueva York<\/a>,\u00a0<a title=\"https:\/\/elpais.com\/internacional\/2025-11-05\/virginia-y-nueva-jersey-envian-un-voto-de-castigo-a-trump.html\" href=\"https:\/\/elpais.com\/internacional\/2025-11-05\/virginia-y-nueva-jersey-envian-un-voto-de-castigo-a-trump.html\" target=\"_blank\" rel=\"noopener noreferrer\" data-link-track-dtm=\"\" data-mrf-link=\"https:\/\/elpais.com\/internacional\/2025-11-05\/virginia-y-nueva-jersey-envian-un-voto-de-castigo-a-trump.html\">Virginia, Nueva Jersey\u00a0<\/a>y el apoyo a la ley que modificar\u00e1 los distritos electorales en California han dado la primera sacudida al suelo del poder republicano. El propio Trump respondi\u00f3 como suele hacer cada vez que se siente contrariado por algo: buscando enemigos.\u00a0<a title=\"https:\/\/truthsocial.com\/@realDonaldTrump\/115495225031046506 \" href=\"https:\/\/truthsocial.com\/@realDonaldTrump\/115495225031046506\" target=\"_self\" rel=\"\" data-link-track-dtm=\"\" data-mrf-link=\"https:\/\/truthsocial.com\/@realDonaldTrump\/115495225031046506\">\u201c\u00a1As\u00ed empieza!\u201d, escribi\u00f3<\/a> en un enigm\u00e1tico mensaje publicado en su plataforma, Truth. \u00bfQu\u00e9 empieza? A\u00fan no est\u00e1 claro, m\u00e1s all\u00e1 de la cacer\u00eda.<\/p>\n<p>El primer culpable es\u00a0<a title=\"https:\/\/elpais.com\/opinion\/2025-11-09\/fracasa-el-autocrata-vence-la-democracia.html\" href=\"https:\/\/elpais.com\/opinion\/2025-11-09\/fracasa-el-autocrata-vence-la-democracia.html\" target=\"_self\" rel=\"\" data-link-track-dtm=\"\" data-mrf-link=\"https:\/\/elpais.com\/opinion\/2025-11-09\/fracasa-el-autocrata-vence-la-democracia.html\">Zohran Mamdani, alcalde electo de Nueva York,<\/a>\u00a0quien demostr\u00f3 que la ciudad m\u00e1s poblada del pa\u00eds, sede de Wall Street, capital financiera global, y cuna del presidente, vive de espaldas al evangelio MAGA\u00a0<i>(Make America Great Again).\u00a0<\/i>Mamdani es musulm\u00e1n y socialista nacido en Uganda que obtuvo la nacionalidad estadounidense hace siete a\u00f1os. Un c\u00f3ctel que, adem\u00e1s de la rabia de la Casa Blanca, ha alentado una avalancha de bulos en las dos orillas del Atl\u00e1ntico. Para empezar, ha reflotado la intencionada confusi\u00f3n entre musulm\u00e1n e islamista. El senador Ted Cruz fue a pescar la semana pasada un mensaje publicado por Mamdani en 2020, \u201cDe cada cual seg\u00fan sus capacidades, a cada cual seg\u00fan sus necesidades\u201d, un aforismo utilizado por Karl Marx, para acusar al joven pol\u00edtico de \u201ccomunista yihadista\u201d.<\/p>\n<p class=\"\">Trump no se qued\u00f3 atr\u00e1s. El mandatario, que pidi\u00f3 apoyar a\u00a0<a title=\"https:\/\/elpais.com\/internacional\/2025-11-02\/andrew-cuomo-el-politico-de-la-vieja-guardia-que-busca-la-redencion-como-alcalde-de-nueva-york.html\" href=\"https:\/\/elpais.com\/internacional\/2025-11-02\/andrew-cuomo-el-politico-de-la-vieja-guardia-que-busca-la-redencion-como-alcalde-de-nueva-york.html\" target=\"_blank\" rel=\"noopener noreferrer\" data-link-track-dtm=\"\" data-mrf-link=\"https:\/\/elpais.com\/internacional\/2025-11-02\/andrew-cuomo-el-politico-de-la-vieja-guardia-que-busca-la-redencion-como-alcalde-de-nueva-york.html\">Andrew Cuomo\u00a0<\/a>en las elecciones locales y amenaz\u00f3 con dejar a la ciudad con la aportaci\u00f3n m\u00ednima de fondos federales, incluso se atrevi\u00f3 a intimidar a la comunidad jud\u00eda neoyorquina. \u201c\u00a1Cualquier persona jud\u00eda que vote por Zohran Mamdani, un odiador de jud\u00edos comprobado y autoproclamado, es una persona est\u00fapida!\u201d, espet\u00f3. Un representante de Tennessee, Andy Ogles, llev\u00f3 la intoxicaci\u00f3n a\u00fan m\u00e1s lejos en el programa de Bannon. \u201cMamdani minti\u00f3 en su formulario de naturalizaci\u00f3n N-400 sobre sus v\u00ednculos con el extremismo. No se puede obtener la ciudadan\u00eda estadounidense y hacer eso. Tenemos dos semanas para salvar la ciudad de Nueva York: deportar a Mamdani e iniciar investigaciones de inmediato\u201d, lanz\u00f3.<\/p>\n<div id=\"sum_twitter\" class=\"a_em _df\" data-oembed-type=\"twitter\">\n<p class=\"\">La realidad es que Mamdani tiene los mismos derechos que\u00a0<a title=\"https:\/\/elpais.com\/noticias\/kristi-noem\/\" href=\"https:\/\/elpais.com\/noticias\/kristi-noem\/\" target=\"_blank\" rel=\"noopener noreferrer\" data-link-track-dtm=\"\" data-mrf-link=\"https:\/\/elpais.com\/noticias\/kristi-noem\/\">Kristi Noem<\/a>, la secretaria de Seguridad Nacional que encabeza la cruzada antinmigraci\u00f3n de este mandato, o de Pete Hegseth, el jefe del Pent\u00e1gono. La historia del futuro regidor de Nueva York retrata con m\u00e1s exactitud la complejidad actual de Estados Unidos que la Administraci\u00f3n republicana, reflejo de un pa\u00eds monocolor golpeado por la crisis. Ambas campa\u00f1as recurrieron, de hecho, a lemas con similares campos sem\u00e1nticos.\u00a0<i>Haciendo Am\u00e9rica de nuevo asequible\u00a0<\/i>en el caso de Trump, y\u00a0<i>Por una Nueva York que puedas permitirte<\/i>\u00a0en el de Mamdani. Parecidos en las ant\u00edpodas.<\/p>\n<div id=\"sum_twitter\" class=\"a_em _df\" data-oembed-type=\"twitter\"><\/div>\n<\/div>\n","protected":false},"excerpt":{"rendered":"<p>&nbsp; &nbsp; El rev\u00e9s electoral del movimiento MAGA intensifica la guerra cultural de Trump y activa una feroz campa\u00f1a de bulos contra el alcalde electo&hellip;<\/p>\n","protected":false},"author":99,"featured_media":537877,"comment_status":"open","ping_status":"open","sticky":false,"template":"","format":"standard","meta":{"footnotes":""},"categories":[24],"tags":[],"class_list":["post-537875","post","type-post","status-publish","format-standard","has-post-thumbnail","hentry","category-mundo"],"_links":{"self":[{"href":"https:\/\/diarioelpopular.com\/index.php\/wp-json\/wp\/v2\/posts\/537875","targetHints":{"allow":["GET"]}}],"collection":[{"href":"https:\/\/diarioelpopular.com\/index.php\/wp-json\/wp\/v2\/posts"}],"about":[{"href":"https:\/\/diarioelpopular.com\/index.php\/wp-json\/wp\/v2\/types\/post"}],"author":[{"embeddable":true,"href":"https:\/\/diarioelpopular.com\/index.php\/wp-json\/wp\/v2\/users\/99"}],"replies":[{"embeddable":true,"href":"https:\/\/diarioelpopular.com\/index.php\/wp-json\/wp\/v2\/comments?post=537875"}],"version-history":[{"count":2,"href":"https:\/\/diarioelpopular.com\/index.php\/wp-json\/wp\/v2\/posts\/537875\/revisions"}],"predecessor-version":[{"id":537881,"href":"https:\/\/diarioelpopular.com\/index.php\/wp-json\/wp\/v2\/posts\/537875\/revisions\/537881"}],"wp:featuredmedia":[{"embeddable":true,"href":"https:\/\/diarioelpopular.com\/index.php\/wp-json\/wp\/v2\/media\/537877"}],"wp:attachment":[{"href":"https:\/\/diarioelpopular.com\/index.php\/wp-json\/wp\/v2\/media?parent=537875"}],"wp:term":[{"taxonomy":"category","embeddable":true,"href":"https:\/\/diarioelpopular.com\/index.php\/wp-json\/wp\/v2\/categories?post=537875"},{"taxonomy":"post_tag","embeddable":true,"href":"https:\/\/diarioelpopular.com\/index.php\/wp-json\/wp\/v2\/tags?post=537875"}],"curies":[{"name":"wp","href":"https:\/\/api.w.org\/{rel}","templated":true}]}}