{"id":538177,"date":"2025-11-17T12:02:13","date_gmt":"2025-11-17T16:02:13","guid":{"rendered":"https:\/\/diarioelpopular.com\/?p=538177"},"modified":"2025-11-17T12:02:13","modified_gmt":"2025-11-17T16:02:13","slug":"con-sus-patranas-trump-pide-a-los-congresistas-republicanos-que-voten-para-difundir-los-archivos-de-epstein","status":"publish","type":"post","link":"https:\/\/diarioelpopular.com\/index.php\/2025\/11\/17\/con-sus-patranas-trump-pide-a-los-congresistas-republicanos-que-voten-para-difundir-los-archivos-de-epstein\/","title":{"rendered":"Con sus patra\u00f1as, Trump pide a los congresistas republicanos que voten para difundir los archivos de Epstein"},"content":{"rendered":"<div id=\"attachment_538178\" style=\"width: 1210px\" class=\"wp-caption alignnone\"><img loading=\"lazy\" decoding=\"async\" aria-describedby=\"caption-attachment-538178\" class=\"wp-image-538178 size-custom-big-size\" src=\"https:\/\/diarioelpopular.com\/wp-content\/uploads\/2025\/11\/Screen-Shot-2025-11-17-at-11.01.22-AM-1200x926.png\" alt=\"\" width=\"1200\" height=\"926\" srcset=\"https:\/\/diarioelpopular.com\/wp-content\/uploads\/2025\/11\/Screen-Shot-2025-11-17-at-11.01.22-AM-1200x926.png 1200w, https:\/\/diarioelpopular.com\/wp-content\/uploads\/2025\/11\/Screen-Shot-2025-11-17-at-11.01.22-AM-300x231.png 300w, https:\/\/diarioelpopular.com\/wp-content\/uploads\/2025\/11\/Screen-Shot-2025-11-17-at-11.01.22-AM-768x592.png 768w, https:\/\/diarioelpopular.com\/wp-content\/uploads\/2025\/11\/Screen-Shot-2025-11-17-at-11.01.22-AM-636x491.png 636w, https:\/\/diarioelpopular.com\/wp-content\/uploads\/2025\/11\/Screen-Shot-2025-11-17-at-11.01.22-AM-95x73.png 95w, https:\/\/diarioelpopular.com\/wp-content\/uploads\/2025\/11\/Screen-Shot-2025-11-17-at-11.01.22-AM.png 1024w\" sizes=\"auto, (max-width: 1200px) 100vw, 1200px\" \/><p id=\"caption-attachment-538178\" class=\"wp-caption-text\">Jeffrey Epstein y Donald Trump en Mar-a-Lago, en 1997. Getty Images<\/p><\/div>\n<p>&nbsp;<\/p>\n<p>&nbsp;<\/p>\n<ul>\n<li><em><strong>Sospechosamente cambia de postura cuatro d\u00edas despu\u00e9s de la publicaci\u00f3n de correos en los que el pederasta afirmaba que el mandatario \u201cpas\u00f3 horas\u201d con una de las v\u00edctimas de la red<\/strong><\/em><\/li>\n<\/ul>\n<p>&nbsp;<\/p>\n<p class=\"\">Donald Trump ha pedido este domingo a los congresistas republicanos que voten para difundir todos los documentos del pederasta Jeffrey Epstein, un voto que est\u00e1 previsto para este martes pese a la previa f\u00e9rrea oposici\u00f3n del mandatario. \u201cLos republicanos de la C\u00e1mara (de Representantes) deber\u00edan votar para difundir los archivos de Epstein porque no tenemos nada que esconder, y es tiempo de salir adelante de este enga\u00f1o dem\u00f3crata perpetrado por lun\u00e1ticos de izquierda radical para distraer del gran \u00e9xito del Partido Republicano\u201d, <a title=\"https:\/\/truthsocial.com\/@realDonaldTrump\/posts\/115562626931599548\" href=\"https:\/\/truthsocial.com\/@realDonaldTrump\/posts\/115562626931599548\" target=\"_self\" rel=\"\" data-link-track-dtm=\"\" data-mrf-link=\"https:\/\/truthsocial.com\/@realDonaldTrump\/posts\/115562626931599548\">ha escrito Trump en un mensaje publicado en la red social de su propiedad, TruthSocial<\/a>.<\/p>\n<p class=\"\">El Congreso votar\u00e1 este martes para exigir la publicaci\u00f3n de los archivos por desclasificar relacionados con Epstein, financiero que se suicid\u00f3 en 2019, despu\u00e9s de que la semana pasada los dem\u00f3cratas de la C\u00e1mara de Representantes difundieran tres nuevos correos electr\u00f3nicos <a href=\"https:\/\/elpais.com\/internacional\/2025-07-27\/los-abogados-las-victimas-los-politicos-y-los-famosos-quien-es-quien-en-la-telarana-del-caso-epstein.html\" rel=\"\" data-link-track-dtm=\"\" data-mrf-link=\"https:\/\/elpais.com\/internacional\/2025-07-27\/los-abogados-las-victimas-los-politicos-y-los-famosos-quien-es-quien-en-la-telarana-del-caso-epstein.html\">del millonario pederasta<\/a> y en uno de ellos, Epstein escribe que Trump \u201cpas\u00f3 horas\u201d en casa del financiero con una de sus v\u00edctimas.<\/p>\n<p class=\"\">Trump, quien fue \u00edntimo amigo del financiero y luego prometi\u00f3 en campa\u00f1a revelar todos los archivos del caso sobre sus delitos sexuales, como prostituci\u00f3n de menores de edad, ha manifestado en su mensaje que \u201cel Departamento de Justicia ya entreg\u00f3 decenas de miles de p\u00e1ginas al p\u00fablico sobre Epstein\u201d. \u201cEst\u00e1n analizando a varios operadores dem\u00f3cratas (Bill Clinton, Reid Hoffman, Larry Summers, etc.) y su relaci\u00f3n con Epstein, y el Comit\u00e9 de Supervisi\u00f3n del Congreso puede tener lo que sea a lo que legalmente tengan derecho\u201d, ha se\u00f1alado.<\/p>\n<p class=\"\">Trump neg\u00f3 el viernes v\u00ednculos criminales con Epstein, al afirmar que \u201cinventaba memos\u201d sobre \u00e9l. En este contexto, que muy pocos le creen, sostiene ahora que \u201ca nadie le importaba Epstein cuando estaba vivo y que, si los dem\u00f3cratas tuviesen algo, lo hubiesen difundido tras la \u201cavasalladora victoria\u201d electoral de 2024. \u201cAlgunos miembros del Partido Republicano est\u00e1n siendo usados, y nosotros no podemos permitirlo. Empecemos a hablar de los logros r\u00e9cord del Partido Republicano, y no caigamos en la trampa de Epstein\u201d, ha dicho.<\/p>\n<figure class=\"a_m\">\n<div class=\"videoTop videoTop-v\">\n<div id=\"video_20251113203139229\" class=\" core_player_container \">\n<div id=\"player_alfa_inner\" class=\"core_inner\">\n<div class=\"core_cover_container\">\n<div id=\"alfa_player_image_cover\" class=\"core_cover\"><\/div>\n<div class=\"core_cover\">\n<div id=\"ph_video_20251113203139229\" class=\"videoTop videoTop-ph\">\n<div class=\"posicionador\" role=\"button\" aria-label=\"Reproducir v\u00eddeo\" data-link-track-dtm=\"\">\n<div style=\"width: 424px\" class=\"wp-caption alignnone\"><img loading=\"lazy\" decoding=\"async\" class=\"_re lazyload a_m-h\" src=\"https:\/\/imagenes.elpais.com\/resizer\/v2\/CQ3PISMZXFHC7EVABTUTRHTRDM.jpg?auth=a6cd3f883fc0f46557827f905eb6ed5c4970ec61819abbb5d1221271a0c1fae9&amp;width=414&amp;height=233&amp;smart=true\" sizes=\"auto, (min-width:1199px) 661px, (min-width: 1001px) calc((100vw - 385px)\/12*7 + 186px), (min-width:767px) 767px, 100vw\" srcset=\"https:\/\/imagenes.elpais.com\/resizer\/v2\/CQ3PISMZXFHC7EVABTUTRHTRDM.jpg?auth=a6cd3f883fc0f46557827f905eb6ed5c4970ec61819abbb5d1221271a0c1fae9&amp;width=414&amp;height=233&amp;smart=true 414w,https:\/\/imagenes.elpais.com\/resizer\/v2\/CQ3PISMZXFHC7EVABTUTRHTRDM.jpg?auth=a6cd3f883fc0f46557827f905eb6ed5c4970ec61819abbb5d1221271a0c1fae9&amp;width=828&amp;height=466&amp;smart=true 640w,https:\/\/imagenes.elpais.com\/resizer\/v2\/CQ3PISMZXFHC7EVABTUTRHTRDM.jpg?auth=a6cd3f883fc0f46557827f905eb6ed5c4970ec61819abbb5d1221271a0c1fae9&amp;width=980&amp;height=551&amp;smart=true 1000w,https:\/\/imagenes.elpais.com\/resizer\/v2\/CQ3PISMZXFHC7EVABTUTRHTRDM.jpg?auth=a6cd3f883fc0f46557827f905eb6ed5c4970ec61819abbb5d1221271a0c1fae9&amp;width=1200&amp;height=675&amp;smart=true 1200w\" alt=\"\" width=\"414\" height=\"233\" \/><p class=\"wp-caption-text\">Jeffrey Epstein y Ghislaine Maxwell, en 2005 en Nueva York. Foto: Patrick McMullan v\u00eda Getty Image<\/p><\/div>\n<div class=\"_pa _df ph-v_b ph-v_b-lg\">\n<div class=\"_df ph-v_c\"><\/div>\n<\/div>\n<\/div>\n<\/div>\n<\/div>\n<\/div>\n<\/div>\n<\/div>\n<\/div><figcaption class=\"a_m_p\"><\/figcaption><\/figure>\n<p>&nbsp;<\/p>\n<p class=\"\">El repentino cambio de postura del mandatario estadounidense llega despu\u00e9s de que una petici\u00f3n para forzar la votaci\u00f3n sobre la desclasificaci\u00f3n de los archivos alcanzase los votos necesarios con el apoyo de algunos desilusionados republicanos. Varios de quienes conforman ese grupo han adelantado que, de llegar al pleno, decenas de republicanos votar\u00edan a favor. El representante por Kentucky Thomas Massie ha afirmado que la cifra podr\u00eda alcanzar el centenar, casi la mitad de los 2019 que ocupan la bancada republicana.<\/p>\n<p class=\"\">Si la C\u00e1mara de Representantes aprueba la medida, a\u00fan tendr\u00eda que ser aprobada por el Senado y firmada por Trump para que se haga efectiva la publicaci\u00f3n. La semana pasada, estos dos pasos a\u00fan parec\u00edan inciertos, pero la declaraci\u00f3n de Trump, para adelantarse, sugiere que podr\u00edan llevarse a cabo. En el Senado, la propuesta podr\u00eda necesitar hasta 13 apoyos republicanos.<\/p>\n","protected":false},"excerpt":{"rendered":"<p>&nbsp; &nbsp; Sospechosamente cambia de postura cuatro d\u00edas despu\u00e9s de la publicaci\u00f3n de correos en los que el pederasta afirmaba que el mandatario \u201cpas\u00f3 horas\u201d&hellip;<\/p>\n","protected":false},"author":99,"featured_media":538178,"comment_status":"open","ping_status":"open","sticky":false,"template":"","format":"standard","meta":{"footnotes":""},"categories":[24],"tags":[],"class_list":["post-538177","post","type-post","status-publish","format-standard","has-post-thumbnail","hentry","category-mundo"],"_links":{"self":[{"href":"https:\/\/diarioelpopular.com\/index.php\/wp-json\/wp\/v2\/posts\/538177","targetHints":{"allow":["GET"]}}],"collection":[{"href":"https:\/\/diarioelpopular.com\/index.php\/wp-json\/wp\/v2\/posts"}],"about":[{"href":"https:\/\/diarioelpopular.com\/index.php\/wp-json\/wp\/v2\/types\/post"}],"author":[{"embeddable":true,"href":"https:\/\/diarioelpopular.com\/index.php\/wp-json\/wp\/v2\/users\/99"}],"replies":[{"embeddable":true,"href":"https:\/\/diarioelpopular.com\/index.php\/wp-json\/wp\/v2\/comments?post=538177"}],"version-history":[{"count":1,"href":"https:\/\/diarioelpopular.com\/index.php\/wp-json\/wp\/v2\/posts\/538177\/revisions"}],"predecessor-version":[{"id":538179,"href":"https:\/\/diarioelpopular.com\/index.php\/wp-json\/wp\/v2\/posts\/538177\/revisions\/538179"}],"wp:featuredmedia":[{"embeddable":true,"href":"https:\/\/diarioelpopular.com\/index.php\/wp-json\/wp\/v2\/media\/538178"}],"wp:attachment":[{"href":"https:\/\/diarioelpopular.com\/index.php\/wp-json\/wp\/v2\/media?parent=538177"}],"wp:term":[{"taxonomy":"category","embeddable":true,"href":"https:\/\/diarioelpopular.com\/index.php\/wp-json\/wp\/v2\/categories?post=538177"},{"taxonomy":"post_tag","embeddable":true,"href":"https:\/\/diarioelpopular.com\/index.php\/wp-json\/wp\/v2\/tags?post=538177"}],"curies":[{"name":"wp","href":"https:\/\/api.w.org\/{rel}","templated":true}]}}