{"id":538395,"date":"2025-11-23T13:13:53","date_gmt":"2025-11-23T17:13:53","guid":{"rendered":"https:\/\/diarioelpopular.com\/?p=538395"},"modified":"2025-11-23T13:13:53","modified_gmt":"2025-11-23T17:13:53","slug":"el-temor-de-los-iranies-conversos-al-cristianismo-en-ee-uu-que-estan-siendo-deportados-a-su-pais","status":"publish","type":"post","link":"https:\/\/diarioelpopular.com\/index.php\/2025\/11\/23\/el-temor-de-los-iranies-conversos-al-cristianismo-en-ee-uu-que-estan-siendo-deportados-a-su-pais\/","title":{"rendered":"El temor de los iran\u00edes conversos al cristianismo en EE.UU. que est\u00e1n siendo deportados a su pa\u00eds"},"content":{"rendered":"<div id=\"attachment_538396\" style=\"width: 646px\" class=\"wp-caption alignnone\"><img loading=\"lazy\" decoding=\"async\" aria-describedby=\"caption-attachment-538396\" class=\"wp-image-538396 size-custom-full-size\" src=\"https:\/\/diarioelpopular.com\/wp-content\/uploads\/2025\/11\/Screen-Shot-2025-11-23-at-12.13.17-PM-636x360.png\" alt=\"\" width=\"636\" height=\"360\" srcset=\"https:\/\/diarioelpopular.com\/wp-content\/uploads\/2025\/11\/Screen-Shot-2025-11-23-at-12.13.17-PM-636x360.png 636w, https:\/\/diarioelpopular.com\/wp-content\/uploads\/2025\/11\/Screen-Shot-2025-11-23-at-12.13.17-PM-300x170.png 300w, https:\/\/diarioelpopular.com\/wp-content\/uploads\/2025\/11\/Screen-Shot-2025-11-23-at-12.13.17-PM-768x435.png 768w, https:\/\/diarioelpopular.com\/wp-content\/uploads\/2025\/11\/Screen-Shot-2025-11-23-at-12.13.17-PM-129x73.png 129w, https:\/\/diarioelpopular.com\/wp-content\/uploads\/2025\/11\/Screen-Shot-2025-11-23-at-12.13.17-PM.png 858w\" sizes=\"auto, (max-width: 636px) 100vw, 636px\" \/><p id=\"caption-attachment-538396\" class=\"wp-caption-text\">Los conversos del islam al cristianismo son considerados ap\u00f3statas en Ir\u00e1n, donde son frecuentemente perseguidos, interrogados y hasta encarcelados.<\/p><\/div>\n<p>&nbsp;<\/p>\n<div class=\"css-19j92fr ebmt73l0\" dir=\"ltr\">\n<ul>\n<li class=\"css-1qucyee e17g058b0\" dir=\"ltr\"><em><b>Un lunes a mediados de octubre, despu\u00e9s de pasar un a\u00f1o detenido por las autoridades migratorias de Estados Unidos, unos guardias entraron sin previo anuncio a la celda de Majid en Texas.<\/b><\/em><\/li>\n<\/ul>\n<\/div>\n<div class=\"css-19j92fr ebmt73l0\" dir=\"ltr\">\n<p dir=\"ltr\">\n<p class=\"css-1qucyee e17g058b0\" dir=\"ltr\">Le dijeron escuetamente que &#8220;empacara&#8221; porque lo estaban trasladando, aunque cinco meses antes un juez de migraci\u00f3n ya le hab\u00eda otorgado protecci\u00f3n contra la deportaci\u00f3n. Encadenado de manos, cintura y pies, fue conducido durante la noche a una pista a\u00e9rea militar en el estado de Luisiana.<\/p>\n<\/div>\n<div class=\"css-19j92fr ebmt73l0\" dir=\"ltr\">\n<p class=\"css-1qucyee e17g058b0\" dir=\"ltr\">Majid \u2014no es su nombre verdadero\u2014 hab\u00eda huido de Ir\u00e1n hasta EE.UU. en octubre de 2024, despu\u00e9s de repetidas detenciones y presuntas torturas por su participaci\u00f3n en las protestas en torno a Mahsa Amini (la mujer que muri\u00f3 tras ser detenida por no tener bien puesto el velo isl\u00e1mico) y, m\u00e1s tarde, por su conversi\u00f3n al cristianismo.<\/p>\n<\/div>\n<div class=\"css-19j92fr ebmt73l0\" dir=\"ltr\">\n<p class=\"css-1qucyee e17g058b0\" dir=\"ltr\">Cuando los guardias estadounidenses lo forzaron a bordo de un avi\u00f3n que transportaba a m\u00e1s de 150 deportados rumbo a Managua, Nicaragua, Majid recuerda ser el \u00fanico no latinoamericano en la nave. Horas despu\u00e9s, el vuelo aterriz\u00f3 y los guardias lo esposaron, le negaron su solicitud de asilo y lo pusieron rumbo a Ir\u00e1n pasando por Venezuela y Turqu\u00eda, una traves\u00eda que para \u00e9l era un retorno forzado.<\/p>\n<\/div>\n<div class=\"css-19j92fr ebmt73l0\" dir=\"ltr\">\n<p class=\"css-1qucyee e17g058b0\" dir=\"ltr\">Majid logr\u00f3 escabullirse y esconderse en Estambul, aterrado de lo que le esperaba en Ir\u00e1n.<\/p>\n<\/div>\n<div class=\"css-19j92fr ebmt73l0\" dir=\"ltr\">\n<p class=\"css-1qucyee e17g058b0\" dir=\"ltr\">\u00c9l es uno de varios iran\u00edes conversos al cristianismo que hablaron \u2014la mayor\u00eda bajo anonimato por temor a lo que les podr\u00eda pasar a sus familiares en su pa\u00eds\u2014 cuyas solicitudes de asilo fueron rechazadas en el \u00faltimo a\u00f1o.<\/p>\n<\/div>\n<div class=\"css-19j92fr ebmt73l0\" dir=\"ltr\">\n<p class=\"css-1qucyee e17g058b0\" dir=\"ltr\">Sus historias indican las inconsistencias en la forma en la que las autoridades estadounidenses eval\u00faan los riesgos que enfrentan los iran\u00edes deportados y c\u00f3mo se maneja la informaci\u00f3n religiosa sensible en los expedientes de petici\u00f3n de asilo.<\/p>\n<\/div>\n<div class=\"css-19j92fr ebmt73l0\" dir=\"ltr\">\n<p class=\"css-1qucyee e17g058b0\" dir=\"ltr\">Sus experiencias tambi\u00e9n contrastan con otros elementos de la pol\u00edtica exterior de EE.UU., ya que el presidente Trump lamenta p\u00fablicamente las dificultades que sufren los cristianos perseguidos en el extranjero, y amenaza con enviar tropas a Nigeria &#8220;con toda la artiller\u00eda&#8221; si ese gobierno &#8220;sigue permitiendo la matanza de cristianos&#8221;.<\/p>\n<\/div>\n<div class=\"css-19j92fr ebmt73l0\" dir=\"ltr\">\n<p class=\"css-1qucyee e17g058b0\" dir=\"ltr\">Un funcionario de la Casa Blanca comunic\u00f3 que las solicitudes de asilo de todos los individuos deportados hab\u00edan sido resueltas por completo antes de su expulsi\u00f3n.<\/p>\n<\/div>\n<div class=\"css-19j92fr ebmt73l0\" dir=\"ltr\">\n<p class=\"css-1qucyee e17g058b0\" dir=\"ltr\">El funcionario indic\u00f3 que las recientes deportaciones a Ir\u00e1n afectaron a personas con \u00f3rdenes de expulsi\u00f3n definitiva o que hab\u00edan solicitado un regreso voluntario.<\/p>\n<\/div>\n<div class=\"css-19j92fr ebmt73l0\" dir=\"ltr\">\n<p class=\"css-1qucyee e17g058b0\" dir=\"ltr\">A\u00f1adi\u00f3 que las reglas estrictas de confidencialidad imped\u00edan a los funcionarios revelar si alguien solicit\u00f3 asilo y le fue denegado.<\/p>\n<\/div>\n<div class=\"css-19j92fr ebmt73l0\" dir=\"ltr\">\n<h2 id=\"Un-extra\u00f1o-vuelo-de-deportaci\u00f3n\" class=\"css-7k6m5n eglt09e0\" tabindex=\"-1\">Un extra\u00f1o vuelo de deportaci\u00f3n<\/h2>\n<\/div>\n<div class=\"css-19j92fr ebmt73l0\" dir=\"ltr\">\n<p class=\"css-1qucyee e17g058b0\" dir=\"ltr\">Mientras EE.UU. contin\u00faa aplicando medidas severas contra la migraci\u00f3n ilegal, ha hecho cambios sin precedentes en su pol\u00edtica hacia los solicitantes de asilo iran\u00edes.<\/p>\n<\/div>\n<div class=\"css-19j92fr ebmt73l0\" dir=\"ltr\">\n<p class=\"css-1qucyee e17g058b0\" dir=\"ltr\">A finales de septiembre, las autoridades organizaron un vuelo ch\u00e1rter con destino a Ir\u00e1n v\u00eda Qatar, el primero de su tipo en d\u00e9cadas, dada la falta de relaciones diplom\u00e1ticas y el historial de Ir\u00e1n en materia de derechos humanos.<\/p>\n<\/div>\n<div class=\"css-19j92fr ebmt73l0\" dir=\"ltr\">\n<p class=\"css-1qucyee e17g058b0\" dir=\"ltr\">El vuelo supuso un ejemplo inusual de cooperaci\u00f3n entre Teher\u00e1n y Washington.<\/p>\n<\/div>\n<div class=\"css-19j92fr ebmt73l0\" dir=\"ltr\">\n<p class=\"css-1qucyee e17g058b0\" dir=\"ltr\">Decenas de iran\u00edes fueron embarcados en el vuelo, presuntamente encadenados.<\/p>\n<\/div>\n<div class=\"css-19j92fr ebmt73l0\" dir=\"ltr\">\n<p class=\"css-1qucyee e17g058b0\" dir=\"ltr\">Uno de los deportados, Sina, describi\u00f3 c\u00f3mo guardias armados escoltaron a los pasajeros en el tramo Qatar-Teher\u00e1n. Al llegar, fueron interrogados sobre su estancia en EE.UU. y sus actividades religiosas, aunque no fueron arrestados inmediatamente, relat\u00f3 en un video que fue publicado en un canal en farsi de YouTube.<\/p>\n<\/div>\n<div class=\"css-19j92fr ebmt73l0\" dir=\"ltr\">\n<p class=\"css-1qucyee e17g058b0\" dir=\"ltr\">Entre los pasajeros se encontraba la esposa de Ali, un cristiano converso iran\u00ed que ahora vive en EE.UU. Desde entonces, la inteligencia iran\u00ed la ha contactado y citado a comparecer.<\/p>\n<\/div>\n<div class=\"css-19j92fr ebmt73l0\" dir=\"ltr\">\n<p class=\"css-1qucyee e17g058b0\" dir=\"ltr\">&#8220;Deportaron a mi esposa a Ir\u00e1n a pesar de que es cristiana&#8221;, expresa Ali -un pseud\u00f3nimo que le dio la BBC para proteger su identidad y la de su esposa- &#8220;Ahora la inteligencia iran\u00ed est\u00e1 detr\u00e1s de ella y de m\u00ed&#8221;.<\/p>\n<\/div>\n<div class=\"css-19j92fr ebmt73l0\" dir=\"ltr\">\n<p class=\"css-1qucyee e17g058b0\" dir=\"ltr\">Para la esposa de Ali y otros, el peligro se agrav\u00f3, por lo que sus abogados consideran un grave error.<\/p>\n<\/div>\n<div class=\"css-19j92fr ebmt73l0\" dir=\"ltr\">\n<p class=\"css-1qucyee e17g058b0\" dir=\"ltr\">El abogado Ali Herischi, que representa a Ali, su esposa, y otros deportados de ese viaje en septiembre, dice que varios clientes informaron de que la informaci\u00f3n sensible -incluidas declaraciones sobre la conversi\u00f3n religiosa, actividad pol\u00edtica y las razones por las que buscaron asilo- no fue eliminada antes de la deportaci\u00f3n.<\/p>\n<p dir=\"ltr\">\n<\/div>\n<figure class=\"css-1qn0xuy\">\n<div class=\"css-1gbs0ve\">\n<div style=\"width: 610px\" class=\"wp-caption alignnone\"><img loading=\"lazy\" decoding=\"async\" class=\"css-4ejld5\" src=\"https:\/\/ichef.bbci.co.uk\/ace\/ws\/640\/cpsprodpb\/5621\/live\/143f3520-c716-11f0-9197-a502c623b7e9.jpg.webp\" alt=\"Torosian, con anteojos oscuros, est\u00e1 frente a la Casa Blanca, con una cartel que lee: &quot;Los iran\u00edes cristianos huyeron de prisi\u00f3n; ahora ICE les est\u00e1 dando una nueva&quot;.\" width=\"600\" height=\"338\" \/><p class=\"wp-caption-text\">Fuente de la imagen,Getty Images. El pastor Ara Torosian afirma que los iran\u00edes cristianos temen lo que les pueda pasar si son deportados a Ir\u00e1n. Aqu\u00ed, frente a la Casa Blanca, denuncia a ICE, el Servicio de Control de Migraci\u00f3n y Aduanas de EE.UU.<\/p><\/div>\n<p class=\"css-by8ykd\" role=\"text\">\n<\/div>\n<\/figure>\n<div class=\"css-19j92fr ebmt73l0\" dir=\"ltr\">\n<h2 id=\"Por-qu\u00e9-el-regreso-es-peligroso-para-los-cristianos-conversos\" class=\"css-7k6m5n eglt09e0\" tabindex=\"-1\">Por qu\u00e9 el regreso es peligroso para los cristianos conversos<\/h2>\n<\/div>\n<div class=\"css-19j92fr ebmt73l0\" dir=\"ltr\">\n<p class=\"css-1qucyee e17g058b0\" dir=\"ltr\">Los conversos del islam forman una parte significativa de la poblaci\u00f3n cristiana de Ir\u00e1n, de unas 800.000 personas, afirma Steve Dew-Jones de\u00a0<i class=\"css-1a6qaue eih42320\">Article 18<\/i>, un grupo de defensa con sede en el Reino Unido que monitorea las violaciones contra los cristianos en Ir\u00e1n.<\/p>\n<\/div>\n<div class=\"css-19j92fr ebmt73l0\" dir=\"ltr\">\n<p class=\"css-1qucyee e17g058b0\" dir=\"ltr\">Con las iglesias oficialmente reconocidas bajo estrictas restricciones, han comenzado a surgir iglesias dom\u00e9sticas por todo el pa\u00eds. Sin embargo, los feligreses contin\u00faan enfrentando persecuci\u00f3n, asegura Dew-Jones.<\/p>\n<\/div>\n<div class=\"css-19j92fr ebmt73l0\" dir=\"ltr\">\n<p class=\"css-1qucyee e17g058b0\" dir=\"ltr\">Convertirse del islam es tratado como apostas\u00eda, y los conversos enfrentan arrestos, interrogatorios y condenas de prisi\u00f3n.<\/p>\n<\/div>\n<div class=\"css-19j92fr ebmt73l0\" dir=\"ltr\">\n<p class=\"css-1qucyee e17g058b0\" dir=\"ltr\">Las detenciones se han multiplicado por seis entre 2023 y 2024, informa el Centro de Derechos Humanos en Ir\u00e1n.<\/p>\n<\/div>\n<div class=\"css-19j92fr ebmt73l0\" dir=\"ltr\">\n<p class=\"css-1qucyee e17g058b0\" dir=\"ltr\">&#8220;Desde los recientes enfrentamientos entre Ir\u00e1n e Israel, hemos visto a las autoridades usar el t\u00e9rmino &#8216;cristianismo sionista&#8217; aun m\u00e1s agresivamente. Al catalogar a los conversos como agentes de Israel, el Estado enmarca la pr\u00e1ctica religiosa ordinaria como una amenaza de seguridad nacional&#8221;, a\u00f1ade Dew-Jones.<\/p>\n<\/div>\n<div class=\"css-19j92fr ebmt73l0\" dir=\"ltr\">\n<p class=\"css-1qucyee e17g058b0\" dir=\"ltr\">Algunos iran\u00edes que buscan asilo en el exterior citan su conversi\u00f3n como parte de su solicitud, mientras que los funcionarios iran\u00edes los acusan de exagerar o fingir conversiones para fortalecer sus casos.<\/p>\n<\/div>\n<div class=\"css-19j92fr ebmt73l0\" dir=\"ltr\">\n<p class=\"css-1qucyee e17g058b0\" dir=\"ltr\">Pero no est\u00e1 claro cu\u00e1ntos casos de asilo en EE.UU. podr\u00edan ser exagerados, en comparaci\u00f3n con los que temen realmente la persecuci\u00f3n.<\/p>\n<\/div>\n<div class=\"css-19j92fr ebmt73l0\" dir=\"ltr\">\n<p class=\"css-1qucyee e17g058b0\" dir=\"ltr\">&#8220;Es imposible juzgar la sinceridad de la fe de alguien, no hay una ventana al alma de las personas&#8221;, indica Dew-Jones. &#8220;Cierto, se puede abusar del sistema, pero tambi\u00e9n vemos muchos conversos leg\u00edtimos cuyos testimonios y registros eclesi\u00e1sticos no se toman en serio en los tribunales de asilo&#8221;.<\/p>\n<\/div>\n<div class=\"css-19j92fr ebmt73l0\" dir=\"ltr\">\n<h2 id=\"Una-vida-en-suspenso-para-los-que-quedan-atr\u00e1s\" class=\"css-7k6m5n eglt09e0\" tabindex=\"-1\">Una vida en suspenso para los que quedan atr\u00e1s<\/h2>\n<\/div>\n<div class=\"css-19j92fr ebmt73l0\" dir=\"ltr\">\n<p class=\"css-1qucyee e17g058b0\" dir=\"ltr\">Los resultados de las peticiones de asilo pueden variar dr\u00e1sticamente incluso dentro de una misma familia, seg\u00fan comentan solicitantes de asilo iran\u00edes y expertos legales.<\/p>\n<\/div>\n<div class=\"css-19j92fr ebmt73l0\" dir=\"ltr\">\n<p class=\"css-1qucyee e17g058b0\" dir=\"ltr\">A finales de junio, agentes de ICE (Servicio de Control de Migraci\u00f3n y Aduanas de EE.UU.) llegaron a la casa de Marjan y Reza en Los \u00c1ngeles.<\/p>\n<\/div>\n<div class=\"css-19j92fr ebmt73l0\" dir=\"ltr\">\n<p class=\"css-1qucyee e17g058b0\" dir=\"ltr\">En un video filmado por su pastor, Marjan se ve desplomada en el piso mientras los agentes detienen a su esposo. Momentos antes, ella lo hab\u00eda llamado pidiendo ayuda.<\/p>\n<\/div>\n<div class=\"css-19j92fr ebmt73l0\" dir=\"ltr\">\n<p class=\"css-1qucyee e17g058b0\" dir=\"ltr\">La pareja \u2014ambos cristianos conversos de Ir\u00e1n que hab\u00edan solicitado asilo en EE.UU.\u2014 fue llevada a centros de detenci\u00f3n separados. Semanas despu\u00e9s, sus casos tomaron rutas divergentes: a Marjan le otorgaron asilo en California, mientras que Reza, detenido en Nuevo M\u00e9xico, recibi\u00f3 orden de traslado a un tercer pa\u00eds.<\/p>\n<\/div>\n<div class=\"css-19j92fr ebmt73l0\" dir=\"ltr\">\n<p class=\"css-1qucyee e17g058b0\" dir=\"ltr\">Despu\u00e9s de su arresto en junio, el Departamento de Seguridad Interior public\u00f3 en su cuenta de X que &#8220;durante un operativo de control dirigido en Los \u00c1ngeles, los agentes de la Patrulla Fronteriza aprehendieron a dos ciudadanos iran\u00edes ilegalmente presentes en EE.UU., ambos se\u00f1alados como sujetos de inter\u00e9s para la seguridad nacional&#8221;.<\/p>\n<p dir=\"ltr\">\n<\/div>\n<figure class=\"css-1qn0xuy\">\n<div class=\"css-1gbs0ve\">\n<div style=\"width: 1068px\" class=\"wp-caption alignnone\"><img loading=\"lazy\" decoding=\"async\" class=\"css-4ejld5\" src=\"https:\/\/ichef.bbci.co.uk\/ace\/ws\/640\/cpsprodpb\/2900\/live\/c3181a30-c716-11f0-9fb5-5f3a3703a365.png.webp\" alt=\"Marjan yace en el piso frente a su casa mientras tres agentes de migraci\u00f3n la rodean.\" width=\"1058\" height=\"1876\" \/><p class=\"wp-caption-text\">Fuente de la imagen,Imagen de cortes\u00eda. El pastor Torosian film\u00f3 el arresto de Reza y Marjan por los enmascarados agentes de migraci\u00f3n.<\/p><\/div>\n<p class=\"css-by8ykd\" role=\"text\">\n<\/div>\n<\/figure>\n<div class=\"css-19j92fr ebmt73l0\" dir=\"ltr\">\n<p dir=\"ltr\">\n<p class=\"css-1qucyee e17g058b0\" dir=\"ltr\">El pastor Ara Torosian, que film\u00f3 su arresto, rechaza la afirmaci\u00f3n del Departamento de Seguridad Interior de que la pareja se encontraba en EE.UU. ilegalmente.<\/p>\n<\/div>\n<div class=\"css-19j92fr ebmt73l0\" dir=\"ltr\">\n<p class=\"css-1qucyee e17g058b0\" dir=\"ltr\">Asegura que entraron legalmente a trav\u00e9s de un programa humanitario y ten\u00edan permisos de trabajo. &#8220;\u00bfC\u00f3mo puede ser peligroso para la esposa, pero no para el esposo?&#8221;, se pregunta el pastor Ara Torosian, quien \u00e9l mismo huy\u00f3 de Ir\u00e1n en 2010 despu\u00e9s de ser detenido por contrabandear biblias.<\/p>\n<\/div>\n<div class=\"css-19j92fr ebmt73l0\" dir=\"ltr\">\n<p class=\"css-1qucyee e17g058b0\" dir=\"ltr\">Majid, que logr\u00f3 escabullirse en el aeropuerto en Turqu\u00eda, ha estado en un limbo desde entonces, mientras su abogado contin\u00faa con su caso. Su esposa, cuya petici\u00f3n de asilo sigue pendiente, ahora vive en Los \u00c1ngeles con su hija de un a\u00f1o y medio, que nunca ha visto a su padre.<\/p>\n<\/div>\n<div class=\"css-19j92fr ebmt73l0\" dir=\"ltr\">\n<p class=\"css-1qucyee e17g058b0\" dir=\"ltr\">En EE.UU., Ali vive con un amigo de su iglesia, y espera que su solicitud de asilo tenga m\u00e1s \u00e9xito que la de su esposa, que fue deportada este a\u00f1o a Ir\u00e1n.<\/p>\n<\/div>\n<div class=\"css-19j92fr ebmt73l0\" dir=\"ltr\">\n<p class=\"css-1qucyee e17g058b0\" dir=\"ltr\">&#8220;Si me conceden el asilo, \u00bfc\u00f3mo podr\u00e9 quedarme aqu\u00ed si mi esposa est\u00e1 en Ir\u00e1n? Si me deportan, podr\u00eda terminar en prisi\u00f3n el instante en que aterrice&#8221;.<\/p>\n<\/div>\n<div class=\"css-19j92fr ebmt73l0\" dir=\"ltr\">\n<p class=\"css-1qucyee e17g058b0\" dir=\"ltr\">No tiene posibilidad de trabajar legalmente o abrir una cuenta bancaria. Primero se qued\u00f3 con un pariente lejano &#8220;s\u00f3lo hasta que el caso de mi esposa se resolviera&#8221;, pero nunca la soltaron y, despu\u00e9s de un a\u00f1o en detenci\u00f3n, fue deportada. Una peque\u00f1a iglesia le ofreci\u00f3 posteriormente refugio temporal.<\/p>\n<\/div>\n<div class=\"css-19j92fr ebmt73l0\" dir=\"ltr\">\n<p class=\"css-1qucyee e17g058b0\" dir=\"ltr\">&#8220;Cada vez que me piden que me vaya, tengo que dormir en parques&#8221;, dice.<\/p>\n<\/div>\n<div class=\"css-19j92fr ebmt73l0\" dir=\"ltr\">\n<p class=\"css-1qucyee e17g058b0\" dir=\"ltr\">Est\u00e1 esperando una audiencia de inmigraci\u00f3n, pero no augura un buen resultado. Su esposa recibi\u00f3 una nueva orden de comparecencia de la inteligencia iran\u00ed.<\/p>\n<\/div>\n<div class=\"css-19j92fr ebmt73l0\" dir=\"ltr\">\n<p class=\"css-1qucyee e17g058b0\" dir=\"ltr\">&#8220;Si la arrestan y exigen mi regreso&#8221;, comenta calladamente, &#8220;no tendr\u00e9 otra opci\u00f3n&#8221;.<\/p>\n<\/div>\n","protected":false},"excerpt":{"rendered":"<p>&nbsp; Un lunes a mediados de octubre, despu\u00e9s de pasar un a\u00f1o detenido por las autoridades migratorias de Estados Unidos, unos guardias entraron sin previo&hellip;<\/p>\n","protected":false},"author":99,"featured_media":538396,"comment_status":"open","ping_status":"open","sticky":false,"template":"","format":"standard","meta":{"footnotes":""},"categories":[24],"tags":[],"class_list":["post-538395","post","type-post","status-publish","format-standard","has-post-thumbnail","hentry","category-mundo"],"_links":{"self":[{"href":"https:\/\/diarioelpopular.com\/index.php\/wp-json\/wp\/v2\/posts\/538395","targetHints":{"allow":["GET"]}}],"collection":[{"href":"https:\/\/diarioelpopular.com\/index.php\/wp-json\/wp\/v2\/posts"}],"about":[{"href":"https:\/\/diarioelpopular.com\/index.php\/wp-json\/wp\/v2\/types\/post"}],"author":[{"embeddable":true,"href":"https:\/\/diarioelpopular.com\/index.php\/wp-json\/wp\/v2\/users\/99"}],"replies":[{"embeddable":true,"href":"https:\/\/diarioelpopular.com\/index.php\/wp-json\/wp\/v2\/comments?post=538395"}],"version-history":[{"count":1,"href":"https:\/\/diarioelpopular.com\/index.php\/wp-json\/wp\/v2\/posts\/538395\/revisions"}],"predecessor-version":[{"id":538397,"href":"https:\/\/diarioelpopular.com\/index.php\/wp-json\/wp\/v2\/posts\/538395\/revisions\/538397"}],"wp:featuredmedia":[{"embeddable":true,"href":"https:\/\/diarioelpopular.com\/index.php\/wp-json\/wp\/v2\/media\/538396"}],"wp:attachment":[{"href":"https:\/\/diarioelpopular.com\/index.php\/wp-json\/wp\/v2\/media?parent=538395"}],"wp:term":[{"taxonomy":"category","embeddable":true,"href":"https:\/\/diarioelpopular.com\/index.php\/wp-json\/wp\/v2\/categories?post=538395"},{"taxonomy":"post_tag","embeddable":true,"href":"https:\/\/diarioelpopular.com\/index.php\/wp-json\/wp\/v2\/tags?post=538395"}],"curies":[{"name":"wp","href":"https:\/\/api.w.org\/{rel}","templated":true}]}}