{"id":5384,"date":"2011-07-20T11:37:05","date_gmt":"2011-07-20T15:37:05","guid":{"rendered":"http:\/\/retrolab.ca\/elpopular\/?p=5384"},"modified":"2011-07-20T11:37:05","modified_gmt":"2011-07-20T15:37:05","slug":"notas-del-futbol-hispano-6","status":"publish","type":"post","link":"https:\/\/diarioelpopular.com\/index.php\/2011\/07\/20\/notas-del-futbol-hispano-6\/","title":{"rendered":"Notas del f\u00fatbol hispano"},"content":{"rendered":"<div id=\"attachment_5387\" style=\"width: 310px\" class=\"wp-caption alignright\"><a href=\"http:\/\/retrolab.ca\/elpopular\/wp-content\/uploads\/2011\/07\/FOTO-1-NOTAS1.jpg\"><img loading=\"lazy\" decoding=\"async\" aria-describedby=\"caption-attachment-5387\" class=\"size-medium wp-image-5387\" title=\"Byron Garc\u00eda, Samuel Mineros y Jimmy Gonz\u00e1lez, integrantes de la terna centroamericana en los partidos de la Central League Soccer\" src=\"http:\/\/retrolab.ca\/elpopular\/wp-content\/uploads\/2011\/07\/FOTO-1-NOTAS1-300x190.jpg\" alt=\"\" width=\"300\" height=\"190\" \/><\/a><p id=\"caption-attachment-5387\" class=\"wp-caption-text\">Byron Garc\u00eda, Samuel Mineros y Jimmy Gonz\u00e1lez, integrantes de la terna centroamericana en los partidos de la Central League Soccer<\/p><\/div>\n<p>Los vaticinios en el f\u00fatbol cada vez son m\u00e1s inciertos, sino f\u00edjense los sucedi\u00f3 el \u00faltimo fin de semana, cuando los favoritos perdieron contra casi todo pron\u00f3stico; en la Copa Am\u00e9rica, los cuatro favoritos fueron eliminados: Argentina, Brasil, Colombia y Chile. En el torneo mundial femenino, las americanas eran fijas para llevarse su tercera corona, sin embargo las japonesas se llevaron la copa del mundo ante el asombro de todo el mundo. Las japonesas demostraron mucha inteligencia para jugar en equipo, dejando casi de lado el juego individual; agregando su disciplina t\u00e1ctica y su incre\u00edble estado f\u00edsico que en lugar de 11 jugadores parecen 20 en la cancha porque por todos lados aparecen en la marca al rival\u2026<\/p>\n<p>Ignacio Pisco, el r\u00e9feri de los ni\u00f1os ahora dirige los partidos con unos lentes que parecen de tercera dimensi\u00f3n. Pensando que era un nuevo estilo del \u201cCholo\u201d, m\u00e1s bien nos dijo que en breve van operarlo de un ojo, pero despu\u00e9s de un descanso de par de fechas retornar\u00e1 a la actividad en el torneo de los Navia\u2026<\/p>\n<div id=\"attachment_5389\" style=\"width: 222px\" class=\"wp-caption alignleft\"><a href=\"http:\/\/retrolab.ca\/elpopular\/wp-content\/uploads\/2011\/07\/FOTO-2-NOTAS1.jpg\"><img loading=\"lazy\" decoding=\"async\" aria-describedby=\"caption-attachment-5389\" class=\"size-medium wp-image-5389\" title=\"Yanko Quiroz, jugador del Deportivo Patria, que al parecer no seguir\u00e1 participando en la Liga Hispana masters\" src=\"http:\/\/retrolab.ca\/elpopular\/wp-content\/uploads\/2011\/07\/FOTO-2-NOTAS1-212x300.jpg\" alt=\"\" width=\"212\" height=\"300\" \/><\/a><p id=\"caption-attachment-5389\" class=\"wp-caption-text\">Yanko Quiroz, jugador del Deportivo Patria, que al parecer no seguir\u00e1 participando en la Liga Hispana masters<\/p><\/div>\n<p>Al parecer acab\u00f3 el supli\u00f3 del sufrido profesor Mario Madrid, entrenador del Deportivo Patria, en eso de la angustiante espera de sus jugadores antes de cada partido en los masters de la hispana; ahora despu\u00e9s de dos fechas de no presentaci\u00f3n, todo parece indicar que Rodrigo, aplicar\u00e1 el reglamento para darle descanso por el resto de la temporada al Patria que nunca jug\u00f3 con sus 11 chicos reglamentarios.<\/p>\n<p>La terna arbitral centroamericana integrada por Byron Garc\u00eda, Jimmy Gonz\u00e1lez y Samuel Mineros, tiene mucha actividad en torneos de la Central Soccer League que se juega por todo Ontario. El pasado s\u00e1bado esta terna estuvo pitando en horas de la ma\u00f1ana en Ni\u00e1gara Falls, luego en la tarde en la cancha 1 de Eglinton Flats, con buen trabajo. Samuel, el m\u00e1s experimentado de los tres, en esta ocasi\u00f3n fue el \u00e1rbitro central, mientras Jimmy y Byron, fueron sus colaboradores en las l\u00edneas laterales. Byron, afirma que el dinero que les pagan en cada juego se los reparten en forma iguales no importa qu\u00e9 puesto ocupan en la cancha. De esta forma son los mosqueteros del arbitraje, aqu\u00ed no hay envidias, todos comen de un mismo plato. Jimmy \u201ctrencita\u201d Gonz\u00e1lez, destacaba que utilizan uniformes nuevos de Adidas para lucir bien presentados en cada partido de la Central Soccer League, muy sus exigentes en ese aspecto, adem\u00e1s de la puntualidad y disciplina: \u201cpor eso nunca nos falta trabajo\u201d, agregaba el \u201ctrencita\u201d\u2026<\/p>\n<p>Algunos \u00e1rbitros latinos, que a veces no reciben oportunidad de trabajo en las ligas hispanas, se las buscan por otros lados. Armando Pereira, es el actual coordinador de la liga hispana masters. Este r\u00e9feri portugu\u00e9s, es uno de los mejores en Toronto, aunque una vez en un torneo indoor de don Manuel, le anul\u00f3 un gol leg\u00edtimo a Bernardo Nolasco, quien se enoj\u00f3 con mucha raz\u00f3n\u2026<\/p>\n<div id=\"attachment_5391\" style=\"width: 249px\" class=\"wp-caption alignright\"><a href=\"http:\/\/retrolab.ca\/elpopular\/wp-content\/uploads\/2011\/07\/FOTO-3-NOTAS1.jpg\"><img loading=\"lazy\" decoding=\"async\" aria-describedby=\"caption-attachment-5391\" class=\"size-medium wp-image-5391\" title=\"Lionel Messi, vuelve al Barcelona, luego de su limitada actuaci\u00f3n con la selecci\u00f3n Argentina. (Foto Jos\u00e9 Ruiz, corresponsal en Argentina)\" src=\"http:\/\/retrolab.ca\/elpopular\/wp-content\/uploads\/2011\/07\/FOTO-3-NOTAS1-239x300.jpg\" alt=\"\" width=\"239\" height=\"300\" \/><\/a><p id=\"caption-attachment-5391\" class=\"wp-caption-text\">Lionel Messi, vuelve al Barcelona, luego de su limitada actuaci\u00f3n con la selecci\u00f3n Argentina. (Foto Jos\u00e9 Ruiz, corresponsal en Argentina)<\/p><\/div>\n<p>Quiz\u00e1 no nos causa extra\u00f1eza que varios de los partidos de la Copa Am\u00e9rica comiencen a las 7:45 p.m.; pero si tomamos en cuenta la diferencia horaria, en Argentina, anfitri\u00f3n del torneo, y Brasil, los encuentros inician a las 9:45 p.m. Muchos se han preguntado porqu\u00e9 tan tarde y cuando a esa hora hace mucho fr\u00edo debido al invierno. Aqu\u00ed, una curiosa explicaci\u00f3n que nos dice que no solo el f\u00fatbol apasiona a muchos latinoamericanos, sino tambi\u00e9n las telenovelas. Lo que sucede es que ese horario se eligi\u00f3 para que los partidos no compitan con la telenovela m\u00e1s popular que se transmite en el pa\u00eds m\u00e1s grande de la regi\u00f3n sudamericana, Brasil. Hablamos de \u201cInsensato coraz\u00f3n\u201d, que en el pa\u00eds de la samba se transmite a las 9 p.m. y cuenta la historia de dos hermanos enamorados de la misma mujer. La producci\u00f3n se transmite de lunes a s\u00e1bado por la Rede Globo, y es la que m\u00e1s dinero aporta a la transmisi\u00f3n del torneo por televisi\u00f3n. Es por ello que todo se tiene que acomodar a las necesidades de esta compa\u00f1\u00eda, explic\u00f3 Jochen Losch, presidente de Negocios Internacionales de Traffic Sports, empresa due\u00f1a de los derechos de transmisi\u00f3n de la Copa Am\u00e9rica. Seg\u00fan dijo a la BBC, \u201cen Brasil es tradicional que los partidos de f\u00fatbol se disputen a media semana y a las 21:45, despu\u00e9s del horario de la telenovela\u201d, y esto, que \u201ces parte de la cultura brasile\u00f1a\u201d, incluye a la Copa Brasile\u00f1a, la Libertadores y Sudamericana. Varios seleccionados de Brasil confesaron recientemente ser seguidores de la novela. \u201cOooh, \u201cInsensato coraz\u00f3n\u201d arrasa en la concentraci\u00f3n, ja, ja, ja\u201d, brome\u00f3 en su cuenta de Twitter, Dani Alves, quien coment\u00f3 adem\u00e1s que prefiri\u00f3 ver el programa en vez del pasado partido entre Argentina y Colombia. \u201cEs nuestro pasatiempo. Ayuda a pasar el tiempo m\u00e1s r\u00e1pido y a estar un poco m\u00e1s juntos\u201d, se\u00f1al\u00f3 por su parte la estrella brasile\u00f1a Neymar\u2026<\/p>\n<div id=\"attachment_5394\" style=\"width: 310px\" class=\"wp-caption alignleft\"><a href=\"http:\/\/retrolab.ca\/elpopular\/wp-content\/uploads\/2011\/07\/FOTO-4-NOTAS..jpg\"><img loading=\"lazy\" decoding=\"async\" aria-describedby=\"caption-attachment-5394\" class=\"size-medium wp-image-5394\" title=\"Uruguay, mantiene su buen nivel en la Copa Am\u00e9rica 2011. (Foto Jos\u00e9 Ruiz, corresponsal en Argentina)\" src=\"http:\/\/retrolab.ca\/elpopular\/wp-content\/uploads\/2011\/07\/FOTO-4-NOTAS.-300x206.jpg\" alt=\"\" width=\"300\" height=\"206\" \/><\/a><p id=\"caption-attachment-5394\" class=\"wp-caption-text\">Uruguay, mantiene su buen nivel en la Copa Am\u00e9rica 2011. Foto: Jos\u00e9 Ruiz, corresponsal en Argentina<\/p><\/div>\n<p>De las cinco selecciones sudamericanas que disputar\u00e1n la Copa Mundial Sub-20 de la FIFA Colombia 2011 que se inicia el 29 de julio, es probable que Ecuador sea la que menos miradas atrae en el gran concierto internacional. La raz\u00f3n salta a la vista: con una \u00fanica participaci\u00f3n previa, 10 a\u00f1os atr\u00e1s en Argentina, es la que menos veces ha aparecido en la m\u00e1xima cita de la categor\u00eda, aunque el dato puede ser irrelevante a la hora que comience a rodar el bal\u00f3n. Esa es, al menos, la mirada de su entrenador Sixto Vizuete. \u201cEste es un equipo que, en su mayor\u00eda, viene junto desde la categor\u00eda sub-15\u201d, explica el t\u00e9cnico a FIFA.com. \u201cEso quiere decir que sabe a qu\u00e9 juega, y ya lo demostr\u00f3 en el Sudamericano. Desde la clasificaci\u00f3n al Mundial, hemos mejorado d\u00eda a d\u00eda y noto en el grupo mucha solidaridad y entrega. Son cosas que van m\u00e1s all\u00e1 de lo f\u00edsico, lo t\u00e1ctico y lo t\u00e9cnico. El f\u00fatbol ecuatoriano est\u00e1 obteniendo resultados y eso ayuda a la cuesti\u00f3n mental. Estos chicos saben que est\u00e1n en condiciones de competir cara a cara con cualquiera\u201d, agrega con convicci\u00f3n el t\u00e9cnico nacido en Guaytacama el 13 de enero de 1961. Puesto en el compromiso, Vizuete no tiene problemas en ahondar sobre los suyos. \u201cConduzco un conjunto equilibrado con m\u00e1s de un l\u00edder por l\u00ednea, futbolistas que ya tienen experiencia para manejar los ritmos de un partido de acuerdo a las necesidades. Edison Monta\u00f1o, que est\u00e1 en el Gante de B\u00e9lgica, es uno de ellos; Renato Ibarra, que acaba de firmar por el Vitesse holand\u00e9s es otro; pero tambi\u00e9n hay casos como los de Dennis Qui\u00f1ones, Marcos Caicedo, Fernando Gaibor, quienes se han desarrollado enteramente en Ecuador\u201d, comenta quien tuviera la valla menos vencida del clasificatorio regional. Bachiller en humanidades, profesor de educaci\u00f3n f\u00edsica y \u00e1rbitro de f\u00fatbol adem\u00e1s de t\u00e9cnico, la carrera de Vizuete como entrenador tuvo un giro so\u00f1ado en 2007, cuando primero condujo a un combinado juvenil rumbo a la medalla dorada en los Juegos Panamericanos de R\u00edo de Janeiro y, meses despu\u00e9s, fue nombrado entrenador de la selecci\u00f3n mayor que estaba disputando sin buen rumbo las eliminatorias para la Copa Mundial de la FIFA 2010. Ecuador abrir\u00e1 su participaci\u00f3n en el Grupo C ante Australia, el 31 de julio en la ciudad de Manizales, luego enfrentar\u00e1 a Espa\u00f1a y cerrar\u00e1 la primera fase frente a Costa Rica. \u201cA los australianos no los conocemos mucho todav\u00eda, pero su f\u00fatbol se ha europeizado en general, cuentan con jugadores potentes y no creo que el sub-20 sea distinto. Costa Rica ha crecido en su regi\u00f3n como nosotros en Sudam\u00e9rica, aunque ser\u00e1 m\u00e1s sencillo planificar ese partido porque ya los habremos visto dos veces. Espa\u00f1a, mientras tanto, podr\u00eda ser la medida de hasta d\u00f3nde podemos llegar\u201d\u2026.<\/p>\n<div id=\"attachment_5397\" style=\"width: 310px\" class=\"wp-caption alignright\"><a href=\"http:\/\/retrolab.ca\/elpopular\/wp-content\/uploads\/2011\/07\/FOTO-5-NOTAS1.jpg\"><img loading=\"lazy\" decoding=\"async\" aria-describedby=\"caption-attachment-5397\" class=\"size-medium wp-image-5397\" title=\"Edwin Jara, Giovanni y Pablo Sandoval y Edgar Tello, jugadores en el Pichincha en los masters de la hispana\" src=\"http:\/\/retrolab.ca\/elpopular\/wp-content\/uploads\/2011\/07\/FOTO-5-NOTAS1-300x199.jpg\" alt=\"\" width=\"300\" height=\"199\" \/><\/a><p id=\"caption-attachment-5397\" class=\"wp-caption-text\">Edwin Jara, Giovanni y Pablo Sandoval y Edgar Tello, jugadores en el Pichincha en los masters de la hispana<\/p><\/div>\n<p>Las estrellas del LA Galaxy David Beckham y Landon Donovan se unen al reconocido Thierry Henry del New York Red Bulls entre los 22 jugadores estrellas de la MLS confirmados para enfrentar al Manchester United en el Partido de las Estrellas 2011 presentado por AT&amp;T el mi\u00e9rcoles, 27 de julio en el Red Bull Arena. El director t\u00e9cnico de las Estrellas, Hans Backe de los Red Bulls, seleccion\u00f3 la n\u00f3mina. Debido al formato competitivo del Partido de las Estrellas &#8212; MLS vs. el Mundo \u2013 la MLS le pidi\u00f3 a Backe que seleccionara jugadores entre todos los que estaban disponibles, y Backe construy\u00f3 una n\u00f3mina din\u00e1mica y balanceada llena de los jugadores m\u00e1s talentosos de la Liga. Backe cuenta con varios \u00e9xitos contra Manchester United, incluyendo dos victorias en la temporada 2007-08 del Manchester City en donde Backe era el t\u00e9cnico auxiliar bajo el ex t\u00e9cnico Sven-G\u00f6ran Eriksson. Backe selecciono los ocho Estrellas quienes fueron escogidos por la afici\u00f3n \u2013 incluyendo el ganador de voto por texto AT&amp;T Matt Besler de Sporting Kansas City \u2013 quienes estar\u00e1n disponibles para jugar el 27 de julio. Kasey Keller (Seattle Sounders FC) y Brek Shea (FC Dallas) no est\u00e1n disponibles debido al partido de Copa Campeones CONCACAF durante la semana del Partido de las Estrellas. Omar Gonz\u00e1lez (LA Galaxy) y Rafa M\u00e1rquez (New York Red Bulls) no est\u00e1n disponibles debido a lesiones. Adem\u00e1s de Donovan, quien suma once participaciones en dicho evento, el ex jugador del Manchester United, Beckham y el campe\u00f3n de la Copa Mundial, Henry, la n\u00f3mina tambi\u00e9n incluyen a veteranos del Partido de las Estrellas como Shalrie Joseph (New Enlgand Revolution), Brad Davis (Houston Dynamo) y Kyle Beckerman (Real Salt Lake). Otros seleccionados para la n\u00f3mina de jugadores tienen mucha experiencia internacional pero son escogidos por primera vez: el \u00eddolo mexicano Omar Bravo (Sporting Kansas City), el veterano de la selecci\u00f3n nacional de Colombia Faryd Mondrag\u00f3n (Philadelphia Union), el defensor izquierdo de la selecci\u00f3n nacional de los EE.UU. Heath Pearce (Chivas USA) y el veloz delantero jamaiquino Omar Cummings (Colorado Rapids). Casi por primera vez ning\u00fan jugador canadiense recibi\u00f3 nominaci\u00f3n del seleccionado de estrellas de la MSL. Anteriormente Dwayne De Rosario, siempre iba pero desde su salida injusta del Toronto FC, el jugador del barrio de Scarborough, anda como barco sin puerto; primero estuvo en Nueva York Bullreds, ahora lo vemos en DC United, pero sin destacar por sus goles\u2026<\/p>\n<div id=\"attachment_5399\" style=\"width: 221px\" class=\"wp-caption alignleft\"><a href=\"http:\/\/retrolab.ca\/elpopular\/wp-content\/uploads\/2011\/07\/FOTO-6-NOTAS1.jpg\"><img loading=\"lazy\" decoding=\"async\" aria-describedby=\"caption-attachment-5399\" class=\"size-medium wp-image-5399 \" title=\"Bayron Vargas, a pesar de jugar algo lesionado, es uno de los mejores valores de Ecuador United en los masters de la hispana\" src=\"http:\/\/retrolab.ca\/elpopular\/wp-content\/uploads\/2011\/07\/FOTO-6-NOTAS1-264x300.jpg\" alt=\"\" width=\"211\" height=\"240\" \/><\/a><p id=\"caption-attachment-5399\" class=\"wp-caption-text\">Bayron Vargas, a pesar de jugar algo lesionado, es uno de los mejores valores de Ecuador United en los masters de la hispana<\/p><\/div>\n<p>Toronto FC vuelve a la cancha, hoy mi\u00e9rcoles a las 8 pm, ante FC Dallas en el BMO, se espera el debut de sus nuevos jugadores internacionales\u2026<\/p>\n<p>El jugador argentino Mauro Rosales, lider\u00f3 la remontada de Seattle, que dio vuelta un 1-2 en contra para vencer 4-3 a Colorado Rapids en el Centurylink Field. Por su haza\u00f1a, el volante fue nombre el Jugador de la Semana para la Fecha 18 de la MSL, reconocimiento otorgado por la Asociaci\u00f3n de Reporteros de F\u00fatbol de Norteam\u00e9rica. Con una asistencia y un gol \u2013 el del triunfo \u2013 Rosales se hizo merecedor del premio semanal, superando por apenas un voto a Troy Perkins, portero del Portland Timbers. De esta forma, Rosales se convirti\u00f3 en el tercer miembro de los Sounders \u2013 y el segundo consecutivo \u2013 en ser nombrado el Jugador de la Semana durante la temporada 2011. Antes, Fredy Montero (Fecha 17) y Jeff Parke (Fecha 10) se adjudicaron el mismo premio. Rosales le dio el sufrido triunfo a Seattle al minuto 84, tras definir de primera un gran servicio de Montero. Fue la d\u00e9cima victoria de la temporada para el elenco esmeralda, que est\u00e1 a s\u00f3lo un punto del l\u00edder de la Conferencia Oeste, Los Angeles Galaxy. \u201cMauro es de los que mejor tira los centros en esta liga\u201d, dijo Sigi Schmid, t\u00e9cnico de los Sounders. \u201c\u00c9l encuentra a sus compa\u00f1eros y les da pases perfectos\u201d\u2026<\/p>\n<div id=\"attachment_5401\" style=\"width: 338px\" class=\"wp-caption alignright\"><a href=\"http:\/\/retrolab.ca\/elpopular\/wp-content\/uploads\/2011\/07\/FOTO-7-NOTAS..jpg\"><img loading=\"lazy\" decoding=\"async\" aria-describedby=\"caption-attachment-5401\" class=\"size-large wp-image-5401  \" title=\"Egni, una modelo paraguaya, forma parte de la barra de su selecci\u00f3n en la Copa Am\u00e9rica 2011. (Foto Jos\u00e9 Ruiz, corresponsal en Argentina)\" src=\"http:\/\/retrolab.ca\/elpopular\/wp-content\/uploads\/2011\/07\/FOTO-7-NOTAS.-586x1024.jpg\" alt=\"\" width=\"328\" height=\"574\" \/><\/a><p id=\"caption-attachment-5401\" class=\"wp-caption-text\">Egni, una modelo paraguaya, forma parte de la barra de su selecci\u00f3n en la Copa Am\u00e9rica 2011. Foto: Jos\u00e9 Ruiz, corresponsal en Argentina<\/p><\/div>\n<p>Major League Soccer y CAA anunciaron que partidos del 2011 Herbalife World Football Challenge ser\u00e1n transmitidos en vivo en Canad\u00e1. La cobertura en vivo estar\u00e1 disponible en TSN y GOL TV Canad\u00e1 \u2013el calendario completo a continuaci\u00f3n.<\/p>\n<p>TSN, el canal deportivo m\u00e1s visto en Canad\u00e1 y el emisor oficial de MLS en Canad\u00e1, al igual que TSN2 transmitir\u00e1n cuatro partidos este verano. Uni\u00e9ndose a TSN en la transmisi\u00f3n del Herbalife World Football Challenge es GOL TV Canad\u00e1, el \u00fanico canal en la naci\u00f3n dedicado al f\u00fatbol 24 horas, la cual transmitir\u00e1 ocho de los partidos:<\/p>\n<ul>\n<li>Real Madrid ante Guadalajara, hoy a las 11 de la noche GOL TV.<\/li>\n<li>Chicago Fire vs. Manchester United, 5:00 p.m. por GOL TV.<\/li>\n<li>24-Jul. LA Galaxy vs. Manchester City, 4:00 p.m. TSN2.<\/li>\n<li>26-Jul. Club America vs. Juventus FC, 7:30 p.m. GOL TV Canad\u00e1.<\/li>\n<li>28-Jul. CD Guadalajara vs. Juventus FC, 8:00 p.m. GOL TV Canad\u00e1<\/li>\n<li>30-Jul. Manchester United vs. FC Barcelona, 7:00 p.m. GOL TV Canad\u00e1.<\/li>\n<li>3-Ago. FC Barcelona vs. CD Guadalajara, 8:00 p.m. GOL TV Canad\u00e1<\/li>\n<li>6-Ago. FC Barcelona vs. Club Am\u00e9rica, GOL TV Canad\u00e1.<\/li>\n<\/ul>\n<p>Alfredo Oyague, juega en bien en el Deportivo Cuenca en los masters de la hispana, pero en las \u00faltimas fechas no anota goles. A lo mejor los est\u00e1 guardando para cuando se midan Cuenca ante Ecuador United, su ex equipo\u2026<\/p>\n<p>Jos\u00e9 Ruiz, nuestro corresponsal en Argentina, que sigue la Copa Am\u00e9rica, felicitaba a la comunidad uruguaya de Toronto por su facebook, por su triunfo ante Argentina; despu\u00e9s nos dej\u00f3 unas fotos de Messi, Uruguay y una bella modelo paraguaya. Mientras que al Messi, se le notaba un cara de hasti\u00f3 que no pod\u00eda disimular. Ahora a descansar un poco, porque antes de fin de mes Barcelona inicia su gira por Estados Unidos, y sin Messi, la atracci\u00f3n se viene al piso\u2026<\/p>\n<p>Hasta la pr\u00f3xima\u2026<\/p>\n<div id=\"attachment_5405\" style=\"width: 650px\" class=\"wp-caption aligncenter\"><a href=\"http:\/\/retrolab.ca\/elpopular\/wp-content\/uploads\/2011\/07\/FOTO-8-NOTAS1.jpg\"><img loading=\"lazy\" decoding=\"async\" aria-describedby=\"caption-attachment-5405\" class=\"size-large wp-image-5405\" title=\"El equipo de Colombia, de buenas actuaciones en la Centro Sur York adultos. Foto: Alberto Nakotov\" src=\"http:\/\/retrolab.ca\/elpopular\/wp-content\/uploads\/2011\/07\/FOTO-8-NOTAS1-1024x580.jpg\" alt=\"\" width=\"640\" height=\"362\" \/><\/a><p id=\"caption-attachment-5405\" class=\"wp-caption-text\">El equipo de Colombia, de buenas actuaciones en la Centro Sur York adultos. Foto: Alberto Nakotov<\/p><\/div>\n","protected":false},"excerpt":{"rendered":"<p>Los vaticinios en el f\u00fatbol cada vez son m\u00e1s inciertos, sino f\u00edjense los sucedi\u00f3 el \u00faltimo fin de semana, cuando los favoritos perdieron contra casi&hellip;<\/p>\n","protected":false},"author":1,"featured_media":5407,"comment_status":"closed","ping_status":"open","sticky":false,"template":"","format":"standard","meta":{"footnotes":""},"categories":[28],"tags":[],"class_list":["post-5384","post","type-post","status-publish","format-standard","has-post-thumbnail","hentry","category-deportes"],"_links":{"self":[{"href":"https:\/\/diarioelpopular.com\/index.php\/wp-json\/wp\/v2\/posts\/5384","targetHints":{"allow":["GET"]}}],"collection":[{"href":"https:\/\/diarioelpopular.com\/index.php\/wp-json\/wp\/v2\/posts"}],"about":[{"href":"https:\/\/diarioelpopular.com\/index.php\/wp-json\/wp\/v2\/types\/post"}],"author":[{"embeddable":true,"href":"https:\/\/diarioelpopular.com\/index.php\/wp-json\/wp\/v2\/users\/1"}],"replies":[{"embeddable":true,"href":"https:\/\/diarioelpopular.com\/index.php\/wp-json\/wp\/v2\/comments?post=5384"}],"version-history":[{"count":0,"href":"https:\/\/diarioelpopular.com\/index.php\/wp-json\/wp\/v2\/posts\/5384\/revisions"}],"wp:featuredmedia":[{"embeddable":true,"href":"https:\/\/diarioelpopular.com\/index.php\/wp-json\/"}],"wp:attachment":[{"href":"https:\/\/diarioelpopular.com\/index.php\/wp-json\/wp\/v2\/media?parent=5384"}],"wp:term":[{"taxonomy":"category","embeddable":true,"href":"https:\/\/diarioelpopular.com\/index.php\/wp-json\/wp\/v2\/categories?post=5384"},{"taxonomy":"post_tag","embeddable":true,"href":"https:\/\/diarioelpopular.com\/index.php\/wp-json\/wp\/v2\/tags?post=5384"}],"curies":[{"name":"wp","href":"https:\/\/api.w.org\/{rel}","templated":true}]}}