{"id":538413,"date":"2025-11-24T11:58:44","date_gmt":"2025-11-24T15:58:44","guid":{"rendered":"https:\/\/diarioelpopular.com\/?p=538413"},"modified":"2025-11-24T11:58:44","modified_gmt":"2025-11-24T15:58:44","slug":"estados-unidos-declara-terrorista-a-maduro-en-plena-escalada-militar-con-venezuela","status":"publish","type":"post","link":"https:\/\/diarioelpopular.com\/index.php\/2025\/11\/24\/estados-unidos-declara-terrorista-a-maduro-en-plena-escalada-militar-con-venezuela\/","title":{"rendered":"Estados Unidos declara terrorista a Maduro en plena escalada militar con Venezuela"},"content":{"rendered":"<div id=\"attachment_538414\" style=\"width: 1210px\" class=\"wp-caption alignnone\"><img loading=\"lazy\" decoding=\"async\" aria-describedby=\"caption-attachment-538414\" class=\"wp-image-538414 size-custom-big-size\" src=\"https:\/\/diarioelpopular.com\/wp-content\/uploads\/2025\/11\/Screen-Shot-2025-11-24-at-10.57.39-AM-1200x820.png\" alt=\"\" width=\"1200\" height=\"820\" srcset=\"https:\/\/diarioelpopular.com\/wp-content\/uploads\/2025\/11\/Screen-Shot-2025-11-24-at-10.57.39-AM-1200x820.png 1200w, https:\/\/diarioelpopular.com\/wp-content\/uploads\/2025\/11\/Screen-Shot-2025-11-24-at-10.57.39-AM-300x205.png 300w, https:\/\/diarioelpopular.com\/wp-content\/uploads\/2025\/11\/Screen-Shot-2025-11-24-at-10.57.39-AM-768x525.png 768w, https:\/\/diarioelpopular.com\/wp-content\/uploads\/2025\/11\/Screen-Shot-2025-11-24-at-10.57.39-AM-636x434.png 636w, https:\/\/diarioelpopular.com\/wp-content\/uploads\/2025\/11\/Screen-Shot-2025-11-24-at-10.57.39-AM-80x55.png 80w, https:\/\/diarioelpopular.com\/wp-content\/uploads\/2025\/11\/Screen-Shot-2025-11-24-at-10.57.39-AM-107x73.png 107w, https:\/\/diarioelpopular.com\/wp-content\/uploads\/2025\/11\/Screen-Shot-2025-11-24-at-10.57.39-AM.png 1024w\" sizes=\"auto, (max-width: 1200px) 100vw, 1200px\" \/><p id=\"caption-attachment-538414\" class=\"wp-caption-text\">Nicol\u00e1s Maduro, el viernes durante la marcha que conmemoraba el D\u00eda del Estudiante Venezolano, en Caracas.\u00a0 \u00a0 \u00a0 \u00a0 \u00a0 Foto Jes\u00fas Vargas (Getty Images)<\/p><\/div>\n<p>&nbsp;<\/p>\n<ul>\n<li><em><strong>Representantes del Gobierno del republicano alegan que la clasificaci\u00f3n del l\u00edder chavista da \u201cnuevas herramientas\u201d para la campa\u00f1a militar de EE UU en el Caribe<\/strong><\/em><\/li>\n<\/ul>\n<p>&nbsp;<\/p>\n<p class=\"\">El presidente venezolano, Nicol\u00e1s Maduro, y altos cargos de su Gobierno quedan a partir de este lunes designados oficialmente por Estados Unidos como miembros de una organizaci\u00f3n terrorista internacional. La inclusi\u00f3n del cartel de los Soles en esa lista del Departamento de Estado permite a Washington imponer nuevas sanciones contra el r\u00e9gimen chavista. Altos cargos de la Administraci\u00f3n de Donald Trump opinan que este paso les ampl\u00eda las opciones para emprender acciones militares dentro de\u00a0<a title=\"https:\/\/elpais.com\/noticias\/venezuela\/\" href=\"https:\/\/elpais.com\/noticias\/venezuela\/\" target=\"_self\" rel=\"\" data-link-track-dtm=\"\" data-mrf-link=\"https:\/\/elpais.com\/noticias\/venezuela\/\">Venezuela<\/a>.<\/p>\n<p class=\"\">Mientras, la tensi\u00f3n se mantiene al m\u00e1ximo a la espera de ver cu\u00e1les son\u00a0<a title=\"https:\/\/elpais.com\/internacional\/2025-11-19\/trump-ha-autorizado-un-plan-de-acciones-encubiertas-en-venezuela-segun-el-new-york-times.html\" href=\"https:\/\/elpais.com\/internacional\/2025-11-19\/trump-ha-autorizado-un-plan-de-acciones-encubiertas-en-venezuela-segun-el-new-york-times.html\" target=\"_self\" rel=\"\" data-link-track-dtm=\"\" data-mrf-link=\"https:\/\/elpais.com\/internacional\/2025-11-19\/trump-ha-autorizado-un-plan-de-acciones-encubiertas-en-venezuela-segun-el-new-york-times.html\">los pr\u00f3ximos pasos<\/a>\u00a0en el enorme despliegue militar que Estados Unidos mantiene en el Caribe, especialmente tras\u00a0<a title=\"https:\/\/elpais.com\/internacional\/2025-11-16\/el-mayor-portaaviones-estadounidense-llega-a-aguas-del-caribe-y-eleva-la-tension-con-venezuela.html\" href=\"https:\/\/elpais.com\/internacional\/2025-11-16\/el-mayor-portaaviones-estadounidense-llega-a-aguas-del-caribe-y-eleva-la-tension-con-venezuela.html\" target=\"_self\" rel=\"\" data-link-track-dtm=\"\" data-mrf-link=\"https:\/\/elpais.com\/internacional\/2025-11-16\/el-mayor-portaaviones-estadounidense-llega-a-aguas-del-caribe-y-eleva-la-tension-con-venezuela.html\">la incorporaci\u00f3n la semana pasada del portaaviones\u00a0<i>Gerald Ford<\/i><\/a><i>,<\/i> el mayor y m\u00e1s moderno del mundo, con el argumento de luchar contra el narcotr\u00e1fico en la llamada Operaci\u00f3n Lanza del Sur. La flota, que acumula el 20% del poder\u00edo naval estadounidense movilizado en el mundo y que cuenta con cazas F-35 y unos 15.000 soldados, ha participado en los \u00faltimos d\u00edas en maniobras militares en las cercan\u00edas de Trinidad y Tobago. Este lunes, el jefe del Estado Mayor estadounidense se desplazaba a la zona para tratar con los comandantes de la operaci\u00f3n.<\/p>\n<p class=\"\">Cuatro altos cargos estadounidenses han asegurado a la agencia Reuters, por separado, que el\u00a0<a title=\"https:\/\/elpais.com\/internacional\/2025-11-15\/trump-revela-que-ya-ha-decidido-que-accion-emprender-ante-venezuela.html\" href=\"https:\/\/elpais.com\/internacional\/2025-11-15\/trump-revela-que-ya-ha-decidido-que-accion-emprender-ante-venezuela.html\" target=\"_self\" rel=\"\" data-link-track-dtm=\"\" data-mrf-link=\"https:\/\/elpais.com\/internacional\/2025-11-15\/trump-revela-que-ya-ha-decidido-que-accion-emprender-ante-venezuela.html\">comienzo de la segunda fase<\/a>\u00a0de la operaci\u00f3n militar es inminente, mientras\u00a0<a title=\"https:\/\/elpais.com\/internacional\/2025-11-22\/estados-unidos-advierte-contra-los-vuelos-sobre-venezuela-por-una-actividad-militar-en-aumento.html\" href=\"https:\/\/elpais.com\/internacional\/2025-11-22\/estados-unidos-advierte-contra-los-vuelos-sobre-venezuela-por-una-actividad-militar-en-aumento.html\" target=\"_self\" rel=\"\" data-link-track-dtm=\"\" data-mrf-link=\"https:\/\/elpais.com\/internacional\/2025-11-22\/estados-unidos-advierte-contra-los-vuelos-sobre-venezuela-por-una-actividad-militar-en-aumento.html\">las l\u00edneas a\u00e9reas internacionales suspenden sus vuelos sobre Venezuela<\/a>\u00a0ante la recomendaci\u00f3n de la agencia estadounidense de aviaci\u00f3n, emitida el viernes, de evitar la zona ante el riesgo de una escalada.<\/p>\n<p class=\"\">Oficialmente, Washington no ha confirmado ning\u00fan movimiento. Este domingo, Trump, que ha optado por permanecer en la capital el fin de semana tras encadenar varios en su residencia privada de Mar-a-Lago, en Florida, no ha querido disfrutar de la pr\u00e1ctica del golf, su deporte favorito y al que dedica casi sin excepci\u00f3n cada d\u00eda de descanso. En su lugar, permaneci\u00f3 en la Casa Blanca, sin que su oficina informara de ning\u00fan tipo de actividad p\u00fablica o privada. El secretario de Estado y consejero de Seguridad Nacional, Marco Rubio, se encontraba en Ginebra para participar en las conversaciones sobre el plan de paz de Estados Unidos para Ucrania.<\/p>\n<p class=\"\">El Departamento de Estado, que en febrero ya design\u00f3 al venezolano Tren de Aragua y al mexicano cartel de Sinaloa en su lista de organizaciones terroristas extranjeras \u2014donde ya se encuentran grupos como Al Qaeda o Estado Isl\u00e1mico\u2014, anunci\u00f3 hace una semana que incluir\u00eda tambi\u00e9n al cartel de los Soles en ese elenco a partir de este lunes.<\/p>\n<p class=\"\">El denominado cartel de los Soles no es una banda criminal organizada, como s\u00ed pueden serlo los carteles colombianos o mexicanos. Es, m\u00e1s bien, una expresi\u00f3n para referirse a un conjunto de grupos descentralizados, sin jerarqu\u00eda ni estructura, altos cargos en el Gobierno y en las Fuerzas Armadas venezolanas que colaboran con el narcotr\u00e1fico y se financian a trav\u00e9s de esas actividades.<\/p>\n<p class=\"\">\u201cEl cartel de los Soles funciona como una red deslavazada de c\u00e9lulas dentro del ej\u00e9rcito, Armada, fuerza a\u00e9rea y Guardia Nacional Bolivariana, que abarca desde los rangos m\u00e1s bajos a los m\u00e1s altos. Esos grupos operan b\u00e1sicamente como organizaciones de tr\u00e1fico de drogas. No est\u00e1 claro c\u00f3mo esas c\u00e9lulas se relacionan entre ellas, si es que lo hacen\u201d, indica en su p\u00e1gina web el\u00a0<i>think<\/i>&#8211;<i>tank\u00a0<\/i>Insightcrime.<\/p>\n<p class=\"\">Estados Unidos asegura que el despliegue militar que mantiene en el Caribe, y que hasta ahora ha atacado al menos una veintena de supuestas narcolanchas en bombardeos en los que han muerto al menos 83 personas, solo tiene como objetivo combatir el narcotr\u00e1fico. Pero Maduro, y muchos otros, consideran que el verdadero objetivo de la operaci\u00f3n puede ser tratar de forzar la ca\u00edda del l\u00edder chavista, al que Washington no considera presidente leg\u00edtimo del pa\u00eds caribe\u00f1o.<\/p>\n<p class=\"\">Estados Unidos ha etiquetado a Maduro como l\u00edder del cartel de los Soles. En agosto dobl\u00f3 a 50 millones de d\u00f3lares la recompensa que ofrece por su captura. Aunque la calificaci\u00f3n de terrorista no autoriza por s\u00ed misma el uso de la fuerza militar, la Administraci\u00f3n estadounidense ha dejado claro que s\u00ed lo interpreta como un camino legal para posibles ataques en territorio venezolano.<\/p>\n<p class=\"\">\u201cDa a nuestro Departamento m\u00e1s herramientas para ofrecerle opciones al presidente\u201d, declar\u00f3 el pasado jueves el secretario de Defensa de Estados Unidos, Pete Hegseth. Trump tambi\u00e9n ha apuntado que la nueva designaci\u00f3n permitir\u00eda atacar infraestructura y activos de Maduro en Venezuela, pero tambi\u00e9n se ha mostrado abierto a contactos diplom\u00e1ticos con Caracas.<\/p>\n<p>&nbsp;<\/p>\n<figure class=\"a_m a_m-h \">\n<p><div style=\"width: 424px\" class=\"wp-caption alignnone\"><img loading=\"lazy\" decoding=\"async\" class=\"_re lazyload a_m-h\" src=\"https:\/\/imagenes.elpais.com\/resizer\/v2\/AG5GOT7NB5NSNLR7E5M56PWR7U.jpg?auth=4c427e17aae639eb3fe7dc3406d03e2093f155344ee413063a2fa586eb9d6cc1&amp;width=414\" sizes=\"auto, (min-width:1199px) 1155px,(min-width:1001px) calc(100vw - 44px),(min-width:768px) 767px, 100vw\" srcset=\"https:\/\/imagenes.elpais.com\/resizer\/v2\/AG5GOT7NB5NSNLR7E5M56PWR7U.jpg?auth=4c427e17aae639eb3fe7dc3406d03e2093f155344ee413063a2fa586eb9d6cc1&amp;width=414 414w,https:\/\/imagenes.elpais.com\/resizer\/v2\/AG5GOT7NB5NSNLR7E5M56PWR7U.jpg?auth=4c427e17aae639eb3fe7dc3406d03e2093f155344ee413063a2fa586eb9d6cc1&amp;width=828 640w,https:\/\/imagenes.elpais.com\/resizer\/v2\/AG5GOT7NB5NSNLR7E5M56PWR7U.jpg?auth=4c427e17aae639eb3fe7dc3406d03e2093f155344ee413063a2fa586eb9d6cc1&amp;width=980 1000w,https:\/\/imagenes.elpais.com\/resizer\/v2\/AG5GOT7NB5NSNLR7E5M56PWR7U.jpg?auth=4c427e17aae639eb3fe7dc3406d03e2093f155344ee413063a2fa586eb9d6cc1&amp;width=1960 1960w\" alt=\"\" width=\"414\" height=\"276\" \/><p class=\"wp-caption-text\">El portaaviones &#8216;Gerald Ford&#8217;, al frente de su grupo de escolta, el d\u00eda 16. Foto US Navy (via REUTERS)<\/p><\/div><figcaption class=\"a_m_p\" aria-hidden=\"true\"><\/figcaption><\/figure>\n<h3 class=\"\">Nueva fase en la operaci\u00f3n<\/h3>\n<p class=\"\">El presidente estadounidense ha aludido en diversas ocasiones al comienzo de una \u201cnueva fase\u201d en la Operaci\u00f3n Lanza del Sur que incluir\u00eda acciones en tierra. Tambi\u00e9n ha confirmado que ha autorizado a los servicios de inteligencia estadounidenses a desarrollar misiones encubiertas en ese pa\u00eds.<\/p>\n<p class=\"\">Seg\u00fan la agencia Reuters, que cita a cuatro altos cargos, el comienzo de la nueva fase puede tener lugar en los pr\u00f3ximos d\u00edas. Dos de las fuentes indicaron que inicialmente esa fase podr\u00eda comenzar con misiones encubiertas. Dos fuentes tambi\u00e9n indicaron que entre los objetivos que se barajan est\u00e1 la ca\u00edda de Maduro.<\/p>\n<p class=\"\">\u201cCon sede en Venezuela, el cartel de los Soles est\u00e1 dirigido por Nicol\u00e1s Maduro y otros individuos de alto rango del r\u00e9gimen ileg\u00edtimo de Maduro, quienes han corrompido las Fuerzas Armadas, la inteligencia, el poder legislativo y el poder judicial de Venezuela\u201d, indica el comunicado del Departamento de Estado en el que Rubio anunci\u00f3 la medida. Entre otras cosas, la designaci\u00f3n impide transacciones financieras del grupo o de cualquier persona implicada en \u00e9l.<\/p>\n<p class=\"\">El martes, el peri\u00f3dico\u00a0<i>The New York Times\u00a0<\/i>public\u00f3 que Trump hab\u00eda dado el visto bueno a un plan de acciones encubiertas de la CIA en territorio venezolano que podr\u00edan abrir el camino para una campa\u00f1a militar m\u00e1s amplia. No estaba claro, precis\u00f3 el diario neoyorquino, qu\u00e9 tipo de acciones exactas son las que Trump habr\u00eda autorizado o cu\u00e1ndo se podr\u00edan llevar a cabo.<\/p>\n","protected":false},"excerpt":{"rendered":"<p>&nbsp; Representantes del Gobierno del republicano alegan que la clasificaci\u00f3n del l\u00edder chavista da \u201cnuevas herramientas\u201d para la campa\u00f1a militar de EE UU en el&hellip;<\/p>\n","protected":false},"author":99,"featured_media":538414,"comment_status":"open","ping_status":"open","sticky":false,"template":"","format":"standard","meta":{"footnotes":""},"categories":[24],"tags":[],"class_list":["post-538413","post","type-post","status-publish","format-standard","has-post-thumbnail","hentry","category-mundo"],"_links":{"self":[{"href":"https:\/\/diarioelpopular.com\/index.php\/wp-json\/wp\/v2\/posts\/538413","targetHints":{"allow":["GET"]}}],"collection":[{"href":"https:\/\/diarioelpopular.com\/index.php\/wp-json\/wp\/v2\/posts"}],"about":[{"href":"https:\/\/diarioelpopular.com\/index.php\/wp-json\/wp\/v2\/types\/post"}],"author":[{"embeddable":true,"href":"https:\/\/diarioelpopular.com\/index.php\/wp-json\/wp\/v2\/users\/99"}],"replies":[{"embeddable":true,"href":"https:\/\/diarioelpopular.com\/index.php\/wp-json\/wp\/v2\/comments?post=538413"}],"version-history":[{"count":1,"href":"https:\/\/diarioelpopular.com\/index.php\/wp-json\/wp\/v2\/posts\/538413\/revisions"}],"predecessor-version":[{"id":538415,"href":"https:\/\/diarioelpopular.com\/index.php\/wp-json\/wp\/v2\/posts\/538413\/revisions\/538415"}],"wp:featuredmedia":[{"embeddable":true,"href":"https:\/\/diarioelpopular.com\/index.php\/wp-json\/wp\/v2\/media\/538414"}],"wp:attachment":[{"href":"https:\/\/diarioelpopular.com\/index.php\/wp-json\/wp\/v2\/media?parent=538413"}],"wp:term":[{"taxonomy":"category","embeddable":true,"href":"https:\/\/diarioelpopular.com\/index.php\/wp-json\/wp\/v2\/categories?post=538413"},{"taxonomy":"post_tag","embeddable":true,"href":"https:\/\/diarioelpopular.com\/index.php\/wp-json\/wp\/v2\/tags?post=538413"}],"curies":[{"name":"wp","href":"https:\/\/api.w.org\/{rel}","templated":true}]}}