{"id":538461,"date":"2025-11-25T11:48:39","date_gmt":"2025-11-25T15:48:39","guid":{"rendered":"https:\/\/diarioelpopular.com\/?p=538461"},"modified":"2025-11-25T11:48:39","modified_gmt":"2025-11-25T15:48:39","slug":"uno-de-cada-tres-hispanos-en-ee-uu-dice-estar-arrepentido-de-haber-votado-por-trump-segun-encuesta","status":"publish","type":"post","link":"https:\/\/diarioelpopular.com\/index.php\/2025\/11\/25\/uno-de-cada-tres-hispanos-en-ee-uu-dice-estar-arrepentido-de-haber-votado-por-trump-segun-encuesta\/","title":{"rendered":"Uno de cada tres hispanos en EE. UU. dice estar arrepentido de haber votado por Trump, seg\u00fan encuesta"},"content":{"rendered":"<p><img loading=\"lazy\" decoding=\"async\" class=\"alignnone size-custom-full-size wp-image-538462\" src=\"https:\/\/diarioelpopular.com\/wp-content\/uploads\/2025\/11\/Screen-Shot-2025-11-25-at-10.48.03-AM-636x405.png\" alt=\"\" width=\"636\" height=\"405\" srcset=\"https:\/\/diarioelpopular.com\/wp-content\/uploads\/2025\/11\/Screen-Shot-2025-11-25-at-10.48.03-AM-636x405.png 636w, https:\/\/diarioelpopular.com\/wp-content\/uploads\/2025\/11\/Screen-Shot-2025-11-25-at-10.48.03-AM-300x191.png 300w, https:\/\/diarioelpopular.com\/wp-content\/uploads\/2025\/11\/Screen-Shot-2025-11-25-at-10.48.03-AM-768x489.png 768w, https:\/\/diarioelpopular.com\/wp-content\/uploads\/2025\/11\/Screen-Shot-2025-11-25-at-10.48.03-AM-85x55.png 85w, https:\/\/diarioelpopular.com\/wp-content\/uploads\/2025\/11\/Screen-Shot-2025-11-25-at-10.48.03-AM-115x73.png 115w, https:\/\/diarioelpopular.com\/wp-content\/uploads\/2025\/11\/Screen-Shot-2025-11-25-at-10.48.03-AM.png 842w\" sizes=\"auto, (max-width: 636px) 100vw, 636px\" \/><\/p>\n<p>&nbsp;<\/p>\n<ul>\n<li><em><strong>La econom\u00eda empieza a pasar factura a Donald Trump y sus votantes lo cuestionan por el alto costo de vida en Estados Unidos, seg\u00fan la encuesta de la firma Somos Votantes.<\/strong><\/em><\/li>\n<\/ul>\n<p>&nbsp;<\/p>\n<p data-mrf-recirculation=\"Article - enlaces p\u00e1rrafos\">A m\u00e1s de un a\u00f1o de las elecciones que le dieron el triunfo a<b>\u00a0<a href=\"https:\/\/www.elcolombiano.com\/cronologia\/noticias\/meta\/donald-trump\" data-mrf-link=\"https:\/\/www.elcolombiano.com\/cronologia\/noticias\/meta\/donald-trump\">Donald Trump<\/a>,<\/b> sus votantes cuestionan la administraci\u00f3n del republicano por el elevado costo de vida en<a href=\"https:\/\/www.elcolombiano.com\/cronologia\/noticias\/meta\/estados-unidos\" data-mrf-link=\"https:\/\/www.elcolombiano.com\/cronologia\/noticias\/meta\/estados-unidos\">\u00a0Estados Unidos\u00a0<\/a>desde que Joe Biden sali\u00f3 de la Casa Blanca.<\/p>\n<p data-mrf-recirculation=\"Article - enlaces p\u00e1rrafos\">En\u00a0los votantes de habla hispana tambi\u00e9n hay un malestar econ\u00f3mico y frustraci\u00f3n por el aumento del costo de vida, seg\u00fan un reciente sondeo de Somos Votantes y Somos PAC, organizaciones hispanas en Estados Unidos.<\/p>\n<p data-mrf-recirculation=\"Article - enlaces p\u00e1rrafos\">Seg\u00fan el informe, m\u00e1s de uno de cada tres votantes que eligieron a Trump \u2014el 36%\u2014 aseguran ahora que\u00a0est\u00e1n \u201cdecepcionados\u201d o se \u201carrepienten\u201d de su voto.<\/p>\n<p data-mrf-recirculation=\"Article - enlaces p\u00e1rrafos\">El quiebre corresponde al\u00a0cuarto trimestre consecutivo de ca\u00edda en su respaldo.<\/p>\n<p data-mrf-recirculation=\"Article - enlaces p\u00e1rrafos\">El deterioro est\u00e1 estrechamente ligado a la\u00a0<a href=\"https:\/\/www.elcolombiano.com\/cronologia\/noticias\/meta\/economia\" data-mrf-link=\"https:\/\/www.elcolombiano.com\/cronologia\/noticias\/meta\/economia\">econom\u00eda<\/a>, un tema que hoy domina las preocupaciones de las familias latinas. De acuerdo con los resultados,\u00a0los latinos responsabilizan en mayor medida al\u00a0<a href=\"https:\/\/www.elcolombiano.com\/cronologia\/noticias\/meta\/partido-republicano\" data-mrf-link=\"https:\/\/www.elcolombiano.com\/cronologia\/noticias\/meta\/partido-republicano\">partido republicano\u00a0<\/a>por el aumento del costo de vida\u00a0y por salarios que no compensan esos incrementos.<\/p>\n<p data-mrf-recirculation=\"Article - enlaces p\u00e1rrafos\">Y es que el coste de la vida es citado por los estadounidenses como una de sus principales preocupaciones en sondeos p\u00fablicos. El gobierno de Trump admiti\u00f3 que\u00a0los\u00a0<a href=\"https:\/\/www.elcolombiano.com\/cronologia\/noticias\/meta\/arancel\" data-mrf-link=\"https:\/\/www.elcolombiano.com\/cronologia\/noticias\/meta\/arancel\">aranceles\u00a0<\/a>aumentaron el costo de vida\u00a0y recientemente los redujo en productos como caf\u00e9, carne y tomates.<\/p>\n<p data-mrf-recirculation=\"Article - enlaces p\u00e1rrafos\">La encuesta muestra que esta percepci\u00f3n se ha consolidado con el paso de los meses, al punto de convertirse en\u00a0el principal factor de desencanto, tanto de los estadounidenses como de los extranjeros.<\/p>\n<p data-mrf-recirculation=\"Article - enlaces p\u00e1rrafos\">Los indicadores personales de Trump,\u00a0tanto en imagen como en desempe\u00f1o, tambi\u00e9n viven su peor momento desde febrero, cuando inici\u00f3 el seguimiento de la encuestadora.<\/p>\n<p data-mrf-recirculation=\"Article - enlaces p\u00e1rrafos\">Su\u00a0favorabilidad, su aprobaci\u00f3n general y su evaluaci\u00f3n en materia econ\u00f3mica cayeron a niveles negativos\u00a0de dos d\u00edgitos. Incluso grupos que antes se mostraban divididos o cercanos al presidente \u2014como los votantes independientes, los j\u00f3venes y los hombres latinos\u2014 expresan un rechazo mayoritario.<\/p>\n<p data-mrf-recirculation=\"Article - enlaces p\u00e1rrafos\">Uno de los puntos que m\u00e1s peso tiene en el descontento son los precios.\u00a0Para el 69% de los encuestados, las decisiones del presidente sobre aranceles est\u00e1n elevando el valor de productos\u00a0esenciales, un golpe directo a los presupuestos familiares.<\/p>\n<p data-mrf-recirculation=\"Article - enlaces p\u00e1rrafos\">A esto se suma\u00a0una creciente preocupaci\u00f3n por la salud,\u00a0pues la mayor\u00eda (80% de votantes latinos) teme que\u00a0los medicamentos sigan encareci\u00e9ndose\u00a0y que millones puedan perder su cobertura.<\/p>\n<p data-mrf-recirculation=\"Article - enlaces p\u00e1rrafos\">El estudio tambi\u00e9n advierte sobre una brecha cada vez mayor entre las prioridades de los latinos y la agenda del gobierno. M\u00e1s de la mitad cree que\u00a0la inflaci\u00f3n y el costo de vida deber\u00edan ser la prioridad n\u00famero uno,\u00a0pero apenas una minor\u00eda siente que Trump y los republicanos realmente est\u00e1n enfocados en resolver ese problema. La distancia entre ambas percepciones ha aumentado durante los \u00faltimos meses, seg\u00fan el informe.<\/p>\n<p data-mrf-recirculation=\"Article - enlaces p\u00e1rrafos\">La presidente y fundadora de Somos Votantes y Somos PAC, Melissa Morales, precis\u00f3: \u201cM\u00e1s de uno en tres votantes latinos que emitieron su voto por Trump ahora dicen que est\u00e1n decepcionados o se arrepienten de esa decisi\u00f3n. Eso es lo que los votantes est\u00e1n sintiendo en cada caja de supermercado, cada bomba de gasolina, cada mes cuando llegan las facturas\u201d.\u00a0Morales agreg\u00f3 que \u201cesto no es solo un mal trimestre; es un colapso documentado de un a\u00f1o sin final a la vista\u201d.<\/p>\n<p data-mrf-recirculation=\"Article - enlaces p\u00e1rrafos\">Para Rosa Mendoza, vicepresidente de Global Strategy Group, las conclusiones del estudio apuntan a que \u201clos votantes latinos est\u00e1n asignando la culpa de su ansiedad econ\u00f3mica directamente al Partido Republicano\u201d.\u00a0Seg\u00fan ella, \u201clos votantes latinos saben qui\u00e9n est\u00e1 en el poder y ponen la responsabilidad de sus dificultades econ\u00f3micas en Trump y los republicanos\u201d.<\/p>\n<p data-mrf-recirculation=\"Article - enlaces p\u00e1rrafos\">Para\u00a0las elecciones legislativas de 2026\u00a0los latinos dicen estar altamente motivados para votar, y la econom\u00eda es el factor que m\u00e1s impulsa esa intenci\u00f3n.<\/p>\n<p data-mrf-recirculation=\"Article - enlaces p\u00e1rrafos\">Para los autores del estudio, la realidad econ\u00f3mica de las pol\u00edticas de Trump \u201cdesde los aranceles que aumentan los costos diarios hasta una completa desconexi\u00f3n con sus prioridades\u2014\u00a0ha generado una profunda decepci\u00f3n y arrepentimiento\u201d.<\/p>\n<h2 class=\"Entretitulo\">Los golpes de la guerra arancelaria<\/h2>\n<div class=\"paragraph\">\n<p data-mrf-recirculation=\"Article - enlaces p\u00e1rrafos\">Trump dict\u00f3 el 2 de abril una orden ejecutiva que modificaba sustancialmente la pol\u00edtica comercial e impuso un arancel m\u00ednimo del 10%, ya que el d\u00e9ficit comercial constitu\u00eda a su juicio \u201cuna amenaza inusual y extraordinaria para la seguridad nacional y la econom\u00eda de los Estados Unidos\u201d, recuerda el comunicado de la Casa Blanca.<\/p>\n<p data-mrf-recirculation=\"Article - enlaces p\u00e1rrafos\">A ese arancel m\u00ednimo\u00a0se le a\u00f1adieron suplementos, en funci\u00f3n de cada pa\u00eds y producto.<\/p>\n<p data-mrf-recirculation=\"Article - enlaces p\u00e1rrafos\">El Tesoro estadounidense empez\u00f3 a recaudar sustanciales ingresos mensuales, pero\u00a0la inflaci\u00f3n se ha resentido al mismo tiempo por esos derechos de aduana.<\/p>\n<p data-mrf-recirculation=\"Article - enlaces p\u00e1rrafos\">Tras una primera revisi\u00f3n el 5 de septiembre, Trump considera ahora que \u201cla demanda interna actual de ciertos productos y la capacidad interna para producir ciertos productos\u201d\u00a0obliga a rebajar de nuevo los aranceles.<\/p>\n<p data-mrf-recirculation=\"Article - enlaces p\u00e1rrafos\">\n<\/div>\n","protected":false},"excerpt":{"rendered":"<p>&nbsp; La econom\u00eda empieza a pasar factura a Donald Trump y sus votantes lo cuestionan por el alto costo de vida en Estados Unidos, seg\u00fan&hellip;<\/p>\n","protected":false},"author":99,"featured_media":538462,"comment_status":"open","ping_status":"open","sticky":false,"template":"","format":"standard","meta":{"footnotes":""},"categories":[24],"tags":[],"class_list":["post-538461","post","type-post","status-publish","format-standard","has-post-thumbnail","hentry","category-mundo"],"_links":{"self":[{"href":"https:\/\/diarioelpopular.com\/index.php\/wp-json\/wp\/v2\/posts\/538461","targetHints":{"allow":["GET"]}}],"collection":[{"href":"https:\/\/diarioelpopular.com\/index.php\/wp-json\/wp\/v2\/posts"}],"about":[{"href":"https:\/\/diarioelpopular.com\/index.php\/wp-json\/wp\/v2\/types\/post"}],"author":[{"embeddable":true,"href":"https:\/\/diarioelpopular.com\/index.php\/wp-json\/wp\/v2\/users\/99"}],"replies":[{"embeddable":true,"href":"https:\/\/diarioelpopular.com\/index.php\/wp-json\/wp\/v2\/comments?post=538461"}],"version-history":[{"count":1,"href":"https:\/\/diarioelpopular.com\/index.php\/wp-json\/wp\/v2\/posts\/538461\/revisions"}],"predecessor-version":[{"id":538463,"href":"https:\/\/diarioelpopular.com\/index.php\/wp-json\/wp\/v2\/posts\/538461\/revisions\/538463"}],"wp:featuredmedia":[{"embeddable":true,"href":"https:\/\/diarioelpopular.com\/index.php\/wp-json\/wp\/v2\/media\/538462"}],"wp:attachment":[{"href":"https:\/\/diarioelpopular.com\/index.php\/wp-json\/wp\/v2\/media?parent=538461"}],"wp:term":[{"taxonomy":"category","embeddable":true,"href":"https:\/\/diarioelpopular.com\/index.php\/wp-json\/wp\/v2\/categories?post=538461"},{"taxonomy":"post_tag","embeddable":true,"href":"https:\/\/diarioelpopular.com\/index.php\/wp-json\/wp\/v2\/tags?post=538461"}],"curies":[{"name":"wp","href":"https:\/\/api.w.org\/{rel}","templated":true}]}}