{"id":538588,"date":"2025-11-28T11:11:53","date_gmt":"2025-11-28T15:11:53","guid":{"rendered":"https:\/\/diarioelpopular.com\/?p=538588"},"modified":"2025-11-28T11:11:53","modified_gmt":"2025-11-28T15:11:53","slug":"trump-promete-suspender-permanentemente-la-migracion-de-todos-los-paises-pobres-del-tercer-mundo","status":"publish","type":"post","link":"https:\/\/diarioelpopular.com\/index.php\/2025\/11\/28\/trump-promete-suspender-permanentemente-la-migracion-de-todos-los-paises-pobres-del-tercer-mundo\/","title":{"rendered":"Trump promete \u201csuspender permanentemente la migraci\u00f3n de todos los pa\u00edses pobres del Tercer Mundo\u201d"},"content":{"rendered":"<div id=\"attachment_538589\" style=\"width: 1210px\" class=\"wp-caption alignnone\"><img loading=\"lazy\" decoding=\"async\" aria-describedby=\"caption-attachment-538589\" class=\"wp-image-538589 size-custom-big-size\" src=\"https:\/\/diarioelpopular.com\/wp-content\/uploads\/2025\/11\/Screen-Shot-2025-11-28-at-10.10.11-AM-1200x560.png\" alt=\"\" width=\"1200\" height=\"560\" srcset=\"https:\/\/diarioelpopular.com\/wp-content\/uploads\/2025\/11\/Screen-Shot-2025-11-28-at-10.10.11-AM-1200x560.png 1200w, https:\/\/diarioelpopular.com\/wp-content\/uploads\/2025\/11\/Screen-Shot-2025-11-28-at-10.10.11-AM-300x140.png 300w, https:\/\/diarioelpopular.com\/wp-content\/uploads\/2025\/11\/Screen-Shot-2025-11-28-at-10.10.11-AM-768x358.png 768w, https:\/\/diarioelpopular.com\/wp-content\/uploads\/2025\/11\/Screen-Shot-2025-11-28-at-10.10.11-AM-636x297.png 636w, https:\/\/diarioelpopular.com\/wp-content\/uploads\/2025\/11\/Screen-Shot-2025-11-28-at-10.10.11-AM-146x68.png 146w, https:\/\/diarioelpopular.com\/wp-content\/uploads\/2025\/11\/Screen-Shot-2025-11-28-at-10.10.11-AM.png 1024w\" sizes=\"auto, (max-width: 1200px) 100vw, 1200px\" \/><p id=\"caption-attachment-538589\" class=\"wp-caption-text\">Donald Trump, este jueves en Mar-a-Lago mostrando fotos para &#8220;validar&#8221; su habitual demagogia.\u00a0 \u00a0 \u00a0 \u00a0 \u00a0 \u00a0 \u00a0 \u00a0 \u00a0 \u00a0 \u00a0 \u00a0 \u00a0 \u00a0 \u00a0 \u00a0 \u00a0 Foto: Alex Brandon (AP)<\/p><\/div>\n<p>&nbsp;<\/p>\n<p>&nbsp;<\/p>\n<ul>\n<li><em><strong>En otro de sus usuales ataques de furia, Trump aprovech\u00f3 el ataque a dos guardias nacionales en Washington para radicalizar su agenda y dijo que expulsar\u00e1 \u201ca cualquiera que no sea un activo\u201d para el pa\u00eds<\/strong><\/em><\/li>\n<\/ul>\n<p>&nbsp;<\/p>\n<p class=\"\">Mientras Estados Unidos \u2014o, al menos, la inmensa mayor\u00eda de estadounidenses que celebra la fiesta de Acci\u00f3n de Gracias\u2014 hac\u00eda este jueves la digesti\u00f3n del pavo, <a title=\"https:\/\/elpais.com\/internacional\/2025-11-28\/trump-asegura-que-estados-unidos-empezara-a-detener-a-narcos-venezolanos-por-tierra-muy-pronto-es-mas-facil.html\" href=\"https:\/\/elpais.com\/internacional\/2025-11-28\/trump-asegura-que-estados-unidos-empezara-a-detener-a-narcos-venezolanos-por-tierra-muy-pronto-es-mas-facil.html\" target=\"_blank\" rel=\"noopener\" data-link-track-dtm=\"\" data-mrf-link=\"https:\/\/elpais.com\/internacional\/2025-11-28\/trump-asegura-que-estados-unidos-empezara-a-detener-a-narcos-venezolanos-por-tierra-muy-pronto-es-mas-facil.html\">Donald Trump<\/a>, envi\u00f3 al filo de la medianoche (hora de Florida) dos largos mensajes concatenados en su red social, Truth. En ellos felicitaba por la fiesta a todos sus compatriotas que han sido \u201ctan amables\u201d, escribi\u00f3, que han permitido que la inmigraci\u00f3n \u201cdivida, desorganice, asesine, golpee y asalte\u201d Estados Unidos, \u201cjunto con otros pa\u00edses insensatos del mundo, Pol\u00edticamente Correctos y EST\u00daPIDOS\u201d.<\/p>\n<p class=\"\">Tambi\u00e9n, en una nueva vuelta de tuerca a la ret\u00f3rica xen\u00f3foba del ideario MAGA (<i>Make America Great Again<\/i>), Trump promet\u00eda \u201cdetener permanentemente la migraci\u00f3n de todos los pa\u00edses pobres del Tercer Mundo\u201d y \u201cexpulsar a cualquiera que no sea un activo \u00fatil para Estados Unidos\u201d. No estuvo inmediatamente claro a qu\u00e9 pa\u00edses se refer\u00eda, ni qu\u00e9 entiende \u00e9l por \u201ctercer mundo\u201d, un t\u00e9rmino, por lo dem\u00e1s, obsoleto.<\/p>\n<p class=\"\">Trump escribi\u00f3 esos mensajes desde\u00a0<a title=\"https:\/\/elpais.com\/internacional\/2025-11-26\/trump-asegura-que-planea-hablar-con-maduro-si-podemos-salvar-vidas-esta-bien.html\" href=\"https:\/\/elpais.com\/internacional\/2025-11-26\/trump-asegura-que-planea-hablar-con-maduro-si-podemos-salvar-vidas-esta-bien.html\" target=\"_blank\" rel=\"noopener noreferrer\" data-link-track-dtm=\"\" data-mrf-link=\"https:\/\/elpais.com\/internacional\/2025-11-26\/trump-asegura-que-planea-hablar-con-maduro-si-podemos-salvar-vidas-esta-bien.html\">su mansi\u00f3n de Mar-a-Lago, en Palm Beach\u00a0<\/a>(Florida), adonde se hab\u00eda desplazado el d\u00eda anterior para pasar el largo fin de semana festivo. Horas antes, durante un encuentro virtual de motivaci\u00f3n con miembros de las Fuerzas Armadas estadounidenses, confirm\u00f3 la muerte de una de los dos guardias nacionales atacados el mi\u00e9rcoles a plena luz del d\u00eda en el centro de Washington, a un par de calles de la Casa Blanca. El sospechoso es un ciudadano afgano de 29 a\u00f1os, llamado\u00a0<a href=\"https:\/\/elpais.com\/internacional\/2025-11-27\/el-detenido-por-disparar-a-dos-soldados-de-la-guardia-nacional-en-washington-es-un-refugiado-que-colaboro-con-la-cia-en-afganistan.html\" target=\"_blank\" rel=\"noopener\">Rahmanullah Lakanwal,<\/a> que trabaj\u00f3 con la CIA y lleg\u00f3 a Estados Unidos tras la ca\u00f3tica salida de las tropas de Kabul en el verano de 2021.<\/p>\n<p class=\"\">La militar asesinada es Sarah Beckstorm, de 20 a\u00f1os, vecina de Virginia Occidental. No sobrevivi\u00f3 a los disparos recibidos en el pecho y la cabeza. Trump blandi\u00f3 en ese encuentro virtual con militares la imagen de uno de los aviones en los que se evacu\u00f3 a ciudadanos afganos, muchos de los cuales, como el propio Lakanwal, que trabaj\u00f3 como parte de una organizaci\u00f3n paramilitar llamada Unidad Cero, colaboraron con el ej\u00e9rcito estadounidense durante los 20 a\u00f1os en los que este estuvo desplegado en el pa\u00eds de Asia central, como respuesta, inicialmente, a los atentados del 11-S.<\/p>\n<h3 class=\"\">Una foto y una sarta de mentiras<\/h3>\n<p class=\"\">Trump poste\u00f3 la foto en Truth, con el siguiente pie: \u201cHe aqu\u00ed parte del horrendo env\u00edo a\u00e9reo desde Afganist\u00e1n. Cientos de miles de personas llegaron a nuestro pa\u00eds sin ning\u00fan tipo de control ni verificaci\u00f3n. Lo solucionaremos, pero nunca olvidaremos lo que el corrupto Joe Biden y sus matones le hicieron a nuestro pa\u00eds\u201d, escribi\u00f3, faltando, como es su costumbre, a la verdad. En aquellos meses de 2021, fueron unos 77.000 los afganos admitidos en Estados Unidos.<\/p>\n<p class=\"\">A muchos de ellos no se les concedi\u00f3 inmediatamente el asilo. Fue, de nuevo, el caso de Lakanwal, que lo recibi\u00f3 en abril de este a\u00f1o, cuando Trump ya estaba en el poder.<\/p>\n<p class=\"\">Seg\u00fan las primeras investigaciones, este padre de familia condujo 42 horas desde el Bellingham, en el Estado de Washington, en la otra punta del pa\u00eds, para atacar con un rev\u00f3lver del calibre 357 a esos dos guardias nacionales, desplegados en la capital de Estados Unidos por orden de Trump para combatir un crimen que las estad\u00edsticas sit\u00faan en su nivel m\u00e1s bajo en tres d\u00e9cadas, pero que el xen\u00f3fobo ignora.<\/p>\n<p class=\"\">Desde que se conoci\u00f3 que el tirador era de origen afgano, Trump ha ordenado el despliegue de 500 soldados m\u00e1s en Washington, y el servicio de inmigraci\u00f3n estadounidense (USCIS son sus siglas en ingl\u00e9s) ha prometido este jueves \u201creexaminar [el estatus de] cualquiera que haya entrado\u201d en el pa\u00eds \u201cdesde Afganist\u00e1n durante la Administraci\u00f3n de Biden\u201d. Joseph Edlow, director de USCIS, anunci\u00f3 por su parte que, tras el ataque en Washington, la agencia acelerar\u00e1 la adopci\u00f3n de nuevas directrices para la evaluaci\u00f3n de los inmigrantes de 19 pa\u00edses \u201cde alto riesgo\u201d, desde Chad a Guinea Ecuatorial o Hait\u00ed.<\/p>\n<p class=\"\">En su demag\u00f3gica conversaci\u00f3n con las tropas, a Trump le preguntaron los periodistas si su reacci\u00f3n no supone culpar a todos los afganos de las acciones de uno solo, del que \u00e9l mismo dijo que \u201cse volvi\u00f3 loco\u201d. \u201cNo, pero lo cierto es que hay muchos problemas con los afganos\u201d, respondi\u00f3, sin especificar cu\u00e1les son esos problemas.<\/p>\n<p class=\"\">\u201cLa poblaci\u00f3n extranjera oficial de Estados Unidos asciende a 53 millones de personas, la mayor parte de las cuales reciben asistencia social, provienen de naciones fallidas o de prisiones, instituciones mentales, pandillas o carteles de la droga\u201d, escribi\u00f3 en sus mensajes del final del D\u00eda de Acci\u00f3n de Gracias Trump, recurriendo a unas ideas que repiti\u00f3 sin cesar en la campa\u00f1a que lo devolvi\u00f3 el a\u00f1o pasado a la Casa Blanca.<\/p>\n<p class=\"\">\u201cEllos y sus hijos reciben apoyo de los ciudadanos patri\u00f3ticos estadounidenses (&#8230;) \u00a1[Esos ciudadanos] Soportan lo que le ha sucedido a nuestro pa\u00eds, pero al hacerlo se est\u00e1n dejando comer vivos!\u201c, a\u00f1adi\u00f3 con su caracter\u00edstica prosa inconexa. \u201dLa carga de refugiados es la principal causa de disfunci\u00f3n social en Estados Unidos, algo in\u00e9dito desde la II Guerra Mundial (escuelas fallidas, alta criminalidad, deterioro urbano, hospitales saturados, escasez de viviendas y grandes d\u00e9ficits, etc.)\u201c.<\/p>\n<p class=\"\">Trump tambi\u00e9n prometi\u00f3 por escrito una operaci\u00f3n a gran escala de \u201cMIGRACI\u00d3N INVERSA\u201d: \u201cAcabar con todos los beneficios y subsidios federales para los no ciudadanos\u201d y \u201cdeportar a cualquier ciudadano extranjero que sea una carga p\u00fablica, un riesgo para la seguridad o no compatible con la civilizaci\u00f3n occidental\u201d. El mat\u00f3n despidi\u00f3 sus mensajes as\u00ed: \u201cFELIZ D\u00cdA DE ACCI\u00d3N DE GRACIAS A TODOS, menos a los que odian, roban, asesinan y destruyen todo lo que Estados Unidos representa. \u00a1No estar\u00e1n aqu\u00ed por mucho tiempo!\u201c.<\/p>\n<p class=\"\">El xen\u00f3fobo aire\u00f3 adem\u00e1s una de sus obsesiones recurrentes: los somal\u00edes que viven desde hace d\u00e9cadas en Minnesota. \u201cLas pandillas deambulan por las calles en busca de presas\u201d, escribi\u00f3, pese a que no constan pruebas de la veracidad de la situaci\u00f3n apocal\u00edptica que pinta el republicano.<\/p>\n<p class=\"\">Al gobernador del Estado del Medio Oeste, Tim Walz, que en 2024 se present\u00f3 a la vicepresidencia con Kamala Harris, falt\u00e1ndole al respeto, lo llam\u00f3 \u201cretrasado\u201d (us\u00f3 el t\u00e9rmino <i>\u201cretarded\u201d<\/i>, insulto pol\u00edticamente incorrecto en ingl\u00e9s, tab\u00fa para muchos). De la congresista de origen somal\u00ed Ilhan Omar insinu\u00f3 que entr\u00f3 ilegalmente en el pa\u00eds. Y, una vez m\u00e1s, lo hizo sin pruebas.<\/p>\n","protected":false},"excerpt":{"rendered":"<p>&nbsp; &nbsp; En otro de sus usuales ataques de furia, Trump aprovech\u00f3 el ataque a dos guardias nacionales en Washington para radicalizar su agenda y&hellip;<\/p>\n","protected":false},"author":99,"featured_media":538589,"comment_status":"open","ping_status":"open","sticky":false,"template":"","format":"standard","meta":{"footnotes":""},"categories":[24],"tags":[],"class_list":["post-538588","post","type-post","status-publish","format-standard","has-post-thumbnail","hentry","category-mundo"],"_links":{"self":[{"href":"https:\/\/diarioelpopular.com\/index.php\/wp-json\/wp\/v2\/posts\/538588","targetHints":{"allow":["GET"]}}],"collection":[{"href":"https:\/\/diarioelpopular.com\/index.php\/wp-json\/wp\/v2\/posts"}],"about":[{"href":"https:\/\/diarioelpopular.com\/index.php\/wp-json\/wp\/v2\/types\/post"}],"author":[{"embeddable":true,"href":"https:\/\/diarioelpopular.com\/index.php\/wp-json\/wp\/v2\/users\/99"}],"replies":[{"embeddable":true,"href":"https:\/\/diarioelpopular.com\/index.php\/wp-json\/wp\/v2\/comments?post=538588"}],"version-history":[{"count":1,"href":"https:\/\/diarioelpopular.com\/index.php\/wp-json\/wp\/v2\/posts\/538588\/revisions"}],"predecessor-version":[{"id":538590,"href":"https:\/\/diarioelpopular.com\/index.php\/wp-json\/wp\/v2\/posts\/538588\/revisions\/538590"}],"wp:featuredmedia":[{"embeddable":true,"href":"https:\/\/diarioelpopular.com\/index.php\/wp-json\/wp\/v2\/media\/538589"}],"wp:attachment":[{"href":"https:\/\/diarioelpopular.com\/index.php\/wp-json\/wp\/v2\/media?parent=538588"}],"wp:term":[{"taxonomy":"category","embeddable":true,"href":"https:\/\/diarioelpopular.com\/index.php\/wp-json\/wp\/v2\/categories?post=538588"},{"taxonomy":"post_tag","embeddable":true,"href":"https:\/\/diarioelpopular.com\/index.php\/wp-json\/wp\/v2\/tags?post=538588"}],"curies":[{"name":"wp","href":"https:\/\/api.w.org\/{rel}","templated":true}]}}