{"id":538670,"date":"2025-11-30T13:51:06","date_gmt":"2025-11-30T17:51:06","guid":{"rendered":"https:\/\/diarioelpopular.com\/?p=538670"},"modified":"2025-11-30T13:51:06","modified_gmt":"2025-11-30T17:51:06","slug":"el-magma-criminal-asfixia-a-america-latina","status":"publish","type":"post","link":"https:\/\/diarioelpopular.com\/index.php\/2025\/11\/30\/el-magma-criminal-asfixia-a-america-latina\/","title":{"rendered":"El magma criminal asfixia a Am\u00e9rica Latina"},"content":{"rendered":"<div id=\"attachment_538671\" style=\"width: 1210px\" class=\"wp-caption alignnone\"><img loading=\"lazy\" decoding=\"async\" aria-describedby=\"caption-attachment-538671\" class=\"wp-image-538671 size-custom-big-size\" src=\"https:\/\/diarioelpopular.com\/wp-content\/uploads\/2025\/11\/Screen-Shot-2025-11-30-at-12.50.10-PM-1200x680.png\" alt=\"\" width=\"1200\" height=\"680\" srcset=\"https:\/\/diarioelpopular.com\/wp-content\/uploads\/2025\/11\/Screen-Shot-2025-11-30-at-12.50.10-PM-1200x680.png 1200w, https:\/\/diarioelpopular.com\/wp-content\/uploads\/2025\/11\/Screen-Shot-2025-11-30-at-12.50.10-PM-300x170.png 300w, https:\/\/diarioelpopular.com\/wp-content\/uploads\/2025\/11\/Screen-Shot-2025-11-30-at-12.50.10-PM-768x435.png 768w, https:\/\/diarioelpopular.com\/wp-content\/uploads\/2025\/11\/Screen-Shot-2025-11-30-at-12.50.10-PM-636x360.png 636w, https:\/\/diarioelpopular.com\/wp-content\/uploads\/2025\/11\/Screen-Shot-2025-11-30-at-12.50.10-PM-129x73.png 129w, https:\/\/diarioelpopular.com\/wp-content\/uploads\/2025\/11\/Screen-Shot-2025-11-30-at-12.50.10-PM.png 1024w\" sizes=\"auto, (max-width: 1200px) 100vw, 1200px\" \/><p id=\"caption-attachment-538671\" class=\"wp-caption-text\">Elementos del ej\u00e9rcito mexicano resguardan un veh\u00edculo con al menos cinco personas asesinadas en Culiac\u00e1n, Sinaloa, en septiembre de 2024. Foto Jos\u00e9 Betanzos Z\u00e1rate (Cuartoscuro)<\/p><\/div>\n<p>&nbsp;<\/p>\n<ul>\n<li><em><strong>Mientras aumentan en el continente la producci\u00f3n y el tr\u00e1fico de drogas, nuevas y antiguas, grupos criminales de todos los tama\u00f1os diversifican sus econom\u00edas e incrementan su capacidad de fuego frente a Estados que trastabillan entre la mano dura y la par\u00e1lisis<\/strong><\/em><\/li>\n<\/ul>\n<p>&nbsp;<\/p>\n<p class=\"\">Un pedazo de papel verde, con una frase escrita en may\u00fasculas, resum\u00eda esta semana los problemas de criminalidad que azotan a Am\u00e9rica Latina. Apareci\u00f3 en Guerrero, en el castigado litoral del Pac\u00edfico sur mexicano, pero podr\u00eda haberlo hecho en realidad en Santiago de Chile, en Medell\u00edn (Colombia) o en cualquiera de los sectores de Guayaquil, en Ecuador. Era un aviso, una cuartilla pegada en esquinas y postes de luz, una amenaza a los comerciantes de un pu\u00f1ado de barrios, avisando de que a partir de diciembre deber\u00e1n empezar a pagar cuota. \u201cEsta colonia tiene due\u00f1o\u201d, conclu\u00eda la advertencia, de autor desconocido.<\/p>\n<p class=\"\">La cuota, la vacuna, el piso, la mordida, todas las variantes l\u00e9xicas de la <a title=\"https:\/\/elpais.com\/mexico\/2025-07-08\/extorsion-la-nueva-cruzada-del-gobierno-contra-un-delito-que-se-ha-metido-en-la-piel-de-mexico.html\" href=\"https:\/\/elpais.com\/mexico\/2025-07-08\/extorsion-la-nueva-cruzada-del-gobierno-contra-un-delito-que-se-ha-metido-en-la-piel-de-mexico.html\" target=\"_self\" rel=\"\" data-link-track-dtm=\"\" data-mrf-link=\"https:\/\/elpais.com\/mexico\/2025-07-08\/extorsion-la-nueva-cruzada-del-gobierno-contra-un-delito-que-se-ha-metido-en-la-piel-de-mexico.html\">extorsi\u00f3n, un mal que golpea al continente<\/a>\u00a0como nunca antes, y que explica el presente de la regi\u00f3n. El crimen florece en las Am\u00e9ricas, particularmente el delito violento. La tasa de asesinatos se mantiene en cotas muy altas, m\u00e1s de 20 por cada 100.000 habitantes. La expansi\u00f3n del negocio del narcotr\u00e1fico, fuerte como nunca, ha fertilizado el manto delictivo desde la anta\u00f1o tranquila Uruguay a la siempre quejumbrosa Guatemala. Grupos armados que nacieron al calor del trasiego de drogas buscan negocios nuevos, a izquierda y derecha, arriba y abajo. Ninguno parece tan lucrativo como la extorsi\u00f3n, simple como pocos: o pagas o te mato.<\/p>\n<p class=\"\">Am\u00e9rica en general y Am\u00e9rica Latina, en particular, viven un momento delicado. Lo dicen los expertos que ven en la diversificaci\u00f3n y la fragmentaci\u00f3n del magma criminal un riesgo para los pa\u00edses de la regi\u00f3n. El tr\u00e1fico de drogas puso en marcha la f\u00e1brica delictiva, de la que han salido decenas de grupos de hampones que, instalados en l\u00f3gicas de mercado, quieren su propio pedazo del pastel. La extorsi\u00f3n es lo m\u00e1s sencillo; la droga, una posibilidad, pero solo una de tantas. Am\u00e9rica custodia un impresionante almac\u00e9n de recursos naturales y el crimen, sediento como nunca, pide turno. Como en una versi\u00f3n moderna de la mitol\u00f3gica hidra de Lerna, las bandas agitan las m\u00faltiples cabezas del monstruo para ampliar su negocio.<\/p>\n<figure class=\"a_m\">\n<div class=\"videoTop videoTop-v\">\n<div id=\"video_2025103011234152\" class=\" core_player_container \">\n<div id=\"player_alfa_inner\" class=\"core_inner\">\n<div class=\"core_cover_container\">\n<div id=\"alfa_player_image_cover\" class=\"core_cover\"><\/div>\n<div class=\"core_cover\">\n<div id=\"ph_video_2025103011234152\" class=\"videoTop videoTop-ph\">\n<div class=\"posicionador\" role=\"button\" aria-label=\"Reproducir v\u00eddeo\" data-link-track-dtm=\"\">\n<div style=\"width: 424px\" class=\"wp-caption alignnone\"><img loading=\"lazy\" decoding=\"async\" class=\"_re lazyload a_m-h\" src=\"https:\/\/imagenes.elpais.com\/resizer\/v2\/HGAQHFUY75CFTD76LWSZBKWSPM.jpg?auth=8e9676bb5868a2e71044544827c3051bebd120dc53aacda40d337ccb4f0ecc54&amp;width=414&amp;height=233&amp;smart=true\" sizes=\"auto, (min-width:1199px) 661px, (min-width: 1001px) calc((100vw - 385px)\/12*7 + 186px), (min-width:767px) 767px, 100vw\" srcset=\"https:\/\/imagenes.elpais.com\/resizer\/v2\/HGAQHFUY75CFTD76LWSZBKWSPM.jpg?auth=8e9676bb5868a2e71044544827c3051bebd120dc53aacda40d337ccb4f0ecc54&amp;width=414&amp;height=233&amp;smart=true 414w,https:\/\/imagenes.elpais.com\/resizer\/v2\/HGAQHFUY75CFTD76LWSZBKWSPM.jpg?auth=8e9676bb5868a2e71044544827c3051bebd120dc53aacda40d337ccb4f0ecc54&amp;width=828&amp;height=466&amp;smart=true 640w,https:\/\/imagenes.elpais.com\/resizer\/v2\/HGAQHFUY75CFTD76LWSZBKWSPM.jpg?auth=8e9676bb5868a2e71044544827c3051bebd120dc53aacda40d337ccb4f0ecc54&amp;width=980&amp;height=551&amp;smart=true 1000w,https:\/\/imagenes.elpais.com\/resizer\/v2\/HGAQHFUY75CFTD76LWSZBKWSPM.jpg?auth=8e9676bb5868a2e71044544827c3051bebd120dc53aacda40d337ccb4f0ecc54&amp;width=1200&amp;height=675&amp;smart=true 1200w\" alt=\"\" width=\"414\" height=\"233\" \/><p class=\"wp-caption-text\">Integrantes de la Polic\u00eda de R\u00edo de Janeiro trasladan a un grupo de personas durante un operativo en R\u00edo de Janeiro, el 29 de octubre. Foto: Antonio Lacerda (EFE)<\/p><\/div>\n<div class=\"_pa _df ph-v_b ph-v_b-lg\">\n<div class=\"_df ph-v_c\">\n<div class=\"ph-v_d _dib\"><\/div>\n<\/div>\n<\/div>\n<\/div>\n<\/div>\n<\/div>\n<\/div>\n<\/div>\n<\/div>\n<\/div><figcaption class=\"a_m_p\"><\/figcaption><\/figure>\n<p class=\"\">Tendentes a mirarse el ombligo, los pa\u00edses de la regi\u00f3n parecen ignorar que el empuje depredador de las mafias es el mismo en todas partes, de Los Andes al Amazonas. En M\u00e9xico, criminales roban combustible de los ductos de la petrolera estatal o lo importan sin pagar impuestos, falseando declaraciones de aduanas; en Per\u00fa, Ecuador o Colombia,\u00a0<a title=\"https:\/\/elpais.com\/america\/2024-01-19\/mineria-delincuencial-militarizacion-y-desafios-indigenas-en-la-crisis-ecuatoriana.html\" href=\"https:\/\/elpais.com\/america\/2024-01-19\/mineria-delincuencial-militarizacion-y-desafios-indigenas-en-la-crisis-ecuatoriana.html\" target=\"_self\" rel=\"\" data-link-track-dtm=\"\" data-mrf-link=\"https:\/\/elpais.com\/america\/2024-01-19\/mineria-delincuencial-militarizacion-y-desafios-indigenas-en-la-crisis-ecuatoriana.html\">delincuentes saquean minas de oro y otros minerales<\/a> sin permiso alguno; en Brasil, ladrones y contrabandistas talan \u00e1rboles incansablemente, para alimentar la demanda mundial de madera\u2026 Y todo con el apoyo de actores estatales. \u201cEn los delitos ambientales, esto es muy evidente\u201d, dice Cecilia Farf\u00e1n, jefa del Observatorio para Am\u00e9rica del Norte de GITOC, una organizaci\u00f3n de la sociedad civil que investiga el crimen organizado transnacional.<\/p>\n<div class=\"a_gph\">\n<div>\n<div id=\"datawrapper-vis-RUFqC\" class=\"datawrapper-script-embed vis-height-fixed vis-d3-maps-choropleth\">\n<div class=\"web-component-body\">\n<div class=\"chart dw-chart vis-d3-maps-choropleth\">\n<div class=\"outer-container svelte-1n0rdos\">\n<div class=\"container container-body datawrapper-RUFqC-1jlq2tx\">\n<div class=\"container container-bodyTop datawrapper-RUFqC-13fcjr6\">\n<div class=\"container container-bodyCenter datawrapper-RUFqC-112zasr\">\n<div class=\"container container-header datawrapper-RUFqC-1glppcz\"><\/div>\n<div id=\"chart\" class=\"dw-chart-body vis-height-fixed datawrapper-RUFqC-wxj0h svelte-labfc\">\n<div class=\"dw-chart-body-content svelte-labfc datawrapper-RUFqC-o3rrzt\" aria-hidden=\"false\">\n<div class=\"map-outer\" aria-label=\"Map of &quot;Latin America&quot; with 30 regions colored by numerical value &quot;Second&quot;, with values ranging from 1,9 to 103,1. Map is interactive. Enter and use arrow keys to access tooltip content for each region.\"><\/div>\n<\/div>\n<\/div>\n<\/div>\n<\/div>\n<\/div>\n<\/div>\n<\/div>\n<\/div>\n<\/div>\n<\/div>\n<\/div>\n<p class=\"\">Adem\u00e1s de convivir con el narcotr\u00e1fico y la extorsi\u00f3n, estas nuevas aventuras criminales comparten espacio con caminos algo m\u00e1s tradicionales, extraordinariamente lucrativos para las mafias: la trata de personas, migrantes o no, y el tr\u00e1fico de armas. En su \u00faltimo informe sobre la situaci\u00f3n global del crimen, presentado hace unas semanas, GITOC se\u00f1ala precisamente la prevalencia de las armas de fuego en la zona como instrumento para cometer homicidios. En ninguna otra regi\u00f3n del mundo se cometen tantos asesinatos con armas de fuego como en Am\u00e9rica Latina y el Caribe. \u201cComparado con hace 20 a\u00f1os, el crimen organizado tiene m\u00e1s y mejores armas, hasta el punto de que la gente cree que son mejores que las de las Fuerzas Armadas\u201d, se\u00f1ala Farf\u00e1n.<\/p>\n<p class=\"\">En esta l\u00f3gica, la violencia se asienta como herramienta y mensaje, un medio, pero tambi\u00e9n un fin en s\u00ed mismo. Con todas las excepciones necesarias \u2013el asesinato del agente de la DEA, Enrique Camarena, en M\u00e9xico, en la d\u00e9cada de 1980; los a\u00f1os de plomo de Pablo Escobar, en Colombia, a principios de la d\u00e9cada siguiente\u2013 el negocio del narcotr\u00e1fico no empez\u00f3 siendo violento. Para que la droga llegara a los grandes mercados, Estados Unidos o Europa, el sigilo era necesario. Soborno y orden, ese podr\u00eda haber sido el lema gremial. Pero la desarticulaci\u00f3n de los viejos grupos del narco y la fragmentaci\u00f3n de sus redes de protecci\u00f3n, siempre amparadas, o directamente ancladas, en las fuerzas de seguridad estatales, cambi\u00f3 el panorama.<\/p>\n<p>&nbsp;<\/p>\n<figure class=\"a_m a_m-h \">\n<p><div style=\"width: 424px\" class=\"wp-caption alignnone\"><img loading=\"lazy\" decoding=\"async\" class=\"_re lazyload a_m-h\" src=\"https:\/\/imagenes.elpais.com\/resizer\/v2\/PLUO4RFMMBEVRAJRPOARGKATWY.jpg?auth=3aae73aca2454c4e4b6f691203ca1265da7ddf30b5eaef21c61055b19486df9a&amp;width=414\" sizes=\"auto, (min-width:1199px) 1155px,(min-width:1001px) calc(100vw - 44px),(min-width:768px) 767px, 100vw\" srcset=\"https:\/\/imagenes.elpais.com\/resizer\/v2\/PLUO4RFMMBEVRAJRPOARGKATWY.jpg?auth=3aae73aca2454c4e4b6f691203ca1265da7ddf30b5eaef21c61055b19486df9a&amp;width=414 414w,https:\/\/imagenes.elpais.com\/resizer\/v2\/PLUO4RFMMBEVRAJRPOARGKATWY.jpg?auth=3aae73aca2454c4e4b6f691203ca1265da7ddf30b5eaef21c61055b19486df9a&amp;width=828 640w,https:\/\/imagenes.elpais.com\/resizer\/v2\/PLUO4RFMMBEVRAJRPOARGKATWY.jpg?auth=3aae73aca2454c4e4b6f691203ca1265da7ddf30b5eaef21c61055b19486df9a&amp;width=980 1000w,https:\/\/imagenes.elpais.com\/resizer\/v2\/PLUO4RFMMBEVRAJRPOARGKATWY.jpg?auth=3aae73aca2454c4e4b6f691203ca1265da7ddf30b5eaef21c61055b19486df9a&amp;width=1960 1960w\" alt=\"La Costerita, Culiac\u00e1n\" width=\"414\" height=\"233\" \/><p class=\"wp-caption-text\">Un hombre asesinado con se\u00f1ales de tortura en Culiac\u00e1n, Sinaloa, el 10 de enero de 2025. Foto Jose Betanzos\/Cuartoscuro<\/p><\/div><figcaption class=\"a_m_p\" aria-hidden=\"true\"><\/figcaption><\/figure>\n<p>&nbsp;<\/p>\n<p class=\"\">En la Am\u00e9rica de hoy en d\u00eda prevalecen grupos criminales peque\u00f1os, din\u00e1micos, ligados o no a grandes marcas delictivas que pueden dedicarse o no al tr\u00e1fico de drogas y a su venta al menudeo. Qe extorsionan y que tratan de aprovechar el entorno y la naturaleza a su favor. Si hay minas, minerales; si hay bosques, madera; y si hay ciudades, comercios, oficinas de gobierno y rutas de transporte. Todo eso en escenarios altamente competitivos, donde la violencia, divisa imperante, se emplea para eliminar obst\u00e1culos empresariales, a un defensor de los bosques, por ejemplo, o para mandar mensajes a enemigos, reales o potenciales. \u201cEsa es la gran amenaza en el continente, la diversificaci\u00f3n criminal y la fragmentaci\u00f3n de las bandas delincuenciales\u201d, asegura Marcelo Bergman, profesor de la Universidad 3 de febrero, en Argentina, y uno de los principales expertos en las din\u00e1micas criminales en la regi\u00f3n.<\/p>\n<div class=\"raw_html\">\n<div>\n<div id=\"ep-6d4sq9\"><main class=\"width svelte-1st0y27\"><\/p>\n<div class=\"header-wrapper\"><\/div>\n<p><\/main><\/div>\n<\/div>\n<\/div>\n","protected":false},"excerpt":{"rendered":"<p>&nbsp; Mientras aumentan en el continente la producci\u00f3n y el tr\u00e1fico de drogas, nuevas y antiguas, grupos criminales de todos los tama\u00f1os diversifican sus econom\u00edas&hellip;<\/p>\n","protected":false},"author":99,"featured_media":538671,"comment_status":"open","ping_status":"open","sticky":false,"template":"","format":"standard","meta":{"footnotes":""},"categories":[23],"tags":[],"class_list":["post-538670","post","type-post","status-publish","format-standard","has-post-thumbnail","hentry","category-latinoamerica"],"_links":{"self":[{"href":"https:\/\/diarioelpopular.com\/index.php\/wp-json\/wp\/v2\/posts\/538670","targetHints":{"allow":["GET"]}}],"collection":[{"href":"https:\/\/diarioelpopular.com\/index.php\/wp-json\/wp\/v2\/posts"}],"about":[{"href":"https:\/\/diarioelpopular.com\/index.php\/wp-json\/wp\/v2\/types\/post"}],"author":[{"embeddable":true,"href":"https:\/\/diarioelpopular.com\/index.php\/wp-json\/wp\/v2\/users\/99"}],"replies":[{"embeddable":true,"href":"https:\/\/diarioelpopular.com\/index.php\/wp-json\/wp\/v2\/comments?post=538670"}],"version-history":[{"count":1,"href":"https:\/\/diarioelpopular.com\/index.php\/wp-json\/wp\/v2\/posts\/538670\/revisions"}],"predecessor-version":[{"id":538672,"href":"https:\/\/diarioelpopular.com\/index.php\/wp-json\/wp\/v2\/posts\/538670\/revisions\/538672"}],"wp:featuredmedia":[{"embeddable":true,"href":"https:\/\/diarioelpopular.com\/index.php\/wp-json\/wp\/v2\/media\/538671"}],"wp:attachment":[{"href":"https:\/\/diarioelpopular.com\/index.php\/wp-json\/wp\/v2\/media?parent=538670"}],"wp:term":[{"taxonomy":"category","embeddable":true,"href":"https:\/\/diarioelpopular.com\/index.php\/wp-json\/wp\/v2\/categories?post=538670"},{"taxonomy":"post_tag","embeddable":true,"href":"https:\/\/diarioelpopular.com\/index.php\/wp-json\/wp\/v2\/tags?post=538670"}],"curies":[{"name":"wp","href":"https:\/\/api.w.org\/{rel}","templated":true}]}}