{"id":538683,"date":"2025-11-30T15:26:09","date_gmt":"2025-11-30T19:26:09","guid":{"rendered":"https:\/\/diarioelpopular.com\/?p=538683"},"modified":"2025-11-30T15:26:09","modified_gmt":"2025-11-30T19:26:09","slug":"por-que-los-ricos-y-poderosos-no-podian-decirle-no-a-jeffrey-epstein","status":"publish","type":"post","link":"https:\/\/diarioelpopular.com\/index.php\/2025\/11\/30\/por-que-los-ricos-y-poderosos-no-podian-decirle-no-a-jeffrey-epstein\/","title":{"rendered":"Por qu\u00e9 los ricos y poderosos no pod\u00edan decirle &#8216;no&#8217; a Jeffrey Epstein"},"content":{"rendered":"<p><img loading=\"lazy\" decoding=\"async\" class=\"alignnone size-custom-full-size wp-image-538684\" src=\"https:\/\/diarioelpopular.com\/wp-content\/uploads\/2025\/11\/Screen-Shot-2025-11-30-at-2.25.40-PM-636x359.png\" alt=\"\" width=\"636\" height=\"359\" srcset=\"https:\/\/diarioelpopular.com\/wp-content\/uploads\/2025\/11\/Screen-Shot-2025-11-30-at-2.25.40-PM-636x359.png 636w, https:\/\/diarioelpopular.com\/wp-content\/uploads\/2025\/11\/Screen-Shot-2025-11-30-at-2.25.40-PM-300x169.png 300w, https:\/\/diarioelpopular.com\/wp-content\/uploads\/2025\/11\/Screen-Shot-2025-11-30-at-2.25.40-PM-768x433.png 768w, https:\/\/diarioelpopular.com\/wp-content\/uploads\/2025\/11\/Screen-Shot-2025-11-30-at-2.25.40-PM-129x73.png 129w, https:\/\/diarioelpopular.com\/wp-content\/uploads\/2025\/11\/Screen-Shot-2025-11-30-at-2.25.40-PM.png 858w\" sizes=\"auto, (max-width: 636px) 100vw, 636px\" \/><\/p>\n<p>&nbsp;<\/p>\n<div class=\"css-19j92fr ebmt73l0\" dir=\"ltr\">\n<ul>\n<li class=\"css-oygqes e17g058b0\" dir=\"ltr\"><em><b>Fue uno de los grandes eventos pol\u00edticos en Washington en 2019.<\/b><\/em><\/li>\n<\/ul>\n<\/div>\n<div class=\"css-19j92fr ebmt73l0\" dir=\"ltr\">\n<p dir=\"ltr\">\n<p class=\"css-oygqes e17g058b0\" dir=\"ltr\">Todos los ojos estaban puestos en el exabogado de Donald Trump, Michael Cohen, quien rend\u00eda testimonio frente a una comisi\u00f3n de la C\u00e1mara de Representantes de EE.UU. sobre su antiguo cliente.<\/p>\n<\/div>\n<div class=\"css-19j92fr ebmt73l0\" dir=\"ltr\">\n<p class=\"css-oygqes e17g058b0\" dir=\"ltr\">Una miembro dem\u00f3crata de la comisi\u00f3n, Stacey Plaskett, se preparaba para interrogar a Cohen cuando la c\u00e1mara la capt\u00f3 enviando un mensaje de texto a alguien en su tel\u00e9fono.<\/p>\n<\/div>\n<div class=\"css-19j92fr ebmt73l0\" dir=\"ltr\">\n<p class=\"css-oygqes e17g058b0\" dir=\"ltr\">Esta semana, el p\u00fablico se enter\u00f3 de la identidad de la otra persona en esa comunicaci\u00f3n: el fallecido abusador sexual Jeffrey Epstein.<\/p>\n<\/div>\n<div class=\"css-19j92fr ebmt73l0\" dir=\"ltr\">\n<p class=\"css-oygqes e17g058b0\" dir=\"ltr\">Los correos electr\u00f3nicos publicados por sus legatarios bajo orden judicial muestran que estaba exhortando a la legisladora a preguntar sobre un empleado de la Organizaci\u00f3n Trump. Despu\u00e9s de que Plaskett lo hiciera, Epstein le envi\u00f3 un mensaje que dec\u00eda: &#8220;Muy bien hecho&#8221;.<\/p>\n<\/div>\n<div class=\"css-19j92fr ebmt73l0\" dir=\"ltr\">\n<h2 id=\"El-alcance-de-su-influencia\" class=\"css-jtxtr9 eglt09e0\" tabindex=\"-1\">El alcance de su influencia<\/h2>\n<\/div>\n<div class=\"css-19j92fr ebmt73l0\" dir=\"ltr\">\n<p class=\"css-oygqes e17g058b0\" dir=\"ltr\">En retrospectiva, el incidente toc\u00f3 una fibra sensible con muchos que se\u00f1alan c\u00f3mo eso destaca el alcance de la influencia del fallecido inversionista en la \u00e9lite estadounidense.<\/p>\n<\/div>\n<div class=\"css-19j92fr ebmt73l0\" dir=\"ltr\">\n<p class=\"css-oygqes e17g058b0\" dir=\"ltr\">Plaskett, representante por las Islas V\u00edrgenes de Estados Unidos, ha negado que estuviera solicitando el consejo de Epstein, diciendo que hab\u00eda enviado mensajes a muchas personas ese d\u00eda, incluyendo a Epstein, que era uno de sus votantes.<\/p>\n<\/div>\n<div class=\"css-19j92fr ebmt73l0\" dir=\"ltr\">\n<p class=\"css-oygqes e17g058b0\" dir=\"ltr\">Como antigua abogada, arguy\u00f3, ha aprendido a buscar informaci\u00f3n de diferentes fuentes, incluso de personas que no le ca\u00edan bien.<\/p>\n<\/div>\n<div class=\"css-19j92fr ebmt73l0\" dir=\"ltr\">\n<p class=\"css-oygqes e17g058b0\" dir=\"ltr\">&#8220;Estoy asqueada por el comportamiento pervertido de Epstein. Apoyo firmemente a sus v\u00edctimas y admiro su valent\u00eda. Desde hace tiempo he pedido que todos los expedientes de Epstein se divulguen&#8221;, expres\u00f3 a la BBC.<\/p>\n<\/div>\n<div class=\"css-19j92fr ebmt73l0\" dir=\"ltr\">\n<p class=\"css-oygqes e17g058b0\" dir=\"ltr\">Plaskett afirm\u00f3 que el intercambio ocurri\u00f3 antes del arresto de Epstein por tr\u00e1fico sexual. Pero lo cierto es que se produjo mucho despu\u00e9s de que el financista fuera condenado por procurar prostituci\u00f3n en 2008.<\/p>\n<\/div>\n<div class=\"css-19j92fr ebmt73l0\" dir=\"ltr\">\n<p class=\"css-oygqes e17g058b0\" dir=\"ltr\">Su isla privada en las Islas V\u00edrgenes tambi\u00e9n hab\u00eda sido mencionada en una incriminatoria investigaci\u00f3n del <i class=\"css-6whwaq eih42320\">Miami Herald<\/i>, tan solo un a\u00f1o antes, como uno de los lugares donde Epstein abusaba sexualmente de ni\u00f1as menores de edad.<\/p>\n<\/div>\n<div class=\"css-19j92fr ebmt73l0\" dir=\"ltr\">\n<p class=\"css-oygqes e17g058b0\" dir=\"ltr\">Apenas seis meses despu\u00e9s de su intercambio con Epstein, el desacreditado financista morir\u00eda en su celda en la c\u00e1rcel como resultado de un suicidio, seg\u00fan el m\u00e9dico forense.<\/p>\n<\/div>\n<div class=\"css-19j92fr ebmt73l0\" dir=\"ltr\">\n<p class=\"css-oygqes e17g058b0\" dir=\"ltr\">Su muerte, y las teor\u00edas de conspiraci\u00f3n que generaron, disparar\u00edan un ajuste de cuentas que ha desatado una tormenta en Washington y Wall Street, y ha hundido a muchos de sus antiguos amigos.<\/p>\n<p dir=\"ltr\">\n<\/div>\n<figure class=\"css-1qn0xuy\">\n<div class=\"css-1gbs0ve\">\n<div style=\"width: 1034px\" class=\"wp-caption alignnone\"><img loading=\"lazy\" decoding=\"async\" class=\"css-4ejld5\" src=\"https:\/\/ichef.bbci.co.uk\/ace\/ws\/640\/cpsprodpb\/d5af\/live\/27aa0f50-ccec-11f0-ac83-171a3670db03.jpg.webp\" alt=\"La representante Stacey Plaskett en Washington, DC\" width=\"1024\" height=\"576\" \/><p class=\"wp-caption-text\">Fuente de la imagen,Jemal Countess\/Stringer\/Getty. La representante Stacey Plaskett fue una de las figuras de alto perfil que se mantuvieron en contacto con Epstein despu\u00e9s de su condena.<\/p><\/div>\n<p class=\"css-by8ykd\" role=\"text\">\n<\/div>\n<\/figure>\n<div class=\"css-19j92fr ebmt73l0\" dir=\"ltr\">\n<p dir=\"ltr\">\n<p class=\"css-oygqes e17g058b0\" dir=\"ltr\">Ese intercambio es apenas uno de muchos de los que aparecen en las m\u00e1s de 20.000 p\u00e1ginas de documentos personales de Epstein publicadas recientemente, que demostraron otra vez su habilidad para mantenerse en los altos c\u00edrculos de poder a\u00fan despu\u00e9s de su condena y las revelaciones del\u00a0<i class=\"css-6whwaq eih42320\">Miami Herald<\/i>.<\/p>\n<\/div>\n<div class=\"css-19j92fr ebmt73l0\" dir=\"ltr\">\n<p class=\"css-oygqes e17g058b0\" dir=\"ltr\">C\u00f3mo y por qu\u00e9 estas relaciones sobrevivieron mientras otras amistades cortaron con \u00e9l nos dice tanto sobre la din\u00e1mica de las altas esferas de la sociedad estadounidense como sobre la influencia que ejerc\u00eda Epstein.<\/p>\n<\/div>\n<div class=\"css-19j92fr ebmt73l0\" dir=\"ltr\">\n<p class=\"css-oygqes e17g058b0\" dir=\"ltr\">&#8220;Era un monstruo diab\u00f3lico, pero al mismo tiempo era brillante en el sentido de que era capaz de mantener esta incre\u00edble red con algunos de los individuos m\u00e1s poderosos del mundo&#8221;, explic\u00f3 Barry Levine, autor de\u00a0<i class=\"css-6whwaq eih42320\">The Spider: Inside de Criminal Web of Epstein and Ghislaine Maxwell<\/i>\u00a0(La ara\u00f1a: dentro de la red criminal de Jeffrey Epstein y Ghislaine Maxwell).<\/p>\n<\/div>\n<div class=\"css-19j92fr ebmt73l0\" dir=\"ltr\">\n<p class=\"css-oygqes e17g058b0\" dir=\"ltr\">&#8220;Ten\u00eda una especie de carisma entorno a su persona que lo colocaba en una posici\u00f3n en la que la gente lo buscaba&#8221;.<\/p>\n<\/div>\n<div class=\"css-19j92fr ebmt73l0\" dir=\"ltr\">\n<h2 id=\"Utilizaba-la-informaci\u00f3n-que-acumulaba\" class=\"css-jtxtr9 eglt09e0\" tabindex=\"-1\">&#8220;Utilizaba la informaci\u00f3n que acumulaba&#8221;<\/h2>\n<\/div>\n<div class=\"css-19j92fr ebmt73l0\" dir=\"ltr\">\n<p class=\"css-oygqes e17g058b0\" dir=\"ltr\">Epstein se consideraba a s\u00ed mismo como un &#8220;coleccionista de personas&#8221; que creaba conexiones con objetivos transaccionales, indica Levine.<\/p>\n<\/div>\n<div class=\"css-19j92fr ebmt73l0\" dir=\"ltr\">\n<p class=\"css-oygqes e17g058b0\" dir=\"ltr\">&#8220;Utilizaba la informaci\u00f3n que acumulaba\u2026 con la intenci\u00f3n, al fin y al cabo, de poner en reserva favores que les pod\u00eda pedir, inversiones que les pod\u00eda sacar, o en un sentido m\u00e1s oscuro, creo, chantajes a los que pod\u00eda someter a algunos de estos individuos&#8221;.<\/p>\n<\/div>\n<div class=\"css-19j92fr ebmt73l0\" dir=\"ltr\">\n<p class=\"css-oygqes e17g058b0\" dir=\"ltr\">La relaci\u00f3n entre Epstein y Peter Mandelson (pol\u00edtico brit\u00e1nico y exparlamentario que ocup\u00f3 cargos importantes en varios gobiernos laboristas) ha estado particularmente bajo la lupa en el Reino Unido. Fue destituido como embajador brit\u00e1nico en EE.UU. en septiembre.<\/p>\n<\/div>\n<div class=\"css-19j92fr ebmt73l0\" dir=\"ltr\">\n<p class=\"css-oygqes e17g058b0\" dir=\"ltr\">Los documentos divulgados por el Congreso indican que Mandelson mantuvo contacto con el ped\u00f3filo hasta entrado el a\u00f1o 2016, despu\u00e9s de que ya hubiera sido condenado.<\/p>\n<\/div>\n<div class=\"css-19j92fr ebmt73l0\" dir=\"ltr\">\n<p class=\"css-oygqes e17g058b0\" dir=\"ltr\">En un correo electr\u00f3nico de noviembre de 2015, Epstein le escribe despu\u00e9s de su cumplea\u00f1os: &#8220;63 a\u00f1os. Lo lograste&#8221;.<\/p>\n<\/div>\n<div class=\"css-19j92fr ebmt73l0\" dir=\"ltr\">\n<p class=\"css-oygqes e17g058b0\" dir=\"ltr\">Mandelson le contesta menos de 90 minutos despu\u00e9s, diciendo: &#8220;Escasamente. He decidido extender mi vida pasando m\u00e1s tiempo en EE.UU.&#8221;.<\/p>\n<\/div>\n<div class=\"css-19j92fr ebmt73l0\" dir=\"ltr\">\n<p class=\"css-oygqes e17g058b0\" dir=\"ltr\">El exdiplom\u00e1tico neg\u00f3 tener conocimiento de los delitos de Epstein, pero ha lamentado haber mantenido el contacto con \u00e9l.<\/p>\n<p dir=\"ltr\">\n<\/div>\n<figure class=\"css-1qn0xuy\">\n<div class=\"css-1gbs0ve\">\n<div style=\"width: 807px\" class=\"wp-caption alignnone\"><img loading=\"lazy\" decoding=\"async\" class=\"css-4ejld5\" src=\"https:\/\/ichef.bbci.co.uk\/ace\/ws\/640\/cpsprodpb\/7292\/live\/eaccebe0-c6f9-11f0-9fb5-5f3a3703a365.jpg.webp\" alt=\"Peter Mandelson en una levantadora blanca sentado en una terraza ri\u00e9ndose con Epstein\" width=\"797\" height=\"440\" \/><p class=\"wp-caption-text\">Fuente de la imagen,US Committee on Oversight and Government Reform. El exdiplom\u00e1tico brit\u00e1nico Peter Mandelson (izq.) con Jeffrey Epstein.<\/p><\/div>\n<p class=\"css-by8ykd\" role=\"text\">\n<\/div>\n<\/figure>\n<div class=\"css-19j92fr ebmt73l0\" dir=\"ltr\">\n<h2 id=\"El-c\u00edrculo-ecl\u00e9ctico-de-acad\u00e9micos-empresarios-y-pol\u00edticos\" class=\"css-jtxtr9 eglt09e0\" tabindex=\"-1\">El c\u00edrculo ecl\u00e9ctico de acad\u00e9micos, empresarios y pol\u00edticos<\/h2>\n<\/div>\n<div class=\"css-19j92fr ebmt73l0\" dir=\"ltr\">\n<p class=\"css-oygqes e17g058b0\" dir=\"ltr\">Los documentos divulgados por los legatarios de Epstein revelan un c\u00edrculo ecl\u00e9ctico de amistades que incluye a distinguidos acad\u00e9micos, titanes empresariales y pol\u00edticos.<\/p>\n<\/div>\n<div class=\"css-19j92fr ebmt73l0\" dir=\"ltr\">\n<p class=\"css-oygqes e17g058b0\" dir=\"ltr\">Levine expres\u00f3 que no era exagerado pensar que algunas de las amistades de Epstein pod\u00edan no saber nada sobre sus abusos, o que estaban lo suficientemente impresionadas por sus influyentes contactos como para pasarlos por alto.<\/p>\n<\/div>\n<div class=\"css-19j92fr ebmt73l0\" dir=\"ltr\">\n<p class=\"css-oygqes e17g058b0\" dir=\"ltr\">&#8220;La gente se olvida de cosas&#8221;, indic\u00f3. &#8220;Sus credenciales entre personas poderosas e influyentes eran extremadamente altas, y pienso que muchos individuos simplemente desestimaron la condena en su contra&#8221;.<\/p>\n<\/div>\n<div class=\"css-19j92fr ebmt73l0\" dir=\"ltr\">\n<p class=\"css-oygqes e17g058b0\" dir=\"ltr\">Otros pudieron quedar simplemente deslumbrados por su riqueza, seg\u00fan sugieren algunos periodistas y otros que lo conocieron.<\/p>\n<\/div>\n<div class=\"css-19j92fr ebmt73l0\" dir=\"ltr\">\n<p class=\"css-oygqes e17g058b0\" dir=\"ltr\">&#8220;Una sentencia de c\u00e1rcel ya no importa&#8221;, le dijo David Patrick Columbia, fundador del\u00a0<i class=\"css-6whwaq eih42320\">New York Social Diary<\/i>, al sitio\u00a0<i class=\"css-6whwaq eih42320\">The<\/i>\u00a0<i class=\"css-6whwaq eih42320\">Daily Beast\u00a0<\/i>en 2011, despu\u00e9s de la primera condena a Epstein. &#8220;Lo \u00fanico que te margina en la sociedad neoyorkina es ser pobre&#8221;.<\/p>\n<p dir=\"ltr\">\n<\/div>\n<figure class=\"css-1qn0xuy\">\n<div class=\"css-1gbs0ve\">\n<div style=\"width: 3005px\" class=\"wp-caption alignnone\"><img loading=\"lazy\" decoding=\"async\" class=\"css-4ejld5\" src=\"https:\/\/ichef.bbci.co.uk\/ace\/ws\/640\/cpsprodpb\/ab66\/live\/30b0cef0-c6fb-11f0-9fb5-5f3a3703a365.jpg.webp\" alt=\"Jeffrey Epstein fotografiado por el Servicio de Justicia Criminal del Estado de Nueva York , 28 de marzo, 2017\" width=\"2995\" height=\"1997\" \/><p class=\"wp-caption-text\">Fuente de la imagen,Reuters. Fotograf\u00eda de Jeffrey Epstein de 2017, cuando fue acusado de abusos sexuales.<\/p><\/div>\n<p class=\"css-by8ykd\" role=\"text\">\n<\/div>\n<\/figure>\n<div class=\"css-19j92fr ebmt73l0\" dir=\"ltr\">\n<p dir=\"ltr\">\n<p class=\"css-oygqes e17g058b0\" dir=\"ltr\">Un exsecretario del Tesoro de EE.UU. y luego presidente de la Universidad de Harvard, Larry Summers, le pidi\u00f3 a Epstein consejos amorosos, incluyendo una ocasi\u00f3n, en noviembre de 2018 -el mismo mes en el que se public\u00f3 la investigaci\u00f3n del <i class=\"css-6whwaq eih42320\">Miami Herald-<\/i>\u00a0en la que le reenvi\u00f3 al financista el email de una mujer para preguntarle sobre c\u00f3mo deber\u00eda contestarle.<\/p>\n<\/div>\n<div class=\"css-19j92fr ebmt73l0\" dir=\"ltr\">\n<p class=\"css-oygqes e17g058b0\" dir=\"ltr\">Epstein respondi\u00f3: &#8220;Ya est\u00e1 empezando a sonar necesitada \ud83d\ude42 excelente&#8221;.<\/p>\n<\/div>\n<div class=\"css-19j92fr ebmt73l0\" dir=\"ltr\">\n<p class=\"css-oygqes e17g058b0\" dir=\"ltr\">Las interacciones de Summer con su confidente se volvieron en su contra la semana pasada, oblig\u00e1ndolo a anunciar que abandonar\u00eda sus compromisos p\u00fablicos y dejar\u00eda de ense\u00f1ar en Harvard.<\/p>\n<\/div>\n<div class=\"css-19j92fr ebmt73l0\" dir=\"ltr\">\n<p class=\"css-oygqes e17g058b0\" dir=\"ltr\">&#8220;Estoy profundamente avergonzado de mis acciones y reconozco el dolor que han causado&#8221;, expres\u00f3.<\/p>\n<p dir=\"ltr\">\n<\/div>\n<figure class=\"css-1qn0xuy\">\n<div class=\"css-1gbs0ve\">\n<div style=\"width: 1034px\" class=\"wp-caption alignnone\"><img loading=\"lazy\" decoding=\"async\" class=\"css-4ejld5\" src=\"https:\/\/ichef.bbci.co.uk\/ace\/ws\/640\/cpsprodpb\/0733\/live\/1cc97460-ccef-11f0-ac83-171a3670db03.jpg.webp\" alt=\"Larry Summers, expresidente de la Universidad de Harvard, con una camisa azul clara \" width=\"1024\" height=\"576\" \/><p class=\"wp-caption-text\">Fuente de la imagen,David Paul Morris\/Bloomberg via Getty Images. El expresidente de la Universidad de Harvard Larry Summers solicit\u00f3 a Epstein que lo aconsejara en temas amorosos.<\/p><\/div>\n<p class=\"css-by8ykd\" role=\"text\">\n<\/div>\n<\/figure>\n<div class=\"css-19j92fr ebmt73l0\" dir=\"ltr\">\n<p dir=\"ltr\">\n<p class=\"css-oygqes e17g058b0\" dir=\"ltr\">Tambi\u00e9n trascendi\u00f3 que Epstein us\u00f3 su talento con el dinero para ayudar al famoso ling\u00fcista Noam Chomsky, con quien intercambi\u00f3 varios mensajes a lo largo de los a\u00f1os, invit\u00e1ndole a quedarse en sus casas.<\/p>\n<\/div>\n<div class=\"css-19j92fr ebmt73l0\" dir=\"ltr\">\n<p class=\"css-oygqes e17g058b0\" dir=\"ltr\">La adulaci\u00f3n fue mutua. En una carta de apoyo no fechada, Chomsky elogi\u00f3 a Epstein, diciendo que los dos hab\u00edan sostenido &#8220;muchas largas y frecuentemente profundas discusiones&#8221;.<\/p>\n<\/div>\n<div class=\"css-19j92fr ebmt73l0\" dir=\"ltr\">\n<p class=\"css-oygqes e17g058b0\" dir=\"ltr\">El acad\u00e9mico de 96 a\u00f1os le hab\u00eda contado previamente al\u00a0<i class=\"css-6whwaq eih42320\">Wall Street Journal<\/i>\u00a0que el financista le hab\u00eda ayudado a transferir dinero entre cuentas sin &#8220;un centavo de Epstein&#8221;.<\/p>\n<\/div>\n<div class=\"css-19j92fr ebmt73l0\" dir=\"ltr\">\n<p class=\"css-oygqes e17g058b0\" dir=\"ltr\">&#8220;Lo conoc\u00eda y nos reunimos ocasionalmente&#8221;, dijo Chomsky. &#8220;Lo que se sab\u00eda de Jeffrey Epstein era que hab\u00eda cometido un crimen y que hab\u00eda cumplido su condena. Seg\u00fan las leyes y normas de EE.UU., eso es borr\u00f3n y cuenta nueva&#8221;.<\/p>\n<\/div>\n<div class=\"css-19j92fr ebmt73l0\" dir=\"ltr\">\n<p class=\"css-oygqes e17g058b0\" dir=\"ltr\">Chomsky no respondi\u00f3 a la solicitud para ofrecer un comentario.<\/p>\n<\/div>\n<div class=\"css-19j92fr ebmt73l0\" dir=\"ltr\">\n<p class=\"css-oygqes e17g058b0\" dir=\"ltr\">El ling\u00fcista fue uno de los clientes famosos de Epstein, a los que ayud\u00f3 a ahorrarse miles de millones de d\u00f3lares, afirm\u00f3 Levine.<\/p>\n<\/div>\n<div class=\"css-19j92fr ebmt73l0\" dir=\"ltr\">\n<p class=\"css-oygqes e17g058b0\" dir=\"ltr\">\u00c9l era capaz de hacerlo porque &#8220;entend\u00eda el c\u00f3digo fiscal y las finanzas a un nivel tal vez mayor que las personas mejor pagadas en Wall Street&#8221;, explic\u00f3 Levine.<\/p>\n<p dir=\"ltr\">\n<\/div>\n<figure class=\"css-1qn0xuy\">\n<div class=\"css-1gbs0ve\">\n<div style=\"width: 944px\" class=\"wp-caption alignnone\"><img loading=\"lazy\" decoding=\"async\" class=\"css-4ejld5\" src=\"https:\/\/ichef.bbci.co.uk\/ace\/ws\/640\/cpsprodpb\/2dfa\/live\/4f0fc910-ccef-11f0-ac83-171a3670db03.jpg.webp\" alt=\"El ling\u00fcista y fil\u00f3sofo Noam Chomsky, 19 de marzo 2013\" width=\"934\" height=\"525\" \/><p class=\"wp-caption-text\">Fuente de la imagen,David Corio\/Getty Images. En una carta sin fecha, Chomsky elogiaba a Epstein.<\/p><\/div>\n<p class=\"css-by8ykd\" role=\"text\">\n<\/div>\n<\/figure>\n<div class=\"css-19j92fr ebmt73l0\" dir=\"ltr\">\n<h2 id=\"Los-que-cortaron-sus-v\u00ednculos\" class=\"css-jtxtr9 eglt09e0\" tabindex=\"-1\">Los que cortaron sus v\u00ednculos<\/h2>\n<\/div>\n<div class=\"css-19j92fr ebmt73l0\" dir=\"ltr\">\n<p class=\"css-oygqes e17g058b0\" dir=\"ltr\">En las 23.000 p\u00e1ginas de documentos de Epstein, el nombre de un hombre aparece m\u00e1s que tal vez alg\u00fan otro.<\/p>\n<\/div>\n<div class=\"css-19j92fr ebmt73l0\" dir=\"ltr\">\n<p class=\"css-oygqes e17g058b0\" dir=\"ltr\">Trump no envi\u00f3 ni recibi\u00f3 ninguno de los mensajes, al haber cortado los v\u00ednculos con Epstein.<\/p>\n<\/div>\n<div class=\"css-19j92fr ebmt73l0\" dir=\"ltr\">\n<p class=\"css-oygqes e17g058b0\" dir=\"ltr\">En 2002, Trump describi\u00f3 a Epstein como un &#8220;tipo fant\u00e1stico&#8221;. Epstein dir\u00eda despu\u00e9s: &#8220;Yo fui el amigo m\u00e1s \u00edntimo de Donald durante 10 a\u00f1os&#8221;.<\/p>\n<\/div>\n<div class=\"css-19j92fr ebmt73l0\" dir=\"ltr\">\n<p class=\"css-oygqes e17g058b0\" dir=\"ltr\">Pero la relaci\u00f3n se da\u00f1\u00f3. Trump ha dicho que se distanciaron a principios de los 2000, dos a\u00f1os antes del primer arresto de Epstein.<\/p>\n<\/div>\n<div class=\"css-19j92fr ebmt73l0\" dir=\"ltr\">\n<p class=\"css-oygqes e17g058b0\" dir=\"ltr\">En 2008, Trump dec\u00eda que \u00e9l no hab\u00eda sido &#8220;uno de sus fans&#8221;.<\/p>\n<\/div>\n<div class=\"css-19j92fr ebmt73l0\" dir=\"ltr\">\n<p class=\"css-oygqes e17g058b0\" dir=\"ltr\">Trump ha negado tener conocimiento alguno del tr\u00e1fico sexual del que fue acusado Epstein. La Casa Blanca tambi\u00e9n expres\u00f3 que Trump expuls\u00f3 a Epstein de su club &#8220;hace d\u00e9cadas por ser un asqueroso con sus empleadas&#8221;.<\/p>\n<p dir=\"ltr\">\n<\/div>\n<figure class=\"css-1qn0xuy\">\n<div class=\"css-1gbs0ve\">\n<div style=\"width: 675px\" class=\"wp-caption alignnone\"><img loading=\"lazy\" decoding=\"async\" class=\"css-4ejld5\" src=\"https:\/\/ichef.bbci.co.uk\/ace\/ws\/640\/cpsprodpb\/4f77\/live\/e46849e0-c701-11f0-96f9-3db58431cbcf.jpg.webp\" alt=\"Jeffrey Epstein (izq.) y Donald Trump posan juntos en el club Mar-a-Lago en 1997\" width=\"665\" height=\"375\" \/><p class=\"wp-caption-text\">Fuente de la imagen,Davidoff Studios\/Getty Images. Epstein y Trump tuvieron una larga relaci\u00f3n que se remonta a comienzos de la d\u00e9cada de 1980.<\/p><\/div>\n<p class=\"css-by8ykd\" role=\"text\">\n<\/div>\n<\/figure>\n<div class=\"css-19j92fr ebmt73l0\" dir=\"ltr\">\n<p dir=\"ltr\">\n<p class=\"css-oygqes e17g058b0\" dir=\"ltr\">Levine se\u00f1al\u00f3 que hay muchas personas cuyos mensajes con Epstein despu\u00e9s de que fuera condenado las dejar\u00e1n avergonzadas, aunque estos no sugieran que hubieran participado en ninguno de sus cr\u00edmenes.<\/p>\n<\/div>\n<div class=\"css-19j92fr ebmt73l0\" dir=\"ltr\">\n<p class=\"css-oygqes e17g058b0\" dir=\"ltr\">&#8220;Naturalmente todos lamentan el d\u00eda que se comunicaron con Jeffrey Epstein o pasaron tiempo con \u00e9l&#8221;, coment\u00f3. &#8220;Es una de las historias m\u00e1s incre\u00edbles de nuestro tiempo; poder, privilegio y depredaci\u00f3n&#8221;.<\/p>\n<\/div>\n<div class=\"css-19j92fr ebmt73l0\" dir=\"ltr\">\n<p class=\"css-oygqes e17g058b0\" dir=\"ltr\">Pero hubo por lo menos una persona que dijo entender inmediatamente que Epstein era &#8220;repugnante&#8221;.<\/p>\n<\/div>\n<div class=\"css-19j92fr ebmt73l0\" dir=\"ltr\">\n<p class=\"css-oygqes e17g058b0\" dir=\"ltr\">Howard Lutnick, el secretario de Comercio del presidente, fue vecino de Epstein durante 10 a\u00f1os. Relat\u00f3 en un podcast del\u00a0<i class=\"css-6whwaq eih42320\">New York Post<\/i>\u00a0que su primer encuentro con Epstein fue el \u00faltimo.<\/p>\n<p dir=\"ltr\">\n<\/div>\n<figure class=\"css-1qn0xuy\">\n<div class=\"css-1gbs0ve\">\n<div style=\"width: 1010px\" class=\"wp-caption alignnone\"><img loading=\"lazy\" decoding=\"async\" class=\"css-4ejld5\" src=\"https:\/\/ichef.bbci.co.uk\/ace\/ws\/640\/cpsprodpb\/ad33\/live\/ca927010-ccef-11f0-ac83-171a3670db03.jpg.webp\" alt=\"Howard Lutnick hablando frente a la C\u00e1mara de Representantes\" width=\"1000\" height=\"562\" \/><p class=\"wp-caption-text\">Fuente de la imagen,Reuters. Howard Lutnick, el secretario de Comercio del presidente, afirma que Epstein le pareci\u00f3 &#8220;asqueroso&#8221;.<\/p><\/div>\n<p class=\"css-by8ykd\" role=\"text\">\n<\/div>\n<\/figure>\n<div class=\"css-19j92fr ebmt73l0\" dir=\"ltr\">\n<p dir=\"ltr\">\n<p class=\"css-oygqes e17g058b0\" dir=\"ltr\">Poco despu\u00e9s de que Lutnick se mudara a su residencia en el exclusivo distrito Upper East Side de Manhattan en 2005, Epstein les dio a \u00e9l y su esposa un tour de su gran residencia.<\/p>\n<\/div>\n<div class=\"css-19j92fr ebmt73l0\" dir=\"ltr\">\n<p class=\"css-oygqes e17g058b0\" dir=\"ltr\">En el comedor de Epstein hab\u00eda una camilla de masajes rodeada de velas y Lutnick le pregunt\u00f3 cu\u00e1nto la usaba.<\/p>\n<\/div>\n<div class=\"css-19j92fr ebmt73l0\" dir=\"ltr\">\n<p class=\"css-oygqes e17g058b0\" dir=\"ltr\">&#8220;\u00c9l dice: &#8216;Todos los d\u00edas&#8217;. Y luego se me acerca inc\u00f3modamente y dice: &#8216;Y el buen tipo de masaje'&#8221;.<\/p>\n<\/div>\n<div class=\"css-19j92fr ebmt73l0\" dir=\"ltr\">\n<p class=\"css-oygqes e17g058b0\" dir=\"ltr\">Lutnick cont\u00f3 que \u00e9l y su esposa intercambiaron miradas, se excusaron y se fueron.<\/p>\n<\/div>\n<div class=\"css-19j92fr ebmt73l0\" dir=\"ltr\">\n<p class=\"css-oygqes e17g058b0\" dir=\"ltr\">&#8220;Decid\u00ed que jam\u00e1s estar\u00eda en un cuarto con esa persona asquerosa otra vez&#8221;.<\/p>\n<\/div>\n","protected":false},"excerpt":{"rendered":"<p>&nbsp; Fue uno de los grandes eventos pol\u00edticos en Washington en 2019. Todos los ojos estaban puestos en el exabogado de Donald Trump, Michael Cohen,&hellip;<\/p>\n","protected":false},"author":99,"featured_media":538684,"comment_status":"open","ping_status":"open","sticky":false,"template":"","format":"standard","meta":{"footnotes":""},"categories":[24],"tags":[],"class_list":["post-538683","post","type-post","status-publish","format-standard","has-post-thumbnail","hentry","category-mundo"],"_links":{"self":[{"href":"https:\/\/diarioelpopular.com\/index.php\/wp-json\/wp\/v2\/posts\/538683","targetHints":{"allow":["GET"]}}],"collection":[{"href":"https:\/\/diarioelpopular.com\/index.php\/wp-json\/wp\/v2\/posts"}],"about":[{"href":"https:\/\/diarioelpopular.com\/index.php\/wp-json\/wp\/v2\/types\/post"}],"author":[{"embeddable":true,"href":"https:\/\/diarioelpopular.com\/index.php\/wp-json\/wp\/v2\/users\/99"}],"replies":[{"embeddable":true,"href":"https:\/\/diarioelpopular.com\/index.php\/wp-json\/wp\/v2\/comments?post=538683"}],"version-history":[{"count":1,"href":"https:\/\/diarioelpopular.com\/index.php\/wp-json\/wp\/v2\/posts\/538683\/revisions"}],"predecessor-version":[{"id":538685,"href":"https:\/\/diarioelpopular.com\/index.php\/wp-json\/wp\/v2\/posts\/538683\/revisions\/538685"}],"wp:featuredmedia":[{"embeddable":true,"href":"https:\/\/diarioelpopular.com\/index.php\/wp-json\/wp\/v2\/media\/538684"}],"wp:attachment":[{"href":"https:\/\/diarioelpopular.com\/index.php\/wp-json\/wp\/v2\/media?parent=538683"}],"wp:term":[{"taxonomy":"category","embeddable":true,"href":"https:\/\/diarioelpopular.com\/index.php\/wp-json\/wp\/v2\/categories?post=538683"},{"taxonomy":"post_tag","embeddable":true,"href":"https:\/\/diarioelpopular.com\/index.php\/wp-json\/wp\/v2\/tags?post=538683"}],"curies":[{"name":"wp","href":"https:\/\/api.w.org\/{rel}","templated":true}]}}